{"id":99772,"date":"2024-07-10T15:17:58","date_gmt":"2024-07-10T15:17:58","guid":{"rendered":"https:\/\/www.switcho.it\/blog\/?p=99772"},"modified":"2024-07-10T15:17:59","modified_gmt":"2024-07-10T15:17:59","slug":"rinnovabili-idroelettrico-aumento","status":"publish","type":"post","link":"https:\/\/www.switcho.it\/blog\/luce-gas\/rinnovabili-idroelettrico-aumento\/","title":{"rendered":"In Italia energie rinnovabili in aumento, tra le cause anche il clima"},"content":{"rendered":"<i>Aggiornato il 10 Luglio 2024<\/i>\n\n\n\n<div style=\"height:30px\" aria-hidden=\"true\" class=\"wp-block-spacer\"><\/div>\n\n\n\n<p>Che l\u2019Italia punti molto sul <strong>settore delle energie pulite<\/strong>, verso una transizione energetica sempre pi\u00f9 sostenibile ed ecologica, \u00e8 cosa risaputa. Quest\u2019anno, per\u00f2, \u00e8 anche il clima ad aver dato un\u2019accelerata in tal senso:&nbsp;<\/p>\n\n\n\n<ul class=\"emoji_bullets emoji_check_mark wp-block-list\">\n<li>A maggio il contributo dell\u2019<strong>energia idroelettrica<\/strong> alla produzione di energia rinnovabile \u00e8 stato superiore di oltre un terzo rispetto all&#8217;anno precedente;<\/li>\n\n\n\n<li>Anche l\u2019<strong>energia fotovoltaica<\/strong> \u00e8 aumentata, probabilmente anche grazie al Superbonus che ha favorito gli investimenti green;<\/li>\n\n\n\n<li>Tra i paesi dell&#8217;Ocse che producono pi\u00f9 CO2, l&#8217;<strong>Unione Europea ha segnato il maggior distacco dai combustibili fossili.<\/strong><\/li>\n<\/ul>\n\n\n\n<div style=\"height:20px\" aria-hidden=\"true\" class=\"wp-block-spacer\"><\/div>\n\n\n\n<div class=\"wp-block-divi-layout\">[et_pb_section fb_built=&#8221;1&#8243; disabled_on=&#8221;on|on|off&#8221; admin_label=&#8221;section&#8221; _builder_version=&#8221;4.18.0&#8243; custom_padding=&#8221;0px||0px||false|false&#8221; global_colors_info=&#8221;{}&#8221;][et_pb_row admin_label=&#8221;row&#8221; _builder_version=&#8221;4.19.1&#8243; background_size=&#8221;initial&#8221; background_position=&#8221;top_left&#8221; background_repeat=&#8221;repeat&#8221; width=&#8221;100%&#8221; max_height=&#8221;1000px&#8221; global_colors_info=&#8221;{}&#8221;][et_pb_column type=&#8221;4_4&#8243; _builder_version=&#8221;4.18.0&#8243; _module_preset=&#8221;default&#8221; global_colors_info=&#8221;{}&#8221;][et_pb_image src=&#8221;https:\/\/www.switcho.it\/blog\/wp-content\/uploads\/2024\/03\/banner-luce-gas-top-desktop-new.png&#8221; alt=&#8221;Risparmia sulle bollette con Switcho&#8221; title_text=&#8221;risparmia sulle bollette con switcho&#8221; url=&#8221;http:\/\/www.switcho.it\/servizi\/intro\/luce-gas?ref=cta-energy-top&#8221; align=&#8221;center&#8221; force_fullwidth=&#8221;on&#8221; src_tablet=&#8221;https:\/\/www.switcho.it\/blog\/wp-content\/uploads\/2022\/11\/banner-energy-top-mobile.png&#8221; src_phone=&#8221;https:\/\/www.switcho.it\/blog\/wp-content\/uploads\/2022\/11\/banner-energy-top-mobile.png&#8221; src_last_edited=&#8221;on|phone&#8221; _builder_version=&#8221;4.24.2&#8243; _module_preset=&#8221;default&#8221; hover_enabled=&#8221;0&#8243; global_colors_info=&#8221;{}&#8221; sticky_enabled=&#8221;0&#8243;][\/et_pb_image][\/et_pb_column][\/et_pb_row][\/et_pb_section]<\/div>\n\n\n\n<div style=\"height:20px\" aria-hidden=\"true\" class=\"wp-block-spacer\"><\/div>\n\n\n\n<p>Indice<\/p>\n\n\n\n<ul class=\"wp-block-list\">\n<li><a href=\"#energia-idroelettrica\">L\u2019aumento della produzione di energia idroelettrica in Italia<\/a><\/li>\n\n\n\n<li><a href=\"#fonti-rinnovabili-italia\">Il punto sulla produzione da fonti rinnovabili nel nostro Paese<\/a><\/li>\n\n\n\n<li><a href=\"#rinnovabili-europa-mondo\">A che punto siamo con la produzione di energie rinnovabili in Europa e nel mondo<\/a><\/li>\n<\/ul>\n\n\n\n<div style=\"height:50px\" aria-hidden=\"true\" class=\"wp-block-spacer\"><\/div>\n\n\n\n<h2 class=\"wp-block-heading\" id=\"energia-idroelettrica\"><strong>L\u2019aumento della produzione di energia idroelettrica in Italia<\/strong><\/h2>\n\n\n\n<div style=\"height:20px\" aria-hidden=\"true\" class=\"wp-block-spacer\"><\/div>\n\n\n\n<p>La <strong>produzione di energia da fonti rinnovabili<\/strong> \u00e8 in aumento nel nostro Paese.&nbsp;<\/p>\n\n\n\n<p>Secondo i dati di Terna, poco pi\u00f9 della met\u00e0 della richiesta di energia elettrica a maggio \u00e8 stata soddisfatta dalle energie rinnovabili. A fornire un importante contributo \u00e8 stata l\u2019<strong>energia idroelettrica<\/strong>, quella che si ottiene sfruttando l&#8217;energia cinetica e potenziale dell&#8217;acqua in movimento, convertendola in energia elettrica.<\/p>\n\n\n\n<div style=\"height:20px\" aria-hidden=\"true\" class=\"wp-block-spacer\"><\/div>\n\n\n\n<p>\u00a0<\/p>\n\n\n\n<blockquote class=\"wp-block-quote is-layout-flow wp-block-quote-is-layout-flow\">\n<p><em>La <\/em><strong><em>produzione di energia idroelettrica<\/em><\/strong><em> \u00e8 stata, infatti, superiore di <\/em><strong><em>oltre un terzo<\/em><\/strong><em> rispetto allo stesso mese dello scorso anno.&nbsp;<\/em><\/p>\n<\/blockquote>\n\n\n\n<div style=\"height:20px\" aria-hidden=\"true\" class=\"wp-block-spacer\"><\/div>\n\n\n\n<p>Questo aumento considerevole \u00e8, per\u00f2, <strong>legato al nostro clima<\/strong>. In particolare, alle <strong>intense piogge e alle nevicate<\/strong> che si sono susseguite durante il mese di maggio al Nord.\u00a0<\/p>\n\n\n\n<p>Ci\u00f2 significa anche che la situazione non \u00e8 omogenea su tutto il territorio, anzi. Mentre in Lombardia la <strong>produzione di energia idroelettrica ha raggiunto picchi del 45% sopra la media storica<\/strong>, al Sud la situazione \u00e8 completamente opposta. La Sicilia registra le <strong>precipitazioni pi\u00f9 basse degli ultimi vent&#8217;anni<\/strong>, causando un drastico calo nella produzione idroelettrica, e la Campania ha visto una <strong>riduzione del 75% rispetto all&#8217;anno precedente.<\/strong><\/p>\n\n\n\n<div style=\"height:50px\" aria-hidden=\"true\" class=\"wp-block-spacer\"><\/div>\n\n\n\n<h2 class=\"wp-block-heading\" id=\"fonti-rinnovabili-italia\"><strong>Il punto sulla produzione da fonti rinnovabili nel nostro Paese<\/strong><\/h2>\n\n\n\n<div style=\"height:20px\" aria-hidden=\"true\" class=\"wp-block-spacer\"><\/div>\n\n\n\n<p>Oltre all\u2019eccezionale aumento della produzione di energia idroelettrica, nel mese di maggio 2024 anche altre fonti rinnovabili hanno visto degli aumenti. Per esempio:&nbsp;<\/p>\n\n\n\n<ul class=\"emoji_bullets emoji_hand_right wp-block-list\">\n<li>L\u2019energia fotovoltaica \u00e8 aumentata del <strong>36,3%<\/strong>;<\/li>\n\n\n\n<li>L\u2019energia eolica \u00e8 aumentata del <strong>10,5%<\/strong>.&nbsp;<\/li>\n<\/ul>\n\n\n\n<p>\u00c8 possibile che, come piogge e nevicate al Nord abbiano portato un incremento della produzione di energia idroelettrica, le giornate torride del Sud abbiano potuto portare all\u2019<strong>aumento della produzione dell\u2019energia fotovoltaica<\/strong>.&nbsp;<\/p>\n\n\n\n<p>Va, per\u00f2, inserito in questo contesto un ulteriore elemento: il <strong>Superbonus <\/strong>e altri <a href=\"https:\/\/www.switcho.it\/blog\/luce-gas\/bonus-fotovoltaico\/\" target=\"_blank\" rel=\"noreferrer noopener\">incentivi per il fotovoltaico<\/a> che hanno senz\u2019altro dato un\u2019accelerata agli <strong>investimenti green<\/strong> nel nostro Paese, con un significativo aumento di <a href=\"https:\/\/www.switcho.it\/blog\/luce-gas\/impianto-fotovoltaico\/\" target=\"_blank\" rel=\"noreferrer noopener\"><strong>installazioni di pannelli solari<\/strong><\/a> su condomini e villette.\u00a0<\/p>\n\n\n\n<div style=\"height:50px\" aria-hidden=\"true\" class=\"wp-block-spacer\"><\/div>\n\n\n\n<h2 class=\"wp-block-heading\" id=\"rinnovabili-europa-mondo\"><strong>A che punto siamo con la produzione di energie rinnovabili in Europa e nel mondo<\/strong><\/h2>\n\n\n\n<div style=\"height:20px\" aria-hidden=\"true\" class=\"wp-block-spacer\"><\/div>\n\n\n\n<p>L\u2019Italia non \u00e8 certo l\u2019unico paese che sta indirizzando i suoi sforzi verso un aumento della produzione di energia da fonti rinnovabili.&nbsp;<\/p>\n\n\n\n<p>Basti pensare che l\u2019<strong>Europa si sta trovando di fronte alla necessit\u00e0 di dover prevedere nuove soluzioni di stoccaggio.<\/strong> Nel contesto dei mercati elettrici all\u2019ingrosso in molte delle principali economie europee, durante i primi cinque mesi dell&#8217;anno, si sono verificati <strong>prezzi pari a zero o addirittura negativi<\/strong> per un numero record di ore nei periodi di bassa domanda.&nbsp;<\/p>\n\n\n\n<p>Ci\u00f2 significa che, in quei momenti, l\u2019<strong>offerta di energia elettrica ha superato significativamente la domanda<\/strong>, costringendo i produttori a pagare per immettere energia nella rete o a interrompere temporaneamente la produzione dei loro impianti.<\/p>\n\n\n\n<div style=\"height:20px\" aria-hidden=\"true\" class=\"wp-block-spacer\"><\/div>\n\n\n\n<p class=\"has-background\" style=\"background-color:#f7f8fa\">\ud83d\udca1 Nel mondo, stando ai dati del <strong>Global electricity review<\/strong> di <strong>Ember<\/strong>, lo scorso anno le fonti rinnovabili hanno generato il <strong>30% dell\u2019elettricit\u00e0<\/strong>, specialmente grazie agli aumenti di produzione di <strong>energia solare ed eolica<\/strong>. La prima si \u00e8 affermata per il secondo anno di fila come la pi\u00f9 grande fonte di energia elettrica.&nbsp;<\/p>\n\n\n\n<div style=\"height:20px\" aria-hidden=\"true\" class=\"wp-block-spacer\"><\/div>\n\n\n\n<p>E se in Italia la produzione di energia idroelettrica \u00e8 aumentata, grazie alle intense piogge del Nord, la <strong>siccit\u00e0 in paesi come Cina, India, Vietnam e Messico<\/strong> ha portato a un calo della sua produzione. Una carenza, questa, che ha portato ad <strong>aumentare la produzione di carbone<\/strong> e a un incremento dell\u20191% delle emissioni.<\/p>\n\n\n\n<div style=\"height:50px\" aria-hidden=\"true\" class=\"wp-block-spacer\"><\/div>\n\n\n\n<div class=\"wp-block-divi-layout\">[et_pb_section fb_built=&#8221;1&#8243; disabled_on=&#8221;off|off|off&#8221; admin_label=&#8221;section&#8221; _builder_version=&#8221;4.19.2&#8243; custom_padding=&#8221;0px||0px||false|false&#8221; global_colors_info=&#8221;{}&#8221;][et_pb_row admin_label=&#8221;row&#8221; _builder_version=&#8221;4.19.1&#8243; background_size=&#8221;initial&#8221; background_position=&#8221;top_left&#8221; background_repeat=&#8221;repeat&#8221; width=&#8221;100%&#8221; max_height=&#8221;1000px&#8221; global_colors_info=&#8221;{}&#8221;][et_pb_column type=&#8221;4_4&#8243; _builder_version=&#8221;4.18.0&#8243; _module_preset=&#8221;default&#8221; global_colors_info=&#8221;{}&#8221;][et_pb_toggle title=&#8221;Fonti&#8221; open_toggle_background_color=&#8221;#F7F8FA&#8221; closed_toggle_text_color=&#8221;#2D3748&#8243; closed_toggle_background_color=&#8221;#f7f8fa&#8221; _builder_version=&#8221;4.26.0&#8243; _module_preset=&#8221;default&#8221; title_level=&#8221;h4&#8243; title_font=&#8221;||||||||&#8221; title_font_size=&#8221;18px&#8221; title_line_height=&#8221;1.7em&#8221; closed_title_font=&#8221;||||||||&#8221; closed_title_font_size=&#8221;18px&#8221; body_font=&#8221;||||||||&#8221; hover_enabled=&#8221;0&#8243; body_font_size_tablet=&#8221;16px&#8221; body_font_size_phone=&#8221;16px&#8221; body_font_size_last_edited=&#8221;on|phone&#8221; border_width_all=&#8221;0px&#8221; global_colors_info=&#8221;{}&#8221; sticky_enabled=&#8221;0&#8243;]<span>L&#8217;eccezionale aumento della produzione di energia idroelettrica in Italia | Il Post<\/span>\n<br><span><a href=\"https:\/\/www.ilpost.it\/2024\/07\/03\/energia-idroelettrica-aumento-italia\/\" target=\"_blank\" rel=\"noreferrer noopener nofollow\">https:\/\/www.ilpost.it\/2024\/07\/03\/energia-idroelettrica-aumento-italia\/<\/a><\/span>\n\n<br><br><span>Terna: a maggio il 52,5% della domanda di energia coperta da fonti rinnovabili, il valore mensile pi\u00f9 alto di sempre | Terna spa<\/span>\n<br><span><a href=\"https:\/\/www.terna.it\/it\/media\/comunicati-stampa\/dettaglio\/consumi-elettrici-maggio-2024\" target=\"_blank\" rel=\"noreferrer noopener nofollow\">https:\/\/www.terna.it\/it\/media\/comunicati-stampa\/dettaglio\/consumi-elettrici-maggio-2024<\/a><\/span>\n\n<br><br><span>Le energie rinnovabili hanno coperto oltre la met\u00e0 della domanda di elettricit\u00e0 in Italia | Wired Italia<\/span>\n<br><span><a href=\"https:\/\/www.wired.it\/article\/energie-rinnovabili-produzione-italia-record\/\" target=\"_blank\" rel=\"noreferrer noopener nofollow\">https:\/\/www.wired.it\/article\/energie-rinnovabili-produzione-italia-record\/<\/a><\/span>[\/et_pb_toggle][\/et_pb_column][\/et_pb_row][\/et_pb_section]<\/div>\n\n\n\n<div style=\"height:50px\" aria-hidden=\"true\" class=\"wp-block-spacer\"><\/div>\n","protected":false},"excerpt":{"rendered":"<p>In Italia aumenta la produzione di energia da fonti rinnovabili, specialmente solare e idroelettrico. Tra le cause, il clima e gli incentivi.<\/p>\n","protected":false},"author":23,"featured_media":99775,"comment_status":"closed","ping_status":"closed","sticky":false,"template":"","format":"standard","meta":{"_et_pb_use_builder":"off","_et_pb_old_content":"","_et_gb_content_width":"","_lmt_disableupdate":"","_lmt_disable":"","footnotes":""},"categories":[307],"tags":[403],"class_list":["post-99772","post","type-post","status-publish","format-standard","has-post-thumbnail","hentry","category-mercato-energia","tag-news-luce-gas"],"yoast_head":"<!-- This site is optimized with the Yoast SEO plugin v27.5 - https:\/\/yoast.com\/product\/yoast-seo-wordpress\/ -->\n<title>Energia: Idroelettrico e altre Rinnovabili in Aumento in Italia - Switcho<\/title>\n<meta name=\"description\" content=\"In Italia aumenta la produzione di energia da fonti rinnovabili, specialmente solare e idroelettrico. Tra le cause, il clima e gli incentivi.\" \/>\n<meta name=\"robots\" content=\"index, follow, max-snippet:-1, max-image-preview:large, max-video-preview:-1\" \/>\n<link rel=\"canonical\" href=\"https:\/\/www.switcho.it\/blog\/luce-gas\/rinnovabili-idroelettrico-aumento\/\" \/>\n<meta property=\"og:locale\" content=\"it_IT\" \/>\n<meta property=\"og:type\" content=\"article\" \/>\n<meta property=\"og:title\" content=\"Energia: Idroelettrico e altre Rinnovabili in Aumento in Italia\" \/>\n<meta property=\"og:description\" content=\"In Italia aumenta la produzione di energia da fonti rinnovabili, specialmente solare e idroelettrico. Tra le cause, il clima e gli incentivi.\" \/>\n<meta property=\"og:url\" content=\"https:\/\/www.switcho.it\/blog\/luce-gas\/rinnovabili-idroelettrico-aumento\/\" \/>\n<meta property=\"og:site_name\" content=\"Switcho\" \/>\n<meta property=\"article:published_time\" content=\"2024-07-10T15:17:58+00:00\" \/>\n<meta property=\"article:modified_time\" content=\"2024-07-10T15:17:59+00:00\" \/>\n<meta property=\"og:image\" content=\"https:\/\/www.switcho.it\/blog\/wp-content\/uploads\/2024\/07\/aumento-di-energia-idroelettrica.png\" \/>\n\t<meta property=\"og:image:width\" content=\"1200\" \/>\n\t<meta property=\"og:image:height\" content=\"800\" \/>\n\t<meta property=\"og:image:type\" content=\"image\/png\" \/>\n<meta name=\"author\" content=\"Marco Tricarico\" \/>\n<meta name=\"twitter:card\" content=\"summary_large_image\" \/>\n<meta name=\"twitter:title\" content=\"Energia: Idroelettrico e altre Rinnovabili in Aumento in Italia\" \/>\n<meta name=\"twitter:description\" content=\"In Italia aumenta la produzione di energia da fonti rinnovabili, specialmente solare e idroelettrico. Tra le cause, il clima e gli incentivi.\" \/>\n<meta name=\"twitter:image\" content=\"https:\/\/www.switcho.it\/blog\/wp-content\/uploads\/2024\/07\/aumento-di-energia-idroelettrica.png\" \/>\n<meta name=\"twitter:label1\" content=\"Scritto da\" \/>\n\t<meta name=\"twitter:data1\" content=\"Marco Tricarico\" \/>\n\t<meta name=\"twitter:label2\" content=\"Tempo di lettura stimato\" \/>\n\t<meta name=\"twitter:data2\" content=\"5 minuti\" \/>\n<script type=\"application\/ld+json\" class=\"yoast-schema-graph\">{\"@context\":\"https:\\\/\\\/schema.org\",\"@graph\":[{\"@type\":\"Article\",\"@id\":\"https:\\\/\\\/www.switcho.it\\\/blog\\\/luce-gas\\\/rinnovabili-idroelettrico-aumento\\\/#article\",\"isPartOf\":{\"@id\":\"https:\\\/\\\/www.switcho.it\\\/blog\\\/luce-gas\\\/rinnovabili-idroelettrico-aumento\\\/\"},\"author\":{\"name\":\"Marco Tricarico\",\"@id\":\"https:\\\/\\\/www.switcho.it\\\/blog\\\/#\\\/schema\\\/person\\\/4a59c480dfc019823d29714bd644a488\"},\"headline\":\"In Italia energie rinnovabili in aumento, tra le cause anche il clima\",\"datePublished\":\"2024-07-10T15:17:58+00:00\",\"dateModified\":\"2024-07-10T15:17:59+00:00\",\"mainEntityOfPage\":{\"@id\":\"https:\\\/\\\/www.switcho.it\\\/blog\\\/luce-gas\\\/rinnovabili-idroelettrico-aumento\\\/\"},\"wordCount\":907,\"publisher\":{\"@id\":\"https:\\\/\\\/www.switcho.it\\\/blog\\\/#organization\"},\"image\":{\"@id\":\"https:\\\/\\\/www.switcho.it\\\/blog\\\/luce-gas\\\/rinnovabili-idroelettrico-aumento\\\/#primaryimage\"},\"thumbnailUrl\":\"https:\\\/\\\/www.switcho.it\\\/blog\\\/wp-content\\\/uploads\\\/2024\\\/07\\\/aumento-di-energia-idroelettrica.png\",\"keywords\":[\"news luce e gas\"],\"articleSection\":[\"Mercato Energetico\"],\"inLanguage\":\"it-IT\"},{\"@type\":\"WebPage\",\"@id\":\"https:\\\/\\\/www.switcho.it\\\/blog\\\/luce-gas\\\/rinnovabili-idroelettrico-aumento\\\/\",\"url\":\"https:\\\/\\\/www.switcho.it\\\/blog\\\/luce-gas\\\/rinnovabili-idroelettrico-aumento\\\/\",\"name\":\"Energia: Idroelettrico e altre Rinnovabili in Aumento in Italia - Switcho\",\"isPartOf\":{\"@id\":\"https:\\\/\\\/www.switcho.it\\\/blog\\\/#website\"},\"primaryImageOfPage\":{\"@id\":\"https:\\\/\\\/www.switcho.it\\\/blog\\\/luce-gas\\\/rinnovabili-idroelettrico-aumento\\\/#primaryimage\"},\"image\":{\"@id\":\"https:\\\/\\\/www.switcho.it\\\/blog\\\/luce-gas\\\/rinnovabili-idroelettrico-aumento\\\/#primaryimage\"},\"thumbnailUrl\":\"https:\\\/\\\/www.switcho.it\\\/blog\\\/wp-content\\\/uploads\\\/2024\\\/07\\\/aumento-di-energia-idroelettrica.png\",\"datePublished\":\"2024-07-10T15:17:58+00:00\",\"dateModified\":\"2024-07-10T15:17:59+00:00\",\"description\":\"In Italia aumenta la produzione di energia da fonti rinnovabili, specialmente solare e idroelettrico. Tra le cause, il clima e gli incentivi.\",\"breadcrumb\":{\"@id\":\"https:\\\/\\\/www.switcho.it\\\/blog\\\/luce-gas\\\/rinnovabili-idroelettrico-aumento\\\/#breadcrumb\"},\"inLanguage\":\"it-IT\",\"potentialAction\":[{\"@type\":\"ReadAction\",\"target\":[\"https:\\\/\\\/www.switcho.it\\\/blog\\\/luce-gas\\\/rinnovabili-idroelettrico-aumento\\\/\"]}]},{\"@type\":\"ImageObject\",\"inLanguage\":\"it-IT\",\"@id\":\"https:\\\/\\\/www.switcho.it\\\/blog\\\/luce-gas\\\/rinnovabili-idroelettrico-aumento\\\/#primaryimage\",\"url\":\"https:\\\/\\\/www.switcho.it\\\/blog\\\/wp-content\\\/uploads\\\/2024\\\/07\\\/aumento-di-energia-idroelettrica.png\",\"contentUrl\":\"https:\\\/\\\/www.switcho.it\\\/blog\\\/wp-content\\\/uploads\\\/2024\\\/07\\\/aumento-di-energia-idroelettrica.png\",\"width\":1200,\"height\":800,\"caption\":\"aumento di energia idroelettrica\"},{\"@type\":\"BreadcrumbList\",\"@id\":\"https:\\\/\\\/www.switcho.it\\\/blog\\\/luce-gas\\\/rinnovabili-idroelettrico-aumento\\\/#breadcrumb\",\"itemListElement\":[{\"@type\":\"ListItem\",\"position\":1,\"name\":\"Home\",\"item\":\"https:\\\/\\\/www.switcho.it\\\/blog\\\/\"},{\"@type\":\"ListItem\",\"position\":2,\"name\":\"Luce e Gas\",\"item\":\"https:\\\/\\\/www.switcho.it\\\/blog\\\/luce-gas\\\/\"},{\"@type\":\"ListItem\",\"position\":3,\"name\":\"Mercato Energetico\",\"item\":\"https:\\\/\\\/www.switcho.it\\\/blog\\\/luce-gas\\\/mercato-energia\\\/\"},{\"@type\":\"ListItem\",\"position\":4,\"name\":\"In Italia energie rinnovabili in aumento, tra le cause anche il clima\"}]},{\"@type\":\"WebSite\",\"@id\":\"https:\\\/\\\/www.switcho.it\\\/blog\\\/#website\",\"url\":\"https:\\\/\\\/www.switcho.it\\\/blog\\\/\",\"name\":\"Switcho\",\"description\":\"Il blog semplice, per davvero.\",\"publisher\":{\"@id\":\"https:\\\/\\\/www.switcho.it\\\/blog\\\/#organization\"},\"potentialAction\":[{\"@type\":\"SearchAction\",\"target\":{\"@type\":\"EntryPoint\",\"urlTemplate\":\"https:\\\/\\\/www.switcho.it\\\/blog\\\/?s={search_term_string}\"},\"query-input\":{\"@type\":\"PropertyValueSpecification\",\"valueRequired\":true,\"valueName\":\"search_term_string\"}}],\"inLanguage\":\"it-IT\"},{\"@type\":\"Organization\",\"@id\":\"https:\\\/\\\/www.switcho.it\\\/blog\\\/#organization\",\"name\":\"Switcho\",\"url\":\"https:\\\/\\\/www.switcho.it\\\/blog\\\/\",\"logo\":{\"@type\":\"ImageObject\",\"inLanguage\":\"it-IT\",\"@id\":\"https:\\\/\\\/www.switcho.it\\\/blog\\\/#\\\/schema\\\/logo\\\/image\\\/\",\"url\":\"https:\\\/\\\/www.switcho.it\\\/blog\\\/wp-content\\\/uploads\\\/2021\\\/03\\\/Switcho-Logotype-Green.png\",\"contentUrl\":\"https:\\\/\\\/www.switcho.it\\\/blog\\\/wp-content\\\/uploads\\\/2021\\\/03\\\/Switcho-Logotype-Green.png\",\"width\":1507,\"height\":597,\"caption\":\"Switcho\"},\"image\":{\"@id\":\"https:\\\/\\\/www.switcho.it\\\/blog\\\/#\\\/schema\\\/logo\\\/image\\\/\"}},{\"@type\":\"Person\",\"@id\":\"https:\\\/\\\/www.switcho.it\\\/blog\\\/#\\\/schema\\\/person\\\/4a59c480dfc019823d29714bd644a488\",\"name\":\"Marco Tricarico\",\"image\":{\"@type\":\"ImageObject\",\"inLanguage\":\"it-IT\",\"@id\":\"https:\\\/\\\/secure.gravatar.com\\\/avatar\\\/9a8a5d0321dce5e64611bac7a181edfc33d850ac6202cd0adaab2ece13fbcd6a?s=96&d=mm&r=g\",\"url\":\"https:\\\/\\\/secure.gravatar.com\\\/avatar\\\/9a8a5d0321dce5e64611bac7a181edfc33d850ac6202cd0adaab2ece13fbcd6a?s=96&d=mm&r=g\",\"contentUrl\":\"https:\\\/\\\/secure.gravatar.com\\\/avatar\\\/9a8a5d0321dce5e64611bac7a181edfc33d850ac6202cd0adaab2ece13fbcd6a?s=96&d=mm&r=g\",\"caption\":\"Marco Tricarico\"},\"description\":\"CEO e co-fondatore di Switcho, appassionato di startup e mondo digitale ed esperto di finanza aziendale e consulenza strategica, nel 2019 Marco ha deciso di lanciare un servizio innovativo che offrisse una soluzione di risparmio pratica e realmente imparziale sulle bollette di famiglie e aziende. Dalla nascita di Switcho, Marco partecipa a svariati eventi e rilascia interviste sui temi delle spese domestiche e del settore energetico, parlando delle ultime tendenze nei costi di gas ed elettricit\u00e0 e delle migliori opportunit\u00e0 per tutelarsi dai rincari. Leggi tutti i suoi articoli e seguilo su LinkedIn.\",\"sameAs\":[\"https:\\\/\\\/blog.switcho.net\"],\"url\":\"https:\\\/\\\/www.switcho.it\\\/blog\\\/author\\\/marco-tricarico\\\/\"}]}<\/script>\n<!-- \/ Yoast SEO plugin. -->","yoast_head_json":{"title":"Energia: Idroelettrico e altre Rinnovabili in Aumento in Italia - Switcho","description":"In Italia aumenta la produzione di energia da fonti rinnovabili, specialmente solare e idroelettrico. Tra le cause, il clima e gli incentivi.","robots":{"index":"index","follow":"follow","max-snippet":"max-snippet:-1","max-image-preview":"max-image-preview:large","max-video-preview":"max-video-preview:-1"},"canonical":"https:\/\/www.switcho.it\/blog\/luce-gas\/rinnovabili-idroelettrico-aumento\/","og_locale":"it_IT","og_type":"article","og_title":"Energia: Idroelettrico e altre Rinnovabili in Aumento in Italia","og_description":"In Italia aumenta la produzione di energia da fonti rinnovabili, specialmente solare e idroelettrico. Tra le cause, il clima e gli incentivi.","og_url":"https:\/\/www.switcho.it\/blog\/luce-gas\/rinnovabili-idroelettrico-aumento\/","og_site_name":"Switcho","article_published_time":"2024-07-10T15:17:58+00:00","article_modified_time":"2024-07-10T15:17:59+00:00","og_image":[{"width":1200,"height":800,"url":"https:\/\/www.switcho.it\/blog\/wp-content\/uploads\/2024\/07\/aumento-di-energia-idroelettrica.png","type":"image\/png"}],"author":"Marco Tricarico","twitter_card":"summary_large_image","twitter_title":"Energia: Idroelettrico e altre Rinnovabili in Aumento in Italia","twitter_description":"In Italia aumenta la produzione di energia da fonti rinnovabili, specialmente solare e idroelettrico. Tra le cause, il clima e gli incentivi.","twitter_image":"https:\/\/www.switcho.it\/blog\/wp-content\/uploads\/2024\/07\/aumento-di-energia-idroelettrica.png","twitter_misc":{"Scritto da":"Marco Tricarico","Tempo di lettura stimato":"5 minuti"},"schema":{"@context":"https:\/\/schema.org","@graph":[{"@type":"Article","@id":"https:\/\/www.switcho.it\/blog\/luce-gas\/rinnovabili-idroelettrico-aumento\/#article","isPartOf":{"@id":"https:\/\/www.switcho.it\/blog\/luce-gas\/rinnovabili-idroelettrico-aumento\/"},"author":{"name":"Marco Tricarico","@id":"https:\/\/www.switcho.it\/blog\/#\/schema\/person\/4a59c480dfc019823d29714bd644a488"},"headline":"In Italia energie rinnovabili in aumento, tra le cause anche il clima","datePublished":"2024-07-10T15:17:58+00:00","dateModified":"2024-07-10T15:17:59+00:00","mainEntityOfPage":{"@id":"https:\/\/www.switcho.it\/blog\/luce-gas\/rinnovabili-idroelettrico-aumento\/"},"wordCount":907,"publisher":{"@id":"https:\/\/www.switcho.it\/blog\/#organization"},"image":{"@id":"https:\/\/www.switcho.it\/blog\/luce-gas\/rinnovabili-idroelettrico-aumento\/#primaryimage"},"thumbnailUrl":"https:\/\/www.switcho.it\/blog\/wp-content\/uploads\/2024\/07\/aumento-di-energia-idroelettrica.png","keywords":["news luce e gas"],"articleSection":["Mercato Energetico"],"inLanguage":"it-IT"},{"@type":"WebPage","@id":"https:\/\/www.switcho.it\/blog\/luce-gas\/rinnovabili-idroelettrico-aumento\/","url":"https:\/\/www.switcho.it\/blog\/luce-gas\/rinnovabili-idroelettrico-aumento\/","name":"Energia: Idroelettrico e altre Rinnovabili in Aumento in Italia - Switcho","isPartOf":{"@id":"https:\/\/www.switcho.it\/blog\/#website"},"primaryImageOfPage":{"@id":"https:\/\/www.switcho.it\/blog\/luce-gas\/rinnovabili-idroelettrico-aumento\/#primaryimage"},"image":{"@id":"https:\/\/www.switcho.it\/blog\/luce-gas\/rinnovabili-idroelettrico-aumento\/#primaryimage"},"thumbnailUrl":"https:\/\/www.switcho.it\/blog\/wp-content\/uploads\/2024\/07\/aumento-di-energia-idroelettrica.png","datePublished":"2024-07-10T15:17:58+00:00","dateModified":"2024-07-10T15:17:59+00:00","description":"In Italia aumenta la produzione di energia da fonti rinnovabili, specialmente solare e idroelettrico. Tra le cause, il clima e gli incentivi.","breadcrumb":{"@id":"https:\/\/www.switcho.it\/blog\/luce-gas\/rinnovabili-idroelettrico-aumento\/#breadcrumb"},"inLanguage":"it-IT","potentialAction":[{"@type":"ReadAction","target":["https:\/\/www.switcho.it\/blog\/luce-gas\/rinnovabili-idroelettrico-aumento\/"]}]},{"@type":"ImageObject","inLanguage":"it-IT","@id":"https:\/\/www.switcho.it\/blog\/luce-gas\/rinnovabili-idroelettrico-aumento\/#primaryimage","url":"https:\/\/www.switcho.it\/blog\/wp-content\/uploads\/2024\/07\/aumento-di-energia-idroelettrica.png","contentUrl":"https:\/\/www.switcho.it\/blog\/wp-content\/uploads\/2024\/07\/aumento-di-energia-idroelettrica.png","width":1200,"height":800,"caption":"aumento di energia idroelettrica"},{"@type":"BreadcrumbList","@id":"https:\/\/www.switcho.it\/blog\/luce-gas\/rinnovabili-idroelettrico-aumento\/#breadcrumb","itemListElement":[{"@type":"ListItem","position":1,"name":"Home","item":"https:\/\/www.switcho.it\/blog\/"},{"@type":"ListItem","position":2,"name":"Luce e Gas","item":"https:\/\/www.switcho.it\/blog\/luce-gas\/"},{"@type":"ListItem","position":3,"name":"Mercato Energetico","item":"https:\/\/www.switcho.it\/blog\/luce-gas\/mercato-energia\/"},{"@type":"ListItem","position":4,"name":"In Italia energie rinnovabili in aumento, tra le cause anche il clima"}]},{"@type":"WebSite","@id":"https:\/\/www.switcho.it\/blog\/#website","url":"https:\/\/www.switcho.it\/blog\/","name":"Switcho","description":"Il blog semplice, per davvero.","publisher":{"@id":"https:\/\/www.switcho.it\/blog\/#organization"},"potentialAction":[{"@type":"SearchAction","target":{"@type":"EntryPoint","urlTemplate":"https:\/\/www.switcho.it\/blog\/?s={search_term_string}"},"query-input":{"@type":"PropertyValueSpecification","valueRequired":true,"valueName":"search_term_string"}}],"inLanguage":"it-IT"},{"@type":"Organization","@id":"https:\/\/www.switcho.it\/blog\/#organization","name":"Switcho","url":"https:\/\/www.switcho.it\/blog\/","logo":{"@type":"ImageObject","inLanguage":"it-IT","@id":"https:\/\/www.switcho.it\/blog\/#\/schema\/logo\/image\/","url":"https:\/\/www.switcho.it\/blog\/wp-content\/uploads\/2021\/03\/Switcho-Logotype-Green.png","contentUrl":"https:\/\/www.switcho.it\/blog\/wp-content\/uploads\/2021\/03\/Switcho-Logotype-Green.png","width":1507,"height":597,"caption":"Switcho"},"image":{"@id":"https:\/\/www.switcho.it\/blog\/#\/schema\/logo\/image\/"}},{"@type":"Person","@id":"https:\/\/www.switcho.it\/blog\/#\/schema\/person\/4a59c480dfc019823d29714bd644a488","name":"Marco Tricarico","image":{"@type":"ImageObject","inLanguage":"it-IT","@id":"https:\/\/secure.gravatar.com\/avatar\/9a8a5d0321dce5e64611bac7a181edfc33d850ac6202cd0adaab2ece13fbcd6a?s=96&d=mm&r=g","url":"https:\/\/secure.gravatar.com\/avatar\/9a8a5d0321dce5e64611bac7a181edfc33d850ac6202cd0adaab2ece13fbcd6a?s=96&d=mm&r=g","contentUrl":"https:\/\/secure.gravatar.com\/avatar\/9a8a5d0321dce5e64611bac7a181edfc33d850ac6202cd0adaab2ece13fbcd6a?s=96&d=mm&r=g","caption":"Marco Tricarico"},"description":"CEO e co-fondatore di Switcho, appassionato di startup e mondo digitale ed esperto di finanza aziendale e consulenza strategica, nel 2019 Marco ha deciso di lanciare un servizio innovativo che offrisse una soluzione di risparmio pratica e realmente imparziale sulle bollette di famiglie e aziende. Dalla nascita di Switcho, Marco partecipa a svariati eventi e rilascia interviste sui temi delle spese domestiche e del settore energetico, parlando delle ultime tendenze nei costi di gas ed elettricit\u00e0 e delle migliori opportunit\u00e0 per tutelarsi dai rincari. Leggi tutti i suoi articoli e seguilo su LinkedIn.","sameAs":["https:\/\/blog.switcho.net"],"url":"https:\/\/www.switcho.it\/blog\/author\/marco-tricarico\/"}]}},"modified_by":"Eleonora Francese","_links":{"self":[{"href":"https:\/\/www.switcho.it\/blog\/wp-json\/wp\/v2\/posts\/99772","targetHints":{"allow":["GET"]}}],"collection":[{"href":"https:\/\/www.switcho.it\/blog\/wp-json\/wp\/v2\/posts"}],"about":[{"href":"https:\/\/www.switcho.it\/blog\/wp-json\/wp\/v2\/types\/post"}],"author":[{"embeddable":true,"href":"https:\/\/www.switcho.it\/blog\/wp-json\/wp\/v2\/users\/23"}],"replies":[{"embeddable":true,"href":"https:\/\/www.switcho.it\/blog\/wp-json\/wp\/v2\/comments?post=99772"}],"version-history":[{"count":3,"href":"https:\/\/www.switcho.it\/blog\/wp-json\/wp\/v2\/posts\/99772\/revisions"}],"predecessor-version":[{"id":99799,"href":"https:\/\/www.switcho.it\/blog\/wp-json\/wp\/v2\/posts\/99772\/revisions\/99799"}],"wp:featuredmedia":[{"embeddable":true,"href":"https:\/\/www.switcho.it\/blog\/wp-json\/wp\/v2\/media\/99775"}],"wp:attachment":[{"href":"https:\/\/www.switcho.it\/blog\/wp-json\/wp\/v2\/media?parent=99772"}],"wp:term":[{"taxonomy":"category","embeddable":true,"href":"https:\/\/www.switcho.it\/blog\/wp-json\/wp\/v2\/categories?post=99772"},{"taxonomy":"post_tag","embeddable":true,"href":"https:\/\/www.switcho.it\/blog\/wp-json\/wp\/v2\/tags?post=99772"}],"curies":[{"name":"wp","href":"https:\/\/api.w.org\/{rel}","templated":true}]}}