{"id":97789,"date":"2024-07-02T13:54:14","date_gmt":"2024-07-02T13:54:14","guid":{"rendered":"https:\/\/www.switcho.it\/blog\/?p=97789"},"modified":"2024-07-02T13:54:15","modified_gmt":"2024-07-02T13:54:15","slug":"tutela-luce-terminata","status":"publish","type":"post","link":"https:\/\/www.switcho.it\/blog\/luce-gas\/tutela-luce-terminata\/","title":{"rendered":"\u00c8 arrivata la fine del mercato tutelato: cosa succede ora?"},"content":{"rendered":"<i>Aggiornato il 2 Luglio 2024<\/i>\n\n\n\n<div style=\"height:30px\" aria-hidden=\"true\" class=\"wp-block-spacer\"><\/div>\n\n\n\n<p>Dal 1\u00b0 luglio 2024 cessa di esistere il <strong>mercato tutelato luce<\/strong>. Ecco cosa succede ora, in breve:&nbsp;<\/p>\n\n\n\n<ul class=\"wp-block-list emoji_bullets emoji_check_mark\">\n<li>La <strong>fine del mercato tutelato<\/strong> non ha visto proroghe, per cui <strong>dal 1\u00b0 luglio 2024<\/strong> si passa al mercato libero;<\/li>\n\n\n\n<li>La <strong>scadenza del mercato di Maggior Tutela non riguarda i clienti vulnerabili<\/strong> che possono continuare a usufruire del mercato tutelato oppure, come stabilito dal Governo di recente, potranno passare al Servizio a Tutele Graduali;<\/li>\n\n\n\n<li>Con il <strong>termine del mercato tutelato<\/strong>, i clienti non vulnerabili che non hanno effettuato il passaggio al mercato libero passano <strong>automaticamente al Servizio a Tutele Graduali<\/strong>.&nbsp;<\/li>\n<\/ul>\n\n\n\n<p>Non \u00e8 facile districarsi tra le molteplici informazioni che riguardano la fine del mercato tutelato, n\u00e9 tra le <strong>tante <\/strong><a href=\"https:\/\/www.switcho.it\/risorse\/luce-gas\/\" target=\"_blank\" rel=\"noreferrer noopener\"><strong>offerte luce e gas del mercato libero<\/strong><\/a>. Proprio per questo motivo, <a href=\"https:\/\/www.switcho.it\/servizi\/intro\/luce-gas\"><strong>noi di Switcho<\/strong><\/a> ti aiutiamo a trovare quella pi\u00f9 adatta alle tue esigenze, confrontando le tariffe con quella che hai attualmente. E se vuoi effettuare il cambio fornitore, non devi nemmeno occuparti della burocrazia, perch\u00e9 <strong>ci pensiamo noi, gratis.&nbsp;<\/strong><\/p>\n\n\n\n<div style=\"height:20px\" aria-hidden=\"true\" class=\"wp-block-spacer\"><\/div>\n\n\n\n<div class=\"wp-block-divi-layout\">[et_pb_section fb_built=&#8221;1&#8243; disabled_on=&#8221;on|on|off&#8221; admin_label=&#8221;section&#8221; _builder_version=&#8221;4.18.0&#8243; custom_padding=&#8221;0px||0px||false|false&#8221; global_colors_info=&#8221;{}&#8221;][et_pb_row admin_label=&#8221;row&#8221; _builder_version=&#8221;4.19.1&#8243; background_size=&#8221;initial&#8221; background_position=&#8221;top_left&#8221; background_repeat=&#8221;repeat&#8221; width=&#8221;100%&#8221; max_height=&#8221;1000px&#8221; global_colors_info=&#8221;{}&#8221;][et_pb_column type=&#8221;4_4&#8243; _builder_version=&#8221;4.18.0&#8243; _module_preset=&#8221;default&#8221; global_colors_info=&#8221;{}&#8221;][et_pb_image src=&#8221;https:\/\/www.switcho.it\/blog\/wp-content\/uploads\/2023\/08\/fine-tutela-passa-al-libero.png&#8221; alt=&#8221;passa al mercato libero con switcho&#8221; title_text=&#8221;fine tutela passa al libero&#8221; url=&#8221;https:\/\/www.switcho.it\/servizi\/intro\/luce-gas?ref=cta-tutela-top&#8221; align=&#8221;center&#8221; force_fullwidth=&#8221;on&#8221; src_tablet=&#8221;https:\/\/www.switcho.it\/blog\/wp-content\/uploads\/2022\/11\/banner-energy-top-mobile.png&#8221; src_phone=&#8221;https:\/\/www.switcho.it\/blog\/wp-content\/uploads\/2022\/11\/banner-energy-top-mobile.png&#8221; src_last_edited=&#8221;on|desktop&#8221; _builder_version=&#8221;4.26.0&#8243; _module_preset=&#8221;default&#8221; hover_enabled=&#8221;0&#8243; global_colors_info=&#8221;{}&#8221; sticky_enabled=&#8221;0&#8243;][\/et_pb_image][\/et_pb_column][\/et_pb_row][\/et_pb_section]<\/div>\n\n\n\n<div style=\"height:20px\" aria-hidden=\"true\" class=\"wp-block-spacer\"><\/div>\n\n\n\n<p>Indice<\/p>\n\n\n\n<ul class=\"wp-block-list\">\n<li><a href=\"#fine-tutela\">Fine del mercato tutelato luce: cosa succede dal 1\u00b0 luglio<\/a><\/li>\n\n\n\n<li><a href=\"#chi-riguarda\">Chi passa al Servizio a Tutele Graduali dal 1\u00b0 luglio 2024<\/a><\/li>\n\n\n\n<li><a href=\"#clienti-vulnerabili\">Scadenza Maggior Tutela: e i clienti vulnerabili?<\/a><\/li>\n\n\n\n<li><a href=\"#tornare-in-tutela\">Si pu\u00f2 tornare al mercato tutelato luce?<\/a><\/li>\n\n\n\n<li><a href=\"#offerte-mercato-libero\">Come trovare la migliore offerta nel mercato libero<\/a><\/li>\n<\/ul>\n\n\n\n<div style=\"height:50px\" aria-hidden=\"true\" class=\"wp-block-spacer\"><\/div>\n\n\n\n<h2 class=\"wp-block-heading\" id=\"fine-tutela\"><strong>Fine del mercato tutelato luce: cosa succede dal 1\u00b0 luglio&nbsp;<\/strong><\/h2>\n\n\n\n<div style=\"height:20px\" aria-hidden=\"true\" class=\"wp-block-spacer\"><\/div>\n\n\n\n<p>Dopo la <a href=\"https:\/\/www.switcho.it\/blog\/luce-gas\/fine-mercato-tutelato-gas\/\" target=\"_blank\" rel=\"noreferrer noopener\">fine del mercato tutelato del gas<\/a>, avvenuta a gennaio, dal 1\u00b0 luglio 2024 tocca al mercato tutelato luce, con l\u2019abbandono forzato del servizio di maggior tutela per tutti (o quasi) i clienti.<\/p>\n\n\n\n<div style=\"height:20px\" aria-hidden=\"true\" class=\"wp-block-spacer\"><\/div>\n\n\n\n<p class=\"has-background\" style=\"background-color:#f7f8fa\">\ud83d\udc49 La <strong>scadenza del servizio di Maggior Tutela, infatti, non interessa i clienti vulnerabili<\/strong> che potranno continuare a utilizzare questa opzione <strong>anche dopo il 1\u00b0 luglio<\/strong>.&nbsp;<\/p>\n\n\n\n<div style=\"height:20px\" aria-hidden=\"true\" class=\"wp-block-spacer\"><\/div>\n\n\n\n<p>Tutti gli altri, invece, se non sono gi\u00e0 nel mercato libero vi saranno \u201caccompagnati\u201d nel corso dei prossimi anni. Ma cosa significa tutto questo? Per iniziare, riassumiamo brevemente le differenze tra mercato tutelato e mercato libero:&nbsp;<\/p>\n\n\n\n<div style=\"height:20px\" aria-hidden=\"true\" class=\"wp-block-spacer\"><\/div>\n\n\n\n<figure class=\"wp-block-table is-style-stripes\"><table class=\"has-fixed-layout\"><thead><tr><th><strong>MERCATO TUTELATO<\/strong><\/th><th><strong>MERCATO LIBERO<\/strong><\/th><\/tr><\/thead><tbody><tr><td>I prezzi dell&#8217;energia elettrica sono stabiliti e regolamentati dall&#8217;Autorit\u00e0 di Regolazione per Energia Reti e Ambiente (<strong>ARERA<\/strong>)<\/td><td>I prezzi sono stabiliti liberamente dai <strong>fornitori <\/strong>di energia elettrica e gas, quindi possono variare in base all&#8217;offerta e alla domanda del mercato<\/td><\/tr><tr><td>I prezzi vengono aggiornati trimestralmente o mensilmente da <strong>ARERA<\/strong><\/td><td>Ci sono <strong>molteplici offerte<\/strong> e tariffe disponibili, spesso con condizioni e prezzi molto diversi tra loro<\/td><\/tr><tr><td>Il servizio termina il <strong>30 giugno 2024<\/strong>, fatta eccezione per i clienti vulnerabili<\/td><td>I consumatori hanno la libert\u00e0 di scegliere e <strong>cambiare fornitore<\/strong> quando desiderano, senza vincoli di tempo o penali<\/td><\/tr><\/tbody><\/table><\/figure>\n\n\n\n<div style=\"height:50px\" aria-hidden=\"true\" class=\"wp-block-spacer\"><\/div>\n\n\n\n<p>Il cambiamento interessa numerosi clienti del <a href=\"https:\/\/www.switcho.it\/blog\/luce-gas\/servizio-elettrico-nazionale\/\" target=\"_blank\" rel=\"noreferrer noopener\"><strong>Servizio Elettrico Nazionale<\/strong><\/a>, principale fornitore di energia nel mercato tutelato e parte del <strong>gruppo Enel<\/strong>.<\/p>\n\n\n\n<p>Ma cosa succede, dunque, dal 1\u00b0 luglio 2024? Il cliente pu\u00f2 trovarsi in due diverse situazioni:&nbsp;<\/p>\n\n\n\n<ul class=\"wp-block-list emoji_bullets emoji_right_arrow\">\n<li>Se ha gi\u00e0 effettuato il passaggio al mercato libero, <strong>non cambier\u00e0 nulla<\/strong>;<\/li>\n\n\n\n<li>Se non \u00e8 passato al mercato libero entro il 30 giugno 2024, <strong>passer\u00e0 automaticamente al Servizio a Tutele Graduali<\/strong> (o anche detto STG).&nbsp;<\/li>\n<\/ul>\n\n\n\n<div style=\"height:20px\" aria-hidden=\"true\" class=\"wp-block-spacer\"><\/div>\n\n\n\n<p class=\"has-background\" style=\"background-color:#f7f8fa\">\ud83d\udca1 Vuoi <a href=\"https:\/\/www.switcho.it\/blog\/luce-gas\/capire-mercato-tutelato-libero\/\" target=\"_blank\" rel=\"noreferrer noopener\"><strong>capire se sei nel mercato libero o nel mercato tutelato<\/strong><\/a><strong>?<\/strong> Farlo \u00e8 semplice: puoi verificare sulla tua bolletta se \u00e8 indicata la dicitura <strong>\u201cServizio di Maggior Tutela\u201d<\/strong> in alto, accanto al nome del fornitore e al numero di fornitura.<\/p>\n\n\n\n<div style=\"height:50px\" aria-hidden=\"true\" class=\"wp-block-spacer\"><\/div>\n\n\n\n<figure class=\"wp-block-image size-full\"><img loading=\"lazy\" decoding=\"async\" width=\"900\" height=\"600\" src=\"https:\/\/www.switcho.it\/blog\/wp-content\/uploads\/2022\/11\/come-capire-se-sei-nel-mercato-tutelato.png\" alt=\"bolletta Servizio Elettrico Nazionale\" class=\"wp-image-35483\" srcset=\"https:\/\/www.switcho.it\/blog\/wp-content\/uploads\/2022\/11\/come-capire-se-sei-nel-mercato-tutelato.png 900w, https:\/\/www.switcho.it\/blog\/wp-content\/uploads\/2022\/11\/come-capire-se-sei-nel-mercato-tutelato-480x320.png 480w\" sizes=\"(min-width: 0px) and (max-width: 480px) 480px, (min-width: 481px) 900px, 100vw\" \/><\/figure>\n\n\n\n<div style=\"height:50px\" aria-hidden=\"true\" class=\"wp-block-spacer\"><\/div>\n\n\n\n<h2 class=\"wp-block-heading\" id=\"chi-riguarda\"><strong>Chi passa al Servizio a Tutele Graduali dal 1\u00b0 luglio 2024<\/strong><\/h2>\n\n\n\n<div style=\"height:20px\" aria-hidden=\"true\" class=\"wp-block-spacer\"><\/div>\n\n\n\n<p>Se entro il 30 giugno 2024 non si \u00e8 effettuato il passaggio al mercato libero dell\u2019energia, il cliente non vulnerabile <strong>passa in automatico al nuovo <\/strong><a href=\"https:\/\/www.switcho.it\/blog\/luce-gas\/servizio-tutele-graduali\/\" target=\"_blank\" rel=\"noreferrer noopener\"><strong>Servizio a Tutele Graduali.<\/strong><\/a><strong>&nbsp;<\/strong><\/p>\n\n\n\n<p>Il <strong>STG<\/strong> \u00e8 stato pensato da ARERA appositamente per accompagnare i clienti del mercato tutelato verso il mercato libero dell\u2019energia. Esploriamo alcune delle sue caratteristiche:&nbsp;<\/p>\n\n\n\n<ul class=\"wp-block-list emoji_bullets emoji_hand_right\">\n<li>Chi rientra in automatico nel STG <strong>non pu\u00f2 scegliere il proprio fornitore<\/strong>. Questo, infatti, \u00e8 stato selezionato mediante apposite procedure concorsuali, i cui risultati sono stati comunicati a febbraio di quest\u2019anno;<\/li>\n\n\n\n<li>Ai clienti del Servizio a Tutele Graduali vengono assegnate delle <a href=\"https:\/\/www.switcho.it\/blog\/luce-gas\/offerte-placet\/\" target=\"_blank\" rel=\"noreferrer noopener\"><strong>offerte PLACET<\/strong><\/a>, a met\u00e0 tra il mercato tutelato e il mercato libero (condizioni contrattuali definite da ARERA e condizioni economiche calcolate sulla base alle offerte dei fornitori partecipanti alle aste). Il prezzo applicato \u00e8 uguale per tutti i clienti.<\/li>\n<\/ul>\n\n\n\n<p><strong>Vuoi scoprire a quale fornitore sei stato assegnato?<\/strong> Qui puoi identificare il tuo fornitore con la fine del mercato tutelato \u2b07\ufe0f<\/p>\n\n\n\n<div style=\"height:20px\" aria-hidden=\"true\" class=\"wp-block-spacer\"><\/div>\n\n\n\n<div style=\"border-radius: 20px; box-shadow: 5px 10px 18px #dddddd; padding: 30px; background-color: #f7f8fa;\">\n    <iframe data-tally-src=\"https:\/\/tally.so\/embed\/nrAD5M?alignLeft=1&#038;hideTitle=1&#038;transparentBackground=1&#038;dynamicHeight=1\" loading=\"lazy\" width=\"100%\" height=\"211\" frameborder=\"0\" marginheight=\"0\" marginwidth=\"0\" title=\"Fornitori STG\"><\/iframe>\n<\/div>\n<script>\n    var d = document,\n        w = \"https:\/\/tally.so\/widgets\/embed.js\",\n        v = function () {\n            \"undefined\" != typeof Tally ? Tally.loadEmbeds() : d.querySelectorAll(\"iframe[data-tally-src]:not([src])\").forEach((function (e) {\n                e.src = e.dataset.tallySrc\n            }))\n        };\n    if (\"undefined\" != typeof Tally) v();\n    else if (d.querySelector('script[src=\"' + w + '\"]') == null) {\n        var s = d.createElement(\"script\");\n        s.src = w, s.onload = v, s.onerror = v, d.body.appendChild(s)\n    };\n<\/script>\n\n\n\n\n<div style=\"height:50px\" aria-hidden=\"true\" class=\"wp-block-spacer\"><\/div>\n\n\n\n<p>Proprio le procedure concorsuali di cui abbiamo appena parlato hanno generato una <strong>forte competizione tra i fornitori<\/strong>. Il risultato \u00e8 stato positivo per i clienti del Servizio a Tutele Graduali: questi, infatti, si troveranno a beneficiare di un <strong>risparmio di circa 113 euro all\u2019anno rispetto alla Maggior Tutela.&nbsp;<\/strong><\/p>\n\n\n\n<div style=\"height:20px\" aria-hidden=\"true\" class=\"wp-block-spacer\"><\/div>\n\n\n\n<blockquote class=\"wp-block-quote is-layout-flow wp-block-quote-is-layout-flow\">\n<p><em>Il Servizio a Tutele Graduali <\/em><strong><em>durer\u00e0 per 3 anni, fino al 31 marzo 2027<\/em><\/strong><em>. In questi 3 anni, i clienti avranno tutto il tempo per scegliere l\u2019offerta del mercato libero pi\u00f9 conveniente.&nbsp;<\/em><\/p>\n<\/blockquote>\n\n\n\n<div style=\"height:50px\" aria-hidden=\"true\" class=\"wp-block-spacer\"><\/div>\n\n\n\n<h2 class=\"wp-block-heading\" id=\"clienti-vulnerabili\"><strong>Scadenza Maggior Tutela: e i clienti vulnerabili?<\/strong><\/h2>\n\n\n\n<div style=\"height:20px\" aria-hidden=\"true\" class=\"wp-block-spacer\"><\/div>\n\n\n\n<p>Essendo passato il 1\u00b0 luglio 2024, le cose sono destinate a cambiare per molti consumatori, ma <strong>non per i cosiddetti <\/strong><a href=\"https:\/\/www.switcho.it\/blog\/luce-gas\/clienti-vulnerabili\/\" target=\"_blank\" rel=\"noreferrer noopener\"><strong>clienti vulnerabili.<\/strong><\/a><strong>&nbsp;<\/strong><\/p>\n\n\n\n<p>Con questo termine, si fa riferimento ai clienti domestici:&nbsp;<\/p>\n\n\n\n<ul class=\"wp-block-list emoji_bullets emoji_hand_right\">\n<li>Con pi\u00f9 di 75 anni di et\u00e0;<\/li>\n\n\n\n<li>In condizioni economiche svantaggiate (compresi coloro che beneficiano dei <a href=\"https:\/\/www.switcho.it\/blog\/luce-gas\/fine-tutela-bonus-bollette\/\" target=\"_blank\" rel=\"noreferrer noopener\">bonus sociali<\/a>);<\/li>\n\n\n\n<li>Con disabilit\u00e0 ai sensi della legge 104\/92;<\/li>\n\n\n\n<li>Che utilizzano un\u2019apparecchiatura medicale salvavita alimentata a energia elettrica;<\/li>\n\n\n\n<li>In una struttura abitativa di emergenza a seguito di eventi calamitosi;<\/li>\n\n\n\n<li>In un\u2019isola minore non interconnessa.&nbsp;<\/li>\n<\/ul>\n\n\n\n<p>Per tutti questi clienti, il mercato tutelato continuer\u00e0 a esistere. E, oltretutto, ci sono<em> <\/em>novit\u00e0 per quanto riguarda le <strong>tariffe del mercato tutelato per i vulnerabili<\/strong>.&nbsp;<\/p>\n\n\n\n<div style=\"height:20px\" aria-hidden=\"true\" class=\"wp-block-spacer\"><\/div>\n\n\n\n<blockquote class=\"wp-block-quote is-layout-flow wp-block-quote-is-layout-flow\">\n<p><em>ARERA ha comunicato l\u2019aggiornamento di prezzo per <\/em><strong><em>luglio-settembre 2024<\/em><\/strong><em>: la bolletta elettrica <\/em><strong><em>aumenta del 12% <\/em><\/strong><em>a causa dell\u2019arrestarsi del trend al ribasso dei prezzi del gas naturale e dell\u2019energia elettrica che si era manifestato alla fine del 2023 e nei primi mesi del 2024.&nbsp;<\/em><\/p>\n<\/blockquote>\n\n\n\n<div style=\"height:20px\" aria-hidden=\"true\" class=\"wp-block-spacer\"><\/div>\n\n\n\n<p>Di fatto, allo stato attuale, <strong>il STG si dimostra essere pi\u00f9 conveniente anche del mercato tutelato.<\/strong> Ed \u00e8 proprio per questo motivo che a fine giugno 2024 la Camera ha dato l\u2019OK a prevedere la <strong>facolt\u00e0 per i clienti vulnerabili in Maggior Tutela di aderire al Servizio a Tutele Graduali.&nbsp;<\/strong><\/p>\n\n\n\n<div style=\"height:20px\" aria-hidden=\"true\" class=\"wp-block-spacer\"><\/div>\n\n\n\n<p class=\"has-background\" style=\"background-color:#f7f8fa\">\ud83d\udca1 In sostanza, i clienti vulnerabili avranno la possibilit\u00e0 sia di <strong>rimanere nel mercato tutelato luce<\/strong>, sia di <strong>passare al mercato libero<\/strong>, sia di <strong>aderire al STG<\/strong>.<\/p>\n\n\n\n<div style=\"height:50px\" aria-hidden=\"true\" class=\"wp-block-spacer\"><\/div>\n\n\n\n<h2 class=\"wp-block-heading\" id=\"tornare-in-tutela\"><strong>Si pu\u00f2 tornare al mercato tutelato luce?<\/strong><\/h2>\n\n\n\n<div style=\"height:20px\" aria-hidden=\"true\" class=\"wp-block-spacer\"><\/div>\n\n\n\n<p>Se non si \u00e8 clienti vulnerabili e si \u00e8 gi\u00e0 effettuato il passaggio al mercato libero, <strong>non \u00e8 pi\u00f9 possibile <\/strong><a href=\"https:\/\/www.switcho.it\/blog\/luce-gas\/tornare-mercato-tutelato\/\" target=\"_blank\" rel=\"noreferrer noopener\"><strong>tornare al mercato tutelato<\/strong><\/a> per passare poi al Servizio a Tutele Graduali che, come abbiamo visto, scadr\u00e0 nel 2027.&nbsp;<\/p>\n\n\n\n<p>Nonostante la richiesta, da parte di Alberto Gusmeroli (Lega), di prevedere una <a href=\"https:\/\/www.switcho.it\/blog\/luce-gas\/proroga-tutela-luce\/\" target=\"_blank\" rel=\"noreferrer noopener\"><strong>proroga per il rientro al mercato tutelato<\/strong><\/a> fissando la scadenza al 31 dicembre 2024, per il momento chi ha gi\u00e0 scelto un\u2019offerta del mercato libero non potr\u00e0 tornare indietro.&nbsp;<\/p>\n\n\n\n<div style=\"height:20px\" aria-hidden=\"true\" class=\"wp-block-spacer\"><\/div>\n\n\n\n<blockquote class=\"wp-block-quote is-layout-flow wp-block-quote-is-layout-flow\">\n<p><em>Per i clienti non vulnerabili, infatti, la possibilit\u00e0 di <\/em><strong><em>tornare al mercato libero era prevista entro il 30 giugno 2024.&nbsp;<\/em><\/strong><\/p>\n<\/blockquote>\n\n\n\n<div style=\"height:20px\" aria-hidden=\"true\" class=\"wp-block-spacer\"><\/div>\n\n\n\n<p>Nulla, invece, cambia per i <strong>clienti vulnerabili<\/strong> che possono scegliere di tornare al mercato tutelato, rivolgendosi all\u2019esercente il servizio di Maggior Tutela del proprio Comune.<\/p>\n\n\n\n<div style=\"height:50px\" aria-hidden=\"true\" class=\"wp-block-spacer\"><\/div>\n\n\n\n<h2 class=\"wp-block-heading\" id=\"offerte-mercato-libero\"><strong>Come trovare la migliore offerta nel mercato libero<\/strong><\/h2>\n\n\n\n<div style=\"height:20px\" aria-hidden=\"true\" class=\"wp-block-spacer\"><\/div>\n\n\n\n<p>Occore ricordare che, qualsiasi sia la tua situazione attuale,<strong> hai sempre la facolt\u00e0 di accedere al mercato libero dell\u2019energia <\/strong>\u2013 o, se ne fai gi\u00e0 parte, di passare un\u2019offerta diversa per risparmiare su luce e gas.<\/p>\n\n\n\n<p>Il <strong>cambio di fornitore<\/strong> avviene:<\/p>\n\n\n\n<ul class=\"wp-block-list emoji_bullets emoji_check_mark\">\n<li><strong>Gratuitamente<\/strong>;<\/li>\n\n\n\n<li>Senza lavori sul contatore o all\u2019impianto;<\/li>\n\n\n\n<li>Senza alcuna necessit\u00e0 di sopralluogo o presenza di personale tecnico;<\/li>\n\n\n\n<li>Senza interruzione delle forniture;<\/li>\n\n\n\n<li>Nel giro di circa <strong>1-2 mesi<\/strong>.<\/li>\n<\/ul>\n\n\n\n<p>Tra i vantaggi del mercato libero c\u2019\u00e8 la possibilit\u00e0 di <strong>scegliere tra <\/strong><a href=\"https:\/\/www.switcho.it\/blog\/luce-gas\/prezzo-indicizzato-o-fisso\/\" target=\"_blank\" rel=\"noreferrer noopener\"><strong>offerte a prezzo fisso e offerte a prezzo variabile<\/strong><\/a>. Le prime, in particolare, consentono di sottoscrivere un contratto con <strong>prezzo bloccato per tutta la sua durata<\/strong>, proteggendo anche da eventuali aumenti del prezzo della materia prima sul mercato.&nbsp;<\/p>\n\n\n\n<p>Ci\u00f2 detto, trovare l\u2019offerta pi\u00f9 in linea con le proprie esigenze pu\u00f2 essere complicato. Proprio per questo <a href=\"https:\/\/www.switcho.it\/servizi\/intro\/luce-gas\"><strong>noi di Switcho<\/strong><\/a> ti accompagniamo verso la scelta pi\u00f9 giusta per te: <strong>ti aiutiamo a confrontare le offerte<\/strong> e, se decidi di cambiare fornitore, <strong>ci occupiamo di tutta la burocrazia al posto tuo<\/strong>.&nbsp;<\/p>\n\n\n\n<p>Inoltre, ti facciamo risparmiare tempo e denaro: <strong>il nostro servizio \u00e8 100% digitale e gratuito \ud83d\ude0e<\/strong><\/p>\n\n\n\n<div style=\"height:20px\" aria-hidden=\"true\" class=\"wp-block-spacer\"><\/div>\n\n\n\n<div class=\"wp-block-divi-layout\">[et_pb_section fb_built=&#8221;1&#8243; disabled_on=&#8221;off|off|off&#8221; admin_label=&#8221;section&#8221; _builder_version=&#8221;4.19.1&#8243; custom_padding=&#8221;0px||0px||false|false&#8221; global_colors_info=&#8221;{}&#8221;][et_pb_row admin_label=&#8221;row&#8221; _builder_version=&#8221;4.19.1&#8243; background_size=&#8221;initial&#8221; background_position=&#8221;top_left&#8221; background_repeat=&#8221;repeat&#8221; width=&#8221;100%&#8221; max_height=&#8221;1000px&#8221; global_colors_info=&#8221;{}&#8221;][et_pb_column type=&#8221;4_4&#8243; _builder_version=&#8221;4.18.0&#8243; _module_preset=&#8221;default&#8221; global_colors_info=&#8221;{}&#8221;][et_pb_image src=&#8221;https:\/\/www.switcho.it\/blog\/wp-content\/uploads\/2022\/11\/banner-energy-low-desktop.png&#8221; alt=&#8221;risparmia sulle bollette con switcho&#8221; title_text=&#8221;risparmia sulle bollette con switcho&#8221; url=&#8221;http:\/\/www.switcho.it\/servizi\/intro\/luce-gas?ref=cta-energy-low&#8221; align=&#8221;center&#8221; force_fullwidth=&#8221;on&#8221; src_tablet=&#8221;https:\/\/www.switcho.it\/blog\/wp-content\/uploads\/2022\/11\/banner-energy-low-mobile.png&#8221; src_phone=&#8221;https:\/\/www.switcho.it\/blog\/wp-content\/uploads\/2022\/11\/banner-energy-low-mobile.png&#8221; src_last_edited=&#8221;on|desktop&#8221; _builder_version=&#8221;4.21.0&#8243; _module_preset=&#8221;default&#8221; hover_enabled=&#8221;0&#8243; global_colors_info=&#8221;{}&#8221; sticky_enabled=&#8221;0&#8243;][\/et_pb_image][\/et_pb_column][\/et_pb_row][\/et_pb_section]<\/div>\n\n\n\n<div style=\"height:20px\" aria-hidden=\"true\" class=\"wp-block-spacer\"><\/div>\n\n\n\n<div class=\"wp-block-divi-layout\">[et_pb_section fb_built=&#8221;1&#8243; disabled_on=&#8221;off|off|off&#8221; admin_label=&#8221;section&#8221; _builder_version=&#8221;4.19.2&#8243; custom_padding=&#8221;0px||0px||false|false&#8221; global_colors_info=&#8221;{}&#8221;][et_pb_row admin_label=&#8221;row&#8221; _builder_version=&#8221;4.19.1&#8243; background_size=&#8221;initial&#8221; background_position=&#8221;top_left&#8221; background_repeat=&#8221;repeat&#8221; width=&#8221;100%&#8221; max_height=&#8221;1000px&#8221; global_colors_info=&#8221;{}&#8221;][et_pb_column type=&#8221;4_4&#8243; _builder_version=&#8221;4.18.0&#8243; _module_preset=&#8221;default&#8221; global_colors_info=&#8221;{}&#8221;][et_pb_toggle title=&#8221;Fonti&#8221; open_toggle_background_color=&#8221;#F7F8FA&#8221; closed_toggle_text_color=&#8221;#2D3748&#8243; closed_toggle_background_color=&#8221;#f7f8fa&#8221; _builder_version=&#8221;4.27.4&#8243; _module_preset=&#8221;default&#8221; title_level=&#8221;h4&#8243; title_font=&#8221;||||||||&#8221; title_font_size=&#8221;18px&#8221; title_line_height=&#8221;1.7em&#8221; closed_title_font=&#8221;||||||||&#8221; closed_title_font_size=&#8221;18px&#8221; body_font=&#8221;||||||||&#8221; hover_enabled=&#8221;0&#8243; body_font_size_tablet=&#8221;16px&#8221; body_font_size_phone=&#8221;16px&#8221; body_font_size_last_edited=&#8221;on|phone&#8221; border_width_all=&#8221;0px&#8221; global_colors_info=&#8221;{}&#8221; sticky_enabled=&#8221;0&#8243;]<span>Verso la fine del mercato tutelato elettricit\u00e0 &#8211; clienti domestici | ARERA<\/span>\n<br><span><a href=\"https:\/\/www.arera.it\/consumatori\/fine-tutela-ele\" target=\"_blank\" rel=\"noreferrer noopener nofollow\">https:\/\/www.arera.it\/consumatori\/fine-tutela-ele<\/a><\/span>\n\n<br><br><span>Primo aggiornamento della Tutela per le bollette dei soli clienti vulnerabili | ARERA<\/span>\n<br><span><a href=\"https:\/\/www.arera.it\/comunicati-stampa\/dettaglio\/elettricita-dal-1-luglio-37-milioni-di-clienti-non-vulnerabili-in-maggior-tutela-passano-automaticamente-al-servizio-a-tutele-graduali-primo-aggiornamento-della-tutela-per-le-bollette-dei-soli-clienti-vulnerabili-12-nel-terzo-trimestre-2024\" target=\"_blank\" rel=\"noreferrer noopener nofollow\">https:\/\/www.arera.it\/comunicati-stampa\/dettaglio\/elettricita-dal-1-luglio-37-milioni-di-clienti-non-vulnerabili-in-maggior-tutela-passano-automaticamente-al-servizio-a-tutele-graduali-primo-aggiornamento-della-tutela-per-le-bollette-dei-soli-clienti-vulnerabili-12-nel-terzo-trimestre-2024<\/a><\/span>\n\n<br><br><span>Addio al mercato tutelato della luce, arriva il compromesso solo sui vulnerabili | Energia Oltre<\/span>\n<br><span><a href=\"https:\/\/energiaoltre.it\/addio-al-mercato-tutelato-della-luce-arriva-il-compromesso-solo-sui-vulnerabili\/\" target=\"_blank\" rel=\"noreferrer noopener nofollow\">https:\/\/energiaoltre.it\/addio-al-mercato-tutelato-della-luce-arriva-il-compromesso-solo-sui-vulnerabili\/<\/a><\/span>\n\n<br><br><span>Bollette della luce, l\u2019annuncio di Arera: 113 di sconto all\u2019anno per chi passer\u00e0 al Servizio a Tutele Graduali | Corriere.it<\/span>\n<br><span><a href=\"https:\/\/www.corriere.it\/economia\/consumi\/24_giugno_27\/bollette-della-luce-l-annuncio-di-arera-113-di-sconto-all-anno-per-chi-passera-al-servizio-a-tutele-graduali-3c0a13fc-548c-40ed-9f67-084753543xlk.shtml\" target=\"_blank\" rel=\"noreferrer noopener nofollow\">https:\/\/www.corriere.it\/economia\/consumi\/24_giugno_27\/bollette-della-luce-l-annuncio-di-arera-113-di-sconto-all-anno-per-chi-passera-al-servizio-a-tutele-graduali-3c0a13fc-548c-40ed-9f67-084753543xlk.shtml<\/a><\/span>[\/et_pb_toggle][\/et_pb_column][\/et_pb_row][\/et_pb_section]<\/div>\n\n\n\n<div style=\"height:50px\" aria-hidden=\"true\" class=\"wp-block-spacer\"><\/div>\n","protected":false},"excerpt":{"rendered":"<p>Fine del mercato tutelato luce: ecco chi passa al STG, chi pu\u00f2 tornare alla maggior tutela e come scegliere l&#8217;offerta nel mercato libero.<\/p>\n","protected":false},"author":23,"featured_media":97795,"comment_status":"closed","ping_status":"closed","sticky":false,"template":"","format":"standard","meta":{"_et_pb_use_builder":"off","_et_pb_old_content":"","_et_gb_content_width":"","_lmt_disableupdate":"yes","_lmt_disable":"","footnotes":""},"categories":[307],"tags":[70,403],"class_list":["post-97789","post","type-post","status-publish","format-standard","has-post-thumbnail","hentry","category-mercato-energia","tag-mercato-tutelato","tag-news-luce-gas"],"yoast_head":"<!-- This site is optimized with the Yoast SEO plugin v27.5 - https:\/\/yoast.com\/product\/yoast-seo-wordpress\/ -->\n<title>La Tutela Luce \u00e8 Terminata: ecco Cosa Succede dal 1\u00b0 Luglio 2024 - Switcho<\/title>\n<meta name=\"description\" content=\"Fine del mercato tutelato luce: ecco chi passa al STG, chi pu\u00f2 tornare alla maggior tutela e come scegliere l&#039;offerta nel mercato libero.\" \/>\n<meta name=\"robots\" content=\"index, follow, max-snippet:-1, max-image-preview:large, max-video-preview:-1\" \/>\n<link rel=\"canonical\" href=\"https:\/\/www.switcho.it\/blog\/luce-gas\/tutela-luce-terminata\/\" \/>\n<meta property=\"og:locale\" content=\"it_IT\" \/>\n<meta property=\"og:type\" content=\"article\" \/>\n<meta property=\"og:title\" content=\"La Tutela Luce \u00e8 Terminata: ecco Cosa Succede dal 1\u00b0 Luglio 2024\" \/>\n<meta property=\"og:description\" content=\"Fine del mercato tutelato luce: ecco chi passa al STG, chi pu\u00f2 tornare alla maggior tutela e come scegliere l&#039;offerta nel mercato libero.\" \/>\n<meta property=\"og:url\" content=\"https:\/\/www.switcho.it\/blog\/luce-gas\/tutela-luce-terminata\/\" \/>\n<meta property=\"og:site_name\" content=\"Switcho\" \/>\n<meta property=\"article:published_time\" content=\"2024-07-02T13:54:14+00:00\" \/>\n<meta property=\"article:modified_time\" content=\"2024-07-02T13:54:15+00:00\" \/>\n<meta property=\"og:image\" content=\"https:\/\/www.switcho.it\/blog\/wp-content\/uploads\/2024\/07\/mercato-tutelato-luce-scadenza.png\" \/>\n\t<meta property=\"og:image:width\" content=\"1200\" \/>\n\t<meta property=\"og:image:height\" content=\"800\" \/>\n\t<meta property=\"og:image:type\" content=\"image\/png\" \/>\n<meta name=\"author\" content=\"Marco Tricarico\" \/>\n<meta name=\"twitter:card\" content=\"summary_large_image\" \/>\n<meta name=\"twitter:title\" content=\"La Tutela Luce \u00e8 Terminata: ecco Cosa Succede dal 1\u00b0 Luglio 2024\" \/>\n<meta name=\"twitter:description\" content=\"Fine del mercato tutelato luce: ecco chi passa al STG, chi pu\u00f2 tornare alla maggior tutela e come scegliere l&#039;offerta nel mercato libero.\" \/>\n<meta name=\"twitter:image\" content=\"https:\/\/www.switcho.it\/blog\/wp-content\/uploads\/2024\/07\/mercato-tutelato-luce-scadenza.png\" \/>\n<meta name=\"twitter:label1\" content=\"Scritto da\" \/>\n\t<meta name=\"twitter:data1\" content=\"Marco Tricarico\" \/>\n\t<meta name=\"twitter:label2\" content=\"Tempo di lettura stimato\" \/>\n\t<meta name=\"twitter:data2\" content=\"8 minuti\" \/>\n<script type=\"application\/ld+json\" class=\"yoast-schema-graph\">{\"@context\":\"https:\\\/\\\/schema.org\",\"@graph\":[{\"@type\":\"Article\",\"@id\":\"https:\\\/\\\/www.switcho.it\\\/blog\\\/luce-gas\\\/tutela-luce-terminata\\\/#article\",\"isPartOf\":{\"@id\":\"https:\\\/\\\/www.switcho.it\\\/blog\\\/luce-gas\\\/tutela-luce-terminata\\\/\"},\"author\":{\"name\":\"Marco Tricarico\",\"@id\":\"https:\\\/\\\/www.switcho.it\\\/blog\\\/#\\\/schema\\\/person\\\/4a59c480dfc019823d29714bd644a488\"},\"headline\":\"\u00c8 arrivata la fine del mercato tutelato: cosa succede ora?\",\"datePublished\":\"2024-07-02T13:54:14+00:00\",\"dateModified\":\"2024-07-02T13:54:15+00:00\",\"mainEntityOfPage\":{\"@id\":\"https:\\\/\\\/www.switcho.it\\\/blog\\\/luce-gas\\\/tutela-luce-terminata\\\/\"},\"wordCount\":1576,\"publisher\":{\"@id\":\"https:\\\/\\\/www.switcho.it\\\/blog\\\/#organization\"},\"image\":{\"@id\":\"https:\\\/\\\/www.switcho.it\\\/blog\\\/luce-gas\\\/tutela-luce-terminata\\\/#primaryimage\"},\"thumbnailUrl\":\"https:\\\/\\\/www.switcho.it\\\/blog\\\/wp-content\\\/uploads\\\/2024\\\/07\\\/mercato-tutelato-luce-scadenza.png\",\"keywords\":[\"mercato tutelato\",\"news luce e gas\"],\"articleSection\":[\"Mercato Energetico\"],\"inLanguage\":\"it-IT\"},{\"@type\":\"WebPage\",\"@id\":\"https:\\\/\\\/www.switcho.it\\\/blog\\\/luce-gas\\\/tutela-luce-terminata\\\/\",\"url\":\"https:\\\/\\\/www.switcho.it\\\/blog\\\/luce-gas\\\/tutela-luce-terminata\\\/\",\"name\":\"La Tutela Luce \u00e8 Terminata: ecco Cosa Succede dal 1\u00b0 Luglio 2024 - Switcho\",\"isPartOf\":{\"@id\":\"https:\\\/\\\/www.switcho.it\\\/blog\\\/#website\"},\"primaryImageOfPage\":{\"@id\":\"https:\\\/\\\/www.switcho.it\\\/blog\\\/luce-gas\\\/tutela-luce-terminata\\\/#primaryimage\"},\"image\":{\"@id\":\"https:\\\/\\\/www.switcho.it\\\/blog\\\/luce-gas\\\/tutela-luce-terminata\\\/#primaryimage\"},\"thumbnailUrl\":\"https:\\\/\\\/www.switcho.it\\\/blog\\\/wp-content\\\/uploads\\\/2024\\\/07\\\/mercato-tutelato-luce-scadenza.png\",\"datePublished\":\"2024-07-02T13:54:14+00:00\",\"dateModified\":\"2024-07-02T13:54:15+00:00\",\"description\":\"Fine del mercato tutelato luce: ecco chi passa al STG, chi pu\u00f2 tornare alla maggior tutela e come scegliere l'offerta nel mercato libero.\",\"breadcrumb\":{\"@id\":\"https:\\\/\\\/www.switcho.it\\\/blog\\\/luce-gas\\\/tutela-luce-terminata\\\/#breadcrumb\"},\"inLanguage\":\"it-IT\",\"potentialAction\":[{\"@type\":\"ReadAction\",\"target\":[\"https:\\\/\\\/www.switcho.it\\\/blog\\\/luce-gas\\\/tutela-luce-terminata\\\/\"]}]},{\"@type\":\"ImageObject\",\"inLanguage\":\"it-IT\",\"@id\":\"https:\\\/\\\/www.switcho.it\\\/blog\\\/luce-gas\\\/tutela-luce-terminata\\\/#primaryimage\",\"url\":\"https:\\\/\\\/www.switcho.it\\\/blog\\\/wp-content\\\/uploads\\\/2024\\\/07\\\/mercato-tutelato-luce-scadenza.png\",\"contentUrl\":\"https:\\\/\\\/www.switcho.it\\\/blog\\\/wp-content\\\/uploads\\\/2024\\\/07\\\/mercato-tutelato-luce-scadenza.png\",\"width\":1200,\"height\":800,\"caption\":\"mercato tutelato luce scadenza\"},{\"@type\":\"BreadcrumbList\",\"@id\":\"https:\\\/\\\/www.switcho.it\\\/blog\\\/luce-gas\\\/tutela-luce-terminata\\\/#breadcrumb\",\"itemListElement\":[{\"@type\":\"ListItem\",\"position\":1,\"name\":\"Home\",\"item\":\"https:\\\/\\\/www.switcho.it\\\/blog\\\/\"},{\"@type\":\"ListItem\",\"position\":2,\"name\":\"Luce e Gas\",\"item\":\"https:\\\/\\\/www.switcho.it\\\/blog\\\/luce-gas\\\/\"},{\"@type\":\"ListItem\",\"position\":3,\"name\":\"Mercato Energetico\",\"item\":\"https:\\\/\\\/www.switcho.it\\\/blog\\\/luce-gas\\\/mercato-energia\\\/\"},{\"@type\":\"ListItem\",\"position\":4,\"name\":\"\u00c8 arrivata la fine del mercato tutelato: cosa succede ora?\"}]},{\"@type\":\"WebSite\",\"@id\":\"https:\\\/\\\/www.switcho.it\\\/blog\\\/#website\",\"url\":\"https:\\\/\\\/www.switcho.it\\\/blog\\\/\",\"name\":\"Switcho\",\"description\":\"Il blog semplice, per davvero.\",\"publisher\":{\"@id\":\"https:\\\/\\\/www.switcho.it\\\/blog\\\/#organization\"},\"potentialAction\":[{\"@type\":\"SearchAction\",\"target\":{\"@type\":\"EntryPoint\",\"urlTemplate\":\"https:\\\/\\\/www.switcho.it\\\/blog\\\/?s={search_term_string}\"},\"query-input\":{\"@type\":\"PropertyValueSpecification\",\"valueRequired\":true,\"valueName\":\"search_term_string\"}}],\"inLanguage\":\"it-IT\"},{\"@type\":\"Organization\",\"@id\":\"https:\\\/\\\/www.switcho.it\\\/blog\\\/#organization\",\"name\":\"Switcho\",\"url\":\"https:\\\/\\\/www.switcho.it\\\/blog\\\/\",\"logo\":{\"@type\":\"ImageObject\",\"inLanguage\":\"it-IT\",\"@id\":\"https:\\\/\\\/www.switcho.it\\\/blog\\\/#\\\/schema\\\/logo\\\/image\\\/\",\"url\":\"https:\\\/\\\/www.switcho.it\\\/blog\\\/wp-content\\\/uploads\\\/2021\\\/03\\\/Switcho-Logotype-Green.png\",\"contentUrl\":\"https:\\\/\\\/www.switcho.it\\\/blog\\\/wp-content\\\/uploads\\\/2021\\\/03\\\/Switcho-Logotype-Green.png\",\"width\":1507,\"height\":597,\"caption\":\"Switcho\"},\"image\":{\"@id\":\"https:\\\/\\\/www.switcho.it\\\/blog\\\/#\\\/schema\\\/logo\\\/image\\\/\"}},{\"@type\":\"Person\",\"@id\":\"https:\\\/\\\/www.switcho.it\\\/blog\\\/#\\\/schema\\\/person\\\/4a59c480dfc019823d29714bd644a488\",\"name\":\"Marco Tricarico\",\"image\":{\"@type\":\"ImageObject\",\"inLanguage\":\"it-IT\",\"@id\":\"https:\\\/\\\/secure.gravatar.com\\\/avatar\\\/9a8a5d0321dce5e64611bac7a181edfc33d850ac6202cd0adaab2ece13fbcd6a?s=96&d=mm&r=g\",\"url\":\"https:\\\/\\\/secure.gravatar.com\\\/avatar\\\/9a8a5d0321dce5e64611bac7a181edfc33d850ac6202cd0adaab2ece13fbcd6a?s=96&d=mm&r=g\",\"contentUrl\":\"https:\\\/\\\/secure.gravatar.com\\\/avatar\\\/9a8a5d0321dce5e64611bac7a181edfc33d850ac6202cd0adaab2ece13fbcd6a?s=96&d=mm&r=g\",\"caption\":\"Marco Tricarico\"},\"description\":\"CEO e co-fondatore di Switcho, appassionato di startup e mondo digitale ed esperto di finanza aziendale e consulenza strategica, nel 2019 Marco ha deciso di lanciare un servizio innovativo che offrisse una soluzione di risparmio pratica e realmente imparziale sulle bollette di famiglie e aziende. Dalla nascita di Switcho, Marco partecipa a svariati eventi e rilascia interviste sui temi delle spese domestiche e del settore energetico, parlando delle ultime tendenze nei costi di gas ed elettricit\u00e0 e delle migliori opportunit\u00e0 per tutelarsi dai rincari. Leggi tutti i suoi articoli e seguilo su LinkedIn.\",\"sameAs\":[\"https:\\\/\\\/blog.switcho.net\"],\"url\":\"https:\\\/\\\/www.switcho.it\\\/blog\\\/author\\\/marco-tricarico\\\/\"}]}<\/script>\n<!-- \/ Yoast SEO plugin. -->","yoast_head_json":{"title":"La Tutela Luce \u00e8 Terminata: ecco Cosa Succede dal 1\u00b0 Luglio 2024 - Switcho","description":"Fine del mercato tutelato luce: ecco chi passa al STG, chi pu\u00f2 tornare alla maggior tutela e come scegliere l'offerta nel mercato libero.","robots":{"index":"index","follow":"follow","max-snippet":"max-snippet:-1","max-image-preview":"max-image-preview:large","max-video-preview":"max-video-preview:-1"},"canonical":"https:\/\/www.switcho.it\/blog\/luce-gas\/tutela-luce-terminata\/","og_locale":"it_IT","og_type":"article","og_title":"La Tutela Luce \u00e8 Terminata: ecco Cosa Succede dal 1\u00b0 Luglio 2024","og_description":"Fine del mercato tutelato luce: ecco chi passa al STG, chi pu\u00f2 tornare alla maggior tutela e come scegliere l'offerta nel mercato libero.","og_url":"https:\/\/www.switcho.it\/blog\/luce-gas\/tutela-luce-terminata\/","og_site_name":"Switcho","article_published_time":"2024-07-02T13:54:14+00:00","article_modified_time":"2024-07-02T13:54:15+00:00","og_image":[{"width":1200,"height":800,"url":"https:\/\/www.switcho.it\/blog\/wp-content\/uploads\/2024\/07\/mercato-tutelato-luce-scadenza.png","type":"image\/png"}],"author":"Marco Tricarico","twitter_card":"summary_large_image","twitter_title":"La Tutela Luce \u00e8 Terminata: ecco Cosa Succede dal 1\u00b0 Luglio 2024","twitter_description":"Fine del mercato tutelato luce: ecco chi passa al STG, chi pu\u00f2 tornare alla maggior tutela e come scegliere l'offerta nel mercato libero.","twitter_image":"https:\/\/www.switcho.it\/blog\/wp-content\/uploads\/2024\/07\/mercato-tutelato-luce-scadenza.png","twitter_misc":{"Scritto da":"Marco Tricarico","Tempo di lettura stimato":"8 minuti"},"schema":{"@context":"https:\/\/schema.org","@graph":[{"@type":"Article","@id":"https:\/\/www.switcho.it\/blog\/luce-gas\/tutela-luce-terminata\/#article","isPartOf":{"@id":"https:\/\/www.switcho.it\/blog\/luce-gas\/tutela-luce-terminata\/"},"author":{"name":"Marco Tricarico","@id":"https:\/\/www.switcho.it\/blog\/#\/schema\/person\/4a59c480dfc019823d29714bd644a488"},"headline":"\u00c8 arrivata la fine del mercato tutelato: cosa succede ora?","datePublished":"2024-07-02T13:54:14+00:00","dateModified":"2024-07-02T13:54:15+00:00","mainEntityOfPage":{"@id":"https:\/\/www.switcho.it\/blog\/luce-gas\/tutela-luce-terminata\/"},"wordCount":1576,"publisher":{"@id":"https:\/\/www.switcho.it\/blog\/#organization"},"image":{"@id":"https:\/\/www.switcho.it\/blog\/luce-gas\/tutela-luce-terminata\/#primaryimage"},"thumbnailUrl":"https:\/\/www.switcho.it\/blog\/wp-content\/uploads\/2024\/07\/mercato-tutelato-luce-scadenza.png","keywords":["mercato tutelato","news luce e gas"],"articleSection":["Mercato Energetico"],"inLanguage":"it-IT"},{"@type":"WebPage","@id":"https:\/\/www.switcho.it\/blog\/luce-gas\/tutela-luce-terminata\/","url":"https:\/\/www.switcho.it\/blog\/luce-gas\/tutela-luce-terminata\/","name":"La Tutela Luce \u00e8 Terminata: ecco Cosa Succede dal 1\u00b0 Luglio 2024 - Switcho","isPartOf":{"@id":"https:\/\/www.switcho.it\/blog\/#website"},"primaryImageOfPage":{"@id":"https:\/\/www.switcho.it\/blog\/luce-gas\/tutela-luce-terminata\/#primaryimage"},"image":{"@id":"https:\/\/www.switcho.it\/blog\/luce-gas\/tutela-luce-terminata\/#primaryimage"},"thumbnailUrl":"https:\/\/www.switcho.it\/blog\/wp-content\/uploads\/2024\/07\/mercato-tutelato-luce-scadenza.png","datePublished":"2024-07-02T13:54:14+00:00","dateModified":"2024-07-02T13:54:15+00:00","description":"Fine del mercato tutelato luce: ecco chi passa al STG, chi pu\u00f2 tornare alla maggior tutela e come scegliere l'offerta nel mercato libero.","breadcrumb":{"@id":"https:\/\/www.switcho.it\/blog\/luce-gas\/tutela-luce-terminata\/#breadcrumb"},"inLanguage":"it-IT","potentialAction":[{"@type":"ReadAction","target":["https:\/\/www.switcho.it\/blog\/luce-gas\/tutela-luce-terminata\/"]}]},{"@type":"ImageObject","inLanguage":"it-IT","@id":"https:\/\/www.switcho.it\/blog\/luce-gas\/tutela-luce-terminata\/#primaryimage","url":"https:\/\/www.switcho.it\/blog\/wp-content\/uploads\/2024\/07\/mercato-tutelato-luce-scadenza.png","contentUrl":"https:\/\/www.switcho.it\/blog\/wp-content\/uploads\/2024\/07\/mercato-tutelato-luce-scadenza.png","width":1200,"height":800,"caption":"mercato tutelato luce scadenza"},{"@type":"BreadcrumbList","@id":"https:\/\/www.switcho.it\/blog\/luce-gas\/tutela-luce-terminata\/#breadcrumb","itemListElement":[{"@type":"ListItem","position":1,"name":"Home","item":"https:\/\/www.switcho.it\/blog\/"},{"@type":"ListItem","position":2,"name":"Luce e Gas","item":"https:\/\/www.switcho.it\/blog\/luce-gas\/"},{"@type":"ListItem","position":3,"name":"Mercato Energetico","item":"https:\/\/www.switcho.it\/blog\/luce-gas\/mercato-energia\/"},{"@type":"ListItem","position":4,"name":"\u00c8 arrivata la fine del mercato tutelato: cosa succede ora?"}]},{"@type":"WebSite","@id":"https:\/\/www.switcho.it\/blog\/#website","url":"https:\/\/www.switcho.it\/blog\/","name":"Switcho","description":"Il blog semplice, per davvero.","publisher":{"@id":"https:\/\/www.switcho.it\/blog\/#organization"},"potentialAction":[{"@type":"SearchAction","target":{"@type":"EntryPoint","urlTemplate":"https:\/\/www.switcho.it\/blog\/?s={search_term_string}"},"query-input":{"@type":"PropertyValueSpecification","valueRequired":true,"valueName":"search_term_string"}}],"inLanguage":"it-IT"},{"@type":"Organization","@id":"https:\/\/www.switcho.it\/blog\/#organization","name":"Switcho","url":"https:\/\/www.switcho.it\/blog\/","logo":{"@type":"ImageObject","inLanguage":"it-IT","@id":"https:\/\/www.switcho.it\/blog\/#\/schema\/logo\/image\/","url":"https:\/\/www.switcho.it\/blog\/wp-content\/uploads\/2021\/03\/Switcho-Logotype-Green.png","contentUrl":"https:\/\/www.switcho.it\/blog\/wp-content\/uploads\/2021\/03\/Switcho-Logotype-Green.png","width":1507,"height":597,"caption":"Switcho"},"image":{"@id":"https:\/\/www.switcho.it\/blog\/#\/schema\/logo\/image\/"}},{"@type":"Person","@id":"https:\/\/www.switcho.it\/blog\/#\/schema\/person\/4a59c480dfc019823d29714bd644a488","name":"Marco Tricarico","image":{"@type":"ImageObject","inLanguage":"it-IT","@id":"https:\/\/secure.gravatar.com\/avatar\/9a8a5d0321dce5e64611bac7a181edfc33d850ac6202cd0adaab2ece13fbcd6a?s=96&d=mm&r=g","url":"https:\/\/secure.gravatar.com\/avatar\/9a8a5d0321dce5e64611bac7a181edfc33d850ac6202cd0adaab2ece13fbcd6a?s=96&d=mm&r=g","contentUrl":"https:\/\/secure.gravatar.com\/avatar\/9a8a5d0321dce5e64611bac7a181edfc33d850ac6202cd0adaab2ece13fbcd6a?s=96&d=mm&r=g","caption":"Marco Tricarico"},"description":"CEO e co-fondatore di Switcho, appassionato di startup e mondo digitale ed esperto di finanza aziendale e consulenza strategica, nel 2019 Marco ha deciso di lanciare un servizio innovativo che offrisse una soluzione di risparmio pratica e realmente imparziale sulle bollette di famiglie e aziende. Dalla nascita di Switcho, Marco partecipa a svariati eventi e rilascia interviste sui temi delle spese domestiche e del settore energetico, parlando delle ultime tendenze nei costi di gas ed elettricit\u00e0 e delle migliori opportunit\u00e0 per tutelarsi dai rincari. Leggi tutti i suoi articoli e seguilo su LinkedIn.","sameAs":["https:\/\/blog.switcho.net"],"url":"https:\/\/www.switcho.it\/blog\/author\/marco-tricarico\/"}]}},"modified_by":"Gabriele Toninelli","_links":{"self":[{"href":"https:\/\/www.switcho.it\/blog\/wp-json\/wp\/v2\/posts\/97789","targetHints":{"allow":["GET"]}}],"collection":[{"href":"https:\/\/www.switcho.it\/blog\/wp-json\/wp\/v2\/posts"}],"about":[{"href":"https:\/\/www.switcho.it\/blog\/wp-json\/wp\/v2\/types\/post"}],"author":[{"embeddable":true,"href":"https:\/\/www.switcho.it\/blog\/wp-json\/wp\/v2\/users\/23"}],"replies":[{"embeddable":true,"href":"https:\/\/www.switcho.it\/blog\/wp-json\/wp\/v2\/comments?post=97789"}],"version-history":[{"count":5,"href":"https:\/\/www.switcho.it\/blog\/wp-json\/wp\/v2\/posts\/97789\/revisions"}],"predecessor-version":[{"id":116496,"href":"https:\/\/www.switcho.it\/blog\/wp-json\/wp\/v2\/posts\/97789\/revisions\/116496"}],"wp:featuredmedia":[{"embeddable":true,"href":"https:\/\/www.switcho.it\/blog\/wp-json\/wp\/v2\/media\/97795"}],"wp:attachment":[{"href":"https:\/\/www.switcho.it\/blog\/wp-json\/wp\/v2\/media?parent=97789"}],"wp:term":[{"taxonomy":"category","embeddable":true,"href":"https:\/\/www.switcho.it\/blog\/wp-json\/wp\/v2\/categories?post=97789"},{"taxonomy":"post_tag","embeddable":true,"href":"https:\/\/www.switcho.it\/blog\/wp-json\/wp\/v2\/tags?post=97789"}],"curies":[{"name":"wp","href":"https:\/\/api.w.org\/{rel}","templated":true}]}}