{"id":97330,"date":"2024-06-26T11:00:30","date_gmt":"2024-06-26T11:00:30","guid":{"rendered":"https:\/\/www.switcho.it\/blog\/?p=97330"},"modified":"2024-06-26T11:08:15","modified_gmt":"2024-06-26T11:08:15","slug":"camera-gusmeroli-proroga-rientro-tutelato","status":"publish","type":"post","link":"https:\/\/www.switcho.it\/blog\/luce-gas\/camera-gusmeroli-proroga-rientro-tutelato\/","title":{"rendered":"Discussa alla Camera la risoluzione di Gusmeroli sulla proroga per il rientro nel mercato tutelato"},"content":{"rendered":"<i>Aggiornato il 26 Giugno 2024<\/i>\n\n\n\n<div style=\"height:30px\" aria-hidden=\"true\" class=\"wp-block-spacer\"><\/div>\n\n\n\n<p>Marted\u00ec 25 giugno \u00e8 stata discussa alla Camera la <strong>risoluzione presentata da Alberto Gusmeroli<\/strong>, Presidente della Commissione Attivit\u00e0 produttive della Camera, sulla <strong>proroga del termine per rientrare nel mercato tutelato<\/strong>. In breve:\u00a0<\/p>\n\n\n\n<ul class=\"emoji_bullets emoji_check_mark wp-block-list\">\n<li>Gusmeroli ha richiesto una <a href=\"https:\/\/www.switcho.it\/blog\/luce-gas\/proroga-tutela-luce\/\" target=\"_blank\" rel=\"noreferrer noopener\"><strong>proroga per il rientro al mercato tutelato<\/strong><\/a>, il cui termine, al momento, \u00e8 previsto alla data del <strong>30 giugno 2024<\/strong>;<\/li>\n\n\n\n<li>Gusmeroli propone anche la possibilit\u00e0, per coloro che hanno gi\u00e0 aderito al mercato libero, di <strong>rientrare nel Servizio a Tutele Graduali nel triennio 2024-2027<\/strong>;<\/li>\n\n\n\n<li>Altre richieste riguardano il monitoraggio delle offerte del mercato libero, il proseguimento della campagna di informazione per il rientro al mercato tutelato e l\u2019<strong>azzeramento della componente fissa PCV<\/strong> applicata ai clienti in Maggior Tutela.&nbsp;<\/li>\n<\/ul>\n\n\n\n<div style=\"height:20px\" aria-hidden=\"true\" class=\"wp-block-spacer\"><\/div>\n\n\n\n<p class=\"has-background\" style=\"background-color:#f7f8fa\">Stai cercando la <a href=\"https:\/\/www.switcho.it\/risorse\/luce\/\" target=\"_blank\" rel=\"noreferrer noopener\">migliore offerta luce del mercato libero<\/a> in vista della fine del mercato tutelato? Noi di <a href=\"https:\/\/www.switcho.it\/servizi\/intro\/luce-gas\">Switcho<\/a> ti aiutiamo a trovare quella pi\u00f9 adatta alle tue esigenze, in poco tempo e senza stress. E se trovi quella che fa al caso tuo, non devi nemmeno occuparti della burocrazia legata al cambio fornitore: ci pensiamo noi, gratis \ud83d\ude07<\/p>\n\n\n\n<div style=\"height:20px\" aria-hidden=\"true\" class=\"wp-block-spacer\"><\/div>\n\n\n\n<div class=\"wp-block-divi-layout\">[et_pb_section fb_built=&#8221;1&#8243; disabled_on=&#8221;on|on|off&#8221; admin_label=&#8221;section&#8221; _builder_version=&#8221;4.18.0&#8243; custom_padding=&#8221;0px||0px||false|false&#8221; global_colors_info=&#8221;{}&#8221;][et_pb_row admin_label=&#8221;row&#8221; _builder_version=&#8221;4.19.1&#8243; background_size=&#8221;initial&#8221; background_position=&#8221;top_left&#8221; background_repeat=&#8221;repeat&#8221; width=&#8221;100%&#8221; max_height=&#8221;1000px&#8221; global_colors_info=&#8221;{}&#8221;][et_pb_column type=&#8221;4_4&#8243; _builder_version=&#8221;4.18.0&#8243; _module_preset=&#8221;default&#8221; global_colors_info=&#8221;{}&#8221;][et_pb_image src=&#8221;https:\/\/www.switcho.it\/blog\/wp-content\/uploads\/2024\/03\/banner-luce-gas-top-desktop-new.png&#8221; alt=&#8221;Risparmia sulle bollette con Switcho&#8221; title_text=&#8221;risparmia sulle bollette con switcho&#8221; url=&#8221;http:\/\/www.switcho.it\/servizi\/intro\/luce-gas?ref=cta-energy-top&#8221; align=&#8221;center&#8221; force_fullwidth=&#8221;on&#8221; src_tablet=&#8221;https:\/\/www.switcho.it\/blog\/wp-content\/uploads\/2022\/11\/banner-energy-top-mobile.png&#8221; src_phone=&#8221;https:\/\/www.switcho.it\/blog\/wp-content\/uploads\/2022\/11\/banner-energy-top-mobile.png&#8221; src_last_edited=&#8221;on|phone&#8221; _builder_version=&#8221;4.24.2&#8243; _module_preset=&#8221;default&#8221; hover_enabled=&#8221;0&#8243; global_colors_info=&#8221;{}&#8221; sticky_enabled=&#8221;0&#8243;][\/et_pb_image][\/et_pb_column][\/et_pb_row][\/et_pb_section]<\/div>\n\n\n\n<div style=\"height:20px\" aria-hidden=\"true\" class=\"wp-block-spacer\"><\/div>\n\n\n\n<p>Indice<\/p>\n\n\n\n<ul class=\"wp-block-list\">\n<li><a href=\"#proroga-rientro-tutela\">Gusmeroli sulla proroga per il rientro al mercato tutelato<\/a><\/li>\n\n\n\n<li><a href=\"#tutele-graduali-triennio-2024-27\">Possibilit\u00e0 di aderire al mercato a tutele graduali nel triennio 2024-2027<\/a><\/li>\n\n\n\n<li><a href=\"#azzeramento-componente-pcv\">Azzeramento della componente PCV per i clienti della maggior tutela<\/a><\/li>\n\n\n\n<li><a href=\"#cosa-succedera-dopo-il-1-luglio\">Cosa succeder\u00e0 dopo il 1\u00b0 luglio e la risposta del Governo<\/a><\/li>\n<\/ul>\n\n\n\n<div style=\"height:50px\" aria-hidden=\"true\" class=\"wp-block-spacer\"><\/div>\n\n\n\n<h2 class=\"wp-block-heading\" id=\"proroga-rientro-tutela\"><strong>Gusmeroli sulla proroga per il rientro al mercato tutelato<\/strong><\/h2>\n\n\n\n<div style=\"height:20px\" aria-hidden=\"true\" class=\"wp-block-spacer\"><\/div>\n\n\n\n<p>La <a href=\"https:\/\/www.switcho.it\/blog\/luce-gas\/fine-mercato-tutelato-luce\/\" target=\"_blank\" rel=\"noreferrer noopener\"><strong>fine del mercato tutelato luce<\/strong><\/a><strong> \u00e8 prevista per il 1\u00b0 luglio 2024<\/strong>.&nbsp;<\/p>\n\n\n\n<div style=\"height:20px\" aria-hidden=\"true\" class=\"wp-block-spacer\"><\/div>\n\n\n\n<p class=\"has-background\" style=\"background-color:#f7f8fa\">\u2757 Questa scadenza invece non riguarda i <a href=\"https:\/\/www.switcho.it\/blog\/luce-gas\/clienti-vulnerabili\/\" target=\"_blank\" rel=\"noreferrer noopener\">clienti vulnerabili<\/a>, per i quali la maggior tutela continuer\u00e0 a esistere.&nbsp;<\/p>\n\n\n\n<div style=\"height:50px\" aria-hidden=\"true\" class=\"wp-block-spacer\"><\/div>\n\n\n\n<blockquote class=\"wp-block-quote is-layout-flow wp-block-quote-is-layout-flow\">\n<p><em>Correlata alla prima scadenza, vi \u00e8 anche quella del <\/em><strong><em>rientro al mercato tutelato<\/em><\/strong><em>, fissata al <\/em><strong><em>30 giugno 2024.&nbsp;<\/em><\/strong><\/p>\n<\/blockquote>\n\n\n\n<div style=\"height:20px\" aria-hidden=\"true\" class=\"wp-block-spacer\"><\/div>\n\n\n\n<p>Eppure, diversi sono i problemi che si sono creati per i clienti non vulnerabili nel tentativo di compiere quest\u2019azione.<\/p>\n\n\n\n<div style=\"height:20px\" aria-hidden=\"true\" class=\"wp-block-spacer\"><\/div>\n\n\n\n<blockquote class=\"wp-block-quote is-layout-flow wp-block-quote-is-layout-flow\">\n<p><em>Li ha fatti emergere Gusmeroli che, in seduta alla Camera, porta diverse proposte, tra cui una <\/em><strong><em>proroga per il rientro al mercato tutelato<\/em><\/strong><em>. La proposta \u00e8 dunque di posticipare tale scadenza al <\/em><strong><em>31 dicembre 2024<\/em><\/strong><em>.&nbsp;<\/em><\/p>\n<\/blockquote>\n\n\n\n<div style=\"height:20px\" aria-hidden=\"true\" class=\"wp-block-spacer\"><\/div>\n\n\n\n<p>Questo avviene per due motivi: da un lato \u201cgli strumenti informativi messi a disposizione dell&#8217;utenza sembrano al momento assai insufficienti\u201d, dall\u2019altro le <strong>operazioni <\/strong>per fare richiesta per il ritorno al mercato tutelato \u201csono ora di facile <strong>accessibilit\u00e0 qualora si tratti di piccole citt<\/strong>\u00e0 o centri, mentre risulta molto <strong>complicato <\/strong>quando si tratta di <strong>grandi realt\u00e0 urbane<\/strong> come Roma, Milano, ecc.\u201d<\/p>\n\n\n\n<div style=\"height:50px\" aria-hidden=\"true\" class=\"wp-block-spacer\"><\/div>\n\n\n\n<h2 class=\"wp-block-heading\" id=\"tutele-graduali-triennio-2024-27\"><strong>Possibilit\u00e0 di aderire al mercato a tutele graduali nel triennio 2024-2027<\/strong><\/h2>\n\n\n\n<div style=\"height:20px\" aria-hidden=\"true\" class=\"wp-block-spacer\"><\/div>\n\n\n\n<p>C\u2019\u00e8 un\u2019altra criticit\u00e0 messa in evidenza nella discussione alla Camera del 25 giugno: alla vigilia della fine del mercato tutelato luce, i <strong>prezzi del mercato libero<\/strong> sembrerebbero meno convenienti del mercato tutelato e del <a href=\"https:\/\/www.switcho.it\/blog\/luce-gas\/servizio-tutele-graduali\/\" target=\"_blank\" rel=\"noreferrer noopener\"><strong>Servizio a Tutele Graduali<\/strong><\/a><strong> (o STG).&nbsp;<\/strong><\/p>\n\n\n\n<div style=\"height:20px\" aria-hidden=\"true\" class=\"wp-block-spacer\"><\/div>\n\n\n\n<p class=\"has-background\" style=\"background-color:#f7f8fa\">\u2757 Ricordiamo che coloro che non effettueranno il passaggio al mercato libero entro il 1\u00b0 luglio 2024 <strong>passeranno in automatico al STG<\/strong> e verranno assegnati ai fornitori vincitori delle <a href=\"https:\/\/www.switcho.it\/blog\/luce-gas\/fornitori-aste-energia\/\" target=\"_blank\" rel=\"noreferrer noopener\">aste energia elettrica<\/a> svolte da ARERA.&nbsp;<\/p>\n\n\n\n<div style=\"height:40px\" aria-hidden=\"true\" class=\"wp-block-spacer\"><\/div>\n\n\n\n<blockquote class=\"wp-block-quote is-layout-flow wp-block-quote-is-layout-flow\">\n<p><em>\u00c8 per questo motivo che tra le richieste figura anche quella di prevedere la possibilit\u00e0, da parte di coloro che hanno gi\u00e0 aderito al mercato libero, di <\/em><strong><em>rientrare nel Servizio a Tutele Graduali nel triennio 2024-2027.<\/em><\/strong><em>&nbsp;<\/em><\/p>\n<\/blockquote>\n\n\n\n<div style=\"height:50px\" aria-hidden=\"true\" class=\"wp-block-spacer\"><\/div>\n\n\n\n<h2 class=\"wp-block-heading\" id=\"azzeramento-componente-pcv\"><strong>Azzeramento della componente PCV per i clienti della maggior tutela<\/strong><\/h2>\n\n\n\n<div style=\"height:20px\" aria-hidden=\"true\" class=\"wp-block-spacer\"><\/div>\n\n\n\n<p>Le condizioni contrattuali emerse dalle aste hanno creato una situazione atipica che riguarda anche i clienti vulnerabili.&nbsp;<\/p>\n\n\n\n<p>In particolare, nel prossimo triennio i <strong>prezzi per i soggetti vulnerabili saranno pi\u00f9 alti rispetto a quelli dei clienti che dal 1\u00b0 luglio 2024 passeranno al servizio a tutele graduali<\/strong>, a meno che non siano anche beneficiari del <a href=\"https:\/\/www.switcho.it\/blog\/luce-gas\/bonus-bollette-2024\/\" target=\"_blank\" rel=\"noreferrer noopener\">bonus elettricit\u00e0<\/a>.<\/p>\n\n\n\n<div style=\"height:20px\" aria-hidden=\"true\" class=\"wp-block-spacer\"><\/div>\n\n\n\n<blockquote class=\"wp-block-quote is-layout-flow wp-block-quote-is-layout-flow\">\n<p><em>Proprio per questo motivo, Gusmeroli avanza un\u2019ulteriore richiesta ad ARERA: <\/em><strong><em>azzerare la componente fissa PCV applicata in bolletta ai clienti della Maggior Tutela<\/em><\/strong><em>.&nbsp;&nbsp;<\/em><\/p>\n<\/blockquote>\n\n\n\n<div style=\"height:20px\" aria-hidden=\"true\" class=\"wp-block-spacer\"><\/div>\n\n\n\n<p>La componente <strong>PCV (Prezzo Commercializzazione Vendita)<\/strong>, infatti, copre i costi sostenuti dal gestore per le diverse <strong>attivit\u00e0 di gestione commerciale<\/strong> che hanno l\u2019obiettivo di fornire energia all\u2019utente finale.&nbsp;<\/p>\n\n\n\n<p>I clienti della Maggior Tutela, invece, sono assegnati agli operatori del libero mercato tramite asta competitiva, per cui i fornitori <strong>non sostengono i costi commerciali di acquisizione diretta. <\/strong>Da qui la proposta di Gusmeroli di eliminarli dalla fattura dei clienti del mercato tutelato.<\/p>\n\n\n\n<div style=\"height:50px\" aria-hidden=\"true\" class=\"wp-block-spacer\"><\/div>\n\n\n\n<h2 class=\"wp-block-heading\" id=\"cosa-succedera-dopo-il-1-luglio\"><strong>Cosa succeder\u00e0 dopo il 1\u00b0 luglio e la risposta del Governo<\/strong><\/h2>\n\n\n\n<div style=\"height:20px\" aria-hidden=\"true\" class=\"wp-block-spacer\"><\/div>\n\n\n\n<p>Le richieste oggetto di discussione alla Camera dovranno essere valutate dal Governo.&nbsp;<\/p>\n\n\n\n<p>Nel frattempo, <strong>manca poco al 1\u00b0 luglio 2024<\/strong>, quando, dopo la conclusione del mercato tutelato gas, scatter\u00e0 anche la fine del mercato tutelato luce.&nbsp;<\/p>\n\n\n\n<p>A quel punto, due saranno le alternative:<\/p>\n\n\n\n<ul class=\"wp-block-list\">\n<li>Passare in automatico al <strong>Servizio a Tutele Graduali<\/strong>;<\/li>\n\n\n\n<li>Cercare l\u2019offerta del <strong>mercato libero <\/strong>pi\u00f9 conveniente.&nbsp;<\/li>\n<\/ul>\n\n\n\n<div style=\"height:20px\" aria-hidden=\"true\" class=\"wp-block-spacer\"><\/div>\n\n\n\n<p class=\"has-background\" style=\"background-color:#f7f8fa\">Districarsi tra le diverse offerte del mercato libero non \u00e8 semplice. Ma \u00e8 proprio per questo che <a href=\"https:\/\/www.switcho.it\/servizi\/intro\/luce-gas\"><strong>noi di Switcho<\/strong><\/a> ti aiutiamo a individuare l\u2019<a href=\"https:\/\/www.switcho.it\/risorse\/luce\/\" target=\"_blank\" rel=\"noreferrer noopener\">offerta luce<\/a> in base alle tue esigenze. In pi\u00f9, sbrighiamo anche la burocrazia al posto tuo \ud83d\ude09<\/p>\n\n\n\n<div style=\"height:20px\" aria-hidden=\"true\" class=\"wp-block-spacer\"><\/div>\n\n\n\n<div class=\"wp-block-divi-layout\">[et_pb_section fb_built=&#8221;1&#8243; disabled_on=&#8221;off|off|off&#8221; admin_label=&#8221;section&#8221; _builder_version=&#8221;4.19.1&#8243; custom_padding=&#8221;0px||0px||false|false&#8221; global_colors_info=&#8221;{}&#8221;][et_pb_row admin_label=&#8221;row&#8221; _builder_version=&#8221;4.19.1&#8243; background_size=&#8221;initial&#8221; background_position=&#8221;top_left&#8221; background_repeat=&#8221;repeat&#8221; width=&#8221;100%&#8221; max_height=&#8221;1000px&#8221; global_colors_info=&#8221;{}&#8221;][et_pb_column type=&#8221;4_4&#8243; _builder_version=&#8221;4.18.0&#8243; _module_preset=&#8221;default&#8221; global_colors_info=&#8221;{}&#8221;][et_pb_image src=&#8221;https:\/\/www.switcho.it\/blog\/wp-content\/uploads\/2022\/11\/banner-energy-low-desktop.png&#8221; alt=&#8221;risparmia sulle bollette con switcho&#8221; title_text=&#8221;risparmia sulle bollette con switcho&#8221; url=&#8221;http:\/\/www.switcho.it\/servizi\/intro\/luce-gas?ref=cta-energy-low&#8221; align=&#8221;center&#8221; force_fullwidth=&#8221;on&#8221; src_tablet=&#8221;https:\/\/www.switcho.it\/blog\/wp-content\/uploads\/2022\/11\/banner-energy-low-mobile.png&#8221; src_phone=&#8221;https:\/\/www.switcho.it\/blog\/wp-content\/uploads\/2022\/11\/banner-energy-low-mobile.png&#8221; src_last_edited=&#8221;on|desktop&#8221; _builder_version=&#8221;4.21.0&#8243; _module_preset=&#8221;default&#8221; hover_enabled=&#8221;0&#8243; global_colors_info=&#8221;{}&#8221; sticky_enabled=&#8221;0&#8243;][\/et_pb_image][\/et_pb_column][\/et_pb_row][\/et_pb_section]<\/div>\n\n\n\n<div style=\"height:20px\" aria-hidden=\"true\" class=\"wp-block-spacer\"><\/div>\n\n\n\n<div class=\"wp-block-divi-layout\">[et_pb_section fb_built=&#8221;1&#8243; _builder_version=&#8221;4.20.2&#8243; _module_preset=&#8221;default&#8221; custom_padding=&#8221;0px||0px|||&#8221; global_colors_info=&#8221;{}&#8221;][et_pb_row disabled_on=&#8221;off|off|off&#8221; _builder_version=&#8221;4.20.2&#8243; _module_preset=&#8221;default&#8221; background_size=&#8221;initial&#8221; background_position=&#8221;top_left&#8221; background_repeat=&#8221;repeat&#8221; width=&#8221;100%&#8221; max_height=&#8221;1000px&#8221; global_colors_info=&#8221;{}&#8221;][et_pb_column type=&#8221;4_4&#8243; _builder_version=&#8221;4.20.2&#8243; _module_preset=&#8221;default&#8221; global_colors_info=&#8221;{}&#8221;][et_pb_toggle title=&#8221;Fonti&#8221; open_toggle_background_color=&#8221;#F7F8FA&#8221; closed_toggle_text_color=&#8221;#2D3748&#8243; closed_toggle_background_color=&#8221;#f7f8fa&#8221; _builder_version=&#8221;4.25.0&#8243; _module_preset=&#8221;default&#8221; title_level=&#8221;h4&#8243; title_font=&#8221;||||||||&#8221; title_font_size=&#8221;18px&#8221; title_line_height=&#8221;1.7em&#8221; closed_title_font=&#8221;||||||||&#8221; closed_title_font_size=&#8221;18px&#8221; body_font=&#8221;||||||||&#8221; hover_enabled=&#8221;0&#8243; body_font_size_tablet=&#8221;16px&#8221; body_font_size_phone=&#8221;16px&#8221; body_font_size_last_edited=&#8221;on|phone&#8221; border_width_all=&#8221;0px&#8221; global_colors_info=&#8221;{}&#8221; sticky_enabled=&#8221;0&#8243;]<span>BOLLETTINO DELLE GIUNTE E DELLE COMMISSIONI PARLAMENTARI &#8211; Attivit\u00e0 produttive, commercio e turismo (X) | Camera.it<\/span>\n<br><span><a href=\"https:\/\/www.camera.it\/leg19\/824?tipo=C&amp;anno=2024&amp;mese=06&amp;giorno=25&amp;view=filtered_scheda&amp;commissione=10&amp;pagina=#data.20240625.com10.bollettino.sede00010.tit00010\" target=\"_blank\" rel=\"noreferrer noopener nofollow\">https:\/\/www.camera.it\/leg19\/824?tipo=C&amp;anno=2024&amp;mese=06&amp;giorno=25&amp;view=filtered_scheda&amp;commissione=10&amp;pagina=#data.20240625.com10.bollettino.sede00010.tit00010<\/a><\/span>[\/et_pb_toggle][\/et_pb_column][\/et_pb_row][\/et_pb_section]<\/div>\n\n\n\n<div style=\"height:50px\" aria-hidden=\"true\" class=\"wp-block-spacer\"><\/div>\n","protected":false},"excerpt":{"rendered":"<p>Il riassunto della discussione alla Camera sulla proroga per il rientro al mercato tutelato e la possibilit\u00e0 di rientrare nel STG. <\/p>\n","protected":false},"author":26,"featured_media":97336,"comment_status":"closed","ping_status":"closed","sticky":false,"template":"","format":"standard","meta":{"_et_pb_use_builder":"off","_et_pb_old_content":"","_et_gb_content_width":"","_lmt_disableupdate":"","_lmt_disable":"","footnotes":""},"categories":[307],"tags":[70,403],"class_list":["post-97330","post","type-post","status-publish","format-standard","has-post-thumbnail","hentry","category-mercato-energia","tag-mercato-tutelato","tag-news-luce-gas"],"yoast_head":"<!-- This site is optimized with the Yoast SEO plugin v27.5 - https:\/\/yoast.com\/product\/yoast-seo-wordpress\/ -->\n<title>Discussa alla Camera la Proposta di Proroga al Rientro nel Mercato Tutelato - Switcho<\/title>\n<meta name=\"description\" content=\"Il riassunto della discussione alla Camera sulla proroga per il rientro al mercato tutelato e la possibilit\u00e0 di rientrare nel STG.\" \/>\n<meta name=\"robots\" content=\"index, follow, max-snippet:-1, max-image-preview:large, max-video-preview:-1\" \/>\n<link rel=\"canonical\" href=\"https:\/\/www.switcho.it\/blog\/luce-gas\/camera-gusmeroli-proroga-rientro-tutelato\/\" \/>\n<meta property=\"og:locale\" content=\"it_IT\" \/>\n<meta property=\"og:type\" content=\"article\" \/>\n<meta property=\"og:title\" content=\"Discussa alla Camera la Proposta di Proroga al Rientro nel Mercato Tutelato\" \/>\n<meta property=\"og:description\" content=\"Il riassunto della discussione alla Camera sulla proroga per il rientro al mercato tutelato e la possibilit\u00e0 di rientrare nel STG.\" \/>\n<meta property=\"og:url\" content=\"https:\/\/www.switcho.it\/blog\/luce-gas\/camera-gusmeroli-proroga-rientro-tutelato\/\" \/>\n<meta property=\"og:site_name\" content=\"Switcho\" \/>\n<meta property=\"article:published_time\" content=\"2024-06-26T11:00:30+00:00\" \/>\n<meta property=\"article:modified_time\" content=\"2024-06-26T11:08:15+00:00\" \/>\n<meta property=\"og:image\" content=\"https:\/\/www.switcho.it\/blog\/wp-content\/uploads\/2024\/06\/Proroga-rientro-mercato-tutelato-luce.png\" \/>\n\t<meta property=\"og:image:width\" content=\"1200\" \/>\n\t<meta property=\"og:image:height\" content=\"800\" \/>\n\t<meta property=\"og:image:type\" content=\"image\/png\" \/>\n<meta name=\"author\" content=\"Redi Vyshka\" \/>\n<meta name=\"twitter:card\" content=\"summary_large_image\" \/>\n<meta name=\"twitter:title\" content=\"Discussa alla Camera la Proposta di Proroga al Rientro nel Mercato Tutelato\" \/>\n<meta name=\"twitter:description\" content=\"Il riassunto della discussione alla Camera sulla proroga per il rientro al mercato tutelato e la possibilit\u00e0 di rientrare nel STG.\" \/>\n<meta name=\"twitter:image\" content=\"https:\/\/www.switcho.it\/blog\/wp-content\/uploads\/2024\/06\/Proroga-rientro-mercato-tutelato-luce.png\" \/>\n<meta name=\"twitter:label1\" content=\"Scritto da\" \/>\n\t<meta name=\"twitter:data1\" content=\"Redi Vyshka\" \/>\n\t<meta name=\"twitter:label2\" content=\"Tempo di lettura stimato\" \/>\n\t<meta name=\"twitter:data2\" content=\"5 minuti\" \/>\n<script type=\"application\/ld+json\" class=\"yoast-schema-graph\">{\"@context\":\"https:\\\/\\\/schema.org\",\"@graph\":[{\"@type\":\"Article\",\"@id\":\"https:\\\/\\\/www.switcho.it\\\/blog\\\/luce-gas\\\/camera-gusmeroli-proroga-rientro-tutelato\\\/#article\",\"isPartOf\":{\"@id\":\"https:\\\/\\\/www.switcho.it\\\/blog\\\/luce-gas\\\/camera-gusmeroli-proroga-rientro-tutelato\\\/\"},\"author\":{\"name\":\"Redi Vyshka\",\"@id\":\"https:\\\/\\\/www.switcho.it\\\/blog\\\/#\\\/schema\\\/person\\\/0ded3a7e3f8a1379815652dba2c813b5\"},\"headline\":\"Discussa alla Camera la risoluzione di Gusmeroli sulla proroga per il rientro nel mercato tutelato\",\"datePublished\":\"2024-06-26T11:00:30+00:00\",\"dateModified\":\"2024-06-26T11:08:15+00:00\",\"mainEntityOfPage\":{\"@id\":\"https:\\\/\\\/www.switcho.it\\\/blog\\\/luce-gas\\\/camera-gusmeroli-proroga-rientro-tutelato\\\/\"},\"wordCount\":984,\"publisher\":{\"@id\":\"https:\\\/\\\/www.switcho.it\\\/blog\\\/#organization\"},\"image\":{\"@id\":\"https:\\\/\\\/www.switcho.it\\\/blog\\\/luce-gas\\\/camera-gusmeroli-proroga-rientro-tutelato\\\/#primaryimage\"},\"thumbnailUrl\":\"https:\\\/\\\/www.switcho.it\\\/blog\\\/wp-content\\\/uploads\\\/2024\\\/06\\\/Proroga-rientro-mercato-tutelato-luce.png\",\"keywords\":[\"mercato tutelato\",\"news luce e gas\"],\"articleSection\":[\"Mercato Energetico\"],\"inLanguage\":\"it-IT\"},{\"@type\":\"WebPage\",\"@id\":\"https:\\\/\\\/www.switcho.it\\\/blog\\\/luce-gas\\\/camera-gusmeroli-proroga-rientro-tutelato\\\/\",\"url\":\"https:\\\/\\\/www.switcho.it\\\/blog\\\/luce-gas\\\/camera-gusmeroli-proroga-rientro-tutelato\\\/\",\"name\":\"Discussa alla Camera la Proposta di Proroga al Rientro nel Mercato Tutelato - Switcho\",\"isPartOf\":{\"@id\":\"https:\\\/\\\/www.switcho.it\\\/blog\\\/#website\"},\"primaryImageOfPage\":{\"@id\":\"https:\\\/\\\/www.switcho.it\\\/blog\\\/luce-gas\\\/camera-gusmeroli-proroga-rientro-tutelato\\\/#primaryimage\"},\"image\":{\"@id\":\"https:\\\/\\\/www.switcho.it\\\/blog\\\/luce-gas\\\/camera-gusmeroli-proroga-rientro-tutelato\\\/#primaryimage\"},\"thumbnailUrl\":\"https:\\\/\\\/www.switcho.it\\\/blog\\\/wp-content\\\/uploads\\\/2024\\\/06\\\/Proroga-rientro-mercato-tutelato-luce.png\",\"datePublished\":\"2024-06-26T11:00:30+00:00\",\"dateModified\":\"2024-06-26T11:08:15+00:00\",\"description\":\"Il riassunto della discussione alla Camera sulla proroga per il rientro al mercato tutelato e la possibilit\u00e0 di rientrare nel STG.\",\"breadcrumb\":{\"@id\":\"https:\\\/\\\/www.switcho.it\\\/blog\\\/luce-gas\\\/camera-gusmeroli-proroga-rientro-tutelato\\\/#breadcrumb\"},\"inLanguage\":\"it-IT\",\"potentialAction\":[{\"@type\":\"ReadAction\",\"target\":[\"https:\\\/\\\/www.switcho.it\\\/blog\\\/luce-gas\\\/camera-gusmeroli-proroga-rientro-tutelato\\\/\"]}]},{\"@type\":\"ImageObject\",\"inLanguage\":\"it-IT\",\"@id\":\"https:\\\/\\\/www.switcho.it\\\/blog\\\/luce-gas\\\/camera-gusmeroli-proroga-rientro-tutelato\\\/#primaryimage\",\"url\":\"https:\\\/\\\/www.switcho.it\\\/blog\\\/wp-content\\\/uploads\\\/2024\\\/06\\\/Proroga-rientro-mercato-tutelato-luce.png\",\"contentUrl\":\"https:\\\/\\\/www.switcho.it\\\/blog\\\/wp-content\\\/uploads\\\/2024\\\/06\\\/Proroga-rientro-mercato-tutelato-luce.png\",\"width\":1200,\"height\":800,\"caption\":\"Proroga rientro mercato tutelato luce\"},{\"@type\":\"BreadcrumbList\",\"@id\":\"https:\\\/\\\/www.switcho.it\\\/blog\\\/luce-gas\\\/camera-gusmeroli-proroga-rientro-tutelato\\\/#breadcrumb\",\"itemListElement\":[{\"@type\":\"ListItem\",\"position\":1,\"name\":\"Home\",\"item\":\"https:\\\/\\\/www.switcho.it\\\/blog\\\/\"},{\"@type\":\"ListItem\",\"position\":2,\"name\":\"Luce e Gas\",\"item\":\"https:\\\/\\\/www.switcho.it\\\/blog\\\/luce-gas\\\/\"},{\"@type\":\"ListItem\",\"position\":3,\"name\":\"Mercato Energetico\",\"item\":\"https:\\\/\\\/www.switcho.it\\\/blog\\\/luce-gas\\\/mercato-energia\\\/\"},{\"@type\":\"ListItem\",\"position\":4,\"name\":\"Discussa alla Camera la risoluzione di Gusmeroli sulla proroga per il rientro nel mercato tutelato\"}]},{\"@type\":\"WebSite\",\"@id\":\"https:\\\/\\\/www.switcho.it\\\/blog\\\/#website\",\"url\":\"https:\\\/\\\/www.switcho.it\\\/blog\\\/\",\"name\":\"Switcho\",\"description\":\"Il blog semplice, per davvero.\",\"publisher\":{\"@id\":\"https:\\\/\\\/www.switcho.it\\\/blog\\\/#organization\"},\"potentialAction\":[{\"@type\":\"SearchAction\",\"target\":{\"@type\":\"EntryPoint\",\"urlTemplate\":\"https:\\\/\\\/www.switcho.it\\\/blog\\\/?s={search_term_string}\"},\"query-input\":{\"@type\":\"PropertyValueSpecification\",\"valueRequired\":true,\"valueName\":\"search_term_string\"}}],\"inLanguage\":\"it-IT\"},{\"@type\":\"Organization\",\"@id\":\"https:\\\/\\\/www.switcho.it\\\/blog\\\/#organization\",\"name\":\"Switcho\",\"url\":\"https:\\\/\\\/www.switcho.it\\\/blog\\\/\",\"logo\":{\"@type\":\"ImageObject\",\"inLanguage\":\"it-IT\",\"@id\":\"https:\\\/\\\/www.switcho.it\\\/blog\\\/#\\\/schema\\\/logo\\\/image\\\/\",\"url\":\"https:\\\/\\\/www.switcho.it\\\/blog\\\/wp-content\\\/uploads\\\/2021\\\/03\\\/Switcho-Logotype-Green.png\",\"contentUrl\":\"https:\\\/\\\/www.switcho.it\\\/blog\\\/wp-content\\\/uploads\\\/2021\\\/03\\\/Switcho-Logotype-Green.png\",\"width\":1507,\"height\":597,\"caption\":\"Switcho\"},\"image\":{\"@id\":\"https:\\\/\\\/www.switcho.it\\\/blog\\\/#\\\/schema\\\/logo\\\/image\\\/\"}},{\"@type\":\"Person\",\"@id\":\"https:\\\/\\\/www.switcho.it\\\/blog\\\/#\\\/schema\\\/person\\\/0ded3a7e3f8a1379815652dba2c813b5\",\"name\":\"Redi Vyshka\",\"image\":{\"@type\":\"ImageObject\",\"inLanguage\":\"it-IT\",\"@id\":\"https:\\\/\\\/secure.gravatar.com\\\/avatar\\\/ec58c8b79072f95e408bc3acbd2af80bf47fb27de3effe029126423d57d13d49?s=96&d=mm&r=g\",\"url\":\"https:\\\/\\\/secure.gravatar.com\\\/avatar\\\/ec58c8b79072f95e408bc3acbd2af80bf47fb27de3effe029126423d57d13d49?s=96&d=mm&r=g\",\"contentUrl\":\"https:\\\/\\\/secure.gravatar.com\\\/avatar\\\/ec58c8b79072f95e408bc3acbd2af80bf47fb27de3effe029126423d57d13d49?s=96&d=mm&r=g\",\"caption\":\"Redi Vyshka\"},\"description\":\"COO e co-fondatore di Switcho, esperto nei campi della consulenza manageriale e della finanza aziendale, Redi ha contribuito nel 2019 alla progettazione e al lancio del primo servizio in Italia che, con pochi clic, consente di analizzare le proprie spese di casa e di trovare le opportunit\u00e0 personalizzate di risparmio, dimenticandosi la burocrazia. Dalla nascita di Switcho, Redi prende parte a numerosi eventi su startup e settore energetico, grazie alla sua competenza pluriennale nel mercato delle forniture di gas e luce e nelle soluzioni per ridurre i costi in bolletta. Leggi tutti i suoi articoli e seguilo su LinkedIn.\",\"sameAs\":[\"http:\\\/\\\/blog.switcho.net\"],\"url\":\"https:\\\/\\\/www.switcho.it\\\/blog\\\/author\\\/redi-vyshka\\\/\"}]}<\/script>\n<!-- \/ Yoast SEO plugin. -->","yoast_head_json":{"title":"Discussa alla Camera la Proposta di Proroga al Rientro nel Mercato Tutelato - Switcho","description":"Il riassunto della discussione alla Camera sulla proroga per il rientro al mercato tutelato e la possibilit\u00e0 di rientrare nel STG.","robots":{"index":"index","follow":"follow","max-snippet":"max-snippet:-1","max-image-preview":"max-image-preview:large","max-video-preview":"max-video-preview:-1"},"canonical":"https:\/\/www.switcho.it\/blog\/luce-gas\/camera-gusmeroli-proroga-rientro-tutelato\/","og_locale":"it_IT","og_type":"article","og_title":"Discussa alla Camera la Proposta di Proroga al Rientro nel Mercato Tutelato","og_description":"Il riassunto della discussione alla Camera sulla proroga per il rientro al mercato tutelato e la possibilit\u00e0 di rientrare nel STG.","og_url":"https:\/\/www.switcho.it\/blog\/luce-gas\/camera-gusmeroli-proroga-rientro-tutelato\/","og_site_name":"Switcho","article_published_time":"2024-06-26T11:00:30+00:00","article_modified_time":"2024-06-26T11:08:15+00:00","og_image":[{"width":1200,"height":800,"url":"https:\/\/www.switcho.it\/blog\/wp-content\/uploads\/2024\/06\/Proroga-rientro-mercato-tutelato-luce.png","type":"image\/png"}],"author":"Redi Vyshka","twitter_card":"summary_large_image","twitter_title":"Discussa alla Camera la Proposta di Proroga al Rientro nel Mercato Tutelato","twitter_description":"Il riassunto della discussione alla Camera sulla proroga per il rientro al mercato tutelato e la possibilit\u00e0 di rientrare nel STG.","twitter_image":"https:\/\/www.switcho.it\/blog\/wp-content\/uploads\/2024\/06\/Proroga-rientro-mercato-tutelato-luce.png","twitter_misc":{"Scritto da":"Redi Vyshka","Tempo di lettura stimato":"5 minuti"},"schema":{"@context":"https:\/\/schema.org","@graph":[{"@type":"Article","@id":"https:\/\/www.switcho.it\/blog\/luce-gas\/camera-gusmeroli-proroga-rientro-tutelato\/#article","isPartOf":{"@id":"https:\/\/www.switcho.it\/blog\/luce-gas\/camera-gusmeroli-proroga-rientro-tutelato\/"},"author":{"name":"Redi Vyshka","@id":"https:\/\/www.switcho.it\/blog\/#\/schema\/person\/0ded3a7e3f8a1379815652dba2c813b5"},"headline":"Discussa alla Camera la risoluzione di Gusmeroli sulla proroga per il rientro nel mercato tutelato","datePublished":"2024-06-26T11:00:30+00:00","dateModified":"2024-06-26T11:08:15+00:00","mainEntityOfPage":{"@id":"https:\/\/www.switcho.it\/blog\/luce-gas\/camera-gusmeroli-proroga-rientro-tutelato\/"},"wordCount":984,"publisher":{"@id":"https:\/\/www.switcho.it\/blog\/#organization"},"image":{"@id":"https:\/\/www.switcho.it\/blog\/luce-gas\/camera-gusmeroli-proroga-rientro-tutelato\/#primaryimage"},"thumbnailUrl":"https:\/\/www.switcho.it\/blog\/wp-content\/uploads\/2024\/06\/Proroga-rientro-mercato-tutelato-luce.png","keywords":["mercato tutelato","news luce e gas"],"articleSection":["Mercato Energetico"],"inLanguage":"it-IT"},{"@type":"WebPage","@id":"https:\/\/www.switcho.it\/blog\/luce-gas\/camera-gusmeroli-proroga-rientro-tutelato\/","url":"https:\/\/www.switcho.it\/blog\/luce-gas\/camera-gusmeroli-proroga-rientro-tutelato\/","name":"Discussa alla Camera la Proposta di Proroga al Rientro nel Mercato Tutelato - Switcho","isPartOf":{"@id":"https:\/\/www.switcho.it\/blog\/#website"},"primaryImageOfPage":{"@id":"https:\/\/www.switcho.it\/blog\/luce-gas\/camera-gusmeroli-proroga-rientro-tutelato\/#primaryimage"},"image":{"@id":"https:\/\/www.switcho.it\/blog\/luce-gas\/camera-gusmeroli-proroga-rientro-tutelato\/#primaryimage"},"thumbnailUrl":"https:\/\/www.switcho.it\/blog\/wp-content\/uploads\/2024\/06\/Proroga-rientro-mercato-tutelato-luce.png","datePublished":"2024-06-26T11:00:30+00:00","dateModified":"2024-06-26T11:08:15+00:00","description":"Il riassunto della discussione alla Camera sulla proroga per il rientro al mercato tutelato e la possibilit\u00e0 di rientrare nel STG.","breadcrumb":{"@id":"https:\/\/www.switcho.it\/blog\/luce-gas\/camera-gusmeroli-proroga-rientro-tutelato\/#breadcrumb"},"inLanguage":"it-IT","potentialAction":[{"@type":"ReadAction","target":["https:\/\/www.switcho.it\/blog\/luce-gas\/camera-gusmeroli-proroga-rientro-tutelato\/"]}]},{"@type":"ImageObject","inLanguage":"it-IT","@id":"https:\/\/www.switcho.it\/blog\/luce-gas\/camera-gusmeroli-proroga-rientro-tutelato\/#primaryimage","url":"https:\/\/www.switcho.it\/blog\/wp-content\/uploads\/2024\/06\/Proroga-rientro-mercato-tutelato-luce.png","contentUrl":"https:\/\/www.switcho.it\/blog\/wp-content\/uploads\/2024\/06\/Proroga-rientro-mercato-tutelato-luce.png","width":1200,"height":800,"caption":"Proroga rientro mercato tutelato luce"},{"@type":"BreadcrumbList","@id":"https:\/\/www.switcho.it\/blog\/luce-gas\/camera-gusmeroli-proroga-rientro-tutelato\/#breadcrumb","itemListElement":[{"@type":"ListItem","position":1,"name":"Home","item":"https:\/\/www.switcho.it\/blog\/"},{"@type":"ListItem","position":2,"name":"Luce e Gas","item":"https:\/\/www.switcho.it\/blog\/luce-gas\/"},{"@type":"ListItem","position":3,"name":"Mercato Energetico","item":"https:\/\/www.switcho.it\/blog\/luce-gas\/mercato-energia\/"},{"@type":"ListItem","position":4,"name":"Discussa alla Camera la risoluzione di Gusmeroli sulla proroga per il rientro nel mercato tutelato"}]},{"@type":"WebSite","@id":"https:\/\/www.switcho.it\/blog\/#website","url":"https:\/\/www.switcho.it\/blog\/","name":"Switcho","description":"Il blog semplice, per davvero.","publisher":{"@id":"https:\/\/www.switcho.it\/blog\/#organization"},"potentialAction":[{"@type":"SearchAction","target":{"@type":"EntryPoint","urlTemplate":"https:\/\/www.switcho.it\/blog\/?s={search_term_string}"},"query-input":{"@type":"PropertyValueSpecification","valueRequired":true,"valueName":"search_term_string"}}],"inLanguage":"it-IT"},{"@type":"Organization","@id":"https:\/\/www.switcho.it\/blog\/#organization","name":"Switcho","url":"https:\/\/www.switcho.it\/blog\/","logo":{"@type":"ImageObject","inLanguage":"it-IT","@id":"https:\/\/www.switcho.it\/blog\/#\/schema\/logo\/image\/","url":"https:\/\/www.switcho.it\/blog\/wp-content\/uploads\/2021\/03\/Switcho-Logotype-Green.png","contentUrl":"https:\/\/www.switcho.it\/blog\/wp-content\/uploads\/2021\/03\/Switcho-Logotype-Green.png","width":1507,"height":597,"caption":"Switcho"},"image":{"@id":"https:\/\/www.switcho.it\/blog\/#\/schema\/logo\/image\/"}},{"@type":"Person","@id":"https:\/\/www.switcho.it\/blog\/#\/schema\/person\/0ded3a7e3f8a1379815652dba2c813b5","name":"Redi Vyshka","image":{"@type":"ImageObject","inLanguage":"it-IT","@id":"https:\/\/secure.gravatar.com\/avatar\/ec58c8b79072f95e408bc3acbd2af80bf47fb27de3effe029126423d57d13d49?s=96&d=mm&r=g","url":"https:\/\/secure.gravatar.com\/avatar\/ec58c8b79072f95e408bc3acbd2af80bf47fb27de3effe029126423d57d13d49?s=96&d=mm&r=g","contentUrl":"https:\/\/secure.gravatar.com\/avatar\/ec58c8b79072f95e408bc3acbd2af80bf47fb27de3effe029126423d57d13d49?s=96&d=mm&r=g","caption":"Redi Vyshka"},"description":"COO e co-fondatore di Switcho, esperto nei campi della consulenza manageriale e della finanza aziendale, Redi ha contribuito nel 2019 alla progettazione e al lancio del primo servizio in Italia che, con pochi clic, consente di analizzare le proprie spese di casa e di trovare le opportunit\u00e0 personalizzate di risparmio, dimenticandosi la burocrazia. Dalla nascita di Switcho, Redi prende parte a numerosi eventi su startup e settore energetico, grazie alla sua competenza pluriennale nel mercato delle forniture di gas e luce e nelle soluzioni per ridurre i costi in bolletta. Leggi tutti i suoi articoli e seguilo su LinkedIn.","sameAs":["http:\/\/blog.switcho.net"],"url":"https:\/\/www.switcho.it\/blog\/author\/redi-vyshka\/"}]}},"modified_by":"Raffaella Di Marco","_links":{"self":[{"href":"https:\/\/www.switcho.it\/blog\/wp-json\/wp\/v2\/posts\/97330","targetHints":{"allow":["GET"]}}],"collection":[{"href":"https:\/\/www.switcho.it\/blog\/wp-json\/wp\/v2\/posts"}],"about":[{"href":"https:\/\/www.switcho.it\/blog\/wp-json\/wp\/v2\/types\/post"}],"author":[{"embeddable":true,"href":"https:\/\/www.switcho.it\/blog\/wp-json\/wp\/v2\/users\/26"}],"replies":[{"embeddable":true,"href":"https:\/\/www.switcho.it\/blog\/wp-json\/wp\/v2\/comments?post=97330"}],"version-history":[{"count":5,"href":"https:\/\/www.switcho.it\/blog\/wp-json\/wp\/v2\/posts\/97330\/revisions"}],"predecessor-version":[{"id":97354,"href":"https:\/\/www.switcho.it\/blog\/wp-json\/wp\/v2\/posts\/97330\/revisions\/97354"}],"wp:featuredmedia":[{"embeddable":true,"href":"https:\/\/www.switcho.it\/blog\/wp-json\/wp\/v2\/media\/97336"}],"wp:attachment":[{"href":"https:\/\/www.switcho.it\/blog\/wp-json\/wp\/v2\/media?parent=97330"}],"wp:term":[{"taxonomy":"category","embeddable":true,"href":"https:\/\/www.switcho.it\/blog\/wp-json\/wp\/v2\/categories?post=97330"},{"taxonomy":"post_tag","embeddable":true,"href":"https:\/\/www.switcho.it\/blog\/wp-json\/wp\/v2\/tags?post=97330"}],"curies":[{"name":"wp","href":"https:\/\/api.w.org\/{rel}","templated":true}]}}