{"id":90196,"date":"2024-07-30T09:25:21","date_gmt":"2024-07-30T09:25:21","guid":{"rendered":"https:\/\/www.switcho.it\/blog\/?p=90196"},"modified":"2025-07-02T08:24:29","modified_gmt":"2025-07-02T08:24:29","slug":"nuova-bolletta-arera","status":"publish","type":"post","link":"https:\/\/www.switcho.it\/blog\/luce-gas\/nuova-bolletta-arera\/","title":{"rendered":"\u00c8 arrivata la nuova bolletta 2.0: cosa cambia da luglio 2025"},"content":{"rendered":"<i>Aggiornato il 2 Luglio 2025<\/i>\n\n\n\n<div style=\"height:30px\" aria-hidden=\"true\" class=\"wp-block-spacer\"><\/div>\n\n\n\n<p>Come gi\u00e0 annunciato da ARERA, a partire dal <strong>1\u00b0 luglio <\/strong>i clienti luce e gas riceveranno la nuova bolletta 2.0: in questo articolo scoprirai cosa cambia e come leggerla.<\/p>\n\n\n\n<p>Vuoi risparmiare in bolletta? Puoi provare <a href=\"https:\/\/www.switcho.it\/servizi\/intro\/luce-gas\"><strong>Switcho<\/strong><\/a><strong>, il servizio 100% digitale e gratuito<\/strong> che analizza la tua tariffa e ti dice se ne esistono di pi\u00f9 convenienti in base alle tue esigenze. E se vuoi effettuare il cambio ci occupiamo noi di tutta la burocrazia, gratis \ud83d\ude0e<\/p>\n\n\n\n<div style=\"height:20px\" aria-hidden=\"true\" class=\"wp-block-spacer\"><\/div>\n\n\n\n<div class=\"wp-block-divi-layout\">[et_pb_section fb_built=&#8221;1&#8243; disabled_on=&#8221;on|on|off&#8221; admin_label=&#8221;section&#8221; _builder_version=&#8221;4.18.0&#8243; custom_padding=&#8221;0px||0px||false|false&#8221; global_colors_info=&#8221;{}&#8221;][et_pb_row admin_label=&#8221;row&#8221; _builder_version=&#8221;4.19.1&#8243; background_size=&#8221;initial&#8221; background_position=&#8221;top_left&#8221; background_repeat=&#8221;repeat&#8221; width=&#8221;100%&#8221; max_height=&#8221;1000px&#8221; global_colors_info=&#8221;{}&#8221;][et_pb_column type=&#8221;4_4&#8243; _builder_version=&#8221;4.18.0&#8243; _module_preset=&#8221;default&#8221; global_colors_info=&#8221;{}&#8221;][et_pb_image src=&#8221;https:\/\/www.switcho.it\/blog\/wp-content\/uploads\/2024\/03\/banner-luce-gas-top-desktop-new.png&#8221; alt=&#8221;Risparmia sulle bollette con Switcho&#8221; title_text=&#8221;risparmia sulle bollette con switcho&#8221; url=&#8221;http:\/\/www.switcho.it\/servizi\/intro\/luce-gas?ref=cta-energy-top&#8221; align=&#8221;center&#8221; force_fullwidth=&#8221;on&#8221; src_tablet=&#8221;https:\/\/www.switcho.it\/blog\/wp-content\/uploads\/2022\/11\/banner-energy-top-mobile.png&#8221; src_phone=&#8221;https:\/\/www.switcho.it\/blog\/wp-content\/uploads\/2022\/11\/banner-energy-top-mobile.png&#8221; src_last_edited=&#8221;on|phone&#8221; _builder_version=&#8221;4.24.2&#8243; _module_preset=&#8221;default&#8221; hover_enabled=&#8221;0&#8243; global_colors_info=&#8221;{}&#8221; sticky_enabled=&#8221;0&#8243;][\/et_pb_image][\/et_pb_column][\/et_pb_row][\/et_pb_section]<\/div>\n\n\n\n<div style=\"height:20px\" aria-hidden=\"true\" class=\"wp-block-spacer\"><\/div>\n\n\n\n<p>Indice<\/p>\n\n\n\n<ul class=\"wp-block-list\">\n<li><a href=\"#novita\">ARERA: nuova bolletta 2.0 in vigore dal 1\u00b0 luglio 2025<\/a><\/li>\n\n\n\n<li><a href=\"#cosa-cambia\">Come cambia la bolletta: la struttura della bolletta 2.0<\/a><\/li>\n\n\n\n<li><a href=\"#frontespizio\">Il frontespizio unificato: cosa contiene<\/a><\/li>\n\n\n\n<li><a href=\"#scontrino-box-offerta\">Scontrino dell\u2019energia e box dedicato all\u2019offerta<\/a><\/li>\n\n\n\n<li><a href=\"#elementi-essenziali\">Elementi essenziali nella bolletta 2.0: quali informazioni<\/a><\/li>\n\n\n\n<li><a href=\"#elementi-dettaglio\">Gli elementi di dettaglio<\/a><\/li>\n\n\n\n<li><a href=\"#indagine-arera\">Modifiche alla bolletta 2.0: l\u2019indagine ARERA<\/a><\/li>\n<\/ul>\n\n\n\n<div style=\"height:50px\" aria-hidden=\"true\" class=\"wp-block-spacer\"><\/div>\n\n\n\n<h2 class=\"wp-block-heading\" id=\"novita\"><strong>ARERA: nuova bolletta 2.0 in vigore dal 1\u00b0 luglio 2025<\/strong><\/h2>\n\n\n\n<div style=\"height:20px\" aria-hidden=\"true\" class=\"wp-block-spacer\"><\/div>\n\n\n\n<p>Per diversi mesi ARERA, l\u2019<strong>Autorit\u00e0 di Regolazione Reti, Energia e Ambiente<\/strong>, ha lavorato alla proposta di uno <a href=\"https:\/\/www.switcho.it\/blog\/luce-gas\/scontrino-bolletta-arera\/\" target=\"_blank\" rel=\"noreferrer noopener\"><strong>scontrino in bolletta<\/strong><\/a>, idea nata dall\u2019esigenza di facilitare la lettura delle bollette da parte del cliente finale.&nbsp;<\/p>\n\n\n\n<p>Questo nuovo formato ha l&#8217;obiettivo di risultare <strong>semplice, comprensibile e uniforme<\/strong>, modificando l\u2019organizzazione delle informazioni presenti e l\u2019esposizione degli importi da pagare.&nbsp;<\/p>\n\n\n\n<p><a href=\"https:\/\/www.arera.it\/comunicati-stampa\/dettaglio\/energia-tra-un-anno-la-nuova-bolletta-piu-semplice-e-chiara\" target=\"_blank\" rel=\"noreferrer noopener nofollow\">Da qui, l&#8217;annuncio<\/a> dello scorso anno: <strong>a partire dal 1\u00b0 luglio 2025 tutti i fornitori dovranno adeguarsi al nuovo standard <\/strong>definito dall&#8217;Autorit\u00e0. Le novit\u00e0 riguardano tutti i clienti luce e gas: famiglie, condomini e PMI, oltre a e BT altri usi come box, cantine e magazzini.<\/p>\n\n\n\n<div style=\"height:20px\" aria-hidden=\"true\" class=\"wp-block-spacer\"><\/div>\n\n\n\n<blockquote class=\"wp-block-quote is-layout-flow wp-block-quote-is-layout-flow\">\n<p>\u201cUna riforma auspicata da tempo e da pi\u00f9 parti, che evolve la struttura introdotta nel 2014 con la Bolletta 2.0, <strong>allineando le informazioni per tutti e rendendole ancora pi\u00f9 chiare e semplici<\/strong>, ma soprattutto dando rilevanza al ruolo dei consumatori, mettendoli in grado di verificare i consumi e le proprie scelte di efficienza energetica e di comparare agilmente il proprio profilo con le proposte del mercato\u201d dichiara il presidente Stefano Besseghini.<\/p>\n<\/blockquote>\n\n\n\n<div style=\"height:20px\" aria-hidden=\"true\" class=\"wp-block-spacer\"><\/div>\n\n\n\n<p>ARERA ha stabilito, inoltre, che il documento deve essere disponibile in un formato standard, mediante un canale digitale <strong>raggiungibile tramite il QR code e l\u2019URL riportati in bolletta<\/strong>.<\/p>\n\n\n\n<div style=\"height:20px\" aria-hidden=\"true\" class=\"wp-block-spacer\"><\/div>\n\n\n\n<p class=\"has-background\" style=\"background-color:#f7f8fa\">\u2757 A questo si aggiunge un particolare sguardo dedicato alla trasparenza delle offerte sottoscritte e dei costi da sostenere:  infatti, <a href=\"https:\/\/www.arera.it\/comunicati-stampa\/dettaglio\/energia-nuove-misure-trasparenza-confrontabilita-offerte\" target=\"_blank\" rel=\"noreferrer noopener nofollow\">ARERA ha recentemente diffuso<\/a> in vista del 1\u00b0 luglio 2025 l&#8217;<strong>obbligo di mostrare in sezioni separate e chiare alcuni costi <\/strong>chiave per la bolletta, come quello per la materia prima energia o materia gas naturale.<\/p>\n\n\n\n<div style=\"height:20px\" aria-hidden=\"true\" class=\"wp-block-spacer\"><\/div>\n\n\n\n<p>Naturalmente, con un tale cambiamento, \u00e8 sempre necessario prestare attenzione. Lo ricorda Redi Vyshka, co-founder e COO di Switcho:<\/p>\n\n\n\n<div style=\"height:20px\" aria-hidden=\"true\" class=\"wp-block-spacer\"><\/div>\n\n\n\n<blockquote class=\"wp-block-quote is-layout-flow wp-block-quote-is-layout-flow\">\n<p><em>\u201cUn cambiamento di questa portata non \u00e8 semplice da gestire per i fornitori, che da tempo lavorano per adeguare i propri sistemi. \u00c8 quindi possibile che nella fase iniziale si verifichino errori di fatturazione: per questo <\/em><strong><em>consigliamo di controllare con attenzione le prossime bollette, sia per individuare eventuali anomalie, sia per prendere confidenza con la nuova struttura<\/em><\/strong><em>\u201d<\/em><\/p>\n<\/blockquote>\n\n\n\n<div style=\"height:70px\" aria-hidden=\"true\" class=\"wp-block-spacer\"><\/div>\n\n\n\n<h2 class=\"wp-block-heading\" id=\"cosa-cambia\"><strong>Come cambia la bolletta: la struttura della bolletta 2.0<\/strong><\/h2>\n\n\n\n<div style=\"height:20px\" aria-hidden=\"true\" class=\"wp-block-spacer\"><\/div>\n\n\n\n<p>Ecco le principali parti introdotte dalla nuova bolletta:<\/p>\n\n\n\n<ul class=\"wp-block-list emoji_bullets emoji_hand_right\">\n<li>Un <strong>frontespizio unificato<\/strong>, con struttura uguale per tutti i clienti finali;<\/li>\n\n\n\n<li>Uno <strong>scontrino dell\u2019energia<\/strong> con il dettaglio degli importi fatturati;<\/li>\n\n\n\n<li>Un <strong>box dedicato all\u2019offerta<\/strong>, in cui vengono inserite tutte le informazioni riguardo all\u2019offerta sottoscritta;<\/li>\n\n\n\n<li>Gli <strong>elementi essenziali<\/strong>, sezione che includer\u00e0 le comunicazioni ARERA;<\/li>\n\n\n\n<li>Gli <strong>elementi di dettaglio<\/strong>, sezione che includer\u00e0 le informazioni analitiche di dettaglio relative agli importi fatturati.<\/li>\n<\/ul>\n\n\n\n<div style=\"height:50px\" aria-hidden=\"true\" class=\"wp-block-spacer\"><\/div>\n\n\n\n<h2 class=\"wp-block-heading\" id=\"frontespizio\"><strong>Il frontespizio unificato: cosa contiene<\/strong><\/h2>\n\n\n\n<div style=\"height:20px\" aria-hidden=\"true\" class=\"wp-block-spacer\"><\/div>\n\n\n\n<p>Il <strong>frontespizio unificato<\/strong> persegue la finalit\u00e0 dell\u2019<strong>uniformit\u00e0<\/strong>, rendendo tutte le bollette molto simili tra loro, anche se emesse da venditori diversi, in modo da facilitare anche il confronto tra le stesse.&nbsp;<\/p>\n\n\n\n<p>In particolare, questa sezione contiene una serie di informazioni utili, quali:<\/p>\n\n\n\n<ul class=\"wp-block-list\">\n<li>I dati identificativi del cliente;<\/li>\n\n\n\n<li>Il servizio di riferimento (<a href=\"https:\/\/www.switcho.it\/blog\/luce-gas\/mercato-libero-energia\/\" target=\"_blank\" rel=\"noreferrer noopener\">mercato libero<\/a>, maggior tutela\/<a href=\"https:\/\/www.switcho.it\/blog\/luce-gas\/clienti-vulnerabili\/\" target=\"_blank\" rel=\"noreferrer noopener\">tutela della vulnerabilit\u00e0<\/a>, servizio a tutele graduali);<\/li>\n\n\n\n<li>I dati identificativi del punto (indirizzo di fornitura, <a href=\"https:\/\/www.switcho.it\/blog\/luce-gas\/codice-pod\/\" target=\"_blank\" rel=\"noreferrer noopener\">POD<\/a>, <a href=\"https:\/\/www.switcho.it\/blog\/luce-gas\/codice-pdr\/\" target=\"_blank\" rel=\"noreferrer noopener\">PDR<\/a>);<\/li>\n\n\n\n<li>I dati relativi alla fatturazione e al pagamento;<\/li>\n\n\n\n<li>L\u2019importo totale della bolletta;<\/li>\n\n\n\n<li>I recapiti per il servizio guasti elettrici o per il servizio di pronto intervento gas;<\/li>\n\n\n\n<li>Il consumo annuo aggiornato;<\/li>\n\n\n\n<li>Informazioni relative alle condizioni economiche dell\u2019offerta per i clienti sul mercato libero;<\/li>\n\n\n\n<li>Data di scadenza del <a href=\"https:\/\/www.switcho.it\/blog\/luce-gas\/bonus-bollette-2024\/\" target=\"_blank\" rel=\"noreferrer noopener\">bonus sociale<\/a> (quando applicabile);<\/li>\n\n\n\n<li>Spazio informativo per il venditore.<\/li>\n<\/ul>\n\n\n\n<p>ARERA illustra anche il <strong>fac-simile del frontespizio unificato<\/strong> cos\u00ec come lo vedremo in bolletta:&nbsp;<\/p>\n\n\n\n<div style=\"height:30px\" aria-hidden=\"true\" class=\"wp-block-spacer\"><\/div>\n\n\n\n<div class=\"wp-block-columns is-layout-flex wp-container-core-columns-is-layout-9d6595d7 wp-block-columns-is-layout-flex\">\n<div class=\"wp-block-column is-layout-flow wp-block-column-is-layout-flow\">\n<figure class=\"wp-block-image aligncenter size-full\"><img loading=\"lazy\" decoding=\"async\" width=\"700\" height=\"800\" src=\"https:\/\/www.switcho.it\/blog\/wp-content\/uploads\/2024\/04\/frontespizio-bolletta-luce.jpg\" alt=\"frontespizio bolletta luce\" class=\"wp-image-90208\" srcset=\"https:\/\/www.switcho.it\/blog\/wp-content\/uploads\/2024\/04\/frontespizio-bolletta-luce.jpg 700w, https:\/\/www.switcho.it\/blog\/wp-content\/uploads\/2024\/04\/frontespizio-bolletta-luce-480x549.jpg 480w\" sizes=\"(min-width: 0px) and (max-width: 480px) 480px, (min-width: 481px) 700px, 100vw\" \/><\/figure>\n<\/div>\n\n\n\n<div class=\"wp-block-column is-layout-flow wp-block-column-is-layout-flow\">\n<figure class=\"wp-block-image aligncenter size-full\"><img loading=\"lazy\" decoding=\"async\" width=\"700\" height=\"800\" src=\"https:\/\/www.switcho.it\/blog\/wp-content\/uploads\/2024\/04\/frontespizio-bolletta-gas.jpg\" alt=\"frontespizio bolletta gas\" class=\"wp-image-90205\" srcset=\"https:\/\/www.switcho.it\/blog\/wp-content\/uploads\/2024\/04\/frontespizio-bolletta-gas.jpg 700w, https:\/\/www.switcho.it\/blog\/wp-content\/uploads\/2024\/04\/frontespizio-bolletta-gas-480x549.jpg 480w\" sizes=\"(min-width: 0px) and (max-width: 480px) 480px, (min-width: 481px) 700px, 100vw\" \/><\/figure>\n<\/div>\n<\/div>\n\n\n\n<div style=\"height:50px\" aria-hidden=\"true\" class=\"wp-block-spacer\"><\/div>\n\n\n\n<h2 class=\"wp-block-heading\" id=\"scontrino-box-offerta\"><strong>Scontrino dell\u2019energia e box dedicato all\u2019offerta<\/strong><\/h2>\n\n\n\n<div style=\"height:20px\" aria-hidden=\"true\" class=\"wp-block-spacer\"><\/div>\n\n\n\n<p><strong>Scontrino dell\u2019energia e box dedicato all\u2019offerta<\/strong> perseguono, invece, l\u2019obiettivo della maggiore <strong>comprensibilit\u00e0<\/strong>.&nbsp;<\/p>\n\n\n\n<div style=\"height:20px\" aria-hidden=\"true\" class=\"wp-block-spacer\"><\/div>\n\n\n\n<blockquote class=\"wp-block-quote is-layout-flow wp-block-quote-is-layout-flow\">\n<p><em>Grazie allo scontrino dell\u2019energia, infatti, potrai avere un\u2019idea pi\u00f9 chiara delle tue <\/em><strong><em>abitudini di consumo<\/em><\/strong><em> e su come queste vanno a incidere sul totale da pagare in bolletta.&nbsp;<\/em><\/p>\n<\/blockquote>\n\n\n\n<div style=\"height:20px\" aria-hidden=\"true\" class=\"wp-block-spacer\"><\/div>\n\n\n\n<p>ARERA offre anche un\u2019idea di come verr\u00e0 visualizzato lo <strong>scontrino dell\u2019energia, sia nelle bollette della luce, sia nelle bollette del gas:<\/strong><\/p>\n\n\n\n<div style=\"height:30px\" aria-hidden=\"true\" class=\"wp-block-spacer\"><\/div>\n\n\n\n<div class=\"wp-block-columns is-layout-flex wp-container-core-columns-is-layout-9d6595d7 wp-block-columns-is-layout-flex\">\n<div class=\"wp-block-column is-layout-flow wp-block-column-is-layout-flow\">\n<figure class=\"wp-block-image aligncenter size-full\"><img loading=\"lazy\" decoding=\"async\" width=\"650\" height=\"690\" src=\"https:\/\/www.switcho.it\/blog\/wp-content\/uploads\/2024\/04\/scontrino-bolletta-luce.jpg\" alt=\"scontrino bolletta luce\" class=\"wp-image-90211\" srcset=\"https:\/\/www.switcho.it\/blog\/wp-content\/uploads\/2024\/04\/scontrino-bolletta-luce.jpg 650w, https:\/\/www.switcho.it\/blog\/wp-content\/uploads\/2024\/04\/scontrino-bolletta-luce-480x510.jpg 480w\" sizes=\"(min-width: 0px) and (max-width: 480px) 480px, (min-width: 481px) 650px, 100vw\" \/><\/figure>\n<\/div>\n\n\n\n<div class=\"wp-block-column is-layout-flow wp-block-column-is-layout-flow\">\n<figure class=\"wp-block-image aligncenter size-full\"><img loading=\"lazy\" decoding=\"async\" width=\"650\" height=\"690\" src=\"https:\/\/www.switcho.it\/blog\/wp-content\/uploads\/2024\/04\/scontrino-bolletta-gas.jpg\" alt=\"scontrino bolletta gas\" class=\"wp-image-90214\" srcset=\"https:\/\/www.switcho.it\/blog\/wp-content\/uploads\/2024\/04\/scontrino-bolletta-gas.jpg 650w, https:\/\/www.switcho.it\/blog\/wp-content\/uploads\/2024\/04\/scontrino-bolletta-gas-480x510.jpg 480w\" sizes=\"(min-width: 0px) and (max-width: 480px) 480px, (min-width: 481px) 650px, 100vw\" \/><\/figure>\n<\/div>\n<\/div>\n\n\n\n<p>Tale elemento potr\u00e0 essere consultato alla seconda pagina della bolletta, assieme anche al <strong>box dedicato all\u2019offerta<\/strong>. Questa \u00e8 una nuova proposta che \u00e8 stata creata in risposta a feedback specifici ricevuti durante la prima consultazione. Tra le altre cose, infatti, i feedback hanno indicato il bisogno di una <strong>migliore tracciabilit\u00e0 dell&#8217;offerta sottoscritta<\/strong> e del suo utilizzo nel periodo a cui si riferisce ogni singola bolletta.<\/p>\n\n\n\n<div style=\"height:20px\" aria-hidden=\"true\" class=\"wp-block-spacer\"><\/div>\n\n\n\n<p class=\"has-background\" style=\"background-color:#f7f8fa\">\u27a1\ufe0f A questa rappresentazione si aggiunger\u00e0 poi una novit\u00e0 appena stabilita: i fornitori dovranno infatti<strong> mostrare gli importi legati alla materia energia o gas in una sottosezione apposita<\/strong>, garantendo cos\u00ec massima chiarezza su quanto si spende in base alla propria tariffa.<\/p>\n\n\n\n<div style=\"height:20px\" aria-hidden=\"true\" class=\"wp-block-spacer\"><\/div>\n\n\n\n<p>Ecco come si presenta il <strong>box dedicato all\u2019offerta<\/strong> e le informazioni mostrate:<\/p>\n\n\n\n<div style=\"height:30px\" aria-hidden=\"true\" class=\"wp-block-spacer\"><\/div>\n\n\n\n<figure class=\"wp-block-image aligncenter is-resized\"><img decoding=\"async\" src=\"https:\/\/lh7-rt.googleusercontent.com\/docsz\/AD_4nXe7j88TSLkLvJf2Arci-aJDDmrpRz-tS25BgeXd4BN3FGREL8dY_j0UGmSBprcuq2pzJOfL-i1fjc7cFzr9iNRTIOY0PneWdtcn3ZPC5J2_9ieFkYsokL3tG1f42sD_MEhpc1yZMQ?key=oNK01Ba5bPYrkKZnk47agw\" alt=\"\" style=\"aspect-ratio:1;width:725px;height:auto\"\/><\/figure>\n\n\n\n<div style=\"height:50px\" aria-hidden=\"true\" class=\"wp-block-spacer\"><\/div>\n\n\n\n<p>Nei punti descritti abbiamo:<\/p>\n\n\n\n<ol class=\"wp-block-list emoji_bullets emoji_number_list\">\n<li><strong>La data di scadenza delle condizioni economiche<\/strong>: quando si avvicina, \u00e8 importante leggere con attenzione la comunicazione di rinnovo che il fornitore invia almeno tre mesi prima, per verificare eventuali aumenti. <\/li>\n\n\n\n<li><strong>Penali di recesso<\/strong>: se si decide di cambiare fornitore, \u00e8 bene dare un&#8217;occhiata anche ad eventuali condizioni di questo tipo.<\/li>\n\n\n\n<li><strong>Tipologia di offerta<\/strong>: se \u00e8 a prezzo fisso o variabile. Nel primo caso, il costo per ogni kWh di energia o Smc di gas consumato resta invariato per tutta la durata del contratto; nel caso del prezzo variabile, invece, cambia ogni mese.<\/li>\n\n\n\n<li><strong>Formula di prezzo<\/strong>: questa mostra in modo preciso come \u00e8 composto il costo della materia prima, in modo da confrontare altre offerte.<\/li>\n<\/ol>\n\n\n\n<h2 class=\"wp-block-heading\" id=\"elementi-essenziali\"><strong>Elementi essenziali nella bolletta 2.0: quali informazioni<\/strong><\/h2>\n\n\n\n<div style=\"height:20px\" aria-hidden=\"true\" class=\"wp-block-spacer\"><\/div>\n\n\n\n<p>Dopo la sezione dedicata allo scontrino dell\u2019energia e al box offerta, la parte restante della bolletta contiene altre informazioni (gli <strong>elementi essenziali<\/strong>) che potranno essere determinate dai venditori.<\/p>\n\n\n\n<p>Nonostante ci\u00f2, ARERA indica una serie di <strong>elementi minimi<\/strong> da inserire in questa sezione:&nbsp;<\/p>\n\n\n\n<ul class=\"wp-block-list\">\n<li>Dati relativi a letture e consumi;<\/li>\n\n\n\n<li>Informazioni storiche come il consumo annuo aggiornato e la spesa annua sostenuta;<\/li>\n\n\n\n<li>Informazioni relative a pagamenti ed eventuali <a href=\"https:\/\/www.switcho.it\/blog\/luce-gas\/rateizzazione-bolletta\/\" target=\"_blank\" rel=\"noreferrer noopener\">rateizzazioni<\/a>;<\/li>\n\n\n\n<li>Modalit\u00e0 per gli strumenti di tutela al consumatore;<\/li>\n\n\n\n<li>Caratteristiche tecniche della fornitura;<\/li>\n\n\n\n<li>Spazio riservato alle comunicazioni ARERA;<\/li>\n\n\n\n<li>Informazioni su imposte e <a href=\"https:\/\/www.switcho.it\/blog\/luce-gas\/oneri-di-sistema\/\" target=\"_blank\" rel=\"noreferrer noopener\">oneri di sistema<\/a>.<\/li>\n<\/ul>\n\n\n\n<div style=\"height:50px\" aria-hidden=\"true\" class=\"wp-block-spacer\"><\/div>\n\n\n\n<h2 class=\"wp-block-heading\" id=\"elementi-dettaglio\"><strong>Gli elementi di dettaglio<\/strong><\/h2>\n\n\n\n<div style=\"height:20px\" aria-hidden=\"true\" class=\"wp-block-spacer\"><\/div>\n\n\n\n<p>Infine, nella bolletta 2.0, non vengono previste particolari modifiche per quel che concerne gli <strong>elementi di dettaglio<\/strong>.&nbsp;<\/p>\n\n\n\n<div style=\"height:20px\" aria-hidden=\"true\" class=\"wp-block-spacer\"><\/div>\n\n\n\n<blockquote class=\"wp-block-quote is-layout-flow wp-block-quote-is-layout-flow\">\n<p><em>Queste informazioni continueranno a includere <\/em><strong><em>dettagli sugli importi fatturati e informazioni sulla normativa fiscale<\/em><\/strong><em>, come i prezzi unitari e le quantit\u00e0 applicate.<\/em><\/p>\n<\/blockquote>\n\n\n\n<div style=\"height:20px\" aria-hidden=\"true\" class=\"wp-block-spacer\"><\/div>\n\n\n\n<p>Anche in merito alle modalit\u00e0 grafiche in cui tali informazioni verranno presentate in bolletta, i venditori godranno di piena libert\u00e0. Rimane fondamentale che tali informazioni coincidano con quelle presenti nella pagina dell\u2019offerta selezionabile dal Portale offerte.<\/p>\n\n\n\n<div style=\"height:50px\" aria-hidden=\"true\" class=\"wp-block-spacer\"><\/div>\n\n\n\n<h2 class=\"wp-block-heading\" id=\"indagine-arera\"><strong>Modifiche alla bolletta 2.0: l\u2019indagine ARERA<\/strong><\/h2>\n\n\n\n<div style=\"height:20px\" aria-hidden=\"true\" class=\"wp-block-spacer\"><\/div>\n\n\n\n<p>La nuova bolletta 2.0 \u00e8 la risposta ai dati emersi da un\u2019<strong>indagine condotta a gennaio 2024 da ARERA per valutare le esigenze dei clienti finali<\/strong>. Questo sondaggio individua gli elementi da modificare e analizza la preferenza, da parte dei consumatori, di <strong>3 proposte di bolletta<\/strong>:&nbsp;<\/p>\n\n\n\n<ul class=\"wp-block-list emoji_bullets emoji_hand_right\">\n<li>Un modello meno dettagliato;<\/li>\n\n\n\n<li>Un modello intermedio;<\/li>\n\n\n\n<li>Un modello molto pi\u00f9 dettagliato.&nbsp;<\/li>\n<\/ul>\n\n\n\n<p>Agli intervistati \u00e8 stato chiesto di valutare la propria preferenza su <strong>una scala da 1 a 10<\/strong>, in merito a tre aspetti: semplicit\u00e0, chiarezza e comprensibilit\u00e0.&nbsp;<\/p>\n\n\n\n<p>I risultati non hanno lasciato dubbi. Per il campione intervistato, tra le tre proposte di modello di bolletta, <strong>quello pi\u00f9 dettagliato \u00e8 risultato maggiormente gradito<\/strong>, come si pu\u00f2 notare anche nel grafico:&nbsp;<\/p>\n\n\n\n<div style=\"height:30px\" aria-hidden=\"true\" class=\"wp-block-spacer\"><\/div>\n\n\n\n<figure class=\"wp-block-image aligncenter size-large\"><img loading=\"lazy\" decoding=\"async\" width=\"1024\" height=\"614\" src=\"https:\/\/www.switcho.it\/blog\/wp-content\/uploads\/2024\/04\/indagine-arera-nuova-bolletta-1024x614.png\" alt=\"indagine arera nuova bolletta\" class=\"wp-image-90223\" srcset=\"https:\/\/www.switcho.it\/blog\/wp-content\/uploads\/2024\/04\/indagine-arera-nuova-bolletta-1024x614.png 1024w, https:\/\/www.switcho.it\/blog\/wp-content\/uploads\/2024\/04\/indagine-arera-nuova-bolletta-980x588.png 980w, https:\/\/www.switcho.it\/blog\/wp-content\/uploads\/2024\/04\/indagine-arera-nuova-bolletta-480x288.png 480w\" sizes=\"(min-width: 0px) and (max-width: 480px) 480px, (min-width: 481px) and (max-width: 980px) 980px, (min-width: 981px) 1024px, 100vw\" \/><\/figure>\n\n\n\n<div style=\"height:50px\" aria-hidden=\"true\" class=\"wp-block-spacer\"><\/div>\n\n\n\n<p>L\u2019indagine mostra che all\u2019aumentare del livello di dettaglio della bolletta cresce anche il livello di gradimento, indicando che i consumatori sono interessati a comprendere a fondo i consumi e le spese relative alle loro utenze.<\/p>\n\n\n\n<div style=\"height:50px\" aria-hidden=\"true\" class=\"wp-block-spacer\"><\/div>\n\n\n\n<div class=\"wp-block-divi-layout\">[et_pb_section fb_built=&#8221;1&#8243; disabled_on=&#8221;off|off|off&#8221; admin_label=&#8221;section&#8221; _builder_version=&#8221;4.19.2&#8243; custom_padding=&#8221;0px||0px||false|false&#8221; global_colors_info=&#8221;{}&#8221;][et_pb_row admin_label=&#8221;row&#8221; _builder_version=&#8221;4.19.1&#8243; background_size=&#8221;initial&#8221; background_position=&#8221;top_left&#8221; background_repeat=&#8221;repeat&#8221; width=&#8221;100%&#8221; max_height=&#8221;1000px&#8221; global_colors_info=&#8221;{}&#8221;][et_pb_column type=&#8221;4_4&#8243; _builder_version=&#8221;4.18.0&#8243; _module_preset=&#8221;default&#8221; global_colors_info=&#8221;{}&#8221;][et_pb_toggle title=&#8221;Fonti&#8221; open_toggle_background_color=&#8221;#F7F8FA&#8221; closed_toggle_text_color=&#8221;#2D3748&#8243; closed_toggle_background_color=&#8221;#f7f8fa&#8221; _builder_version=&#8221;4.24.2&#8243; _module_preset=&#8221;default&#8221; title_level=&#8221;h4&#8243; title_font=&#8221;||||||||&#8221; title_font_size=&#8221;18px&#8221; title_line_height=&#8221;1.7em&#8221; closed_title_font=&#8221;||||||||&#8221; closed_title_font_size=&#8221;18px&#8221; body_font=&#8221;||||||||&#8221; hover_enabled=&#8221;0&#8243; body_font_size_tablet=&#8221;16px&#8221; body_font_size_phone=&#8221;16px&#8221; body_font_size_last_edited=&#8221;on|phone&#8221; border_width_all=&#8221;0px&#8221; global_colors_info=&#8221;{}&#8221; sticky_enabled=&#8221;0&#8243;]<span>Revisione della regolazione della bolletta 2.0 per maggiore semplicit\u00e0, comprensibilit\u00e0 e uniformit\u00e0 | ARERA<\/span>\n<br><span><a href=\"https:\/\/www.arera.it\/fileadmin\/allegati\/docs\/24\/136-24.pdf\" target=\"_blank\" rel=\"noreferrer noopener nofollow\">https:\/\/www.arera.it\/fileadmin\/allegati\/docs\/24\/136-24.pdf<\/a><\/span>\n\n<br><br><span>Indagine conoscitiva sulle bollette energetiche &#8211; Gennaio 2024 | ARERA<\/span>\n<br><span><a href=\"https:\/\/www.arera.it\/fileadmin\/allegati\/docs\/24\/136-24_app2a.pdf\" target=\"_blank\" rel=\"noreferrer noopener nofollow\">https:\/\/www.arera.it\/fileadmin\/allegati\/docs\/24\/136-24_app2a.pdf<\/a><\/span>[\/et_pb_toggle][\/et_pb_column][\/et_pb_row][\/et_pb_section]<\/div>\n\n\n\n<div style=\"height:50px\" aria-hidden=\"true\" class=\"wp-block-spacer\"><\/div>\n","protected":false},"excerpt":{"rendered":"<p>Confermate la struttura e l&#8217;aspetto grafico della nuova bolletta 2.0, in arrivo il 1\u00b0 luglio del 2025 per tutti i tipi di clienti.<\/p>\n","protected":false},"author":26,"featured_media":90148,"comment_status":"closed","ping_status":"closed","sticky":false,"template":"","format":"standard","meta":{"_et_pb_use_builder":"off","_et_pb_old_content":"","_et_gb_content_width":"","_lmt_disableupdate":"","_lmt_disable":"","footnotes":""},"categories":[292],"tags":[403],"class_list":["post-90196","post","type-post","status-publish","format-standard","has-post-thumbnail","hentry","category-leggere-bolletta","tag-news-luce-gas"],"yoast_head":"<!-- This site is optimized with the Yoast SEO plugin v27.5 - https:\/\/yoast.com\/product\/yoast-seo-wordpress\/ -->\n<title>ARERA Annuncia: la Bolletta Semplificata in Arrivo a Luglio 2025 - Switcho<\/title>\n<meta name=\"description\" content=\"Confermate la struttura e l&#039;aspetto grafico della nuova bolletta 2.0, in arrivo il 1\u00b0 luglio del 2025 per tutti i tipi di clienti.\" \/>\n<meta name=\"robots\" content=\"index, follow, max-snippet:-1, max-image-preview:large, max-video-preview:-1\" \/>\n<link rel=\"canonical\" href=\"https:\/\/www.switcho.it\/blog\/luce-gas\/nuova-bolletta-arera\/\" \/>\n<meta property=\"og:locale\" content=\"it_IT\" \/>\n<meta property=\"og:type\" content=\"article\" \/>\n<meta property=\"og:title\" content=\"ARERA Annuncia: la Bolletta Semplificata in Arrivo a Luglio 2025 - Switcho\" \/>\n<meta property=\"og:description\" content=\"Confermate la struttura e l&#039;aspetto grafico della nuova bolletta 2.0, in arrivo il 1\u00b0 luglio del 2025 per tutti i tipi di clienti.\" \/>\n<meta property=\"og:url\" content=\"https:\/\/www.switcho.it\/blog\/luce-gas\/nuova-bolletta-arera\/\" \/>\n<meta property=\"og:site_name\" content=\"Switcho\" \/>\n<meta property=\"article:published_time\" content=\"2024-07-30T09:25:21+00:00\" \/>\n<meta property=\"article:modified_time\" content=\"2025-07-02T08:24:29+00:00\" \/>\n<meta property=\"og:image\" content=\"https:\/\/www.switcho.it\/blog\/wp-content\/uploads\/2024\/04\/nuova-bolletta-2.0.png\" \/>\n\t<meta property=\"og:image:width\" content=\"1200\" \/>\n\t<meta property=\"og:image:height\" content=\"800\" \/>\n\t<meta property=\"og:image:type\" content=\"image\/png\" \/>\n<meta name=\"author\" content=\"Redi Vyshka\" \/>\n<meta name=\"twitter:card\" content=\"summary_large_image\" \/>\n<meta name=\"twitter:title\" content=\"ARERA Annuncia: la Bolletta Semplificata in Arrivo a Luglio 2025 - Switcho\" \/>\n<meta name=\"twitter:description\" content=\"Confermate la struttura e l&#039;aspetto grafico della nuova bolletta 2.0, in arrivo il 1\u00b0 luglio del 2025 per tutti i tipi di clienti.\" \/>\n<meta name=\"twitter:image\" content=\"https:\/\/www.switcho.it\/blog\/wp-content\/uploads\/2024\/04\/nuova-bolletta-2.0.png\" \/>\n<meta name=\"twitter:label1\" content=\"Scritto da\" \/>\n\t<meta name=\"twitter:data1\" content=\"Redi Vyshka\" \/>\n\t<meta name=\"twitter:label2\" content=\"Tempo di lettura stimato\" \/>\n\t<meta name=\"twitter:data2\" content=\"16 minuti\" \/>\n<script type=\"application\/ld+json\" class=\"yoast-schema-graph\">{\"@context\":\"https:\\\/\\\/schema.org\",\"@graph\":[{\"@type\":\"Article\",\"@id\":\"https:\\\/\\\/www.switcho.it\\\/blog\\\/luce-gas\\\/nuova-bolletta-arera\\\/#article\",\"isPartOf\":{\"@id\":\"https:\\\/\\\/www.switcho.it\\\/blog\\\/luce-gas\\\/nuova-bolletta-arera\\\/\"},\"author\":{\"name\":\"Redi Vyshka\",\"@id\":\"https:\\\/\\\/www.switcho.it\\\/blog\\\/#\\\/schema\\\/person\\\/0ded3a7e3f8a1379815652dba2c813b5\"},\"headline\":\"\u00c8 arrivata la nuova bolletta 2.0: cosa cambia da luglio 2025\",\"datePublished\":\"2024-07-30T09:25:21+00:00\",\"dateModified\":\"2025-07-02T08:24:29+00:00\",\"mainEntityOfPage\":{\"@id\":\"https:\\\/\\\/www.switcho.it\\\/blog\\\/luce-gas\\\/nuova-bolletta-arera\\\/\"},\"wordCount\":1535,\"publisher\":{\"@id\":\"https:\\\/\\\/www.switcho.it\\\/blog\\\/#organization\"},\"image\":{\"@id\":\"https:\\\/\\\/www.switcho.it\\\/blog\\\/luce-gas\\\/nuova-bolletta-arera\\\/#primaryimage\"},\"thumbnailUrl\":\"https:\\\/\\\/www.switcho.it\\\/blog\\\/wp-content\\\/uploads\\\/2024\\\/04\\\/nuova-bolletta-2.0.png\",\"keywords\":[\"news luce e gas\"],\"articleSection\":[\"Leggere la Bolletta\"],\"inLanguage\":\"it-IT\"},{\"@type\":\"WebPage\",\"@id\":\"https:\\\/\\\/www.switcho.it\\\/blog\\\/luce-gas\\\/nuova-bolletta-arera\\\/\",\"url\":\"https:\\\/\\\/www.switcho.it\\\/blog\\\/luce-gas\\\/nuova-bolletta-arera\\\/\",\"name\":\"ARERA Annuncia: la Bolletta Semplificata in Arrivo a Luglio 2025 - Switcho\",\"isPartOf\":{\"@id\":\"https:\\\/\\\/www.switcho.it\\\/blog\\\/#website\"},\"primaryImageOfPage\":{\"@id\":\"https:\\\/\\\/www.switcho.it\\\/blog\\\/luce-gas\\\/nuova-bolletta-arera\\\/#primaryimage\"},\"image\":{\"@id\":\"https:\\\/\\\/www.switcho.it\\\/blog\\\/luce-gas\\\/nuova-bolletta-arera\\\/#primaryimage\"},\"thumbnailUrl\":\"https:\\\/\\\/www.switcho.it\\\/blog\\\/wp-content\\\/uploads\\\/2024\\\/04\\\/nuova-bolletta-2.0.png\",\"datePublished\":\"2024-07-30T09:25:21+00:00\",\"dateModified\":\"2025-07-02T08:24:29+00:00\",\"description\":\"Confermate la struttura e l'aspetto grafico della nuova bolletta 2.0, in arrivo il 1\u00b0 luglio del 2025 per tutti i tipi di clienti.\",\"breadcrumb\":{\"@id\":\"https:\\\/\\\/www.switcho.it\\\/blog\\\/luce-gas\\\/nuova-bolletta-arera\\\/#breadcrumb\"},\"inLanguage\":\"it-IT\",\"potentialAction\":[{\"@type\":\"ReadAction\",\"target\":[\"https:\\\/\\\/www.switcho.it\\\/blog\\\/luce-gas\\\/nuova-bolletta-arera\\\/\"]}]},{\"@type\":\"ImageObject\",\"inLanguage\":\"it-IT\",\"@id\":\"https:\\\/\\\/www.switcho.it\\\/blog\\\/luce-gas\\\/nuova-bolletta-arera\\\/#primaryimage\",\"url\":\"https:\\\/\\\/www.switcho.it\\\/blog\\\/wp-content\\\/uploads\\\/2024\\\/04\\\/nuova-bolletta-2.0.png\",\"contentUrl\":\"https:\\\/\\\/www.switcho.it\\\/blog\\\/wp-content\\\/uploads\\\/2024\\\/04\\\/nuova-bolletta-2.0.png\",\"width\":1200,\"height\":800,\"caption\":\"nuova bolletta 2.0 arera\"},{\"@type\":\"BreadcrumbList\",\"@id\":\"https:\\\/\\\/www.switcho.it\\\/blog\\\/luce-gas\\\/nuova-bolletta-arera\\\/#breadcrumb\",\"itemListElement\":[{\"@type\":\"ListItem\",\"position\":1,\"name\":\"Home\",\"item\":\"https:\\\/\\\/www.switcho.it\\\/blog\\\/\"},{\"@type\":\"ListItem\",\"position\":2,\"name\":\"Luce e Gas\",\"item\":\"https:\\\/\\\/www.switcho.it\\\/blog\\\/luce-gas\\\/\"},{\"@type\":\"ListItem\",\"position\":3,\"name\":\"Leggere la Bolletta\",\"item\":\"https:\\\/\\\/www.switcho.it\\\/blog\\\/luce-gas\\\/leggere-bolletta\\\/\"},{\"@type\":\"ListItem\",\"position\":4,\"name\":\"\u00c8 arrivata la nuova bolletta 2.0: cosa cambia da luglio 2025\"}]},{\"@type\":\"WebSite\",\"@id\":\"https:\\\/\\\/www.switcho.it\\\/blog\\\/#website\",\"url\":\"https:\\\/\\\/www.switcho.it\\\/blog\\\/\",\"name\":\"Switcho\",\"description\":\"Il blog semplice, per davvero.\",\"publisher\":{\"@id\":\"https:\\\/\\\/www.switcho.it\\\/blog\\\/#organization\"},\"potentialAction\":[{\"@type\":\"SearchAction\",\"target\":{\"@type\":\"EntryPoint\",\"urlTemplate\":\"https:\\\/\\\/www.switcho.it\\\/blog\\\/?s={search_term_string}\"},\"query-input\":{\"@type\":\"PropertyValueSpecification\",\"valueRequired\":true,\"valueName\":\"search_term_string\"}}],\"inLanguage\":\"it-IT\"},{\"@type\":\"Organization\",\"@id\":\"https:\\\/\\\/www.switcho.it\\\/blog\\\/#organization\",\"name\":\"Switcho\",\"url\":\"https:\\\/\\\/www.switcho.it\\\/blog\\\/\",\"logo\":{\"@type\":\"ImageObject\",\"inLanguage\":\"it-IT\",\"@id\":\"https:\\\/\\\/www.switcho.it\\\/blog\\\/#\\\/schema\\\/logo\\\/image\\\/\",\"url\":\"https:\\\/\\\/www.switcho.it\\\/blog\\\/wp-content\\\/uploads\\\/2021\\\/03\\\/Switcho-Logotype-Green.png\",\"contentUrl\":\"https:\\\/\\\/www.switcho.it\\\/blog\\\/wp-content\\\/uploads\\\/2021\\\/03\\\/Switcho-Logotype-Green.png\",\"width\":1507,\"height\":597,\"caption\":\"Switcho\"},\"image\":{\"@id\":\"https:\\\/\\\/www.switcho.it\\\/blog\\\/#\\\/schema\\\/logo\\\/image\\\/\"}},{\"@type\":\"Person\",\"@id\":\"https:\\\/\\\/www.switcho.it\\\/blog\\\/#\\\/schema\\\/person\\\/0ded3a7e3f8a1379815652dba2c813b5\",\"name\":\"Redi Vyshka\",\"image\":{\"@type\":\"ImageObject\",\"inLanguage\":\"it-IT\",\"@id\":\"https:\\\/\\\/secure.gravatar.com\\\/avatar\\\/ec58c8b79072f95e408bc3acbd2af80bf47fb27de3effe029126423d57d13d49?s=96&d=mm&r=g\",\"url\":\"https:\\\/\\\/secure.gravatar.com\\\/avatar\\\/ec58c8b79072f95e408bc3acbd2af80bf47fb27de3effe029126423d57d13d49?s=96&d=mm&r=g\",\"contentUrl\":\"https:\\\/\\\/secure.gravatar.com\\\/avatar\\\/ec58c8b79072f95e408bc3acbd2af80bf47fb27de3effe029126423d57d13d49?s=96&d=mm&r=g\",\"caption\":\"Redi Vyshka\"},\"description\":\"COO e co-fondatore di Switcho, esperto nei campi della consulenza manageriale e della finanza aziendale, Redi ha contribuito nel 2019 alla progettazione e al lancio del primo servizio in Italia che, con pochi clic, consente di analizzare le proprie spese di casa e di trovare le opportunit\u00e0 personalizzate di risparmio, dimenticandosi la burocrazia. Dalla nascita di Switcho, Redi prende parte a numerosi eventi su startup e settore energetico, grazie alla sua competenza pluriennale nel mercato delle forniture di gas e luce e nelle soluzioni per ridurre i costi in bolletta. Leggi tutti i suoi articoli e seguilo su LinkedIn.\",\"sameAs\":[\"http:\\\/\\\/blog.switcho.net\"],\"url\":\"https:\\\/\\\/www.switcho.it\\\/blog\\\/author\\\/redi-vyshka\\\/\"}]}<\/script>\n<!-- \/ Yoast SEO plugin. -->","yoast_head_json":{"title":"ARERA Annuncia: la Bolletta Semplificata in Arrivo a Luglio 2025 - Switcho","description":"Confermate la struttura e l'aspetto grafico della nuova bolletta 2.0, in arrivo il 1\u00b0 luglio del 2025 per tutti i tipi di clienti.","robots":{"index":"index","follow":"follow","max-snippet":"max-snippet:-1","max-image-preview":"max-image-preview:large","max-video-preview":"max-video-preview:-1"},"canonical":"https:\/\/www.switcho.it\/blog\/luce-gas\/nuova-bolletta-arera\/","og_locale":"it_IT","og_type":"article","og_title":"ARERA Annuncia: la Bolletta Semplificata in Arrivo a Luglio 2025 - Switcho","og_description":"Confermate la struttura e l'aspetto grafico della nuova bolletta 2.0, in arrivo il 1\u00b0 luglio del 2025 per tutti i tipi di clienti.","og_url":"https:\/\/www.switcho.it\/blog\/luce-gas\/nuova-bolletta-arera\/","og_site_name":"Switcho","article_published_time":"2024-07-30T09:25:21+00:00","article_modified_time":"2025-07-02T08:24:29+00:00","og_image":[{"width":1200,"height":800,"url":"https:\/\/www.switcho.it\/blog\/wp-content\/uploads\/2024\/04\/nuova-bolletta-2.0.png","type":"image\/png"}],"author":"Redi Vyshka","twitter_card":"summary_large_image","twitter_title":"ARERA Annuncia: la Bolletta Semplificata in Arrivo a Luglio 2025 - Switcho","twitter_description":"Confermate la struttura e l'aspetto grafico della nuova bolletta 2.0, in arrivo il 1\u00b0 luglio del 2025 per tutti i tipi di clienti.","twitter_image":"https:\/\/www.switcho.it\/blog\/wp-content\/uploads\/2024\/04\/nuova-bolletta-2.0.png","twitter_misc":{"Scritto da":"Redi Vyshka","Tempo di lettura stimato":"16 minuti"},"schema":{"@context":"https:\/\/schema.org","@graph":[{"@type":"Article","@id":"https:\/\/www.switcho.it\/blog\/luce-gas\/nuova-bolletta-arera\/#article","isPartOf":{"@id":"https:\/\/www.switcho.it\/blog\/luce-gas\/nuova-bolletta-arera\/"},"author":{"name":"Redi Vyshka","@id":"https:\/\/www.switcho.it\/blog\/#\/schema\/person\/0ded3a7e3f8a1379815652dba2c813b5"},"headline":"\u00c8 arrivata la nuova bolletta 2.0: cosa cambia da luglio 2025","datePublished":"2024-07-30T09:25:21+00:00","dateModified":"2025-07-02T08:24:29+00:00","mainEntityOfPage":{"@id":"https:\/\/www.switcho.it\/blog\/luce-gas\/nuova-bolletta-arera\/"},"wordCount":1535,"publisher":{"@id":"https:\/\/www.switcho.it\/blog\/#organization"},"image":{"@id":"https:\/\/www.switcho.it\/blog\/luce-gas\/nuova-bolletta-arera\/#primaryimage"},"thumbnailUrl":"https:\/\/www.switcho.it\/blog\/wp-content\/uploads\/2024\/04\/nuova-bolletta-2.0.png","keywords":["news luce e gas"],"articleSection":["Leggere la Bolletta"],"inLanguage":"it-IT"},{"@type":"WebPage","@id":"https:\/\/www.switcho.it\/blog\/luce-gas\/nuova-bolletta-arera\/","url":"https:\/\/www.switcho.it\/blog\/luce-gas\/nuova-bolletta-arera\/","name":"ARERA Annuncia: la Bolletta Semplificata in Arrivo a Luglio 2025 - Switcho","isPartOf":{"@id":"https:\/\/www.switcho.it\/blog\/#website"},"primaryImageOfPage":{"@id":"https:\/\/www.switcho.it\/blog\/luce-gas\/nuova-bolletta-arera\/#primaryimage"},"image":{"@id":"https:\/\/www.switcho.it\/blog\/luce-gas\/nuova-bolletta-arera\/#primaryimage"},"thumbnailUrl":"https:\/\/www.switcho.it\/blog\/wp-content\/uploads\/2024\/04\/nuova-bolletta-2.0.png","datePublished":"2024-07-30T09:25:21+00:00","dateModified":"2025-07-02T08:24:29+00:00","description":"Confermate la struttura e l'aspetto grafico della nuova bolletta 2.0, in arrivo il 1\u00b0 luglio del 2025 per tutti i tipi di clienti.","breadcrumb":{"@id":"https:\/\/www.switcho.it\/blog\/luce-gas\/nuova-bolletta-arera\/#breadcrumb"},"inLanguage":"it-IT","potentialAction":[{"@type":"ReadAction","target":["https:\/\/www.switcho.it\/blog\/luce-gas\/nuova-bolletta-arera\/"]}]},{"@type":"ImageObject","inLanguage":"it-IT","@id":"https:\/\/www.switcho.it\/blog\/luce-gas\/nuova-bolletta-arera\/#primaryimage","url":"https:\/\/www.switcho.it\/blog\/wp-content\/uploads\/2024\/04\/nuova-bolletta-2.0.png","contentUrl":"https:\/\/www.switcho.it\/blog\/wp-content\/uploads\/2024\/04\/nuova-bolletta-2.0.png","width":1200,"height":800,"caption":"nuova bolletta 2.0 arera"},{"@type":"BreadcrumbList","@id":"https:\/\/www.switcho.it\/blog\/luce-gas\/nuova-bolletta-arera\/#breadcrumb","itemListElement":[{"@type":"ListItem","position":1,"name":"Home","item":"https:\/\/www.switcho.it\/blog\/"},{"@type":"ListItem","position":2,"name":"Luce e Gas","item":"https:\/\/www.switcho.it\/blog\/luce-gas\/"},{"@type":"ListItem","position":3,"name":"Leggere la Bolletta","item":"https:\/\/www.switcho.it\/blog\/luce-gas\/leggere-bolletta\/"},{"@type":"ListItem","position":4,"name":"\u00c8 arrivata la nuova bolletta 2.0: cosa cambia da luglio 2025"}]},{"@type":"WebSite","@id":"https:\/\/www.switcho.it\/blog\/#website","url":"https:\/\/www.switcho.it\/blog\/","name":"Switcho","description":"Il blog semplice, per davvero.","publisher":{"@id":"https:\/\/www.switcho.it\/blog\/#organization"},"potentialAction":[{"@type":"SearchAction","target":{"@type":"EntryPoint","urlTemplate":"https:\/\/www.switcho.it\/blog\/?s={search_term_string}"},"query-input":{"@type":"PropertyValueSpecification","valueRequired":true,"valueName":"search_term_string"}}],"inLanguage":"it-IT"},{"@type":"Organization","@id":"https:\/\/www.switcho.it\/blog\/#organization","name":"Switcho","url":"https:\/\/www.switcho.it\/blog\/","logo":{"@type":"ImageObject","inLanguage":"it-IT","@id":"https:\/\/www.switcho.it\/blog\/#\/schema\/logo\/image\/","url":"https:\/\/www.switcho.it\/blog\/wp-content\/uploads\/2021\/03\/Switcho-Logotype-Green.png","contentUrl":"https:\/\/www.switcho.it\/blog\/wp-content\/uploads\/2021\/03\/Switcho-Logotype-Green.png","width":1507,"height":597,"caption":"Switcho"},"image":{"@id":"https:\/\/www.switcho.it\/blog\/#\/schema\/logo\/image\/"}},{"@type":"Person","@id":"https:\/\/www.switcho.it\/blog\/#\/schema\/person\/0ded3a7e3f8a1379815652dba2c813b5","name":"Redi Vyshka","image":{"@type":"ImageObject","inLanguage":"it-IT","@id":"https:\/\/secure.gravatar.com\/avatar\/ec58c8b79072f95e408bc3acbd2af80bf47fb27de3effe029126423d57d13d49?s=96&d=mm&r=g","url":"https:\/\/secure.gravatar.com\/avatar\/ec58c8b79072f95e408bc3acbd2af80bf47fb27de3effe029126423d57d13d49?s=96&d=mm&r=g","contentUrl":"https:\/\/secure.gravatar.com\/avatar\/ec58c8b79072f95e408bc3acbd2af80bf47fb27de3effe029126423d57d13d49?s=96&d=mm&r=g","caption":"Redi Vyshka"},"description":"COO e co-fondatore di Switcho, esperto nei campi della consulenza manageriale e della finanza aziendale, Redi ha contribuito nel 2019 alla progettazione e al lancio del primo servizio in Italia che, con pochi clic, consente di analizzare le proprie spese di casa e di trovare le opportunit\u00e0 personalizzate di risparmio, dimenticandosi la burocrazia. Dalla nascita di Switcho, Redi prende parte a numerosi eventi su startup e settore energetico, grazie alla sua competenza pluriennale nel mercato delle forniture di gas e luce e nelle soluzioni per ridurre i costi in bolletta. Leggi tutti i suoi articoli e seguilo su LinkedIn.","sameAs":["http:\/\/blog.switcho.net"],"url":"https:\/\/www.switcho.it\/blog\/author\/redi-vyshka\/"}]}},"modified_by":"Raffaella Di Marco","_links":{"self":[{"href":"https:\/\/www.switcho.it\/blog\/wp-json\/wp\/v2\/posts\/90196","targetHints":{"allow":["GET"]}}],"collection":[{"href":"https:\/\/www.switcho.it\/blog\/wp-json\/wp\/v2\/posts"}],"about":[{"href":"https:\/\/www.switcho.it\/blog\/wp-json\/wp\/v2\/types\/post"}],"author":[{"embeddable":true,"href":"https:\/\/www.switcho.it\/blog\/wp-json\/wp\/v2\/users\/26"}],"replies":[{"embeddable":true,"href":"https:\/\/www.switcho.it\/blog\/wp-json\/wp\/v2\/comments?post=90196"}],"version-history":[{"count":4,"href":"https:\/\/www.switcho.it\/blog\/wp-json\/wp\/v2\/posts\/90196\/revisions"}],"predecessor-version":[{"id":133674,"href":"https:\/\/www.switcho.it\/blog\/wp-json\/wp\/v2\/posts\/90196\/revisions\/133674"}],"wp:featuredmedia":[{"embeddable":true,"href":"https:\/\/www.switcho.it\/blog\/wp-json\/wp\/v2\/media\/90148"}],"wp:attachment":[{"href":"https:\/\/www.switcho.it\/blog\/wp-json\/wp\/v2\/media?parent=90196"}],"wp:term":[{"taxonomy":"category","embeddable":true,"href":"https:\/\/www.switcho.it\/blog\/wp-json\/wp\/v2\/categories?post=90196"},{"taxonomy":"post_tag","embeddable":true,"href":"https:\/\/www.switcho.it\/blog\/wp-json\/wp\/v2\/tags?post=90196"}],"curies":[{"name":"wp","href":"https:\/\/api.w.org\/{rel}","templated":true}]}}