{"id":87223,"date":"2024-03-27T10:36:53","date_gmt":"2024-03-27T10:36:53","guid":{"rendered":"https:\/\/www.switcho.it\/blog\/?p=87223"},"modified":"2024-03-27T10:36:55","modified_gmt":"2024-03-27T10:36:55","slug":"direttiva-case-green","status":"publish","type":"post","link":"https:\/\/www.switcho.it\/blog\/luce-gas\/direttiva-case-green\/","title":{"rendered":"Direttiva case green: cosa prevede e quando entra in vigore"},"content":{"rendered":"<i>Aggiornato il 27 Marzo 2024<\/i>\n\n\n\n<div style=\"height:30px\" aria-hidden=\"true\" class=\"wp-block-spacer\"><\/div>\n\n\n\n<p>Approvata il 12 marzo la <strong>Direttiva Case Green<\/strong> con cui l\u2019Europa chiede agli Stati membri, Italia compresa, di riqualificare il patrimonio edilizio. In breve:&nbsp;<\/p>\n\n\n\n<ul class=\"emoji_bullets emoji_check_mark wp-block-list\">\n<li>La <strong>Direttiva Europea Case Green<\/strong> \u00e8 stata approvata, con alcune modifiche rispetto alla versione iniziale, ed entrer\u00e0 in vigore una volta pubblicata in Gazzetta Ufficiale;<\/li>\n\n\n\n<li>L\u2019obiettivo \u00e8 raggiungere le <strong>emissioni zero entro il 2050<\/strong>, ma in modo graduale con obiettivi intermedi;<\/li>\n\n\n\n<li>Le modifiche apportate alla prima versione rendono la Direttiva <strong>meno stringente anche per il nostro Paese<\/strong>.<\/li>\n<\/ul>\n\n\n\n<p>Prima di vedere nel dettaglio di cosa si tratta, un suggerimento: scopri se puoi risparmiare in bolletta, <strong>ti aiutiamo noi di <\/strong><a href=\"https:\/\/www.switcho.it\/servizi\/intro\/luce-gas\"><strong>Switcho<\/strong><\/a><strong> a trovare l\u2019<\/strong><a href=\"https:\/\/www.switcho.it\/risorse\/luce-gas\/\" target=\"_blank\" rel=\"noreferrer noopener\"><strong>offerta luce e gas<\/strong><\/a> pi\u00f9 adatta a te. Tutto gratuitamente e senza call center \ud83d\ude0e<\/p>\n\n\n\n<div style=\"height:20px\" aria-hidden=\"true\" class=\"wp-block-spacer\"><\/div>\n\n\n\n<div class=\"wp-block-divi-layout\">[et_pb_section fb_built=&#8221;1&#8243; disabled_on=&#8221;on|on|off&#8221; admin_label=&#8221;section&#8221; _builder_version=&#8221;4.18.0&#8243; custom_padding=&#8221;0px||0px||false|false&#8221; global_colors_info=&#8221;{}&#8221;][et_pb_row admin_label=&#8221;row&#8221; _builder_version=&#8221;4.19.1&#8243; background_size=&#8221;initial&#8221; background_position=&#8221;top_left&#8221; background_repeat=&#8221;repeat&#8221; width=&#8221;100%&#8221; max_height=&#8221;1000px&#8221; global_colors_info=&#8221;{}&#8221;][et_pb_column type=&#8221;4_4&#8243; _builder_version=&#8221;4.18.0&#8243; _module_preset=&#8221;default&#8221; global_colors_info=&#8221;{}&#8221;][et_pb_image src=&#8221;https:\/\/www.switcho.it\/blog\/wp-content\/uploads\/2024\/03\/banner-luce-gas-top-desktop-new.png&#8221; alt=&#8221;Risparmia sulle bollette con Switcho&#8221; title_text=&#8221;risparmia sulle bollette con switcho&#8221; url=&#8221;http:\/\/www.switcho.it\/servizi\/intro\/luce-gas?ref=cta-energy-top&#8221; align=&#8221;center&#8221; force_fullwidth=&#8221;on&#8221; src_tablet=&#8221;https:\/\/www.switcho.it\/blog\/wp-content\/uploads\/2022\/11\/banner-energy-top-mobile.png&#8221; src_phone=&#8221;https:\/\/www.switcho.it\/blog\/wp-content\/uploads\/2022\/11\/banner-energy-top-mobile.png&#8221; src_last_edited=&#8221;on|phone&#8221; _builder_version=&#8221;4.24.2&#8243; _module_preset=&#8221;default&#8221; hover_enabled=&#8221;0&#8243; global_colors_info=&#8221;{}&#8221; sticky_enabled=&#8221;0&#8243;][\/et_pb_image][\/et_pb_column][\/et_pb_row][\/et_pb_section]<\/div>\n\n\n\n<div style=\"height:20px\" aria-hidden=\"true\" class=\"wp-block-spacer\"><\/div>\n\n\n\n<p>Indice<\/p>\n\n\n\n<ul class=\"wp-block-list\">\n<li><a href=\"#cosa-e\">Cos\u2019\u00e8 la Direttiva Case Green<\/a><\/li>\n\n\n\n<li><a href=\"#approvazione\">Direttiva europea Case Green approvata il 12 marzo<\/a><\/li>\n\n\n\n<li><a href=\"#contenuto-direttiva\">Case green, cosa prevede la direttiva UE<\/a><\/li>\n\n\n\n<li><a href=\"#italia\">Direttiva UE Case Green: a che punto \u00e8 l\u2019Italia<\/a><\/li>\n\n\n\n<li><a href=\"#cosa-cambia\">Cosa cambier\u00e0 in Italia nei prossimi anni dopo l\u2019approvazione della direttiva UE casa<\/a><\/li>\n<\/ul>\n\n\n\n<div style=\"height:50px\" aria-hidden=\"true\" class=\"wp-block-spacer\"><\/div>\n\n\n\n<h2 class=\"wp-block-heading\" id=\"cosa-e\"><strong>Cos\u2019\u00e8 la Direttiva Case Green<\/strong><\/h2>\n\n\n\n<div style=\"height:20px\" aria-hidden=\"true\" class=\"wp-block-spacer\"><\/div>\n\n\n\n<p>\u00c8 stata <strong>approvata il 12 marzo<\/strong> l\u2019<em>Energy performance of building directive<\/em> (Epbd), conosciuta ai pi\u00f9 come <strong>Direttiva Case Green<\/strong>.&nbsp;<\/p>\n\n\n\n<p>Parliamo del testo con cui l\u2019Unione Europea chiede a tutti gli Stati membri, Italia compresa, di riqualificare e migliorare l\u2019efficienza energetica dei propri edifici.\u00a0<\/p>\n\n\n\n<div style=\"height:20px\" aria-hidden=\"true\" class=\"wp-block-spacer\"><\/div>\n\n\n\n<blockquote class=\"wp-block-quote is-layout-flow wp-block-quote-is-layout-flow\">\n<p><em>L\u2019obiettivo della Direttiva Case Green \u00e8, infatti, <\/em><strong><em>raggiungere le zero emissioni entro il 2050<\/em><\/strong><em> attraverso la <\/em><strong><em>riqualificazione e il miglioramento energetico degli edifici<\/em><\/strong><em> di tutti gli Stati membri.&nbsp;<\/em><\/p>\n<\/blockquote>\n\n\n\n<div style=\"height:20px\" aria-hidden=\"true\" class=\"wp-block-spacer\"><\/div>\n\n\n\n<p>Un obiettivo impegnativo e che, proprio per questo, richiede diversi <strong>traguardi intermedi<\/strong>, partendo con la riqualificazione degli edifici con prestazioni inferiori. Diverse sono le regole tra gli edifici residenziali e quelli non residenziali.\u00a0<\/p>\n\n\n\n<div style=\"height:50px\" aria-hidden=\"true\" class=\"wp-block-spacer\"><\/div>\n\n\n\n<h2 class=\"wp-block-heading\" id=\"approvazione\"><strong>Direttiva europea Case Green approvata il 12 marzo<\/strong><\/h2>\n\n\n\n<div style=\"height:20px\" aria-hidden=\"true\" class=\"wp-block-spacer\"><\/div>\n\n\n\n<p>La direttiva UE \u00e8 stata approvata durante la Plenaria al Parlamento europeo il 12 marzo, con <strong>370 voti favorevoli, 199 contrari e 56 astenuti<\/strong>. Per arrivare a questo risultato, per\u00f2, \u00e8 stato necessario un anno di trattative.&nbsp;<\/p>\n\n\n\n<p>Inizialmente, infatti, la direttiva UE imponeva limiti e termini molto stringenti. Proprio per questo motivo, aveva destabilizzato il nostro Paese, soprattutto se si tiene in considerazione lo stato del patrimonio edilizio italiano.\u00a0<\/p>\n\n\n\n<div style=\"height:20px\" aria-hidden=\"true\" class=\"wp-block-spacer\"><\/div>\n\n\n\n<blockquote class=\"wp-block-quote is-layout-flow wp-block-quote-is-layout-flow\">\n<p><em>I Paesi membri dell&#8217;Unione Europea hanno la possibilit\u00e0 di chiedere <\/em><strong><em>eccezioni o deroghe<\/em><\/strong><em> rispetto ai target di efficienza energetica stabiliti nella direttiva EPBD, previa autorizzazione dalla Commissione europea.<\/em><\/p>\n<\/blockquote>\n\n\n\n<div style=\"height:20px\" aria-hidden=\"true\" class=\"wp-block-spacer\"><\/div>\n\n\n\n<p class=\"has-background\" style=\"background-color:#f7f8fa\"><strong>\u26a0\ufe0f Attenzione<\/strong>, perch\u00e9 cambia anche il criterio di selezione degli edifici che necessitano interventi che, in precedenza, era legato alla certificazione energetica degli edifici.&nbsp;<\/p>\n\n\n\n<div style=\"height:20px\" aria-hidden=\"true\" class=\"wp-block-spacer\"><\/div>\n\n\n\n<p>Piuttosto che focalizzarsi esclusivamente sulle classi energetiche delle case, saranno <strong>stabiliti obiettivi medi <\/strong>che varieranno da Paese a Paese, tenendo conto proprio del <strong>patrimonio edilizio esistente<\/strong>, del sistema nazionale di <a href=\"https:\/\/www.switcho.it\/blog\/trasloco\/classificazione-energetica-edifici\/\" target=\"_blank\" rel=\"noreferrer noopener\">classificazione energetica degli edifici<\/a> e delle strategie di ristrutturazione adottate.<\/p>\n\n\n\n<div style=\"height:50px\" aria-hidden=\"true\" class=\"wp-block-spacer\"><\/div>\n\n\n\n<h2 class=\"wp-block-heading\" id=\"contenuto-direttiva\"><strong>Case green, cosa prevede la direttiva UE\u00a0<\/strong><\/h2>\n\n\n\n<div style=\"height:20px\" aria-hidden=\"true\" class=\"wp-block-spacer\"><\/div>\n\n\n\n<p>La direttiva UE, pur con regole meno stringenti, chiede agli Stati membri di raggiungere alcuni obiettivi:&nbsp;<\/p>\n\n\n\n<ul class=\"emoji_bullets emoji_right_arrow wp-block-list\">\n<li>Assicurare che la <strong>ristrutturazione degli edifici meno efficienti<\/strong> (a elevato consumo energetico) contribuisca almeno al <strong>55% della riduzione<\/strong> complessiva del consumo medio di energia primaria;<\/li>\n\n\n\n<li>Prevedere, da parte di ciascuno degli Stati membri, un <strong>piano nazionale di ristrutturazione degli edifici<\/strong> che diminuisca il consumo energetico degli edifici residenziali del 16% rispetto al 2020 nel 2030 e del 20% nel 2035, con un calo delle emissioni graduale fino a raggiungere le <strong>emissioni zero entro il 2050<\/strong>;<\/li>\n\n\n\n<li>Dal 2028 tutti gli <strong>edifici pubblici di nuova costruzione dovranno essere a emissioni zero<\/strong> (la scadenza \u00e8 fissata al 2030 per gli edifici residenziali privati nuovi);<\/li>\n\n\n\n<li>I nuovi edifici dovranno essere idonei a ospitare <a href=\"https:\/\/www.switcho.it\/blog\/luce-gas\/impianto-fotovoltaico\/\" target=\"_blank\" rel=\"noreferrer noopener\"><strong>impianti fotovoltaici<\/strong><\/a> e solari termici;<\/li>\n\n\n\n<li>Caldaie a <strong>combustibili fossili dovranno essere abbandonate entro il 2040<\/strong>, mentre gi\u00e0 a partire dal 2025 non potranno pi\u00f9 essere messi a disposizione incentivi e sussidi per le caldaie a gas;&nbsp;<\/li>\n\n\n\n<li>Gli Stati membri non avranno a disposizione finanziamenti specifici per la trasformazione del parco immobiliare, ma potranno utilizzare i <strong>fondi dell&#8217;Unione Europea<\/strong> per sostenere questo cambiamento, tra cui il Fondo Sociale per il Clima, il Recovery Fund e i Fondi di Sviluppo Regionale.<\/li>\n<\/ul>\n\n\n\n<div style=\"height:50px\" aria-hidden=\"true\" class=\"wp-block-spacer\"><\/div>\n\n\n\n<h2 class=\"wp-block-heading\" id=\"italia\"><strong>Direttiva UE Case Green: a che punto \u00e8 l\u2019Italia<\/strong><\/h2>\n\n\n\n<div style=\"height:20px\" aria-hidden=\"true\" class=\"wp-block-spacer\"><\/div>\n\n\n\n<p>Le richieste da parte dell\u2019Europa hanno inizialmente suscitato preoccupazioni in Italia, cos\u00ec come in altri paesi dell\u2019UE.&nbsp;<\/p>\n\n\n\n<p>Il motivo \u00e8 molto semplice: in Italia <strong>circa 1,8 milioni di edifici residenziali sono collocati nella classe energetica pi\u00f9 bassa<\/strong>, rappresentando di fatto gli edifici pi\u00f9 energivori del Paese.&nbsp;<\/p>\n\n\n\n<p>Questo significa che le richieste dell\u2019UE avrebbero un fortissimo impatto sui cittadini italiani per diverse ragioni:&nbsp;<\/p>\n\n\n\n<ul class=\"emoji_bullets emoji_red_x wp-block-list\">\n<li>I proprietari di immobili potrebbero trovarsi di fronte a <strong>investimenti significativi <\/strong>per migliorare l&#8217;efficienza energetica degli edifici esistenti (tra gli interventi richiesti, per esempio, installazione del cappotto termico, di infissi nuovi o di impianti fotovoltaici);<\/li>\n\n\n\n<li>Le nuove regole potrebbero avere un forte impatto sul <strong>mercato immobiliare<\/strong>, influenzando la domanda e l\u2019offerta;<\/li>\n\n\n\n<li>L&#8217;attuazione pratica delle misure potrebbe incontrare <strong>ostacoli burocratici o tecnici.<\/strong><\/li>\n<\/ul>\n\n\n\n<div style=\"height:20px\" aria-hidden=\"true\" class=\"wp-block-spacer\"><\/div>\n\n\n\n<p class=\"has-background\" style=\"background-color:#f7f8fa\">\ud83d\udca1 Nei mesi scorsi sono state effettuate tante stime sui costi che si dovranno sostenere per tali interventi. Non si tratta, tuttavia, di dati certi, perch\u00e9 <strong>calcolare con precisione il numero di immobili coinvolti non \u00e8 semplice<\/strong>.&nbsp;<\/p>\n\n\n\n<div style=\"height:20px\" aria-hidden=\"true\" class=\"wp-block-spacer\"><\/div>\n\n\n\n<p>Inoltre, \u00e8 bene ricordare che la Direttiva Case Green lascia la <strong>libert\u00e0 ai singoli Stati di prevedere piani per il raggiungimento degli obiettivi<\/strong> e, di conseguenza, quali interventi di riqualificazione ed efficientamento energetico finanziare per raggiungere i risultati sperati.\u00a0<\/p>\n\n\n\n<div style=\"height:50px\" aria-hidden=\"true\" class=\"wp-block-spacer\"><\/div>\n\n\n\n<h2 class=\"wp-block-heading\" id=\"cosa-cambia\"><strong>Cosa cambier\u00e0 in Italia nei prossimi anni dopo l\u2019approvazione della direttiva UE casa<\/strong><\/h2>\n\n\n\n<div style=\"height:20px\" aria-hidden=\"true\" class=\"wp-block-spacer\"><\/div>\n\n\n\n<p>Prima di essere pubblicata in Gazzetta Ufficiale, la Direttiva Case Green dovr\u00e0 ricevere l\u2019approvazione formale del Consiglio.&nbsp;<\/p>\n\n\n\n<p>Dobbiamo, per\u00f2, gi\u00e0 prepararci alle <strong>novit\u00e0 in arrivo<\/strong>. Questo perch\u00e9 ci sono alcuni obiettivi, definiti dalla direttiva UE, che avranno un impatto immediato. Ci riferiamo in particolare a:&nbsp;<\/p>\n\n\n\n<ul class=\"emoji_bullets emoji_hand_right wp-block-list\">\n<li><strong>Stop alle caldaie a gas;<\/strong><\/li>\n\n\n\n<li><strong>Rivoluzione dei bonus edilizi.&nbsp;<\/strong><\/li>\n<\/ul>\n\n\n\n<p>Sul primo punto, va detto che le caldaie a gas <strong>non potranno pi\u00f9 essere prodotte e vendute dal 2040<\/strong> e che, gi\u00e0 dal 2025, il governo non potr\u00e0 pi\u00f9 mettere a disposizione incentivi per le caldaie alimentate a combustibili fossili. Anche il <a href=\"https:\/\/www.switcho.it\/blog\/luce-gas\/bonus-caldaia\/\" target=\"_blank\" rel=\"noreferrer noopener\"><strong>bonus caldaia<\/strong><\/a> come lo conosciamo oggi non sar\u00e0 pi\u00f9 disponibile.\u00a0<\/p>\n\n\n\n<p>In linea generale, poi, cambieranno completamente i bonus edilizi. Quelli attivi ancora per quest\u2019anno, per esempio <a href=\"https:\/\/www.switcho.it\/blog\/trasloco\/ecobonus\/\" target=\"_blank\" rel=\"noreferrer noopener\">Ecobonus<\/a> o <a href=\"https:\/\/www.switcho.it\/blog\/trasloco\/bonus-ristrutturazione\/\" target=\"_blank\" rel=\"noreferrer noopener\">bonus ristrutturazioni<\/a>, <strong>nel 2025 non verranno rinnovati.\u00a0<\/strong><\/p>\n\n\n\n<p>Non si esclude, per\u00f2, che il governo metta a punto dei <strong>nuovi bonus edilizi<\/strong> proprio per consentire ai cittadini di risparmiare sugli interventi necessari per adeguare gli edifici alla direttiva europea.\u00a0\u00a0<\/p>\n\n\n\n<div style=\"height:50px\" aria-hidden=\"true\" class=\"wp-block-spacer\"><\/div>\n\n\n\n<div class=\"wp-block-divi-layout\">[et_pb_section fb_built=&#8221;1&#8243; disabled_on=&#8221;off|off|off&#8221; admin_label=&#8221;section&#8221; _builder_version=&#8221;4.19.2&#8243; custom_padding=&#8221;0px||0px||false|false&#8221; global_colors_info=&#8221;{}&#8221;][et_pb_row admin_label=&#8221;row&#8221; _builder_version=&#8221;4.19.1&#8243; background_size=&#8221;initial&#8221; background_position=&#8221;top_left&#8221; background_repeat=&#8221;repeat&#8221; width=&#8221;100%&#8221; max_height=&#8221;1000px&#8221; global_colors_info=&#8221;{}&#8221;][et_pb_column type=&#8221;4_4&#8243; _builder_version=&#8221;4.18.0&#8243; _module_preset=&#8221;default&#8221; global_colors_info=&#8221;{}&#8221;][et_pb_toggle title=&#8221;Fonti&#8221; open_toggle_background_color=&#8221;#F7F8FA&#8221; closed_toggle_text_color=&#8221;#2D3748&#8243; closed_toggle_background_color=&#8221;#f7f8fa&#8221; _builder_version=&#8221;4.24.2&#8243; _module_preset=&#8221;default&#8221; title_level=&#8221;h4&#8243; title_font=&#8221;||||||||&#8221; title_font_size=&#8221;18px&#8221; title_line_height=&#8221;1.7em&#8221; closed_title_font=&#8221;||||||||&#8221; closed_title_font_size=&#8221;18px&#8221; body_font=&#8221;||||||||&#8221; hover_enabled=&#8221;0&#8243; body_font_size_tablet=&#8221;16px&#8221; body_font_size_phone=&#8221;16px&#8221; body_font_size_last_edited=&#8221;on|phone&#8221; border_width_all=&#8221;0px&#8221; global_colors_info=&#8221;{}&#8221; sticky_enabled=&#8221;0&#8243;]<span>Case \u201cgreen\u201d: approvata la posizione del Parlamento europeo | Attualit\u00e0 | Parlamento europeo<\/span>\n<br><span><a href=\"https:\/\/www.europarl.europa.eu\/news\/it\/press-room\/20230310IPR77228\/case-green-approvata-la-posizione-del-parlamento-europeo\" target=\"_blank\" rel=\"noreferrer noopener nofollow\">https:\/\/www.europarl.europa.eu\/news\/it\/press-room\/20230310IPR77228\/case-green-approvata-la-posizione-del-parlamento-europeo<\/a><\/span>[\/et_pb_toggle][\/et_pb_column][\/et_pb_row][\/et_pb_section]<\/div>\n\n\n\n<div style=\"height:50px\" aria-hidden=\"true\" class=\"wp-block-spacer\"><\/div>\n","protected":false},"excerpt":{"rendered":"<p>\u00c8 stata approvata il 12 marzo la Direttiva Case Green che richiede agli Stati UE di riqualificare i propri edifici. L&#8217;impatto sull&#8217;Italia.<\/p>\n","protected":false},"author":26,"featured_media":87226,"comment_status":"closed","ping_status":"closed","sticky":false,"template":"","format":"standard","meta":{"_et_pb_use_builder":"off","_et_pb_old_content":"","_et_gb_content_width":"","_lmt_disableupdate":"","_lmt_disable":"","footnotes":""},"categories":[143],"tags":[403],"class_list":["post-87223","post","type-post","status-publish","format-standard","has-post-thumbnail","hentry","category-guide-luce-gas","tag-news-luce-gas"],"yoast_head":"<!-- This site is optimized with the Yoast SEO plugin v27.5 - https:\/\/yoast.com\/product\/yoast-seo-wordpress\/ -->\n<title>Approvata la Direttiva UE Case Green: Italia al Lavoro per Adottarla - Switcho<\/title>\n<meta name=\"description\" content=\"\u00c8 stata approvata il 12 marzo la Direttiva Case Green che richiede agli Stati UE di riqualificare i propri edifici. L&#039;impatto sull&#039;Italia.\" \/>\n<meta name=\"robots\" content=\"index, follow, max-snippet:-1, max-image-preview:large, max-video-preview:-1\" \/>\n<link rel=\"canonical\" href=\"https:\/\/www.switcho.it\/blog\/luce-gas\/direttiva-case-green\/\" \/>\n<meta property=\"og:locale\" content=\"it_IT\" \/>\n<meta property=\"og:type\" content=\"article\" \/>\n<meta property=\"og:title\" content=\"Approvata la Direttiva UE Case Green: Italia al Lavoro per Adottarla\" \/>\n<meta property=\"og:description\" content=\"\u00c8 stata approvata il 12 marzo la Direttiva Case Green che richiede agli Stati UE di riqualificare i propri edifici. L&#039;impatto sull&#039;Italia.\" \/>\n<meta property=\"og:url\" content=\"https:\/\/www.switcho.it\/blog\/luce-gas\/direttiva-case-green\/\" \/>\n<meta property=\"og:site_name\" content=\"Switcho\" \/>\n<meta property=\"article:published_time\" content=\"2024-03-27T10:36:53+00:00\" \/>\n<meta property=\"article:modified_time\" content=\"2024-03-27T10:36:55+00:00\" \/>\n<meta property=\"og:image\" content=\"https:\/\/www.switcho.it\/blog\/wp-content\/uploads\/2024\/03\/direttiva-eu-case-green-approvata.png\" \/>\n\t<meta property=\"og:image:width\" content=\"1200\" \/>\n\t<meta property=\"og:image:height\" content=\"800\" \/>\n\t<meta property=\"og:image:type\" content=\"image\/png\" \/>\n<meta name=\"author\" content=\"Redi Vyshka\" \/>\n<meta name=\"twitter:card\" content=\"summary_large_image\" \/>\n<meta name=\"twitter:title\" content=\"Approvata la Direttiva UE Case Green: Italia al Lavoro per Adottarla\" \/>\n<meta name=\"twitter:description\" content=\"\u00c8 stata approvata il 12 marzo la Direttiva Case Green che richiede agli Stati UE di riqualificare i propri edifici. L&#039;impatto sull&#039;Italia.\" \/>\n<meta name=\"twitter:image\" content=\"https:\/\/www.switcho.it\/blog\/wp-content\/uploads\/2024\/03\/direttiva-eu-case-green-approvata.png\" \/>\n<meta name=\"twitter:label1\" content=\"Scritto da\" \/>\n\t<meta name=\"twitter:data1\" content=\"Redi Vyshka\" \/>\n\t<meta name=\"twitter:label2\" content=\"Tempo di lettura stimato\" \/>\n\t<meta name=\"twitter:data2\" content=\"6 minuti\" \/>\n<script type=\"application\/ld+json\" class=\"yoast-schema-graph\">{\"@context\":\"https:\\\/\\\/schema.org\",\"@graph\":[{\"@type\":\"Article\",\"@id\":\"https:\\\/\\\/www.switcho.it\\\/blog\\\/luce-gas\\\/direttiva-case-green\\\/#article\",\"isPartOf\":{\"@id\":\"https:\\\/\\\/www.switcho.it\\\/blog\\\/luce-gas\\\/direttiva-case-green\\\/\"},\"author\":{\"name\":\"Redi Vyshka\",\"@id\":\"https:\\\/\\\/www.switcho.it\\\/blog\\\/#\\\/schema\\\/person\\\/0ded3a7e3f8a1379815652dba2c813b5\"},\"headline\":\"Direttiva case green: cosa prevede e quando entra in vigore\",\"datePublished\":\"2024-03-27T10:36:53+00:00\",\"dateModified\":\"2024-03-27T10:36:55+00:00\",\"mainEntityOfPage\":{\"@id\":\"https:\\\/\\\/www.switcho.it\\\/blog\\\/luce-gas\\\/direttiva-case-green\\\/\"},\"wordCount\":1215,\"publisher\":{\"@id\":\"https:\\\/\\\/www.switcho.it\\\/blog\\\/#organization\"},\"image\":{\"@id\":\"https:\\\/\\\/www.switcho.it\\\/blog\\\/luce-gas\\\/direttiva-case-green\\\/#primaryimage\"},\"thumbnailUrl\":\"https:\\\/\\\/www.switcho.it\\\/blog\\\/wp-content\\\/uploads\\\/2024\\\/03\\\/direttiva-eu-case-green-approvata.png\",\"keywords\":[\"news luce e gas\"],\"articleSection\":[\"Guide luce e gas\"],\"inLanguage\":\"it-IT\"},{\"@type\":\"WebPage\",\"@id\":\"https:\\\/\\\/www.switcho.it\\\/blog\\\/luce-gas\\\/direttiva-case-green\\\/\",\"url\":\"https:\\\/\\\/www.switcho.it\\\/blog\\\/luce-gas\\\/direttiva-case-green\\\/\",\"name\":\"Approvata la Direttiva UE Case Green: Italia al Lavoro per Adottarla - Switcho\",\"isPartOf\":{\"@id\":\"https:\\\/\\\/www.switcho.it\\\/blog\\\/#website\"},\"primaryImageOfPage\":{\"@id\":\"https:\\\/\\\/www.switcho.it\\\/blog\\\/luce-gas\\\/direttiva-case-green\\\/#primaryimage\"},\"image\":{\"@id\":\"https:\\\/\\\/www.switcho.it\\\/blog\\\/luce-gas\\\/direttiva-case-green\\\/#primaryimage\"},\"thumbnailUrl\":\"https:\\\/\\\/www.switcho.it\\\/blog\\\/wp-content\\\/uploads\\\/2024\\\/03\\\/direttiva-eu-case-green-approvata.png\",\"datePublished\":\"2024-03-27T10:36:53+00:00\",\"dateModified\":\"2024-03-27T10:36:55+00:00\",\"description\":\"\u00c8 stata approvata il 12 marzo la Direttiva Case Green che richiede agli Stati UE di riqualificare i propri edifici. L'impatto sull'Italia.\",\"breadcrumb\":{\"@id\":\"https:\\\/\\\/www.switcho.it\\\/blog\\\/luce-gas\\\/direttiva-case-green\\\/#breadcrumb\"},\"inLanguage\":\"it-IT\",\"potentialAction\":[{\"@type\":\"ReadAction\",\"target\":[\"https:\\\/\\\/www.switcho.it\\\/blog\\\/luce-gas\\\/direttiva-case-green\\\/\"]}]},{\"@type\":\"ImageObject\",\"inLanguage\":\"it-IT\",\"@id\":\"https:\\\/\\\/www.switcho.it\\\/blog\\\/luce-gas\\\/direttiva-case-green\\\/#primaryimage\",\"url\":\"https:\\\/\\\/www.switcho.it\\\/blog\\\/wp-content\\\/uploads\\\/2024\\\/03\\\/direttiva-eu-case-green-approvata.png\",\"contentUrl\":\"https:\\\/\\\/www.switcho.it\\\/blog\\\/wp-content\\\/uploads\\\/2024\\\/03\\\/direttiva-eu-case-green-approvata.png\",\"width\":1200,\"height\":800,\"caption\":\"direttiva eu case green approvata\"},{\"@type\":\"BreadcrumbList\",\"@id\":\"https:\\\/\\\/www.switcho.it\\\/blog\\\/luce-gas\\\/direttiva-case-green\\\/#breadcrumb\",\"itemListElement\":[{\"@type\":\"ListItem\",\"position\":1,\"name\":\"Home\",\"item\":\"https:\\\/\\\/www.switcho.it\\\/blog\\\/\"},{\"@type\":\"ListItem\",\"position\":2,\"name\":\"Luce e Gas\",\"item\":\"https:\\\/\\\/www.switcho.it\\\/blog\\\/luce-gas\\\/\"},{\"@type\":\"ListItem\",\"position\":3,\"name\":\"Guide luce e gas\",\"item\":\"https:\\\/\\\/www.switcho.it\\\/blog\\\/luce-gas\\\/guide-luce-gas\\\/\"},{\"@type\":\"ListItem\",\"position\":4,\"name\":\"Direttiva case green: cosa prevede e quando entra in vigore\"}]},{\"@type\":\"WebSite\",\"@id\":\"https:\\\/\\\/www.switcho.it\\\/blog\\\/#website\",\"url\":\"https:\\\/\\\/www.switcho.it\\\/blog\\\/\",\"name\":\"Switcho\",\"description\":\"Il blog semplice, per davvero.\",\"publisher\":{\"@id\":\"https:\\\/\\\/www.switcho.it\\\/blog\\\/#organization\"},\"potentialAction\":[{\"@type\":\"SearchAction\",\"target\":{\"@type\":\"EntryPoint\",\"urlTemplate\":\"https:\\\/\\\/www.switcho.it\\\/blog\\\/?s={search_term_string}\"},\"query-input\":{\"@type\":\"PropertyValueSpecification\",\"valueRequired\":true,\"valueName\":\"search_term_string\"}}],\"inLanguage\":\"it-IT\"},{\"@type\":\"Organization\",\"@id\":\"https:\\\/\\\/www.switcho.it\\\/blog\\\/#organization\",\"name\":\"Switcho\",\"url\":\"https:\\\/\\\/www.switcho.it\\\/blog\\\/\",\"logo\":{\"@type\":\"ImageObject\",\"inLanguage\":\"it-IT\",\"@id\":\"https:\\\/\\\/www.switcho.it\\\/blog\\\/#\\\/schema\\\/logo\\\/image\\\/\",\"url\":\"https:\\\/\\\/www.switcho.it\\\/blog\\\/wp-content\\\/uploads\\\/2021\\\/03\\\/Switcho-Logotype-Green.png\",\"contentUrl\":\"https:\\\/\\\/www.switcho.it\\\/blog\\\/wp-content\\\/uploads\\\/2021\\\/03\\\/Switcho-Logotype-Green.png\",\"width\":1507,\"height\":597,\"caption\":\"Switcho\"},\"image\":{\"@id\":\"https:\\\/\\\/www.switcho.it\\\/blog\\\/#\\\/schema\\\/logo\\\/image\\\/\"}},{\"@type\":\"Person\",\"@id\":\"https:\\\/\\\/www.switcho.it\\\/blog\\\/#\\\/schema\\\/person\\\/0ded3a7e3f8a1379815652dba2c813b5\",\"name\":\"Redi Vyshka\",\"image\":{\"@type\":\"ImageObject\",\"inLanguage\":\"it-IT\",\"@id\":\"https:\\\/\\\/secure.gravatar.com\\\/avatar\\\/ec58c8b79072f95e408bc3acbd2af80bf47fb27de3effe029126423d57d13d49?s=96&d=mm&r=g\",\"url\":\"https:\\\/\\\/secure.gravatar.com\\\/avatar\\\/ec58c8b79072f95e408bc3acbd2af80bf47fb27de3effe029126423d57d13d49?s=96&d=mm&r=g\",\"contentUrl\":\"https:\\\/\\\/secure.gravatar.com\\\/avatar\\\/ec58c8b79072f95e408bc3acbd2af80bf47fb27de3effe029126423d57d13d49?s=96&d=mm&r=g\",\"caption\":\"Redi Vyshka\"},\"description\":\"COO e co-fondatore di Switcho, esperto nei campi della consulenza manageriale e della finanza aziendale, Redi ha contribuito nel 2019 alla progettazione e al lancio del primo servizio in Italia che, con pochi clic, consente di analizzare le proprie spese di casa e di trovare le opportunit\u00e0 personalizzate di risparmio, dimenticandosi la burocrazia. Dalla nascita di Switcho, Redi prende parte a numerosi eventi su startup e settore energetico, grazie alla sua competenza pluriennale nel mercato delle forniture di gas e luce e nelle soluzioni per ridurre i costi in bolletta. Leggi tutti i suoi articoli e seguilo su LinkedIn.\",\"sameAs\":[\"http:\\\/\\\/blog.switcho.net\"],\"url\":\"https:\\\/\\\/www.switcho.it\\\/blog\\\/author\\\/redi-vyshka\\\/\"}]}<\/script>\n<!-- \/ Yoast SEO plugin. -->","yoast_head_json":{"title":"Approvata la Direttiva UE Case Green: Italia al Lavoro per Adottarla - Switcho","description":"\u00c8 stata approvata il 12 marzo la Direttiva Case Green che richiede agli Stati UE di riqualificare i propri edifici. L'impatto sull'Italia.","robots":{"index":"index","follow":"follow","max-snippet":"max-snippet:-1","max-image-preview":"max-image-preview:large","max-video-preview":"max-video-preview:-1"},"canonical":"https:\/\/www.switcho.it\/blog\/luce-gas\/direttiva-case-green\/","og_locale":"it_IT","og_type":"article","og_title":"Approvata la Direttiva UE Case Green: Italia al Lavoro per Adottarla","og_description":"\u00c8 stata approvata il 12 marzo la Direttiva Case Green che richiede agli Stati UE di riqualificare i propri edifici. L'impatto sull'Italia.","og_url":"https:\/\/www.switcho.it\/blog\/luce-gas\/direttiva-case-green\/","og_site_name":"Switcho","article_published_time":"2024-03-27T10:36:53+00:00","article_modified_time":"2024-03-27T10:36:55+00:00","og_image":[{"width":1200,"height":800,"url":"https:\/\/www.switcho.it\/blog\/wp-content\/uploads\/2024\/03\/direttiva-eu-case-green-approvata.png","type":"image\/png"}],"author":"Redi Vyshka","twitter_card":"summary_large_image","twitter_title":"Approvata la Direttiva UE Case Green: Italia al Lavoro per Adottarla","twitter_description":"\u00c8 stata approvata il 12 marzo la Direttiva Case Green che richiede agli Stati UE di riqualificare i propri edifici. L'impatto sull'Italia.","twitter_image":"https:\/\/www.switcho.it\/blog\/wp-content\/uploads\/2024\/03\/direttiva-eu-case-green-approvata.png","twitter_misc":{"Scritto da":"Redi Vyshka","Tempo di lettura stimato":"6 minuti"},"schema":{"@context":"https:\/\/schema.org","@graph":[{"@type":"Article","@id":"https:\/\/www.switcho.it\/blog\/luce-gas\/direttiva-case-green\/#article","isPartOf":{"@id":"https:\/\/www.switcho.it\/blog\/luce-gas\/direttiva-case-green\/"},"author":{"name":"Redi Vyshka","@id":"https:\/\/www.switcho.it\/blog\/#\/schema\/person\/0ded3a7e3f8a1379815652dba2c813b5"},"headline":"Direttiva case green: cosa prevede e quando entra in vigore","datePublished":"2024-03-27T10:36:53+00:00","dateModified":"2024-03-27T10:36:55+00:00","mainEntityOfPage":{"@id":"https:\/\/www.switcho.it\/blog\/luce-gas\/direttiva-case-green\/"},"wordCount":1215,"publisher":{"@id":"https:\/\/www.switcho.it\/blog\/#organization"},"image":{"@id":"https:\/\/www.switcho.it\/blog\/luce-gas\/direttiva-case-green\/#primaryimage"},"thumbnailUrl":"https:\/\/www.switcho.it\/blog\/wp-content\/uploads\/2024\/03\/direttiva-eu-case-green-approvata.png","keywords":["news luce e gas"],"articleSection":["Guide luce e gas"],"inLanguage":"it-IT"},{"@type":"WebPage","@id":"https:\/\/www.switcho.it\/blog\/luce-gas\/direttiva-case-green\/","url":"https:\/\/www.switcho.it\/blog\/luce-gas\/direttiva-case-green\/","name":"Approvata la Direttiva UE Case Green: Italia al Lavoro per Adottarla - Switcho","isPartOf":{"@id":"https:\/\/www.switcho.it\/blog\/#website"},"primaryImageOfPage":{"@id":"https:\/\/www.switcho.it\/blog\/luce-gas\/direttiva-case-green\/#primaryimage"},"image":{"@id":"https:\/\/www.switcho.it\/blog\/luce-gas\/direttiva-case-green\/#primaryimage"},"thumbnailUrl":"https:\/\/www.switcho.it\/blog\/wp-content\/uploads\/2024\/03\/direttiva-eu-case-green-approvata.png","datePublished":"2024-03-27T10:36:53+00:00","dateModified":"2024-03-27T10:36:55+00:00","description":"\u00c8 stata approvata il 12 marzo la Direttiva Case Green che richiede agli Stati UE di riqualificare i propri edifici. L'impatto sull'Italia.","breadcrumb":{"@id":"https:\/\/www.switcho.it\/blog\/luce-gas\/direttiva-case-green\/#breadcrumb"},"inLanguage":"it-IT","potentialAction":[{"@type":"ReadAction","target":["https:\/\/www.switcho.it\/blog\/luce-gas\/direttiva-case-green\/"]}]},{"@type":"ImageObject","inLanguage":"it-IT","@id":"https:\/\/www.switcho.it\/blog\/luce-gas\/direttiva-case-green\/#primaryimage","url":"https:\/\/www.switcho.it\/blog\/wp-content\/uploads\/2024\/03\/direttiva-eu-case-green-approvata.png","contentUrl":"https:\/\/www.switcho.it\/blog\/wp-content\/uploads\/2024\/03\/direttiva-eu-case-green-approvata.png","width":1200,"height":800,"caption":"direttiva eu case green approvata"},{"@type":"BreadcrumbList","@id":"https:\/\/www.switcho.it\/blog\/luce-gas\/direttiva-case-green\/#breadcrumb","itemListElement":[{"@type":"ListItem","position":1,"name":"Home","item":"https:\/\/www.switcho.it\/blog\/"},{"@type":"ListItem","position":2,"name":"Luce e Gas","item":"https:\/\/www.switcho.it\/blog\/luce-gas\/"},{"@type":"ListItem","position":3,"name":"Guide luce e gas","item":"https:\/\/www.switcho.it\/blog\/luce-gas\/guide-luce-gas\/"},{"@type":"ListItem","position":4,"name":"Direttiva case green: cosa prevede e quando entra in vigore"}]},{"@type":"WebSite","@id":"https:\/\/www.switcho.it\/blog\/#website","url":"https:\/\/www.switcho.it\/blog\/","name":"Switcho","description":"Il blog semplice, per davvero.","publisher":{"@id":"https:\/\/www.switcho.it\/blog\/#organization"},"potentialAction":[{"@type":"SearchAction","target":{"@type":"EntryPoint","urlTemplate":"https:\/\/www.switcho.it\/blog\/?s={search_term_string}"},"query-input":{"@type":"PropertyValueSpecification","valueRequired":true,"valueName":"search_term_string"}}],"inLanguage":"it-IT"},{"@type":"Organization","@id":"https:\/\/www.switcho.it\/blog\/#organization","name":"Switcho","url":"https:\/\/www.switcho.it\/blog\/","logo":{"@type":"ImageObject","inLanguage":"it-IT","@id":"https:\/\/www.switcho.it\/blog\/#\/schema\/logo\/image\/","url":"https:\/\/www.switcho.it\/blog\/wp-content\/uploads\/2021\/03\/Switcho-Logotype-Green.png","contentUrl":"https:\/\/www.switcho.it\/blog\/wp-content\/uploads\/2021\/03\/Switcho-Logotype-Green.png","width":1507,"height":597,"caption":"Switcho"},"image":{"@id":"https:\/\/www.switcho.it\/blog\/#\/schema\/logo\/image\/"}},{"@type":"Person","@id":"https:\/\/www.switcho.it\/blog\/#\/schema\/person\/0ded3a7e3f8a1379815652dba2c813b5","name":"Redi Vyshka","image":{"@type":"ImageObject","inLanguage":"it-IT","@id":"https:\/\/secure.gravatar.com\/avatar\/ec58c8b79072f95e408bc3acbd2af80bf47fb27de3effe029126423d57d13d49?s=96&d=mm&r=g","url":"https:\/\/secure.gravatar.com\/avatar\/ec58c8b79072f95e408bc3acbd2af80bf47fb27de3effe029126423d57d13d49?s=96&d=mm&r=g","contentUrl":"https:\/\/secure.gravatar.com\/avatar\/ec58c8b79072f95e408bc3acbd2af80bf47fb27de3effe029126423d57d13d49?s=96&d=mm&r=g","caption":"Redi Vyshka"},"description":"COO e co-fondatore di Switcho, esperto nei campi della consulenza manageriale e della finanza aziendale, Redi ha contribuito nel 2019 alla progettazione e al lancio del primo servizio in Italia che, con pochi clic, consente di analizzare le proprie spese di casa e di trovare le opportunit\u00e0 personalizzate di risparmio, dimenticandosi la burocrazia. Dalla nascita di Switcho, Redi prende parte a numerosi eventi su startup e settore energetico, grazie alla sua competenza pluriennale nel mercato delle forniture di gas e luce e nelle soluzioni per ridurre i costi in bolletta. Leggi tutti i suoi articoli e seguilo su LinkedIn.","sameAs":["http:\/\/blog.switcho.net"],"url":"https:\/\/www.switcho.it\/blog\/author\/redi-vyshka\/"}]}},"modified_by":"Eleonora Francese","_links":{"self":[{"href":"https:\/\/www.switcho.it\/blog\/wp-json\/wp\/v2\/posts\/87223","targetHints":{"allow":["GET"]}}],"collection":[{"href":"https:\/\/www.switcho.it\/blog\/wp-json\/wp\/v2\/posts"}],"about":[{"href":"https:\/\/www.switcho.it\/blog\/wp-json\/wp\/v2\/types\/post"}],"author":[{"embeddable":true,"href":"https:\/\/www.switcho.it\/blog\/wp-json\/wp\/v2\/users\/26"}],"replies":[{"embeddable":true,"href":"https:\/\/www.switcho.it\/blog\/wp-json\/wp\/v2\/comments?post=87223"}],"version-history":[{"count":5,"href":"https:\/\/www.switcho.it\/blog\/wp-json\/wp\/v2\/posts\/87223\/revisions"}],"predecessor-version":[{"id":87253,"href":"https:\/\/www.switcho.it\/blog\/wp-json\/wp\/v2\/posts\/87223\/revisions\/87253"}],"wp:featuredmedia":[{"embeddable":true,"href":"https:\/\/www.switcho.it\/blog\/wp-json\/wp\/v2\/media\/87226"}],"wp:attachment":[{"href":"https:\/\/www.switcho.it\/blog\/wp-json\/wp\/v2\/media?parent=87223"}],"wp:term":[{"taxonomy":"category","embeddable":true,"href":"https:\/\/www.switcho.it\/blog\/wp-json\/wp\/v2\/categories?post=87223"},{"taxonomy":"post_tag","embeddable":true,"href":"https:\/\/www.switcho.it\/blog\/wp-json\/wp\/v2\/tags?post=87223"}],"curies":[{"name":"wp","href":"https:\/\/api.w.org\/{rel}","templated":true}]}}