{"id":80767,"date":"2024-02-07T14:50:36","date_gmt":"2024-02-07T14:50:36","guid":{"rendered":"https:\/\/www.switcho.it\/blog\/?p=80767"},"modified":"2024-02-08T10:47:38","modified_gmt":"2024-02-08T10:47:38","slug":"prezzo-luce-gas-arera-febbraio-2024","status":"publish","type":"post","link":"https:\/\/www.switcho.it\/blog\/luce-gas\/prezzo-luce-gas-arera-febbraio-2024\/","title":{"rendered":"Costo gas ARERA nel servizio di tutela della vulnerabilit\u00e0 a febbraio 2024"},"content":{"rendered":"<i>Aggiornato il 8 Febbraio 2024<\/i>\n\n\n\n<div style=\"height:30px\" aria-hidden=\"true\" class=\"wp-block-spacer\"><\/div>\n\n\n\n<p>L\u2019aggiornamento dei prezzi del gas ARERA per i clienti del mercato tutelato cambia veste da febbraio 2024. Infatti questo <strong>\u00e8 il primo annuncio di prezzo riguardante i clienti del servizio di tutela della vulnerabilit\u00e0<\/strong>, ossia tutti i clienti vulnerabili che sono rimasti nel regime di prezzi definiti da ARERA anche dopo la chiusura del mercato tutelato.<\/p>\n\n\n\n<p>Ecco i <strong>prezzi ARERA di gas (tutela della vulnerabilit\u00e0) ed energia (mercato tutelato)<\/strong> a febbraio 2024:<\/p>\n\n\n\n<div style=\"height:20px\" aria-hidden=\"true\" class=\"wp-block-spacer\"><\/div>\n\n\n\n<div class=\"wp-block-columns is-layout-flex wp-container-core-columns-is-layout-9d6595d7 wp-block-columns-is-layout-flex\">\n<div class=\"wp-block-column is-layout-flow wp-block-column-is-layout-flow\">\n<style=\"color:#2d3748;\"><div style=\"border: 1px solid #EDF2F7; border-radius:20px; box-shadow:5px 10px 18px #dddddd; padding:20px;\">\n<p align=\"center\"><b>\n\ud83d\udca1 Costo energia ARERA per i clienti vulnerabili nel mercato tutelato\n<\/b>\n<br>\n<\/p><div style=\"padding:15px 5px; font-size:0.85em; line-height:1.8em; text-align:center;\">\n\nLa tariffa per la luce nel 1\u00b0 trimestre del 2024 (gennaio-marzo) \u00e8 <strong>0,2524 \u20ac\/kWh<\/strong> tasse incluse.\n\n<br>\n<br>\n\n<i><a style=\"font-weight:500;\" href=\"https:\/\/www.switcho.it\/blog\/luce-gas\/tariffe-arera\/#prezzo-luce-arera\">Ultimi aggiornamenti prezzo luce ARERA &#8211;><\/a><\/i>\n<\/div>\n\n<p><\/p><\/div><\/style=\"color:#2d3748;\">\n<\/div>\n\n\n\n<div class=\"wp-block-column is-layout-flow wp-block-column-is-layout-flow\">\n<style=\"color:#2d3748;\"><div style=\"border: 1px solid #EDF2F7; border-radius:20px; box-shadow:5px 10px 18px #dddddd; padding:20px;\">\n<p align=\"center\"><b>\n\ud83d\udd25 Costo gas ARERA per servizio di tutela della vulnerabilit\u00e0\n<\/b>\n<br>\n<\/p><div style=\"padding:15px 5px; font-size:0.85em; line-height:1.8em; text-align:center;\">\nLa tariffa per il gas a febbraio 2024, valida per le bollette di gennaio, \u00e8 <strong>1,0456 \u20ac\/Smc<\/strong> tasse incluse. \n\n<br>\n<br>\n\n<i><a style=\"font-weight:500;\" href=\"https:\/\/www.switcho.it\/blog\/luce-gas\/tariffe-arera\/#prezzo-gas-arera\">Ultimi aggiornamenti prezzo gas ARERA &#8211;><\/a><\/i>\n<\/div>\n\n<p><\/p><\/div><\/style=\"color:#2d3748;\">\n<\/div>\n<\/div>\n\n\n\n<div style=\"height:50px\" aria-hidden=\"true\" class=\"wp-block-spacer\"><\/div>\n\n\n\n<p>Cosa fare con le proprie utenze, soprattutto ora che il mercato tutelato del gas non serve pi\u00f9 tutti i clienti non vulnerabili? A breve inquadriamo meglio la situazione, ma prima un consiglio: <a href=\"https:\/\/www.switcho.it\/servizi\/intro\/luce-gas\"><strong>puoi usare Switcho<\/strong><\/a> per trovare le <a href=\"https:\/\/www.switcho.it\/risorse\/luce-gas\/\" target=\"_blank\" rel=\"noreferrer noopener\">migliori offerte luce e gas<\/a> per le tue forniture (il nostro servizio \u00e8 gratuito, 100% digitale e senza call center \ud83d\ude0e)<\/p>\n\n\n\n<div style=\"height:20px\" aria-hidden=\"true\" class=\"wp-block-spacer\"><\/div>\n\n\n\n<div class=\"wp-block-divi-layout\">[et_pb_section fb_built=&#8221;1&#8243; disabled_on=&#8221;on|on|off&#8221; admin_label=&#8221;section&#8221; _builder_version=&#8221;4.18.0&#8243; custom_padding=&#8221;0px||0px||false|false&#8221; global_colors_info=&#8221;{}&#8221;][et_pb_row admin_label=&#8221;row&#8221; _builder_version=&#8221;4.19.1&#8243; background_size=&#8221;initial&#8221; background_position=&#8221;top_left&#8221; background_repeat=&#8221;repeat&#8221; width=&#8221;100%&#8221; max_height=&#8221;1000px&#8221; global_colors_info=&#8221;{}&#8221;][et_pb_column type=&#8221;4_4&#8243; _builder_version=&#8221;4.18.0&#8243; _module_preset=&#8221;default&#8221; global_colors_info=&#8221;{}&#8221;][et_pb_image src=&#8221;https:\/\/www.switcho.it\/blog\/wp-content\/uploads\/2023\/08\/fine-tutela-passa-al-libero.png&#8221; alt=&#8221;passa al mercato libero con switcho&#8221; title_text=&#8221;fine tutela passa al libero&#8221; url=&#8221;https:\/\/www.switcho.it\/servizi\/intro\/luce-gas?ref=cta-tutela-top&#8221; align=&#8221;center&#8221; force_fullwidth=&#8221;on&#8221; src_tablet=&#8221;https:\/\/www.switcho.it\/blog\/wp-content\/uploads\/2022\/11\/banner-energy-top-mobile.png&#8221; src_phone=&#8221;https:\/\/www.switcho.it\/blog\/wp-content\/uploads\/2022\/11\/banner-energy-top-mobile.png&#8221; src_last_edited=&#8221;on|desktop&#8221; _builder_version=&#8221;4.26.0&#8243; _module_preset=&#8221;default&#8221; hover_enabled=&#8221;0&#8243; global_colors_info=&#8221;{}&#8221; sticky_enabled=&#8221;0&#8243;][\/et_pb_image][\/et_pb_column][\/et_pb_row][\/et_pb_section]<\/div>\n\n\n\n<div style=\"height:20px\" aria-hidden=\"true\" class=\"wp-block-spacer\"><\/div>\n\n\n\n<p>Indice<\/p>\n\n\n\n<ul class=\"wp-block-list\">\n<li><a href=\"#prezzo-gas\">Prezzo gas ARERA a febbraio 2024 nel servizio di tutela della vulnerabilit\u00e0<\/a><\/li>\n\n\n\n<li><a href=\"#prezzo-luce\">Aggiornamento prezzo energia ARERA di febbraio 2024<\/a><\/li>\n\n\n\n<li><a href=\"#cosa-fare-gas\">Cosa fare con le tue forniture gas?<\/a><\/li>\n\n\n\n<li><a href=\"#cosa-fare-luce\">E per quanto riguarda la fornitura di elettricit\u00e0?<\/a><\/li>\n\n\n\n<li><a href=\"#novita-2024\">Energia e gas all\u2019inizio del 2024: cosa succede?<\/a><\/li>\n\n\n\n<li><a href=\"#calcolo-tariffe-arera\">Prezzo di gas e luce ARERA: come viene deciso?<\/a><\/li>\n\n\n\n<li><a href=\"#prezzo-mercato-libero\">Costo energia e gas di febbraio 2024 nel mercato libero<\/a><\/li>\n\n\n\n<li><a href=\"#passare-mercato-libero\">Come scegliere la migliore offerta del mercato libero?<\/a><\/li>\n<\/ul>\n\n\n\n<div style=\"height:50px\" aria-hidden=\"true\" class=\"wp-block-spacer\"><\/div>\n\n\n\n<div style=\"height:50px\" aria-hidden=\"true\" class=\"wp-block-spacer\"><\/div>\n\n\n\n<h2 class=\"wp-block-heading\" id=\"prezzo-gas\">Prezzo gas ARERA a febbraio 2024 nel servizio di tutela della vulnerabilit\u00e0<\/h2>\n\n\n\n<div style=\"height:20px\" aria-hidden=\"true\" class=\"wp-block-spacer\"><\/div>\n\n\n\n<p>Questo mese<strong> il costo del gas registra un +6,9%<\/strong> perch\u00e9 risente dell\u2019aumento dell\u2019IVA e degli oneri di sistema, precedentemente scontati ma tornati ai loro valori normali da gennaio. La voce di costo pi\u00f9 pesante, quella della materia gas naturale, invece risulta in calo.<\/p>\n\n\n\n<div style=\"height:20px\" aria-hidden=\"true\" class=\"wp-block-spacer\"><\/div>\n\n\n\n<blockquote class=\"wp-block-quote is-layout-flow wp-block-quote-is-layout-flow\">\n<p><em><em><em><em><em><em>Il prezzo del gas ARERA per la bolletta di gennaio, reso noto a inizio febbraio, <\/em><strong><em>si attesta a 1,046 \u20ac\/Smc tasse incluse <\/em><\/strong><em>(rispetto a 0,978 \u20ac\/Smc dello scorso mese).<\/em><\/em><\/em><\/em><\/em><\/em><\/p>\n<\/blockquote>\n\n\n\n<div style=\"height:20px\" aria-hidden=\"true\" class=\"wp-block-spacer\"><\/div>\n\n\n\n<figure class=\"wp-block-table is-style-stripes\"><table class=\"has-fixed-layout\"><thead><tr><th class=\"has-text-align-center\" data-align=\"center\"><strong>PERIODO<\/strong><\/th><th class=\"has-text-align-center\" data-align=\"center\"><strong>VARIAZIONE PERCENTUALE<\/strong><\/th><th class=\"has-text-align-center\" data-align=\"center\"><strong>COSTO BOLLETTA<\/strong><\/th><\/tr><\/thead><tbody><tr><td class=\"has-text-align-center\" data-align=\"center\">Gennaio<\/td><td class=\"has-text-align-center\" data-align=\"center\">+6,9%<\/td><td class=\"has-text-align-center\" data-align=\"center\">1,046 \u20ac\/Smc (tasse incluse<\/td><\/tr><\/tbody><\/table><\/figure>\n\n\n\n<div style=\"height:20px\" aria-hidden=\"true\" class=\"wp-block-spacer\"><\/div>\n\n\n\n<p>ARERA nei suoi aggiornamenti mensili effettua anche una stima della spesa per la famiglia tipo, calcolata ad oggi su 1400 Smc di consumi di gas all\u2019anno. Con il passaggio al servizio di tutela della vulnerabilit\u00e0, <strong>i consumi tipo passano a 1100 Smc<\/strong>, pertanto la variazione percentuale della spesa annua sar\u00e0 aggiornata a partire da marzo.<\/p>\n\n\n\n<p>In questo grafico puoi vedere <strong>l\u2019andamento del prezzo del gas<\/strong> in tutela negli ultimi mesi:<\/p>\n\n\n\n<div style=\"height:20px\" aria-hidden=\"true\" class=\"wp-block-spacer\"><\/div>\n\n\n\n<div class=\"flourish-embed flourish-chart\" data-src=\"visualisation\/12911238\"><script src=\"https:\/\/public.flourish.studio\/resources\/embed.js\"><\/script><\/div>\n\n\n\n<div style=\"height:20px\" aria-hidden=\"true\" class=\"wp-block-spacer\"><\/div>\n\n\n\n<p class=\"has-background\" style=\"background-color:#f7f8fa\">\u26a0\ufe0f A cosa \u00e8 dovuto l\u2019aumento? La causa \u00e8 il mancato rinnovo dello sconto su IVA e oneri di sistema, che erano stati abbassati grazie al <a href=\"https:\/\/www.switcho.it\/blog\/luce-gas\/decreto-energia-settembre-2023\/\">Decreto Energia di fine settembre 2023<\/a>. Ora <strong>l\u2019IVA sul gas \u00e8 passata dal 5% al 10%-22%<\/strong>, causando un rincaro in bolletta non solo per i clienti vulnerabili ma anche per tutti quelli nel mercato libero.<\/p>\n\n\n\n<div style=\"height:20px\" aria-hidden=\"true\" class=\"wp-block-spacer\"><\/div>\n\n\n\n<p>Ecco una panoramica dei costi nella bolletta gas di gennaio 2024 \ud83d\udc47<\/p>\n\n\n\n<div style=\"height:20px\" aria-hidden=\"true\" class=\"wp-block-spacer\"><\/div>\n\n\n\n<figure class=\"wp-block-table is-style-stripes\"><table class=\"has-fixed-layout\"><thead><tr><th><strong>VOCI DI COSTO<\/strong><\/th><th class=\"has-text-align-center\" data-align=\"center\"><strong>PREZZO IN TUTELA<\/strong><\/th><\/tr><\/thead><tbody><tr><td><strong>Costo per la materia prima gas<\/strong><\/td><td class=\"has-text-align-center\" data-align=\"center\">0,444 \u20ac\/Smc<\/td><\/tr><tr><td><strong>Costo per il trasporto e il contatore<\/strong><\/td><td class=\"has-text-align-center\" data-align=\"center\">0,265 \u20ac\/Smc<\/td><\/tr><tr><td><strong>Oneri di sistema<\/strong><\/td><td class=\"has-text-align-center\" data-align=\"center\">0,024 \u20ac\/Smc<\/td><\/tr><tr><td><strong>Imposte&nbsp;<\/strong><\/td><td class=\"has-text-align-center\" data-align=\"center\">0,313 \u20ac\/Smc<\/td><\/tr><\/tbody><\/table><\/figure>\n\n\n\n<div style=\"height:20px\" aria-hidden=\"true\" class=\"wp-block-spacer\"><\/div>\n\n\n\n<p>In questo grafico trovi, invece, lo spaccato della bolletta in valore percentuale:<\/p>\n\n\n\n<div style=\"height:20px\" aria-hidden=\"true\" class=\"wp-block-spacer\"><\/div>\n\n\n\n<div class=\"flourish-embed flourish-chart\" data-src=\"visualisation\/13496349\"><script src=\"https:\/\/public.flourish.studio\/resources\/embed.js\"><\/script><\/div>\n\n\n\n<div style=\"height:50px\" aria-hidden=\"true\" class=\"wp-block-spacer\"><\/div>\n\n\n\n<h2 class=\"wp-block-heading\" id=\"prezzo-luce\">Aggiornamento prezzo energia ARERA di febbraio 2024<\/h2>\n\n\n\n<div style=\"height:20px\" aria-hidden=\"true\" class=\"wp-block-spacer\"><\/div>\n\n\n\n<p>Nessuna novit\u00e0 a febbraio sul fronte dell\u2019energia elettrica per gli utenti in tutela, infatti gli aggiornamenti in questo caso sono trimestrali. Il prezzo annunciato da ARERA a fine dicembre \u00e8 valido fino a fine marzo e segna <strong>un calo del 10,8%<\/strong> rispetto all\u2019ultimo periodo del 2023.<\/p>\n\n\n\n<div style=\"height:20px\" aria-hidden=\"true\" class=\"wp-block-spacer\"><\/div>\n\n\n\n<blockquote class=\"wp-block-quote is-layout-flow wp-block-quote-is-layout-flow\">\n<p><em><em><em><em><em><em>Nei primi 3 mesi del 2024 il costo della luce per il mercato tutelato si attesta a <\/em><strong><em>0,252 \u20ac\/kWh (tasse incluse)<\/em><\/strong><em>, rispetto ai 0,283 \u20ac\/kWh dello scorso trimestre.<\/em><\/em><\/em><\/em><\/em><\/em><\/p>\n<\/blockquote>\n\n\n\n<div style=\"height:20px\" aria-hidden=\"true\" class=\"wp-block-spacer\"><\/div>\n\n\n\n<figure class=\"wp-block-table is-style-stripes\"><table class=\"has-fixed-layout\"><thead><tr><th class=\"has-text-align-center\" data-align=\"center\"><strong>PERIODO<\/strong><\/th><th class=\"has-text-align-center\" data-align=\"center\"><strong>VARIAZIONE PERCENTUALE<\/strong><\/th><th class=\"has-text-align-center\" data-align=\"center\"><strong>COSTO BOLLETTA<\/strong><\/th><\/tr><\/thead><tbody><tr><td class=\"has-text-align-center\" data-align=\"center\">Gennaio, febbraio, marzo<\/td><td class=\"has-text-align-center\" data-align=\"center\">-10,8%<\/td><td class=\"has-text-align-center\" data-align=\"center\">0,252 \u20ac\/kWh (tasse incluse<\/td><\/tr><\/tbody><\/table><\/figure>\n\n\n\n<div style=\"height:20px\" aria-hidden=\"true\" class=\"wp-block-spacer\"><\/div>\n\n\n\n<p>Rispetto ai picchi elevatissimi del 2022, la differenza ora si sente: stando ai dati ARERA, la famiglia tipo in regime di tutela ha speso in media 684\u20ac nell\u2019anno scorrevole (aprile 2023-marzo 2024), ben <strong>50% in meno rispetto ai 12 mesi precedenti<\/strong>.<\/p>\n\n\n\n<div style=\"height:20px\" aria-hidden=\"true\" class=\"wp-block-spacer\"><\/div>\n\n\n\n<div class=\"flourish-embed flourish-chart\" data-src=\"visualisation\/12911121\"><script src=\"https:\/\/public.flourish.studio\/resources\/embed.js\"><\/script><\/div>\n\n\n\n<div style=\"height:20px\" aria-hidden=\"true\" class=\"wp-block-spacer\"><\/div>\n\n\n\n<p>Quanto pesano in bolletta le varie voci di costo? Qui trovi lo spaccato delle spese che compongono la fattura dell\u2019energia elettrica in regime di tutela \ud83d\udc47<\/p>\n\n\n\n<div style=\"height:20px\" aria-hidden=\"true\" class=\"wp-block-spacer\"><\/div>\n\n\n\n<figure class=\"wp-block-table is-style-stripes\"><table class=\"has-fixed-layout\"><thead><tr><th><strong>VOCI DI COSTO<\/strong><\/th><th class=\"has-text-align-center\" data-align=\"center\"><strong>PREZZO IN TUTELA<\/strong><\/th><\/tr><\/thead><tbody><tr><td><strong>Costo per la materia prima<\/strong><\/td><td class=\"has-text-align-center\" data-align=\"center\">0,144 \u20ac\/kWh<\/td><\/tr><tr><td><strong>Costo per il trasporto e il contatore<\/strong><\/td><td class=\"has-text-align-center\" data-align=\"center\">0,045 \u20ac\/kWh<\/td><\/tr><tr><td><strong>Oneri di sistema<\/strong><\/td><td class=\"has-text-align-center\" data-align=\"center\">0,032 \u20ac\/kWh<\/td><\/tr><tr><td><strong>Imposte&nbsp;<\/strong><\/td><td class=\"has-text-align-center\" data-align=\"center\">0,031 \u20ac\/kWh<\/td><\/tr><\/tbody><\/table><\/figure>\n\n\n\n<div style=\"height:20px\" aria-hidden=\"true\" class=\"wp-block-spacer\"><\/div>\n\n\n\n<p>Ed ecco un grafico a torta che mostra l\u2019impatto di ciascuna voce di costo:<\/p>\n\n\n\n<div style=\"height:20px\" aria-hidden=\"true\" class=\"wp-block-spacer\"><\/div>\n\n\n\n<div class=\"flourish-embed flourish-chart\" data-src=\"visualisation\/13496270\"><script src=\"https:\/\/public.flourish.studio\/resources\/embed.js\"><\/script><\/div>\n\n\n\n<div style=\"height:50px\" aria-hidden=\"true\" class=\"wp-block-spacer\"><\/div>\n\n\n\n<h2 class=\"wp-block-heading\" id=\"cosa-fare-gas\">Cosa fare con le tue forniture gas?<\/h2>\n\n\n\n<div style=\"height:20px\" aria-hidden=\"true\" class=\"wp-block-spacer\"><\/div>\n\n\n\n<p>In questo periodo di transizione dal mercato tutelato al libero, occorre fare un\u2019analisi delle possibili casistiche. Facciamo un recap della situazione:<\/p>\n\n\n\n<div style=\"height:20px\" aria-hidden=\"true\" class=\"wp-block-spacer\"><\/div>\n\n\n\n<blockquote class=\"wp-block-quote is-layout-flow wp-block-quote-is-layout-flow\">\n<p><em>A inizio <\/em><strong><em>gennaio 2024<\/em><\/strong><em> il mercato tutelato del gas ha chiuso. L\u2019unica eccezione sono i <\/em><a href=\"https:\/\/www.switcho.it\/blog\/luce-gas\/clienti-vulnerabili\/\" target=\"_blank\" rel=\"noreferrer noopener\"><em>clienti vulnerabili<\/em><\/a><em> (persone over 75, con disabilit\u00e0 o disagio economico), che possono rimanere in tutela.<\/em><\/p>\n<\/blockquote>\n\n\n\n<div style=\"height:30px\" aria-hidden=\"true\" class=\"wp-block-spacer\"><\/div>\n\n\n\n<h3 class=\"wp-block-heading\">Clienti in servizio di tutela della vulnerabilit\u00e0 gas<\/h3>\n\n\n\n<p>Si tratta del servizio di fornitura gas <strong>riservato ai clienti vulnerabili <\/strong>per i quali l\u2019Autorit\u00e0 ha stabilito il diritto di rimanere nel servizio di tutela della vulnerabilit\u00e0 (ex maggior tutela) con i prezzi che ti abbiamo mostrato poco fa. Puoi comunque scegliere di passare al mercato libero del gas se lo desideri.<\/p>\n\n\n\n<div style=\"height:30px\" aria-hidden=\"true\" class=\"wp-block-spacer\"><\/div>\n\n\n\n<h3 class=\"wp-block-heading\">Clienti NON vulnerabili che non hanno scelto un fornitore del libero<\/h3>\n\n\n\n<p>Se non hai fatto il passaggio al mercato libero in autonomia, da gennaio il tuo fornitore gas applica delle <a href=\"https:\/\/www.switcho.it\/blog\/luce-gas\/rischi-tariffe-placet\/\" target=\"_blank\" rel=\"noreferrer noopener\"><strong>tariffe PLACET in deroga a prezzo variabile<\/strong><\/a>: si tratta di tariffe dove la maggior parte delle voci di costo \u00e8 stabilita da ARERA, ad eccezione di un costo fisso annuale (PFIX).&nbsp;<br>La convenienza di queste offerte <strong>dipende soprattutto dall\u2019entit\u00e0 di questo costo<\/strong>. Per aiutarti a capire qual \u00e8 quello applicato dal tuo fornitore, qui trovi una tabella con i principali fornitori dell\u2019ex servizio di tutela gas \ud83d\udc47<\/p>\n\n\n\n<div style=\"height:20px\" aria-hidden=\"true\" class=\"wp-block-spacer\"><\/div>\n\n\n\n<figure class=\"wp-block-table is-style-stripes\"><table class=\"has-fixed-layout\"><thead><tr><th>FORNITORE<\/th><th class=\"has-text-align-center\" data-align=\"center\">PFIX DOMESTICI<br><strong>\u20ac\/PDR\/anno<\/strong><\/th><th class=\"has-text-align-center\" data-align=\"center\">PFIX CONDOMINI<br><strong>\u20ac\/PDR\/anno<\/strong><\/th><\/tr><\/thead><tbody><tr><td>A2A ENERGIA<\/td><td class=\"has-text-align-center\" data-align=\"center\">130<\/td><td class=\"has-text-align-center\" data-align=\"center\">130<\/td><\/tr><tr><td>E.ON Energia<\/td><td class=\"has-text-align-center\" data-align=\"center\">108<\/td><td class=\"has-text-align-center\" data-align=\"center\">125,64<\/td><\/tr><tr><td>Edison Energia<\/td><td class=\"has-text-align-center\" data-align=\"center\">72<\/td><td class=\"has-text-align-center\" data-align=\"center\">72<\/td><\/tr><tr><td>Enel Energia<\/td><td class=\"has-text-align-center\" data-align=\"center\">105<\/td><td class=\"has-text-align-center\" data-align=\"center\">105<\/td><\/tr><tr><td>ENGIE ITALIA<\/td><td class=\"has-text-align-center\" data-align=\"center\">96<\/td><td class=\"has-text-align-center\" data-align=\"center\">360<\/td><\/tr><tr><td>Eni Plenitude<\/td><td class=\"has-text-align-center\" data-align=\"center\">63,36<\/td><td class=\"has-text-align-center\" data-align=\"center\">83,20<\/td><\/tr><tr><td>Estenergy<\/td><td class=\"has-text-align-center\" data-align=\"center\">93,36<\/td><td class=\"has-text-align-center\" data-align=\"center\">113,20<\/td><\/tr><tr><td>Estra Energie<\/td><td class=\"has-text-align-center\" data-align=\"center\">132<\/td><td class=\"has-text-align-center\" data-align=\"center\">180<\/td><\/tr><tr><td>Hera Comm<\/td><td class=\"has-text-align-center\" data-align=\"center\">93,36<\/td><td class=\"has-text-align-center\" data-align=\"center\">113,20<\/td><\/tr><tr><td>Iren Mercato<\/td><td class=\"has-text-align-center\" data-align=\"center\">120<\/td><td class=\"has-text-align-center\" data-align=\"center\">150<\/td><\/tr><tr><td>Acinque Energia<\/td><td class=\"has-text-align-center\" data-align=\"center\">230<\/td><td class=\"has-text-align-center\" data-align=\"center\">300<\/td><\/tr><tr><td>AGSM AIM ENERGIA<\/td><td class=\"has-text-align-center\" data-align=\"center\">119,88<\/td><td class=\"has-text-align-center\" data-align=\"center\">402<\/td><\/tr><tr><td>AMG GAS<\/td><td class=\"has-text-align-center\" data-align=\"center\">69<\/td><td class=\"has-text-align-center\" data-align=\"center\">120<\/td><\/tr><tr><td>AMGAS<\/td><td class=\"has-text-align-center\" data-align=\"center\">120<\/td><td class=\"has-text-align-center\" data-align=\"center\">180<\/td><\/tr><tr><td>Dolomiti Energia<\/td><td class=\"has-text-align-center\" data-align=\"center\">72<\/td><td class=\"has-text-align-center\" data-align=\"center\">90<\/td><\/tr><tr><td>Prometeo<\/td><td class=\"has-text-align-center\" data-align=\"center\">132<\/td><td class=\"has-text-align-center\" data-align=\"center\">180<\/td><\/tr><tr><td>SALERNO ENERGIA VENDITE<\/td><td class=\"has-text-align-center\" data-align=\"center\">119<\/td><td class=\"has-text-align-center\" data-align=\"center\">300<\/td><\/tr><tr><td>SGR Servizi<\/td><td class=\"has-text-align-center\" data-align=\"center\">108<\/td><td class=\"has-text-align-center\" data-align=\"center\">108<\/td><\/tr><tr><td>ALPERIA SMART SERVICES<\/td><td class=\"has-text-align-center\" data-align=\"center\">105<\/td><td class=\"has-text-align-center\" data-align=\"center\">576<\/td><\/tr><\/tbody><\/table><\/figure>\n\n\n\n<div style=\"height:20px\" aria-hidden=\"true\" class=\"wp-block-spacer\"><\/div>\n\n\n\n<p>In ogni caso, potresti valutare di cambiare offerta per bloccare il prezzo e tutelarti da possibili rincari: il cambio di fornitore \u00e8 gratuito e senza interruzioni della fornitura (<strong>e <\/strong><a href=\"https:\/\/www.switcho.it\/servizi\/intro\/luce-gas\"><strong>con Switcho<\/strong><\/a><strong> \u00e8 ancora pi\u00f9 semplice e senza burocrazia<\/strong> \ud83d\ude0e)<\/p>\n\n\n\n<div style=\"height:30px\" aria-hidden=\"true\" class=\"wp-block-spacer\"><\/div>\n\n\n\n<h3 class=\"wp-block-heading\">Clienti gi\u00e0 nel mercato libero gas<\/h3>\n\n\n\n<p>Per capire se la tua offerta conviene occorre valutare i tuoi consumi e le altre tariffe disponibili sul mercato. Questa comparazione \u00e8 abbastanza complicata, ecco perch\u00e9<strong> puoi farla gestire <\/strong><a href=\"https:\/\/www.switcho.it\/servizi\/intro\/luce-gas\"><strong>a noi di Switcho<\/strong><\/a>: analizziamo la tua bolletta e troviamo le <a href=\"https:\/\/www.switcho.it\/risorse\/gas\/\" target=\"_blank\" rel=\"noreferrer noopener\">offerte gas<\/a> migliorative per la tua fornitura, gestendo anche tutto il cambio di fornitore.<\/p>\n\n\n\n<div style=\"height:50px\" aria-hidden=\"true\" class=\"wp-block-spacer\"><\/div>\n\n\n\n<h2 class=\"wp-block-heading\" id=\"cosa-fare-luce\">E per quanto riguarda la fornitura di elettricit\u00e0?<\/h2>\n\n\n\n<div style=\"height:20px\" aria-hidden=\"true\" class=\"wp-block-spacer\"><\/div>\n\n\n\n<p>Anche in questo caso va fatta una distinzione tra chi si trova in regime di tutela oppure no, soprattutto considerando che <strong>il mercato tutelato chiuder\u00e0 il 1\u00b0 luglio 2024<\/strong>.<\/p>\n\n\n\n<div style=\"height:30px\" aria-hidden=\"true\" class=\"wp-block-spacer\"><\/div>\n\n\n\n<h3 class=\"wp-block-heading\">Clienti nel servizio di maggior tutela<\/h3>\n\n\n\n<p>Posto che puoi <strong>in ogni momento passare al mercato libero <\/strong>dell\u2019energia per usufruire di sconti e offerte su misura per te, ecco l\u2019iter che seguirai dopo luglio in caso tu non faccia una scelta prima:<\/p>\n\n\n\n<ul class=\"wp-block-list\">\n<li><strong>Cliente vulnerabile<\/strong>: potrai continuare a rimanere nel mercato tutelato;<\/li>\n\n\n\n<li><strong>Cliente non vulnerabile<\/strong>: passerai al <a href=\"https:\/\/www.switcho.it\/blog\/luce-gas\/servizio-tutele-graduali\/\" target=\"_blank\" rel=\"noreferrer noopener\">Servizio di Tutele Graduali<\/a> con un fornitore assegnato tramite asta territoriale e con un\u2019<a href=\"https:\/\/www.switcho.it\/blog\/luce-gas\/offerte-placet\/\" target=\"_blank\" rel=\"noreferrer noopener\">offerta PLACET<\/a> uguale per tutti.<\/li>\n<\/ul>\n\n\n\n<p>\ud83d\udca1 Sono stati di recente comunicati gli esiti delle <a href=\"https:\/\/www.switcho.it\/blog\/luce-gas\/fornitori-aste-energia\/\" target=\"_blank\" rel=\"noreferrer noopener\">aste post mercato tutelato<\/a>, in cui 7 fornitori si sono divisi i lotti territoriali. Trova il tuo:<\/p>\n\n\n\n<div style=\"height:20px\" aria-hidden=\"true\" class=\"wp-block-spacer\"><\/div>\n\n\n\n<div style=\"border-radius: 20px; box-shadow: 5px 10px 18px #dddddd; padding: 30px; background-color: #f7f8fa;\">\n    <iframe data-tally-src=\"https:\/\/tally.so\/embed\/nrAD5M?alignLeft=1&#038;hideTitle=1&#038;transparentBackground=1&#038;dynamicHeight=1\" loading=\"lazy\" width=\"100%\" height=\"211\" frameborder=\"0\" marginheight=\"0\" marginwidth=\"0\" title=\"Fornitori STG\"><\/iframe>\n<\/div>\n<script>\n    var d = document,\n        w = \"https:\/\/tally.so\/widgets\/embed.js\",\n        v = function () {\n            \"undefined\" != typeof Tally ? Tally.loadEmbeds() : d.querySelectorAll(\"iframe[data-tally-src]:not([src])\").forEach((function (e) {\n                e.src = e.dataset.tallySrc\n            }))\n        };\n    if (\"undefined\" != typeof Tally) v();\n    else if (d.querySelector('script[src=\"' + w + '\"]') == null) {\n        var s = d.createElement(\"script\");\n        s.src = w, s.onload = v, s.onerror = v, d.body.appendChild(s)\n    };\n<\/script>\n\n\n\n\n<div style=\"height:50px\" aria-hidden=\"true\" class=\"wp-block-spacer\"><\/div>\n\n\n\n<h3 class=\"wp-block-heading\">Clienti gi\u00e0 nel mercato libero della luce<\/h3>\n\n\n\n<p>Come per il gas, anche in questo caso vanno valutati i tuoi consumi, la tua offerta attuale e le altre attivabili sul mercato. Non sai da dove cominciare?<strong> <\/strong><a href=\"https:\/\/www.switcho.it\/servizi\/intro\/luce-gas\"><strong>Ti aiutiamo noi con il nostro servizio gratuito<\/strong><\/a><strong> <\/strong>di analisi della bolletta: scoprirai se ci sono delle tariffe luce migliori o se ti conviene rimanere con quella attuale.<\/p>\n\n\n\n<div style=\"height:20px\" aria-hidden=\"true\" class=\"wp-block-spacer\"><\/div>\n\n\n\n<div class=\"wp-block-divi-layout\">[et_pb_section fb_built=&#8221;1&#8243; disabled_on=&#8221;on|on|off&#8221; admin_label=&#8221;section&#8221; _builder_version=&#8221;4.19.5&#8243; custom_padding=&#8221;0px||0px||false|false&#8221; global_colors_info=&#8221;{}&#8221;][et_pb_row admin_label=&#8221;row&#8221; _builder_version=&#8221;4.19.1&#8243; background_size=&#8221;initial&#8221; background_position=&#8221;top_left&#8221; background_repeat=&#8221;repeat&#8221; width=&#8221;100%&#8221; max_height=&#8221;1000px&#8221; global_colors_info=&#8221;{}&#8221;][et_pb_column type=&#8221;4_4&#8243; _builder_version=&#8221;4.18.0&#8243; _module_preset=&#8221;default&#8221; global_colors_info=&#8221;{}&#8221;][et_pb_image src=&#8221;https:\/\/www.switcho.it\/blog\/wp-content\/uploads\/2025\/09\/risparmia-senza-stress-con-switcho.png&#8221; alt=&#8221;risparmia senza stress con switcho&#8221; title_text=&#8221;risparmia senza stress con switcho&#8221; url=&#8221;https:\/\/www.switcho.it\/servizi?ref=cta-generic-medium&#8221; align=&#8221;center&#8221; force_fullwidth=&#8221;on&#8221; src_tablet=&#8221;https:\/\/www.switcho.it\/blog\/wp-content\/uploads\/2022\/11\/banner-app.png&#8221; src_phone=&#8221;https:\/\/www.switcho.it\/blog\/wp-content\/uploads\/2022\/11\/banner-app.png&#8221; src_last_edited=&#8221;on|phone&#8221; _builder_version=&#8221;4.27.4&#8243; _module_preset=&#8221;default&#8221; hover_enabled=&#8221;0&#8243; global_colors_info=&#8221;{}&#8221; sticky_enabled=&#8221;0&#8243;][\/et_pb_image][\/et_pb_column][\/et_pb_row][\/et_pb_section]<\/div>\n\n\n\n<div class=\"wp-block-divi-layout\">[et_pb_section fb_built=&#8221;1&#8243; disabled_on=&#8221;off|off|on&#8221; admin_label=&#8221;section&#8221; _builder_version=&#8221;4.19.2&#8243; custom_padding=&#8221;0px||0px||false|false&#8221; hover_enabled=&#8221;0&#8243; global_colors_info=&#8221;{}&#8221; sticky_enabled=&#8221;0&#8243;][et_pb_row admin_label=&#8221;row&#8221; _builder_version=&#8221;4.19.1&#8243; background_size=&#8221;initial&#8221; background_position=&#8221;top_left&#8221; background_repeat=&#8221;repeat&#8221; width=&#8221;100%&#8221; max_height=&#8221;1000px&#8221; global_colors_info=&#8221;{}&#8221;][et_pb_column type=&#8221;4_4&#8243; _builder_version=&#8221;4.18.0&#8243; _module_preset=&#8221;default&#8221; global_colors_info=&#8221;{}&#8221;][et_pb_image src=&#8221;https:\/\/www.switcho.it\/blog\/wp-content\/uploads\/2022\/11\/banner-nuova-pratica.png&#8221; alt=&#8221;Nuova pratica switcho&#8221; title_text=&#8221;Scarica l&#8217;app di Switcho&#8221; url=&#8221;https:\/\/switcho.smart.link\/61ttpvh8a&#8221; align=&#8221;center&#8221; force_fullwidth=&#8221;on&#8221; src_tablet=&#8221;https:\/\/www.switcho.it\/blog\/wp-content\/uploads\/2022\/11\/banner-app.png&#8221; src_phone=&#8221;https:\/\/www.switcho.it\/blog\/wp-content\/uploads\/2022\/11\/banner-app.png&#8221; src_last_edited=&#8221;on|phone&#8221; _builder_version=&#8221;4.19.2&#8243; _module_preset=&#8221;default&#8221; hover_enabled=&#8221;0&#8243; global_colors_info=&#8221;{}&#8221; sticky_enabled=&#8221;0&#8243;][\/et_pb_image][\/et_pb_column][\/et_pb_row][\/et_pb_section]<\/div>\n\n\n\n<div style=\"height:20px\" aria-hidden=\"true\" class=\"wp-block-spacer\"><\/div>\n\n\n\n<div style=\"height:20px\" aria-hidden=\"true\" class=\"wp-block-spacer\"><\/div>\n\n\n\n<p>Ecco <strong>alcune guide che potrebbero esserti utili<\/strong> a capire meglio la situazione attuale del mercato luce e gas:<\/p>\n\n\n\n<ul class=\"wp-block-list\">\n<li><a href=\"https:\/\/www.switcho.it\/blog\/luce-gas\/fine-mercato-tutelato-gas\/\" target=\"_blank\" rel=\"noreferrer noopener\">Fine Mercato Tutelato Gas a Gennaio 2024<\/a>&nbsp;<\/li>\n\n\n\n<li><a href=\"https:\/\/www.switcho.it\/blog\/luce-gas\/servizio-elettrico-nazionale-chiude\/\" target=\"_blank\" rel=\"noreferrer noopener\">Quando chiude il Servizio Elettrico Nazionale?<\/a><\/li>\n\n\n\n<li><a href=\"https:\/\/www.switcho.it\/blog\/luce-gas\/capire-mercato-tutelato-libero\/\" target=\"_blank\" rel=\"noreferrer noopener\">Come Capire se sei nel Mercato Libero o Tutelato?<\/a><\/li>\n<\/ul>\n\n\n\n<div style=\"height:50px\" aria-hidden=\"true\" class=\"wp-block-spacer\"><\/div>\n\n\n\n<h2 class=\"wp-block-heading\" id=\"novita-2024\">Energia e gas all\u2019inizio del 2024: cosa succede?<\/h2>\n\n\n\n<div style=\"height:20px\" aria-hidden=\"true\" class=\"wp-block-spacer\"><\/div>\n\n\n\n<p>Nell\u2019ultima parte dello scorso anno i prezzi hanno avuto una lieve crescita in corrispondenza dello scoppio della guerra a Gaza, per poi tornare stabili.<\/p>\n\n\n\n<div style=\"height:20px\" aria-hidden=\"true\" class=\"wp-block-spacer\"><\/div>\n\n\n\n<blockquote class=\"wp-block-quote is-layout-flow wp-block-quote-is-layout-flow\">\n<p><em><em><em><em><strong><em>A febbraio 2024 vediamo un calo dei costi di luce e gas<\/em><\/strong><em>, imputabili all\u2019inverno mite e alle riserve di gas europee piene quasi al 90% (anche a causa della contrazione dei consumi di gas nel settore termoelettrico).<\/em><\/em><\/em><\/em><\/em><\/p>\n<\/blockquote>\n\n\n\n<div style=\"height:20px\" aria-hidden=\"true\" class=\"wp-block-spacer\"><\/div>\n\n\n\n<p>Una condizione favorevole ad alcuni cambiamenti nelle bollette che prendono il via proprio da gennaio (visibili quindi dalle bollette di febbraio):<\/p>\n\n\n\n<ul class=\"wp-block-list emoji_bullets emoji_hand_right\">\n<li><strong>Il ritorno dell\u2019<\/strong><a href=\"https:\/\/www.switcho.it\/blog\/luce-gas\/iva-gas\/\" target=\"_blank\" rel=\"noreferrer noopener\"><strong>IVA sul gas<\/strong><\/a> <strong>standard<\/strong>: fino al 31 dicembre 2023 era stata abbassata al 5% per contrastare il caro bollette; ora torna ad essere al 10% per i primi 480 Smc e al 22% per i consumi successivi.<\/li>\n\n\n\n<li><strong>Il ritorno degli <\/strong><a href=\"https:\/\/www.switcho.it\/blog\/luce-gas\/oneri-di-sistema\/\" target=\"_blank\" rel=\"noreferrer noopener\"><strong>oneri di sistema<\/strong><\/a><strong> gas<\/strong>: anch\u2019essi azzerati per far fronte alla crisi, si ripresentano in bolletta nel 2024.<\/li>\n\n\n\n<li><strong>Abbassamento della soglia ISEE per <\/strong><a href=\"https:\/\/www.switcho.it\/blog\/luce-gas\/bonus-bollette-2024\/\" target=\"_blank\" rel=\"noreferrer noopener\"><strong>bonus bollette<\/strong><\/a>: negli ultimi 2 anni era stato rafforzato con un&#8217;espansione della soglia ISEE a 15mila euro; ora il bonus torna ad essere applicato solo alle famiglie con ISEE sotto ai 9530 euro (che sale a 20mila euro per le famiglie numerose con almeno 4 figli), con l\u2019eccezione del bonus luce ma solo per il primo trimestre.<\/li>\n<\/ul>\n\n\n\n<div style=\"height:50px\" aria-hidden=\"true\" class=\"wp-block-spacer\"><\/div>\n\n\n\n<h2 class=\"wp-block-heading\" id=\"calcolo-tariffe-arera\">Prezzo di gas e luce ARERA: come viene deciso?<\/h2>\n\n\n\n<div style=\"height:20px\" aria-hidden=\"true\" class=\"wp-block-spacer\"><\/div>\n\n\n\n<p>Il prezzo comunicato da ARERA dipende da<strong> numerosi fattori economici, geopolitici, climatici, sociali<\/strong>, ecc. Si basa infatti sull\u2019andamento dei prezzi di luce e gas sul mercato all\u2019ingrosso.<\/p>\n\n\n\n<p>L\u2019Autorit\u00e0 formula il prezzo dell\u2019energia elettrica trimestralmente e quello del gas mensilmente. Nel dettaglio:<\/p>\n\n\n\n<div style=\"height:20px\" aria-hidden=\"true\" class=\"wp-block-spacer\"><\/div>\n\n\n\n<figure class=\"wp-block-table is-style-stripes\"><table class=\"has-fixed-layout\"><thead><tr><th><strong>\ud83d\udca1<\/strong> <strong>ELETTRICIT\u00c0<\/strong><\/th><th>\ud83d\udd25 <strong>GAS<\/strong><\/th><\/tr><\/thead><tbody><tr><td><strong>Aggiornamento ogni 3 mesi<\/strong> (gennaio, aprile, luglio, ottobre)<\/td><td><strong>Aggiornamento mensile<\/strong><\/td><\/tr><tr><td><strong>Calcolo ex-ante<\/strong>: all\u2019inizio del trimestre si annuncia il prezzo per i successivi 3 mesi.<\/td><td><strong>Calcolo ex-post<\/strong>: alla fine del mese si annuncia il prezzo riferito al mese appena trascorso.<\/td><\/tr><\/tbody><\/table><\/figure>\n\n\n\n<div style=\"height:20px\" aria-hidden=\"true\" class=\"wp-block-spacer\"><\/div>\n\n\n\n<p>Le <a href=\"https:\/\/www.switcho.it\/blog\/luce-gas\/tariffe-arera\/\" target=\"_blank\" rel=\"noreferrer noopener\">tariffe ARERA<\/a> di febbraio 2024:<\/p>\n\n\n\n<ul class=\"wp-block-list emoji_bullets emoji_hand_right\">\n<li><strong>Per l\u2019energia elettrica<\/strong>: si riferiscono alle bollette di gennaio, febbraio e marzo dei clienti in regime di tutela;<\/li>\n\n\n\n<li><strong>Per il gas<\/strong>: si riferiscono alle bollette di gennaio dei clienti in servizio di tutela della vulnerabilit\u00e0.<\/li>\n<\/ul>\n\n\n\n<div style=\"height:50px\" aria-hidden=\"true\" class=\"wp-block-spacer\"><\/div>\n\n\n\n<h2 class=\"wp-block-heading\" id=\"prezzo-mercato-libero\">Costo energia e gas di febbraio 2024 nel mercato libero<\/h2>\n\n\n\n<div style=\"height:20px\" aria-hidden=\"true\" class=\"wp-block-spacer\"><\/div>\n\n\n\n<p>Quanto pagano i clienti nel mercato libero? Non c\u2019\u00e8 una risposta univoca dal momento che il costo <strong>dipende dal tipo di offerta<\/strong> che pu\u00f2 essere <a href=\"https:\/\/www.switcho.it\/blog\/luce-gas\/prezzo-indicizzato-o-fisso\/\" target=\"_blank\" rel=\"noreferrer noopener\">a prezzo indicizzato o fisso<\/a>:<\/p>\n\n\n\n<ul class=\"wp-block-list emoji_bullets emoji_hand_right\">\n<li><strong>Offerta a prezzo fisso<\/strong>: il costo della materia prima \u00e8 bloccato per tutta la durata del contratto, quindi non risente delle variazioni di prezzo all\u2019ingrosso.<\/li>\n\n\n\n<li><strong>Offerta a prezzo indicizzato (o variabile)<\/strong>: segue le oscillazioni del mercato; il prezzo \u00e8 composto dal PUN o dal PSV, a cui si sommano uno spread e\/o un costo fisso.<\/li>\n<\/ul>\n\n\n\n<p>Il <a href=\"https:\/\/www.switcho.it\/blog\/luce-gas\/pun-energia\/\" target=\"_blank\" rel=\"noreferrer noopener\"><strong>PUN (Prezzo Unitario Nazionale)<\/strong><\/a> per l\u2019energia e il <a href=\"https:\/\/www.switcho.it\/blog\/luce-gas\/psv-gas\/\" target=\"_blank\" rel=\"noreferrer noopener\"><strong>PSV (Punto di Scambio Virtuale)<\/strong><\/a> per il gas sono gli indici di riferimento che esprimono il prezzo delle materie prime all\u2019ingrosso.<\/p>\n\n\n\n<div class=\"wp-block-columns is-layout-flex wp-container-core-columns-is-layout-9d6595d7 wp-block-columns-is-layout-flex\">\n<div class=\"wp-block-column is-layout-flow wp-block-column-is-layout-flow\">\n<div style=\"height:30px\" aria-hidden=\"true\" class=\"wp-block-spacer\"><\/div>\n\n\n\n<style=\"color:#2d3748;\"><div style=\"border: 1px solid #EDF2F7; border-radius:20px; box-shadow:5px 10px 18px #dddddd; padding:20px;\">\n<p align=\"center\"><b>\n\ud83d\udca1 PUN GME (Prezzo Unico Nazionale)\n<\/b>\n<br>\n<\/p><div style=\"padding:15px 5px; font-size:0.85em; line-height:1.8em; text-align:center;\">\n\nIl PUN index GME \u00e8 il prezzo all\u2019ingrosso dell\u2019energia elettrica pagato dai fornitori. A febbraio 2024 corrisponde a <strong>0,0876 \u20ac\/kWh<\/strong>.\n\n<br>\n<br>\n\n<i><a style=\"font-weight:500;\" href=\"https:\/\/www.switcho.it\/blog\/luce-gas\/pun-energia\/\">Andamento storico e indice PUN di oggi &#8211;><\/a><\/i>\n<\/div>\n\n<p><\/p><\/div><\/style=\"color:#2d3748;\">\n<\/div>\n\n\n\n<div class=\"wp-block-column is-layout-flow wp-block-column-is-layout-flow\">\n<div style=\"height:30px\" aria-hidden=\"true\" class=\"wp-block-spacer\"><\/div>\n\n\n\n<style=\"color:#2d3748;\"><div style=\"border: 1px solid #EDF2F7; border-radius:20px; box-shadow:5px 10px 18px #dddddd; padding:20px;\">\n<p align=\"center\"><b>\n\ud83d\udd25 PSV (Punto di Scambio Virtuale)\n<\/b>\n<br>\n<\/p><div style=\"padding:15px 5px; font-size:0.85em; line-height:1.8em; text-align:center;\">\nIl PSV indica il prezzo all\u2019ingrosso del gas pagato dai fornitori. A febbraio 2024 corrisponde a <strong>0,2979 \u20ac\/Smc<\/strong>.\n\n<br>\n<br>\n\n<i><a style=\"font-weight:500;\" href=\"https:\/\/www.switcho.it\/blog\/luce-gas\/psv-gas\/\">Andamento storico e indice PSV di oggi &#8211;><\/a><\/i>\n<\/div>\n\n<p><\/p><\/div><\/style=\"color:#2d3748;\">\n<\/div>\n<\/div>\n\n\n\n<div style=\"height:50px\" aria-hidden=\"true\" class=\"wp-block-spacer\"><\/div>\n\n\n\n<p>In questo grafico trovi i valori di PUN e PSV degli ultimi mesi, che aiutano a capire come si sono mossi i prezzi per i clienti con offerte a prezzo variabile \ud83d\udc47<\/p>\n\n\n\n<div style=\"height:20px\" aria-hidden=\"true\" class=\"wp-block-spacer\"><\/div>\n\n\n\n<div class=\"flourish-embed flourish-chart\" data-src=\"visualisation\/12912296\"><script src=\"https:\/\/public.flourish.studio\/resources\/embed.js\"><\/script><\/div>\n\n\n\n<div style=\"height:20px\" aria-hidden=\"true\" class=\"wp-block-spacer\"><\/div>\n\n\n\n<div style=\"height:20px\" aria-hidden=\"true\" class=\"wp-block-spacer\"><\/div>\n\n\n\n<h2 class=\"wp-block-heading\" id=\"passare-mercato-libero\">Come scegliere la migliore offerta del mercato libero?<\/h2>\n\n\n\n<div style=\"height:20px\" aria-hidden=\"true\" class=\"wp-block-spacer\"><\/div>\n\n\n\n<p>Ormai ti sar\u00e0 chiaro: <strong>il servizio di tutela gas ha chiuso a gennaio 2024 mentre quello della luce chiuder\u00e0 a luglio 2024<\/strong>. Se non hai ancora fatto il passaggio al mercato libero, quindi, puoi valutare di farlo (magari optando per <strong>un\u2019offerta a prezzo fisso<\/strong> in grado di tutelarti da eventuali rincari).<\/p>\n\n\n\n<p>Il passaggio \u00e8:<\/p>\n\n\n\n<ul class=\"wp-block-list emoji_bullets emoji_check_mark\">\n<li><strong>Gratuito<\/strong><\/li>\n\n\n\n<li><strong>Senza interruzioni di fornitura<\/strong><\/li>\n\n\n\n<li><strong>Senza interventi tecnici<\/strong> sul contatore o di altro tipo<\/li>\n<\/ul>\n\n\n\n<p>Hai dubbi su quali offerte luce e gas siano pi\u00f9 adatte a te? Non temere, \u00e8 normalissimo: il mercato energetico \u00e8 complesso e Switcho nasce proprio con l\u2019obiettivo di semplificarlo. Con il <a href=\"https:\/\/www.switcho.it\/servizi\/intro\/luce-gas\"><strong>nostro servizio gratuito<\/strong><\/a> ti suggeriamo le migliori offerte e gestiamo anche tutta la burocrazia del cambio al posto tuo \ud83d\ude07<\/p>\n\n\n\n<div style=\"height:20px\" aria-hidden=\"true\" class=\"wp-block-spacer\"><\/div>\n\n\n\n<div class=\"wp-block-divi-layout\">[et_pb_section fb_built=&#8221;1&#8243; disabled_on=&#8221;off|off|off&#8221; admin_label=&#8221;section&#8221; _builder_version=&#8221;4.19.1&#8243; custom_padding=&#8221;0px||0px||false|false&#8221; global_colors_info=&#8221;{}&#8221;][et_pb_row admin_label=&#8221;row&#8221; _builder_version=&#8221;4.19.1&#8243; background_size=&#8221;initial&#8221; background_position=&#8221;top_left&#8221; background_repeat=&#8221;repeat&#8221; width=&#8221;100%&#8221; max_height=&#8221;1000px&#8221; global_colors_info=&#8221;{}&#8221;][et_pb_column type=&#8221;4_4&#8243; _builder_version=&#8221;4.18.0&#8243; _module_preset=&#8221;default&#8221; global_colors_info=&#8221;{}&#8221;][et_pb_image src=&#8221;https:\/\/www.switcho.it\/blog\/wp-content\/uploads\/2022\/11\/banner-energy-low-desktop.png&#8221; alt=&#8221;risparmia sulle bollette con switcho&#8221; title_text=&#8221;risparmia sulle bollette con switcho&#8221; url=&#8221;http:\/\/www.switcho.it\/servizi\/intro\/luce-gas?ref=cta-energy-low&#8221; align=&#8221;center&#8221; force_fullwidth=&#8221;on&#8221; src_tablet=&#8221;https:\/\/www.switcho.it\/blog\/wp-content\/uploads\/2022\/11\/banner-energy-low-mobile.png&#8221; src_phone=&#8221;https:\/\/www.switcho.it\/blog\/wp-content\/uploads\/2022\/11\/banner-energy-low-mobile.png&#8221; src_last_edited=&#8221;on|desktop&#8221; _builder_version=&#8221;4.21.0&#8243; _module_preset=&#8221;default&#8221; hover_enabled=&#8221;0&#8243; global_colors_info=&#8221;{}&#8221; sticky_enabled=&#8221;0&#8243;][\/et_pb_image][\/et_pb_column][\/et_pb_row][\/et_pb_section]<\/div>\n\n\n\n<div style=\"height:50px\" aria-hidden=\"true\" class=\"wp-block-spacer\"><\/div>\n\n\n\n<div class=\"wp-block-divi-layout\">[et_pb_section fb_built=&#8221;1&#8243; disabled_on=&#8221;off|off|off&#8221; admin_label=&#8221;section&#8221; _builder_version=&#8221;4.19.2&#8243; custom_padding=&#8221;0px||0px||false|false&#8221; global_colors_info=&#8221;{}&#8221;][et_pb_row admin_label=&#8221;row&#8221; _builder_version=&#8221;4.19.1&#8243; background_size=&#8221;initial&#8221; background_position=&#8221;top_left&#8221; background_repeat=&#8221;repeat&#8221; width=&#8221;100%&#8221; max_height=&#8221;1000px&#8221; global_colors_info=&#8221;{}&#8221;][et_pb_column type=&#8221;4_4&#8243; _builder_version=&#8221;4.18.0&#8243; _module_preset=&#8221;default&#8221; global_colors_info=&#8221;{}&#8221;][et_pb_toggle title=&#8221;Fonti&#8221; open_toggle_background_color=&#8221;#F7F8FA&#8221; closed_toggle_text_color=&#8221;#2D3748&#8243; closed_toggle_background_color=&#8221;#f7f8fa&#8221; _builder_version=&#8221;4.24.0&#8243; _module_preset=&#8221;default&#8221; title_level=&#8221;h4&#8243; title_font=&#8221;||||||||&#8221; title_font_size=&#8221;18px&#8221; title_line_height=&#8221;1.7em&#8221; closed_title_font=&#8221;||||||||&#8221; closed_title_font_size=&#8221;18px&#8221; body_font=&#8221;||||||||&#8221; hover_enabled=&#8221;0&#8243; body_font_size_tablet=&#8221;16px&#8221; body_font_size_phone=&#8221;16px&#8221; body_font_size_last_edited=&#8221;on|phone&#8221; border_width_all=&#8221;0px&#8221; global_colors_info=&#8221;{}&#8221; sticky_enabled=&#8221;0&#8243;]<p><span>Valore CMEMm &#8211; Servizio di tutela della vulnerabilit\u00e0 | ARERA<\/span><br><span><a href=\"https:\/\/www.arera.it\/area-operatori\/prezzi-e-tariffe\/valore-cmemm-vulnerabili\" target=\"_blank\" rel=\"noreferrer noopener nofollow\">https:\/\/www.arera.it\/area-operatori\/prezzi-e-tariffe\/valore-cmemm-vulnerabili<\/a><\/span><\/p>\n<p><span>Elettricit\u00e0: bolletta in tutela -10,8% nel primo trimestre 2024 | ARERA<\/span><br><span><a href=\"https:\/\/www.arera.it\/comunicati-stampa\/dettaglio\/elettricita-bolletta-in-tutela-108-nel-primo-trimestre-2024\" target=\"_blank\" rel=\"noreferrer noopener nofollow\">https:\/\/www.arera.it\/comunicati-stampa\/dettaglio\/elettricita-bolletta-in-tutela-108-nel-primo-trimestre-2024<\/a><\/span><\/p>[\/et_pb_toggle][\/et_pb_column][\/et_pb_row][\/et_pb_section]<\/div>\n\n\n\n<div style=\"height:50px\" aria-hidden=\"true\" class=\"wp-block-spacer\"><\/div>\n","protected":false},"excerpt":{"rendered":"<p>Il primo aggiornamento di prezzo per i clienti gas vulnerabili comunicato da ARERA registra un +6,9% rispetto al mese precedente. <\/p>\n","protected":false},"author":26,"featured_media":80770,"comment_status":"closed","ping_status":"closed","sticky":false,"template":"","format":"standard","meta":{"_et_pb_use_builder":"off","_et_pb_old_content":"","_et_gb_content_width":"","_lmt_disableupdate":"yes","_lmt_disable":"","footnotes":""},"categories":[163],"tags":[70,403],"class_list":["post-80767","post","type-post","status-publish","format-standard","has-post-thumbnail","hentry","category-osservatorio","tag-mercato-tutelato","tag-news-luce-gas"],"yoast_head":"<!-- This site is optimized with the Yoast SEO plugin v27.2 - https:\/\/yoast.com\/product\/yoast-seo-wordpress\/ -->\n<title>Prezzo gas ARERA febbraio 2024: costo in tutela della vulnerabilit\u00e0 - Switcho<\/title>\n<meta name=\"description\" content=\"Il primo aggiornamento di prezzo per i clienti gas vulnerabili comunicato da ARERA registra un +6,9% rispetto al mese precedente.\" \/>\n<meta name=\"robots\" content=\"index, follow, max-snippet:-1, max-image-preview:large, max-video-preview:-1\" \/>\n<link rel=\"canonical\" href=\"https:\/\/www.switcho.it\/blog\/luce-gas\/prezzo-luce-gas-arera-febbraio-2024\/\" \/>\n<meta property=\"og:locale\" content=\"it_IT\" \/>\n<meta property=\"og:type\" content=\"article\" \/>\n<meta property=\"og:title\" content=\"Prezzo gas ARERA febbraio 2024: costo in tutela della vulnerabilit\u00e0 - Switcho\" \/>\n<meta property=\"og:description\" content=\"Il primo aggiornamento di prezzo per i clienti gas vulnerabili comunicato da ARERA registra un +6,9% rispetto al mese precedente.\" \/>\n<meta property=\"og:url\" content=\"https:\/\/www.switcho.it\/blog\/luce-gas\/prezzo-luce-gas-arera-febbraio-2024\/\" \/>\n<meta property=\"og:site_name\" content=\"Switcho\" \/>\n<meta property=\"article:published_time\" content=\"2024-02-07T14:50:36+00:00\" \/>\n<meta property=\"article:modified_time\" content=\"2024-02-08T10:47:38+00:00\" \/>\n<meta property=\"og:image\" content=\"https:\/\/www.switcho.it\/blog\/wp-content\/uploads\/2024\/02\/prezzo-gas-arera-febbraio-2024-tutela-vulnerbilita.png\" \/>\n\t<meta property=\"og:image:width\" content=\"1200\" \/>\n\t<meta property=\"og:image:height\" content=\"800\" \/>\n\t<meta property=\"og:image:type\" content=\"image\/png\" \/>\n<meta name=\"author\" content=\"Redi Vyshka\" \/>\n<meta name=\"twitter:card\" content=\"summary_large_image\" \/>\n<meta name=\"twitter:title\" content=\"Prezzo gas ARERA febbraio 2024: costo in tutela della vulnerabilit\u00e0 - Switcho\" \/>\n<meta name=\"twitter:description\" content=\"Il primo aggiornamento di prezzo per i clienti gas vulnerabili comunicato da ARERA registra un +6,9% rispetto al mese precedente.\" \/>\n<meta name=\"twitter:image\" content=\"https:\/\/www.switcho.it\/blog\/wp-content\/uploads\/2024\/02\/prezzo-gas-arera-febbraio-2024-tutela-vulnerbilita.png\" \/>\n<meta name=\"twitter:label1\" content=\"Scritto da\" \/>\n\t<meta name=\"twitter:data1\" content=\"Redi Vyshka\" \/>\n\t<meta name=\"twitter:label2\" content=\"Tempo di lettura stimato\" \/>\n\t<meta name=\"twitter:data2\" content=\"12 minuti\" \/>\n<script type=\"application\/ld+json\" class=\"yoast-schema-graph\">{\"@context\":\"https:\/\/schema.org\",\"@graph\":[{\"@type\":\"Article\",\"@id\":\"https:\/\/www.switcho.it\/blog\/luce-gas\/prezzo-luce-gas-arera-febbraio-2024\/#article\",\"isPartOf\":{\"@id\":\"https:\/\/www.switcho.it\/blog\/luce-gas\/prezzo-luce-gas-arera-febbraio-2024\/\"},\"author\":{\"name\":\"Redi Vyshka\",\"@id\":\"https:\/\/www.switcho.it\/blog\/#\/schema\/person\/0ded3a7e3f8a1379815652dba2c813b5\"},\"headline\":\"Costo gas ARERA nel servizio di tutela della vulnerabilit\u00e0 a febbraio 2024\",\"datePublished\":\"2024-02-07T14:50:36+00:00\",\"dateModified\":\"2024-02-08T10:47:38+00:00\",\"mainEntityOfPage\":{\"@id\":\"https:\/\/www.switcho.it\/blog\/luce-gas\/prezzo-luce-gas-arera-febbraio-2024\/\"},\"wordCount\":2191,\"publisher\":{\"@id\":\"https:\/\/www.switcho.it\/blog\/#organization\"},\"image\":{\"@id\":\"https:\/\/www.switcho.it\/blog\/luce-gas\/prezzo-luce-gas-arera-febbraio-2024\/#primaryimage\"},\"thumbnailUrl\":\"https:\/\/www.switcho.it\/blog\/wp-content\/uploads\/2024\/02\/prezzo-gas-arera-febbraio-2024-tutela-vulnerbilita.png\",\"keywords\":[\"mercato tutelato\",\"news luce e gas\"],\"articleSection\":[\"Osservatorio Luce e Gas\"],\"inLanguage\":\"it-IT\"},{\"@type\":\"WebPage\",\"@id\":\"https:\/\/www.switcho.it\/blog\/luce-gas\/prezzo-luce-gas-arera-febbraio-2024\/\",\"url\":\"https:\/\/www.switcho.it\/blog\/luce-gas\/prezzo-luce-gas-arera-febbraio-2024\/\",\"name\":\"Prezzo gas ARERA febbraio 2024: costo in tutela della vulnerabilit\u00e0 - Switcho\",\"isPartOf\":{\"@id\":\"https:\/\/www.switcho.it\/blog\/#website\"},\"primaryImageOfPage\":{\"@id\":\"https:\/\/www.switcho.it\/blog\/luce-gas\/prezzo-luce-gas-arera-febbraio-2024\/#primaryimage\"},\"image\":{\"@id\":\"https:\/\/www.switcho.it\/blog\/luce-gas\/prezzo-luce-gas-arera-febbraio-2024\/#primaryimage\"},\"thumbnailUrl\":\"https:\/\/www.switcho.it\/blog\/wp-content\/uploads\/2024\/02\/prezzo-gas-arera-febbraio-2024-tutela-vulnerbilita.png\",\"datePublished\":\"2024-02-07T14:50:36+00:00\",\"dateModified\":\"2024-02-08T10:47:38+00:00\",\"description\":\"Il primo aggiornamento di prezzo per i clienti gas vulnerabili comunicato da ARERA registra un +6,9% rispetto al mese precedente.\",\"breadcrumb\":{\"@id\":\"https:\/\/www.switcho.it\/blog\/luce-gas\/prezzo-luce-gas-arera-febbraio-2024\/#breadcrumb\"},\"inLanguage\":\"it-IT\",\"potentialAction\":[{\"@type\":\"ReadAction\",\"target\":[\"https:\/\/www.switcho.it\/blog\/luce-gas\/prezzo-luce-gas-arera-febbraio-2024\/\"]}]},{\"@type\":\"ImageObject\",\"inLanguage\":\"it-IT\",\"@id\":\"https:\/\/www.switcho.it\/blog\/luce-gas\/prezzo-luce-gas-arera-febbraio-2024\/#primaryimage\",\"url\":\"https:\/\/www.switcho.it\/blog\/wp-content\/uploads\/2024\/02\/prezzo-gas-arera-febbraio-2024-tutela-vulnerbilita.png\",\"contentUrl\":\"https:\/\/www.switcho.it\/blog\/wp-content\/uploads\/2024\/02\/prezzo-gas-arera-febbraio-2024-tutela-vulnerbilita.png\",\"width\":1200,\"height\":800,\"caption\":\"prezzo gas arera febbraio 2024 tutela vulnerabilit\u00e0\"},{\"@type\":\"BreadcrumbList\",\"@id\":\"https:\/\/www.switcho.it\/blog\/luce-gas\/prezzo-luce-gas-arera-febbraio-2024\/#breadcrumb\",\"itemListElement\":[{\"@type\":\"ListItem\",\"position\":1,\"name\":\"Home\",\"item\":\"https:\/\/www.switcho.it\/blog\/\"},{\"@type\":\"ListItem\",\"position\":2,\"name\":\"Luce e Gas\",\"item\":\"https:\/\/www.switcho.it\/blog\/luce-gas\/\"},{\"@type\":\"ListItem\",\"position\":3,\"name\":\"Osservatorio Luce e Gas\",\"item\":\"https:\/\/www.switcho.it\/blog\/luce-gas\/osservatorio\/\"},{\"@type\":\"ListItem\",\"position\":4,\"name\":\"Costo gas ARERA nel servizio di tutela della vulnerabilit\u00e0 a febbraio 2024\"}]},{\"@type\":\"WebSite\",\"@id\":\"https:\/\/www.switcho.it\/blog\/#website\",\"url\":\"https:\/\/www.switcho.it\/blog\/\",\"name\":\"Switcho\",\"description\":\"Il blog semplice, per davvero.\",\"publisher\":{\"@id\":\"https:\/\/www.switcho.it\/blog\/#organization\"},\"potentialAction\":[{\"@type\":\"SearchAction\",\"target\":{\"@type\":\"EntryPoint\",\"urlTemplate\":\"https:\/\/www.switcho.it\/blog\/?s={search_term_string}\"},\"query-input\":{\"@type\":\"PropertyValueSpecification\",\"valueRequired\":true,\"valueName\":\"search_term_string\"}}],\"inLanguage\":\"it-IT\"},{\"@type\":\"Organization\",\"@id\":\"https:\/\/www.switcho.it\/blog\/#organization\",\"name\":\"Switcho\",\"url\":\"https:\/\/www.switcho.it\/blog\/\",\"logo\":{\"@type\":\"ImageObject\",\"inLanguage\":\"it-IT\",\"@id\":\"https:\/\/www.switcho.it\/blog\/#\/schema\/logo\/image\/\",\"url\":\"https:\/\/www.switcho.it\/blog\/wp-content\/uploads\/2021\/03\/Switcho-Logotype-Green.png\",\"contentUrl\":\"https:\/\/www.switcho.it\/blog\/wp-content\/uploads\/2021\/03\/Switcho-Logotype-Green.png\",\"width\":1507,\"height\":597,\"caption\":\"Switcho\"},\"image\":{\"@id\":\"https:\/\/www.switcho.it\/blog\/#\/schema\/logo\/image\/\"}},{\"@type\":\"Person\",\"@id\":\"https:\/\/www.switcho.it\/blog\/#\/schema\/person\/0ded3a7e3f8a1379815652dba2c813b5\",\"name\":\"Redi Vyshka\",\"image\":{\"@type\":\"ImageObject\",\"inLanguage\":\"it-IT\",\"@id\":\"https:\/\/secure.gravatar.com\/avatar\/ec58c8b79072f95e408bc3acbd2af80bf47fb27de3effe029126423d57d13d49?s=96&d=mm&r=g\",\"url\":\"https:\/\/secure.gravatar.com\/avatar\/ec58c8b79072f95e408bc3acbd2af80bf47fb27de3effe029126423d57d13d49?s=96&d=mm&r=g\",\"contentUrl\":\"https:\/\/secure.gravatar.com\/avatar\/ec58c8b79072f95e408bc3acbd2af80bf47fb27de3effe029126423d57d13d49?s=96&d=mm&r=g\",\"caption\":\"Redi Vyshka\"},\"description\":\"COO e co-fondatore di Switcho, esperto nei campi della consulenza manageriale e della finanza aziendale, Redi ha contribuito nel 2019 alla progettazione e al lancio del primo servizio in Italia che, con pochi clic, consente di analizzare le proprie spese di casa e di trovare le opportunit\u00e0 personalizzate di risparmio, dimenticandosi la burocrazia. Dalla nascita di Switcho, Redi prende parte a numerosi eventi su startup e settore energetico, grazie alla sua competenza pluriennale nel mercato delle forniture di gas e luce e nelle soluzioni per ridurre i costi in bolletta. Leggi tutti i suoi articoli e seguilo su LinkedIn.\",\"sameAs\":[\"http:\/\/blog.switcho.net\"],\"url\":\"https:\/\/www.switcho.it\/blog\/author\/redi-vyshka\/\"}]}<\/script>\n<!-- \/ Yoast SEO plugin. -->","yoast_head_json":{"title":"Prezzo gas ARERA febbraio 2024: costo in tutela della vulnerabilit\u00e0 - Switcho","description":"Il primo aggiornamento di prezzo per i clienti gas vulnerabili comunicato da ARERA registra un +6,9% rispetto al mese precedente.","robots":{"index":"index","follow":"follow","max-snippet":"max-snippet:-1","max-image-preview":"max-image-preview:large","max-video-preview":"max-video-preview:-1"},"canonical":"https:\/\/www.switcho.it\/blog\/luce-gas\/prezzo-luce-gas-arera-febbraio-2024\/","og_locale":"it_IT","og_type":"article","og_title":"Prezzo gas ARERA febbraio 2024: costo in tutela della vulnerabilit\u00e0 - Switcho","og_description":"Il primo aggiornamento di prezzo per i clienti gas vulnerabili comunicato da ARERA registra un +6,9% rispetto al mese precedente.","og_url":"https:\/\/www.switcho.it\/blog\/luce-gas\/prezzo-luce-gas-arera-febbraio-2024\/","og_site_name":"Switcho","article_published_time":"2024-02-07T14:50:36+00:00","article_modified_time":"2024-02-08T10:47:38+00:00","og_image":[{"width":1200,"height":800,"url":"https:\/\/www.switcho.it\/blog\/wp-content\/uploads\/2024\/02\/prezzo-gas-arera-febbraio-2024-tutela-vulnerbilita.png","type":"image\/png"}],"author":"Redi Vyshka","twitter_card":"summary_large_image","twitter_title":"Prezzo gas ARERA febbraio 2024: costo in tutela della vulnerabilit\u00e0 - Switcho","twitter_description":"Il primo aggiornamento di prezzo per i clienti gas vulnerabili comunicato da ARERA registra un +6,9% rispetto al mese precedente.","twitter_image":"https:\/\/www.switcho.it\/blog\/wp-content\/uploads\/2024\/02\/prezzo-gas-arera-febbraio-2024-tutela-vulnerbilita.png","twitter_misc":{"Scritto da":"Redi Vyshka","Tempo di lettura stimato":"12 minuti"},"schema":{"@context":"https:\/\/schema.org","@graph":[{"@type":"Article","@id":"https:\/\/www.switcho.it\/blog\/luce-gas\/prezzo-luce-gas-arera-febbraio-2024\/#article","isPartOf":{"@id":"https:\/\/www.switcho.it\/blog\/luce-gas\/prezzo-luce-gas-arera-febbraio-2024\/"},"author":{"name":"Redi Vyshka","@id":"https:\/\/www.switcho.it\/blog\/#\/schema\/person\/0ded3a7e3f8a1379815652dba2c813b5"},"headline":"Costo gas ARERA nel servizio di tutela della vulnerabilit\u00e0 a febbraio 2024","datePublished":"2024-02-07T14:50:36+00:00","dateModified":"2024-02-08T10:47:38+00:00","mainEntityOfPage":{"@id":"https:\/\/www.switcho.it\/blog\/luce-gas\/prezzo-luce-gas-arera-febbraio-2024\/"},"wordCount":2191,"publisher":{"@id":"https:\/\/www.switcho.it\/blog\/#organization"},"image":{"@id":"https:\/\/www.switcho.it\/blog\/luce-gas\/prezzo-luce-gas-arera-febbraio-2024\/#primaryimage"},"thumbnailUrl":"https:\/\/www.switcho.it\/blog\/wp-content\/uploads\/2024\/02\/prezzo-gas-arera-febbraio-2024-tutela-vulnerbilita.png","keywords":["mercato tutelato","news luce e gas"],"articleSection":["Osservatorio Luce e Gas"],"inLanguage":"it-IT"},{"@type":"WebPage","@id":"https:\/\/www.switcho.it\/blog\/luce-gas\/prezzo-luce-gas-arera-febbraio-2024\/","url":"https:\/\/www.switcho.it\/blog\/luce-gas\/prezzo-luce-gas-arera-febbraio-2024\/","name":"Prezzo gas ARERA febbraio 2024: costo in tutela della vulnerabilit\u00e0 - Switcho","isPartOf":{"@id":"https:\/\/www.switcho.it\/blog\/#website"},"primaryImageOfPage":{"@id":"https:\/\/www.switcho.it\/blog\/luce-gas\/prezzo-luce-gas-arera-febbraio-2024\/#primaryimage"},"image":{"@id":"https:\/\/www.switcho.it\/blog\/luce-gas\/prezzo-luce-gas-arera-febbraio-2024\/#primaryimage"},"thumbnailUrl":"https:\/\/www.switcho.it\/blog\/wp-content\/uploads\/2024\/02\/prezzo-gas-arera-febbraio-2024-tutela-vulnerbilita.png","datePublished":"2024-02-07T14:50:36+00:00","dateModified":"2024-02-08T10:47:38+00:00","description":"Il primo aggiornamento di prezzo per i clienti gas vulnerabili comunicato da ARERA registra un +6,9% rispetto al mese precedente.","breadcrumb":{"@id":"https:\/\/www.switcho.it\/blog\/luce-gas\/prezzo-luce-gas-arera-febbraio-2024\/#breadcrumb"},"inLanguage":"it-IT","potentialAction":[{"@type":"ReadAction","target":["https:\/\/www.switcho.it\/blog\/luce-gas\/prezzo-luce-gas-arera-febbraio-2024\/"]}]},{"@type":"ImageObject","inLanguage":"it-IT","@id":"https:\/\/www.switcho.it\/blog\/luce-gas\/prezzo-luce-gas-arera-febbraio-2024\/#primaryimage","url":"https:\/\/www.switcho.it\/blog\/wp-content\/uploads\/2024\/02\/prezzo-gas-arera-febbraio-2024-tutela-vulnerbilita.png","contentUrl":"https:\/\/www.switcho.it\/blog\/wp-content\/uploads\/2024\/02\/prezzo-gas-arera-febbraio-2024-tutela-vulnerbilita.png","width":1200,"height":800,"caption":"prezzo gas arera febbraio 2024 tutela vulnerabilit\u00e0"},{"@type":"BreadcrumbList","@id":"https:\/\/www.switcho.it\/blog\/luce-gas\/prezzo-luce-gas-arera-febbraio-2024\/#breadcrumb","itemListElement":[{"@type":"ListItem","position":1,"name":"Home","item":"https:\/\/www.switcho.it\/blog\/"},{"@type":"ListItem","position":2,"name":"Luce e Gas","item":"https:\/\/www.switcho.it\/blog\/luce-gas\/"},{"@type":"ListItem","position":3,"name":"Osservatorio Luce e Gas","item":"https:\/\/www.switcho.it\/blog\/luce-gas\/osservatorio\/"},{"@type":"ListItem","position":4,"name":"Costo gas ARERA nel servizio di tutela della vulnerabilit\u00e0 a febbraio 2024"}]},{"@type":"WebSite","@id":"https:\/\/www.switcho.it\/blog\/#website","url":"https:\/\/www.switcho.it\/blog\/","name":"Switcho","description":"Il blog semplice, per davvero.","publisher":{"@id":"https:\/\/www.switcho.it\/blog\/#organization"},"potentialAction":[{"@type":"SearchAction","target":{"@type":"EntryPoint","urlTemplate":"https:\/\/www.switcho.it\/blog\/?s={search_term_string}"},"query-input":{"@type":"PropertyValueSpecification","valueRequired":true,"valueName":"search_term_string"}}],"inLanguage":"it-IT"},{"@type":"Organization","@id":"https:\/\/www.switcho.it\/blog\/#organization","name":"Switcho","url":"https:\/\/www.switcho.it\/blog\/","logo":{"@type":"ImageObject","inLanguage":"it-IT","@id":"https:\/\/www.switcho.it\/blog\/#\/schema\/logo\/image\/","url":"https:\/\/www.switcho.it\/blog\/wp-content\/uploads\/2021\/03\/Switcho-Logotype-Green.png","contentUrl":"https:\/\/www.switcho.it\/blog\/wp-content\/uploads\/2021\/03\/Switcho-Logotype-Green.png","width":1507,"height":597,"caption":"Switcho"},"image":{"@id":"https:\/\/www.switcho.it\/blog\/#\/schema\/logo\/image\/"}},{"@type":"Person","@id":"https:\/\/www.switcho.it\/blog\/#\/schema\/person\/0ded3a7e3f8a1379815652dba2c813b5","name":"Redi Vyshka","image":{"@type":"ImageObject","inLanguage":"it-IT","@id":"https:\/\/secure.gravatar.com\/avatar\/ec58c8b79072f95e408bc3acbd2af80bf47fb27de3effe029126423d57d13d49?s=96&d=mm&r=g","url":"https:\/\/secure.gravatar.com\/avatar\/ec58c8b79072f95e408bc3acbd2af80bf47fb27de3effe029126423d57d13d49?s=96&d=mm&r=g","contentUrl":"https:\/\/secure.gravatar.com\/avatar\/ec58c8b79072f95e408bc3acbd2af80bf47fb27de3effe029126423d57d13d49?s=96&d=mm&r=g","caption":"Redi Vyshka"},"description":"COO e co-fondatore di Switcho, esperto nei campi della consulenza manageriale e della finanza aziendale, Redi ha contribuito nel 2019 alla progettazione e al lancio del primo servizio in Italia che, con pochi clic, consente di analizzare le proprie spese di casa e di trovare le opportunit\u00e0 personalizzate di risparmio, dimenticandosi la burocrazia. Dalla nascita di Switcho, Redi prende parte a numerosi eventi su startup e settore energetico, grazie alla sua competenza pluriennale nel mercato delle forniture di gas e luce e nelle soluzioni per ridurre i costi in bolletta. Leggi tutti i suoi articoli e seguilo su LinkedIn.","sameAs":["http:\/\/blog.switcho.net"],"url":"https:\/\/www.switcho.it\/blog\/author\/redi-vyshka\/"}]}},"modified_by":"Gabriele Toninelli","_links":{"self":[{"href":"https:\/\/www.switcho.it\/blog\/wp-json\/wp\/v2\/posts\/80767","targetHints":{"allow":["GET"]}}],"collection":[{"href":"https:\/\/www.switcho.it\/blog\/wp-json\/wp\/v2\/posts"}],"about":[{"href":"https:\/\/www.switcho.it\/blog\/wp-json\/wp\/v2\/types\/post"}],"author":[{"embeddable":true,"href":"https:\/\/www.switcho.it\/blog\/wp-json\/wp\/v2\/users\/26"}],"replies":[{"embeddable":true,"href":"https:\/\/www.switcho.it\/blog\/wp-json\/wp\/v2\/comments?post=80767"}],"version-history":[{"count":5,"href":"https:\/\/www.switcho.it\/blog\/wp-json\/wp\/v2\/posts\/80767\/revisions"}],"predecessor-version":[{"id":122370,"href":"https:\/\/www.switcho.it\/blog\/wp-json\/wp\/v2\/posts\/80767\/revisions\/122370"}],"wp:featuredmedia":[{"embeddable":true,"href":"https:\/\/www.switcho.it\/blog\/wp-json\/wp\/v2\/media\/80770"}],"wp:attachment":[{"href":"https:\/\/www.switcho.it\/blog\/wp-json\/wp\/v2\/media?parent=80767"}],"wp:term":[{"taxonomy":"category","embeddable":true,"href":"https:\/\/www.switcho.it\/blog\/wp-json\/wp\/v2\/categories?post=80767"},{"taxonomy":"post_tag","embeddable":true,"href":"https:\/\/www.switcho.it\/blog\/wp-json\/wp\/v2\/tags?post=80767"}],"curies":[{"name":"wp","href":"https:\/\/api.w.org\/{rel}","templated":true}]}}