{"id":79513,"date":"2024-01-22T16:39:12","date_gmt":"2024-01-22T16:39:12","guid":{"rendered":"https:\/\/www.switcho.it\/blog\/?p=79513"},"modified":"2024-02-07T15:22:48","modified_gmt":"2024-02-07T15:22:48","slug":"rischi-tariffe-placet","status":"publish","type":"post","link":"https:\/\/www.switcho.it\/blog\/luce-gas\/rischi-tariffe-placet\/","title":{"rendered":"I rischi delle tariffe PLACET in deroga: il prezzo variabile non protegge"},"content":{"rendered":"<i>Aggiornato il 7 Febbraio 2024<\/i>\n\n\n\n<div style=\"height:30px\" aria-hidden=\"true\" class=\"wp-block-spacer\"><\/div>\n\n\n\n<blockquote class=\"wp-block-quote is-layout-flow wp-block-quote-is-layout-flow\">\n<p><em>Il <\/em><a href=\"https:\/\/www.switcho.it\/blog\/luce-gas\/fine-mercato-tutelato-gas\/\" target=\"_blank\" rel=\"noreferrer noopener\"><em>mercato tutelato del gas ha chiuso<\/em><\/a><em> definitivamente e i clienti non vulnerabili sono passati alle <\/em><strong><em>tariffe PLACET &#8220;in deroga&#8221; variabili<\/em><\/strong><em>. Ma quanto convengono? Dall\u2019analisi dell\u2019Osservatorio Switcho emerge che il prezzo fisso costa di pi\u00f9 ma protegge: in passato, in piena crisi, ha permesso <\/em><strong><em>risparmi medi di oltre \u20ac800<\/em><\/strong><em>.<\/em><\/p>\n<\/blockquote>\n\n\n\n<div style=\"height:20px\" aria-hidden=\"true\" class=\"wp-block-spacer\"><\/div>\n\n\n\n<p>A inizio gennaio, con la fine del servizio di tutela gas, <strong>oltre 3,5 milioni di utenti<\/strong> che non hanno scelto un\u2019offerta del mercato libero si sono trovati ad affrontare nuove strutture di tariffe \u2013 <strong>le PLACET variabili in deroga<\/strong>. Andiamo a chiarire cosa sono, come funzionano e, soprattutto, se convengono.<\/p>\n\n\n\n<p>Per prima cosa, per\u00f2, ricorda che se vuoi cambiare fornitore puoi farlo <a href=\"https:\/\/www.switcho.it\/servizi\/intro\/luce-gas\">con l&#8217;aiuto di Switcho<\/a>: troviamo le migliori offerte per te e gestiamo anche tutta la burocrazia, gratuitamente \ud83d\ude0e<\/p>\n\n\n\n<div style=\"height:20px\" aria-hidden=\"true\" class=\"wp-block-spacer\"><\/div>\n\n\n\n<div class=\"wp-block-divi-layout\">[et_pb_section fb_built=&#8221;1&#8243; disabled_on=&#8221;on|on|off&#8221; admin_label=&#8221;section&#8221; _builder_version=&#8221;4.18.0&#8243; custom_padding=&#8221;0px||0px||false|false&#8221; global_colors_info=&#8221;{}&#8221;][et_pb_row admin_label=&#8221;row&#8221; _builder_version=&#8221;4.19.1&#8243; background_size=&#8221;initial&#8221; background_position=&#8221;top_left&#8221; background_repeat=&#8221;repeat&#8221; width=&#8221;100%&#8221; max_height=&#8221;1000px&#8221; global_colors_info=&#8221;{}&#8221;][et_pb_column type=&#8221;4_4&#8243; _builder_version=&#8221;4.18.0&#8243; _module_preset=&#8221;default&#8221; global_colors_info=&#8221;{}&#8221;][et_pb_image src=&#8221;https:\/\/www.switcho.it\/blog\/wp-content\/uploads\/2023\/08\/fine-tutela-passa-al-libero.png&#8221; alt=&#8221;passa al mercato libero con switcho&#8221; title_text=&#8221;fine tutela passa al libero&#8221; url=&#8221;https:\/\/www.switcho.it\/servizi\/intro\/luce-gas?ref=cta-tutela-top&#8221; align=&#8221;center&#8221; force_fullwidth=&#8221;on&#8221; src_tablet=&#8221;https:\/\/www.switcho.it\/blog\/wp-content\/uploads\/2022\/11\/banner-energy-top-mobile.png&#8221; src_phone=&#8221;https:\/\/www.switcho.it\/blog\/wp-content\/uploads\/2022\/11\/banner-energy-top-mobile.png&#8221; src_last_edited=&#8221;on|desktop&#8221; _builder_version=&#8221;4.26.0&#8243; _module_preset=&#8221;default&#8221; hover_enabled=&#8221;0&#8243; global_colors_info=&#8221;{}&#8221; sticky_enabled=&#8221;0&#8243;][\/et_pb_image][\/et_pb_column][\/et_pb_row][\/et_pb_section]<\/div>\n\n\n\n<div style=\"height:20px\" aria-hidden=\"true\" class=\"wp-block-spacer\"><\/div>\n\n\n\n<p>Indice<\/p>\n\n\n\n<ul class=\"wp-block-list\">\n<li><a href=\"#placet-deroga\">Offerte PLACET in deroga: cosa significa?<\/a><\/li>\n\n\n\n<li><a href=\"#placet-conviene\">Le offerte PLACET in deroga convengono?<\/a><\/li>\n\n\n\n<li><a href=\"#placet-rischio\">Le PLACET variabili sono un rischio?<\/a><\/li>\n\n\n\n<li><a href=\"#variabile-o-fisso\">Offerte a prezzo variabile VS fisso: confronto negli anni<\/a><\/li>\n\n\n\n<li><a href=\"#mercato-energetico\">Cosa aspettarsi dal mercato energetico?<\/a><\/li>\n\n\n\n<li><a href=\"#prezzo-fisso\">Come scegliere un&#8217;offerta a prezzo fisso<\/a><\/li>\n<\/ul>\n\n\n\n<div style=\"height:50px\" aria-hidden=\"true\" class=\"wp-block-spacer\"><\/div>\n\n\n\n<h2 class=\"wp-block-heading\" id=\"placet-deroga\">Offerte PLACET in deroga: cosa significa?<\/h2>\n\n\n\n<div style=\"height:20px\" aria-hidden=\"true\" class=\"wp-block-spacer\"><\/div>\n\n\n\n<p>Gli ormai ex-clienti della maggior tutela gas hanno subito una <a href=\"https:\/\/www.switcho.it\/blog\/luce-gas\/modifica-unilaterale-contratto\/\" target=\"_blank\" rel=\"noreferrer noopener\"><strong>modifica delle condizioni contrattuali<\/strong><\/a>, con il passaggio a un\u2019offerta PLACET (Prezzo Libero A Condizioni Equiparate di Tutela) esclusivamente variabile \u2013 tale <strong>offerta \u00e8 denominata \u201cin deroga\u201d<\/strong> in quanto dedicata specificatamente ai clienti uscenti. Questo ha innescato numerosi dubbi negli clienti, che innanzitutto vogliono capire i rischi legati a questa offerta e le sue implicazioni sul piano economico.<\/p>\n\n\n\n<div style=\"height:20px\" aria-hidden=\"true\" class=\"wp-block-spacer\"><\/div>\n\n\n\n<blockquote class=\"wp-block-quote is-layout-flow wp-block-quote-is-layout-flow\">\n<p>Per fare chiarezza occorre prima spiegare cosa sono le <a href=\"https:\/\/www.switcho.it\/blog\/luce-gas\/offerte-placet\/\">tariffe PLACET<\/a> &#8220;standard&#8221; disponibili nel mercato libero: si tratta di offerte con <strong>una struttura semplice<\/strong>, pensate dall\u2019Autorit\u00e0 per aiutare gli utenti ad avvicinarsi al mercato libero. <\/p>\n<\/blockquote>\n\n\n\n<div style=\"height:20px\" aria-hidden=\"true\" class=\"wp-block-spacer\"><\/div>\n\n\n\n<p>Ne esistono di due tipologie: <a href=\"https:\/\/www.switcho.it\/blog\/luce-gas\/prezzo-indicizzato-o-fisso\/\" target=\"_blank\" rel=\"noreferrer noopener\"><strong>a prezzo fisso e a prezzo indicizzato<\/strong><\/a>. Nelle prime il costo della materia prima \u00e8 bloccato, solitamente per 12 mesi. Le seconde, invece, <strong>seguono l&#8217;andamento del mercato energetico<\/strong> e prevedono tre componenti di costo: <\/p>\n\n\n\n<ul class=\"wp-block-list emoji_bullets emoji_right_arrow\">\n<li>Indice&nbsp;<strong>PSV<\/strong> (ovvero il prezzo del gas all&#8217;ingrosso);<\/li>\n\n\n\n<li>Componenti di approvvigionamento e commercializzazione al dettaglio pari a 0,05 \u20ac\/Smc (stabilite da&nbsp;<strong>ARERA<\/strong>);<\/li>\n\n\n\n<li><strong>Componente in quota fissa PFIX&nbsp;<\/strong>(\u20ac\/anno) stabilita liberamente dal venditore e monitorata da ARERA.<\/li>\n<\/ul>\n\n\n\n<p>Proprio le <strong>offerte a prezzo variabile<\/strong> sono state scelte dall&#8217;Autorit\u00e0 come tariffe PLACET in deroga per i clienti dell&#8217;ex maggior tutela del gas. <\/p>\n\n\n\n<div style=\"height:50px\" aria-hidden=\"true\" class=\"wp-block-spacer\"><\/div>\n\n\n\n<h2 class=\"wp-block-heading\" id=\"placet-conviene\">Le offerte PLACET in deroga convengono?<\/h2>\n\n\n\n<div style=\"height:20px\" aria-hidden=\"true\" class=\"wp-block-spacer\"><\/div>\n\n\n\n<p>La convenienza delle offerte PLACET in deroga dipende soprattutto dall&#8217;offerta in s\u00e9. Dal momento che<strong> i fornitori sono liberi di stabilire la voce di costo fissa annuale <\/strong>(detta in gergo PFIX), bisogna valutare nel singolo caso quale sia questo costo e se sia in linea col mercato. A tal fine, qui ti riportiamo i costi fissi applicati dai 20 fornitori pi\u00f9 grandi, ma puoi trovare&nbsp;<a href=\"https:\/\/www.arera.it\/fileadmin\/allegati\/docs\/23\/593-23all.pdf\" target=\"_blank\" rel=\"noreferrer noopener nofollow\">nell\u2019apposito documento<\/a>&nbsp;anche i costi dei fornitori pi\u00f9 piccoli.<\/p>\n\n\n\n<figure class=\"wp-block-table is-style-stripes\"><table class=\"has-fixed-layout\"><thead><tr><th>FORNITORE<\/th><th class=\"has-text-align-center\" data-align=\"center\">PFIX DOMESTICI<br><strong>\u20ac\/PDR\/anno<\/strong><\/th><th class=\"has-text-align-center\" data-align=\"center\">PFIX CONDOMINI<br><strong>\u20ac\/PDR\/anno<\/strong><\/th><\/tr><\/thead><tbody><tr><td>A2A ENERGIA<\/td><td class=\"has-text-align-center\" data-align=\"center\">130<\/td><td class=\"has-text-align-center\" data-align=\"center\">130<\/td><\/tr><tr><td>E.ON Energia<\/td><td class=\"has-text-align-center\" data-align=\"center\">108<\/td><td class=\"has-text-align-center\" data-align=\"center\">125,64<\/td><\/tr><tr><td>Edison Energia<\/td><td class=\"has-text-align-center\" data-align=\"center\">72<\/td><td class=\"has-text-align-center\" data-align=\"center\">72<\/td><\/tr><tr><td>Enel Energia<\/td><td class=\"has-text-align-center\" data-align=\"center\">105<\/td><td class=\"has-text-align-center\" data-align=\"center\">105<\/td><\/tr><tr><td>ENGIE ITALIA<\/td><td class=\"has-text-align-center\" data-align=\"center\">96<\/td><td class=\"has-text-align-center\" data-align=\"center\">360<\/td><\/tr><tr><td>Eni Plenitude<\/td><td class=\"has-text-align-center\" data-align=\"center\">63,36<\/td><td class=\"has-text-align-center\" data-align=\"center\">83,20<\/td><\/tr><tr><td>Estenergy<\/td><td class=\"has-text-align-center\" data-align=\"center\">93,36<\/td><td class=\"has-text-align-center\" data-align=\"center\">113,20<\/td><\/tr><tr><td>Estra Energie<\/td><td class=\"has-text-align-center\" data-align=\"center\">132<\/td><td class=\"has-text-align-center\" data-align=\"center\">180<\/td><\/tr><tr><td>Hera Comm<\/td><td class=\"has-text-align-center\" data-align=\"center\">93,36<\/td><td class=\"has-text-align-center\" data-align=\"center\">113,20<\/td><\/tr><tr><td>Iren Mercato<\/td><td class=\"has-text-align-center\" data-align=\"center\">120<\/td><td class=\"has-text-align-center\" data-align=\"center\">150<\/td><\/tr><tr><td>Acinque Energia<\/td><td class=\"has-text-align-center\" data-align=\"center\">230<\/td><td class=\"has-text-align-center\" data-align=\"center\">300<\/td><\/tr><tr><td>AGSM AIM ENERGIA<\/td><td class=\"has-text-align-center\" data-align=\"center\">119,88<\/td><td class=\"has-text-align-center\" data-align=\"center\">402<\/td><\/tr><tr><td>AMG GAS<\/td><td class=\"has-text-align-center\" data-align=\"center\">69<\/td><td class=\"has-text-align-center\" data-align=\"center\">120<\/td><\/tr><tr><td>AMGAS<\/td><td class=\"has-text-align-center\" data-align=\"center\">120<\/td><td class=\"has-text-align-center\" data-align=\"center\">180<\/td><\/tr><tr><td>Dolomiti Energia<\/td><td class=\"has-text-align-center\" data-align=\"center\">72<\/td><td class=\"has-text-align-center\" data-align=\"center\">90<\/td><\/tr><tr><td>Prometeo<\/td><td class=\"has-text-align-center\" data-align=\"center\">132<\/td><td class=\"has-text-align-center\" data-align=\"center\">180<\/td><\/tr><tr><td>SALERNO ENERGIA VENDITE<\/td><td class=\"has-text-align-center\" data-align=\"center\">119<\/td><td class=\"has-text-align-center\" data-align=\"center\">300<\/td><\/tr><tr><td>SGR Servizi<\/td><td class=\"has-text-align-center\" data-align=\"center\">108<\/td><td class=\"has-text-align-center\" data-align=\"center\">108<\/td><\/tr><tr><td>ALPERIA SMART SERVICES<\/td><td class=\"has-text-align-center\" data-align=\"center\">105<\/td><td class=\"has-text-align-center\" data-align=\"center\">576<\/td><\/tr><\/tbody><\/table><\/figure>\n\n\n\n<div style=\"height:50px\" aria-hidden=\"true\" class=\"wp-block-spacer\"><\/div>\n\n\n\n<p class=\"has-background\" style=\"background-color:#f7f8fa\">Come puoi notare, al netto del PSV e delle voci di costo stabilite da ARERA e uguali per tutti, i fornitori hanno scelto di applicare&nbsp;<strong>costi fissi molto diversi tra loro<\/strong>. Se ti stai chiedendo&nbsp;<strong>se sia conveniente rimanere<\/strong>&nbsp;con il tuo fornitore del regime di tutela e un\u2019offerta PLACET in deroga, quindi, ti consigliamo di valutare bene quale costo fisso \u00e8 previsto dall\u2019offerta.<br><br>\u27a1\ufe0f<strong><a href=\"https:\/\/www.switcho.it\/servizi\/intro\/luce-gas\">&nbsp;Puoi farlo semplicemente con Switcho<\/a><\/strong>: ti diciamo noi se puoi risparmiare e troviamo le offerte del mercato libero che fanno al caso tuo!<\/p>\n\n\n\n<div style=\"height:20px\" aria-hidden=\"true\" class=\"wp-block-spacer\"><\/div>\n\n\n\n<div class=\"wp-block-divi-layout\">[et_pb_section fb_built=&#8221;1&#8243; disabled_on=&#8221;on|on|off&#8221; admin_label=&#8221;section&#8221; _builder_version=&#8221;4.19.5&#8243; custom_padding=&#8221;0px||0px||false|false&#8221; global_colors_info=&#8221;{}&#8221;][et_pb_row admin_label=&#8221;row&#8221; _builder_version=&#8221;4.19.1&#8243; background_size=&#8221;initial&#8221; background_position=&#8221;top_left&#8221; background_repeat=&#8221;repeat&#8221; width=&#8221;100%&#8221; max_height=&#8221;1000px&#8221; global_colors_info=&#8221;{}&#8221;][et_pb_column type=&#8221;4_4&#8243; _builder_version=&#8221;4.18.0&#8243; _module_preset=&#8221;default&#8221; global_colors_info=&#8221;{}&#8221;][et_pb_image src=&#8221;https:\/\/www.switcho.it\/blog\/wp-content\/uploads\/2025\/09\/risparmia-senza-stress-con-switcho.png&#8221; alt=&#8221;risparmia senza stress con switcho&#8221; title_text=&#8221;risparmia senza stress con switcho&#8221; url=&#8221;https:\/\/www.switcho.it\/servizi?ref=cta-generic-medium&#8221; align=&#8221;center&#8221; force_fullwidth=&#8221;on&#8221; src_tablet=&#8221;https:\/\/www.switcho.it\/blog\/wp-content\/uploads\/2022\/11\/banner-app.png&#8221; src_phone=&#8221;https:\/\/www.switcho.it\/blog\/wp-content\/uploads\/2022\/11\/banner-app.png&#8221; src_last_edited=&#8221;on|phone&#8221; _builder_version=&#8221;4.27.4&#8243; _module_preset=&#8221;default&#8221; hover_enabled=&#8221;0&#8243; global_colors_info=&#8221;{}&#8221; sticky_enabled=&#8221;0&#8243;][\/et_pb_image][\/et_pb_column][\/et_pb_row][\/et_pb_section]<\/div>\n\n\n\n<div class=\"wp-block-divi-layout\">[et_pb_section fb_built=&#8221;1&#8243; disabled_on=&#8221;off|off|on&#8221; admin_label=&#8221;section&#8221; _builder_version=&#8221;4.19.2&#8243; custom_padding=&#8221;0px||0px||false|false&#8221; hover_enabled=&#8221;0&#8243; global_colors_info=&#8221;{}&#8221; sticky_enabled=&#8221;0&#8243;][et_pb_row admin_label=&#8221;row&#8221; _builder_version=&#8221;4.19.1&#8243; background_size=&#8221;initial&#8221; background_position=&#8221;top_left&#8221; background_repeat=&#8221;repeat&#8221; width=&#8221;100%&#8221; max_height=&#8221;1000px&#8221; global_colors_info=&#8221;{}&#8221;][et_pb_column type=&#8221;4_4&#8243; _builder_version=&#8221;4.18.0&#8243; _module_preset=&#8221;default&#8221; global_colors_info=&#8221;{}&#8221;][et_pb_image src=&#8221;https:\/\/www.switcho.it\/blog\/wp-content\/uploads\/2022\/11\/banner-nuova-pratica.png&#8221; alt=&#8221;Nuova pratica switcho&#8221; title_text=&#8221;Scarica l&#8217;app di Switcho&#8221; url=&#8221;https:\/\/switcho.smart.link\/61ttpvh8a&#8221; align=&#8221;center&#8221; force_fullwidth=&#8221;on&#8221; src_tablet=&#8221;https:\/\/www.switcho.it\/blog\/wp-content\/uploads\/2022\/11\/banner-app.png&#8221; src_phone=&#8221;https:\/\/www.switcho.it\/blog\/wp-content\/uploads\/2022\/11\/banner-app.png&#8221; src_last_edited=&#8221;on|phone&#8221; _builder_version=&#8221;4.19.2&#8243; _module_preset=&#8221;default&#8221; hover_enabled=&#8221;0&#8243; global_colors_info=&#8221;{}&#8221; sticky_enabled=&#8221;0&#8243;][\/et_pb_image][\/et_pb_column][\/et_pb_row][\/et_pb_section]<\/div>\n\n\n\n<div style=\"height:20px\" aria-hidden=\"true\" class=\"wp-block-spacer\"><\/div>\n\n\n\n<h2 class=\"wp-block-heading\" id=\"placet-rischio\">Le PLACET variabili sono un rischio?<\/h2>\n\n\n\n<div style=\"height:20px\" aria-hidden=\"true\" class=\"wp-block-spacer\"><\/div>\n\n\n\n<p>Ti ricordiamo che le offerte PLACET in deroga applicate ai agli ex clienti del mercato tutelato gas sono a prezzo variabile, e <strong>seguono quindi l&#8217;andamento del mercato energetico<\/strong>. <\/p>\n\n\n\n<div style=\"height:20px\" aria-hidden=\"true\" class=\"wp-block-spacer\"><\/div>\n\n\n\n<p class=\"has-background\" style=\"background-color:#f7f8fa\">\ud83d\udc49  Dal momento che oggi il costo della materia prima gas \u00e8 basso e relativamente stabile, tutti <strong>gli utenti con tariffa variabile ricevono bollette non esageratamente alte<\/strong>.&nbsp;Ma nel mercato globalizzato odierno, il costo del metano <strong>potrebbe raddoppiare, triplicare o quadruplicare<\/strong> in pochi giorni, come gi\u00e0 accaduto in passato.<\/p>\n\n\n\n<div style=\"height:20px\" aria-hidden=\"true\" class=\"wp-block-spacer\"><\/div>\n\n\n\n<p>\u201c<em>Abbiamo gi\u00e0 assistito ad aumenti improvvisi e quasi imprevedibili\u201d<\/em>, spiega Redi Vyshka, COO e co-founder di Switcho, <em>&#8220;Basterebbe un inasprimento delle relazioni con un Paese fornitore o un suo alleato. Se per esempio i conflitti in Medio Oriente peggiorassero, potremmo assistere ad un aumento del prezzo del gas e, di conseguenza,<\/em><strong><em> tutti gli utenti con una tariffa variabile pagherebbero molto di pi\u00f9<\/em><\/strong><em>\u201d.<\/em><\/p>\n\n\n\n<p>Ecco perch\u00e9, premettendo che non \u00e8 possibile prevedere l\u2019evolversi del mercato, in queste condizioni il prezzo fisso pu\u00f2 offrire sicurezza per 12\/24 mesi.&nbsp;<\/p>\n\n\n\n<div style=\"height:20px\" aria-hidden=\"true\" class=\"wp-block-spacer\"><\/div>\n\n\n\n<blockquote class=\"wp-block-quote is-layout-flow wp-block-quote-is-layout-flow\">\n<p><em>Attualmente, <\/em><strong><em>le tariffe a prezzo fisso sono mediamente pi\u00f9 care, ma sono le uniche che permettono di bloccare il costo della materia prima <\/em><\/strong><em>e proteggere da possibili rincari.<\/em><\/p>\n<\/blockquote>\n\n\n\n<div style=\"height:50px\" aria-hidden=\"true\" class=\"wp-block-spacer\"><\/div>\n\n\n\n<h2 class=\"wp-block-heading\" id=\"variabile-o-fisso\">Offerte a prezzo variabile VS fisso: confronto negli anni<\/h2>\n\n\n\n<div style=\"height:20px\" aria-hidden=\"true\" class=\"wp-block-spacer\"><\/div>\n\n\n\n<p>Quali offerte hanno permesso maggior risparmio nell&#8217;ultimo periodo? Se guardiamo agli ultimi due anni, gli utenti che hanno scelto una <strong>tariffa a prezzo fisso <\/strong>\u2013 e che hanno avuto la fortuna di farlo in momenti favorevoli, con basse quotazione della materia prima \u2013 hanno goduto di risparmi significativi, rispetto agli utenti con una tariffa a prezzo variabile.<\/p>\n\n\n\n<p>Ad esempio, la famiglia tipo* che ha bloccato le tariffe di luce e gas per 24 mesi a settembre 2021, ovvero a ridosso dei primi rincari,<strong> avrebbe speso nei due anni oltre \u20ac2500 in pi\u00f9 se avesse invece sottoscritto o mantenuto una tariffa variabile.<\/strong><\/p>\n\n\n\n<div style=\"height:30px\" aria-hidden=\"true\" class=\"wp-block-spacer\"><\/div>\n\n\n\n<figure class=\"wp-block-image aligncenter size-full\"><img loading=\"lazy\" decoding=\"async\" width=\"600\" height=\"371\" src=\"https:\/\/www.switcho.it\/blog\/wp-content\/uploads\/2024\/01\/Spesa-famiglia-tipo_-set21-set23-per-materia-energia.png\" alt=\"Spesa famiglia tipo_ set'21 - set'23 per materia energia\" class=\"wp-image-79516\" srcset=\"https:\/\/www.switcho.it\/blog\/wp-content\/uploads\/2024\/01\/Spesa-famiglia-tipo_-set21-set23-per-materia-energia.png 600w, https:\/\/www.switcho.it\/blog\/wp-content\/uploads\/2024\/01\/Spesa-famiglia-tipo_-set21-set23-per-materia-energia-480x297.png 480w\" sizes=\"(min-width: 0px) and (max-width: 480px) 480px, (min-width: 481px) 600px, 100vw\" \/><figcaption class=\"wp-element-caption\"><em>*Profilo di consumi della famiglia tipo: 2020 kWh annuali e 940 Smc annuali.<\/em><\/figcaption><\/figure>\n\n\n\n<div style=\"height:30px\" aria-hidden=\"true\" class=\"wp-block-spacer\"><\/div>\n\n\n\n<p>Similmente, anche una tariffa fissa sottoscritta a marzo 2022, ovvero nel pieno della crisi, ha permesso <strong>un risparmio annuale di oltre \u20ac800 alla famiglia tipo, rispetto alla migliore tariffa variabile<\/strong>.<\/p>\n\n\n\n<div style=\"height:30px\" aria-hidden=\"true\" class=\"wp-block-spacer\"><\/div>\n\n\n\n<figure class=\"wp-block-image aligncenter size-full\"><img loading=\"lazy\" decoding=\"async\" width=\"600\" height=\"371\" src=\"https:\/\/www.switcho.it\/blog\/wp-content\/uploads\/2024\/01\/Spesa-famiglia-tipo_-mar22-mar23-per-materia-energia.png\" alt=\"Spesa famiglia tipo_ mar'22 - mar'23 per materia energia\" class=\"wp-image-79519\" srcset=\"https:\/\/www.switcho.it\/blog\/wp-content\/uploads\/2024\/01\/Spesa-famiglia-tipo_-mar22-mar23-per-materia-energia.png 600w, https:\/\/www.switcho.it\/blog\/wp-content\/uploads\/2024\/01\/Spesa-famiglia-tipo_-mar22-mar23-per-materia-energia-480x297.png 480w\" sizes=\"(min-width: 0px) and (max-width: 480px) 480px, (min-width: 481px) 600px, 100vw\" \/><figcaption class=\"wp-element-caption\"><em>*Profilo di consumi della famiglia tipo: 2020 kWh annuali e 940 Smc annuali.<\/em><\/figcaption><\/figure>\n\n\n\n<div style=\"height:50px\" aria-hidden=\"true\" class=\"wp-block-spacer\"><\/div>\n\n\n\n<h2 class=\"wp-block-heading\" id=\"mercato-energetico\">Cosa aspettarsi dal mercato energetico?<\/h2>\n\n\n\n<div style=\"height:20px\" aria-hidden=\"true\" class=\"wp-block-spacer\"><\/div>\n\n\n\n<p>Sono ormai pi\u00f9 di due anni che viviamo in una grave situazione di instabilit\u00e0, prima di tutto internazionale, che ha sottoposto i <strong><a href=\"https:\/\/www.switcho.it\/blog\/luce-gas\/spesa-materia-energia\/\" target=\"_blank\" rel=\"noreferrer noopener\">prezzi della materia prima energia<\/a> a numerosi e repentini sbalzi<\/strong>.<\/p>\n\n\n\n<p>La crescita dei prezzi di gas ed energia elettrica, gi\u00e0 iniziata ad ottobre 2021 con i rincari legati principalmente ad una ridotta produzione di energia da fonti rinnovabili e dal nucleare, \u00e8 stata esacerbata dallo scoppio della guerra russo-ucraina. Basti pensare che <strong>ad agosto 2022 si sono registrati prezzi record<\/strong>, con picchi del prezzo all&#8217;ingrosso del gas naturale (<a href=\"https:\/\/www.switcho.it\/blog\/luce-gas\/psv-gas\/\" target=\"_blank\" rel=\"noreferrer noopener\">PSV<\/a>) e dell&#8217;energia elettrica (<a href=\"https:\/\/www.switcho.it\/blog\/luce-gas\/pun-energia\/\" target=\"_blank\" rel=\"noreferrer noopener\">PUN<\/a>) rispettivamente 9 e 8 volte i livelli precedenti alla crisi.<\/p>\n\n\n\n<div style=\"height:20px\" aria-hidden=\"true\" class=\"wp-block-spacer\"><\/div>\n\n\n\n<div class=\"wp-block-columns is-layout-flex wp-container-core-columns-is-layout-9d6595d7 wp-block-columns-is-layout-flex\">\n<div class=\"wp-block-column is-layout-flow wp-block-column-is-layout-flow\">\n<div class=\"flourish-embed flourish-chart\" data-src=\"visualisation\/13458348\"><script src=\"https:\/\/public.flourish.studio\/resources\/embed.js\"><\/script><\/div>\n<\/div>\n\n\n\n<div class=\"wp-block-column is-layout-flow wp-block-column-is-layout-flow\">\n<div class=\"flourish-embed flourish-chart\" data-src=\"visualisation\/13483647\"><script src=\"https:\/\/public.flourish.studio\/resources\/embed.js\"><\/script><\/div>\n<\/div>\n<\/div>\n\n\n\n<div style=\"height:20px\" aria-hidden=\"true\" class=\"wp-block-spacer\"><\/div>\n\n\n\n<p>Come evidente anche dai grafici, <strong>i prezzi di luce e gas sembrano oggi aver trovato una stabilit\u00e0<\/strong> ma \u00e8 fondamentale ricordare che non ci troviamo pi\u00f9 in un contesto di pre-crisi: prima dell\u2019autunno 2021 il mercato energetico era stato relativamente statico a lungo, mentre oggi risulta gravemente <strong>scioccato dalle tensioni degli ultimi anni<\/strong>.<\/p>\n\n\n\n<div style=\"height:20px\" aria-hidden=\"true\" class=\"wp-block-spacer\"><\/div>\n\n\n\n<p class=\"has-background\" style=\"background-color:#f7f8fa\">\ud83d\udca1 Qual \u00e8, dunque, la soluzione migliore per le proprie <a href=\"https:\/\/www.switcho.it\/risorse\/luce-gas\/\" target=\"_blank\" rel=\"noreferrer noopener\">tariffe di luce e gas<\/a>?&nbsp;Se da un lato non \u00e8 possibile fare una previsione certa dell\u2019andamento dei prezzi di luce e gas, dall\u2019altro \u00e8 chiaro che le offerte a prezzo fisso offrono <strong>grande sicurezza e protezione<\/strong> da un mercato energetico profondamente instabile. <\/p>\n\n\n\n<div style=\"height:50px\" aria-hidden=\"true\" class=\"wp-block-spacer\"><\/div>\n\n\n\n<h2 class=\"wp-block-heading\" id=\"prezzo-fisso\">Come scegliere un&#8217;offerta a prezzo fisso<\/h2>\n\n\n\n<p>Se la tua intenzione \u00e8 bloccare il prezzo, abbandonando la tua tariffa PLACET in deroga a prezzo variabile, ti consigliamo di scegliere con attenzione la nuova tariffa. Ecco alcuni concetti da tenere a mente:<\/p>\n\n\n\n<ul class=\"wp-block-list emoji_bullets emoji_right_arrow\">\n<li><strong>Le offerte disponibili online <\/strong>sono generalmente pi\u00f9 convenienti di quelle proposte da negozi e call center perch\u00e9 hanno una filiera pi\u00f9 breve ed economica.<\/li>\n\n\n\n<li>L&#8217;unica voce di costo su cui basare il confronto delle offerte \u00e8 la<strong> <a href=\"https:\/\/www.switcho.it\/blog\/luce-gas\/spesa-materia-gas\/\" target=\"_blank\" rel=\"noreferrer noopener\">spesa per la materia gas naturale<\/a><\/strong>, ovvero l&#8217;unica su cui i fornitori hanno controllo. Le altre voci \u2013 <a href=\"https:\/\/www.switcho.it\/blog\/luce-gas\/spesa-trasporto-gestione-contatore\/\" target=\"_blank\" rel=\"noreferrer noopener\">trasporto e gestione del contatore<\/a>, <a href=\"https:\/\/www.switcho.it\/blog\/luce-gas\/oneri-di-sistema\/\" target=\"_blank\" rel=\"noreferrer noopener\">oneri di sistema<\/a> e <a href=\"https:\/\/www.switcho.it\/blog\/luce-gas\/iva-gas\/\" target=\"_blank\" rel=\"noreferrer noopener\">IVA sul gas<\/a> \u2013 sono uguali per tutti e definite dall&#8217;Autorit\u00e0.<\/li>\n\n\n\n<li>Alcune offerte presentano <strong>sconti e incentivi<\/strong> per uno o due anni di contratto, il che va ad aumentare il risparmio complessivo.<\/li>\n<\/ul>\n\n\n\n<p>Sappiamo quanto possa essere complicato orientarsi nel mercato libero, ecco perch\u00e9 ti consigliamo di <strong>affidarti al <a href=\"https:\/\/www.switcho.it\/servizi\/intro\/luce-gas\">nostro servizio gratuito<\/a>, digitale e trasparente<\/strong>: troviamo le <a href=\"https:\/\/www.switcho.it\/risorse\/gas\/\" target=\"_blank\" rel=\"noreferrer noopener\">offerte gas<\/a> pi\u00f9 vantaggiose per te e gestiamo il cambio fornitore al posto tuo \ud83d\ude07<\/p>\n\n\n\n<div style=\"height:20px\" aria-hidden=\"true\" class=\"wp-block-spacer\"><\/div>\n\n\n\n<div class=\"wp-block-divi-layout\">[et_pb_section fb_built=&#8221;1&#8243; disabled_on=&#8221;off|off|off&#8221; admin_label=&#8221;section&#8221; _builder_version=&#8221;4.19.1&#8243; custom_padding=&#8221;0px||0px||false|false&#8221; global_colors_info=&#8221;{}&#8221;][et_pb_row admin_label=&#8221;row&#8221; _builder_version=&#8221;4.19.1&#8243; background_size=&#8221;initial&#8221; background_position=&#8221;top_left&#8221; background_repeat=&#8221;repeat&#8221; width=&#8221;100%&#8221; max_height=&#8221;1000px&#8221; global_colors_info=&#8221;{}&#8221;][et_pb_column type=&#8221;4_4&#8243; _builder_version=&#8221;4.18.0&#8243; _module_preset=&#8221;default&#8221; global_colors_info=&#8221;{}&#8221;][et_pb_image src=&#8221;https:\/\/www.switcho.it\/blog\/wp-content\/uploads\/2022\/11\/banner-energy-low-desktop.png&#8221; alt=&#8221;risparmia sulle bollette con switcho&#8221; title_text=&#8221;risparmia sulle bollette con switcho&#8221; url=&#8221;http:\/\/www.switcho.it\/servizi\/intro\/luce-gas?ref=cta-energy-low&#8221; align=&#8221;center&#8221; force_fullwidth=&#8221;on&#8221; src_tablet=&#8221;https:\/\/www.switcho.it\/blog\/wp-content\/uploads\/2022\/11\/banner-energy-low-mobile.png&#8221; src_phone=&#8221;https:\/\/www.switcho.it\/blog\/wp-content\/uploads\/2022\/11\/banner-energy-low-mobile.png&#8221; src_last_edited=&#8221;on|desktop&#8221; _builder_version=&#8221;4.21.0&#8243; _module_preset=&#8221;default&#8221; hover_enabled=&#8221;0&#8243; global_colors_info=&#8221;{}&#8221; sticky_enabled=&#8221;0&#8243;][\/et_pb_image][\/et_pb_column][\/et_pb_row][\/et_pb_section]<\/div>\n\n\n\n<div style=\"height:50px\" aria-hidden=\"true\" class=\"wp-block-spacer\"><\/div>\n","protected":false},"excerpt":{"rendered":"<p>Chi non \u00e8 passato al mercato libero dopo la fine della tutela gas si trova ora con un\u2019offerta PLACET: quali sono i rischi?<\/p>\n","protected":false},"author":26,"featured_media":79471,"comment_status":"closed","ping_status":"closed","sticky":false,"template":"","format":"standard","meta":{"_et_pb_use_builder":"off","_et_pb_old_content":"","_et_gb_content_width":"","_lmt_disableupdate":"yes","_lmt_disable":"","footnotes":""},"categories":[163],"tags":[70,403],"class_list":["post-79513","post","type-post","status-publish","format-standard","has-post-thumbnail","hentry","category-osservatorio","tag-mercato-tutelato","tag-news-luce-gas"],"yoast_head":"<!-- This site is optimized with the Yoast SEO plugin v27.5 - https:\/\/yoast.com\/product\/yoast-seo-wordpress\/ -->\n<title>Tariffe PLACET in Deroga: Ecco Perch\u00e9 non Sempre Convengono - Switcho<\/title>\n<meta name=\"description\" content=\"Chi non \u00e8 passato al mercato libero dopo la fine della tutela gas si trova ora con un\u2019offerta PLACET in deroga: quali sono i rischi?\" \/>\n<meta name=\"robots\" content=\"index, follow, max-snippet:-1, max-image-preview:large, max-video-preview:-1\" \/>\n<link rel=\"canonical\" href=\"https:\/\/www.switcho.it\/blog\/luce-gas\/rischi-tariffe-placet\/\" \/>\n<meta property=\"og:locale\" content=\"it_IT\" \/>\n<meta property=\"og:type\" content=\"article\" \/>\n<meta property=\"og:title\" content=\"Tariffe PLACET in Deroga: Ecco Perch\u00e9 non Sempre Convengono - Switcho\" \/>\n<meta property=\"og:description\" content=\"Chi non \u00e8 passato al mercato libero dopo la fine della tutela gas si trova ora con un\u2019offerta PLACET in deroga: quali sono i rischi?\" \/>\n<meta property=\"og:url\" content=\"https:\/\/www.switcho.it\/blog\/luce-gas\/rischi-tariffe-placet\/\" \/>\n<meta property=\"og:site_name\" content=\"Switcho\" \/>\n<meta property=\"article:published_time\" content=\"2024-01-22T16:39:12+00:00\" \/>\n<meta property=\"article:modified_time\" content=\"2024-02-07T15:22:48+00:00\" \/>\n<meta property=\"og:image\" content=\"https:\/\/www.switcho.it\/blog\/wp-content\/uploads\/2024\/01\/rischi-delle-tariffe-placet-variabili.png\" \/>\n\t<meta property=\"og:image:width\" content=\"1200\" \/>\n\t<meta property=\"og:image:height\" content=\"800\" \/>\n\t<meta property=\"og:image:type\" content=\"image\/png\" \/>\n<meta name=\"author\" content=\"Redi Vyshka\" \/>\n<meta name=\"twitter:card\" content=\"summary_large_image\" \/>\n<meta name=\"twitter:title\" content=\"Tariffe PLACET in Deroga: Ecco Perch\u00e9 non Sempre Convengono - Switcho\" \/>\n<meta name=\"twitter:description\" content=\"Chi non \u00e8 passato al mercato libero dopo la fine della tutela gas si trova ora con un\u2019offerta PLACET in deroga: quali sono i rischi?\" \/>\n<meta name=\"twitter:image\" content=\"https:\/\/www.switcho.it\/blog\/wp-content\/uploads\/2024\/01\/rischi-delle-tariffe-placet-variabili.png\" \/>\n<meta name=\"twitter:label1\" content=\"Scritto da\" \/>\n\t<meta name=\"twitter:data1\" content=\"Redi Vyshka\" \/>\n\t<meta name=\"twitter:label2\" content=\"Tempo di lettura stimato\" \/>\n\t<meta name=\"twitter:data2\" content=\"9 minuti\" \/>\n<script type=\"application\/ld+json\" class=\"yoast-schema-graph\">{\"@context\":\"https:\\\/\\\/schema.org\",\"@graph\":[{\"@type\":\"Article\",\"@id\":\"https:\\\/\\\/www.switcho.it\\\/blog\\\/luce-gas\\\/rischi-tariffe-placet\\\/#article\",\"isPartOf\":{\"@id\":\"https:\\\/\\\/www.switcho.it\\\/blog\\\/luce-gas\\\/rischi-tariffe-placet\\\/\"},\"author\":{\"name\":\"Redi Vyshka\",\"@id\":\"https:\\\/\\\/www.switcho.it\\\/blog\\\/#\\\/schema\\\/person\\\/0ded3a7e3f8a1379815652dba2c813b5\"},\"headline\":\"I rischi delle tariffe PLACET in deroga: il prezzo variabile non protegge\",\"datePublished\":\"2024-01-22T16:39:12+00:00\",\"dateModified\":\"2024-02-07T15:22:48+00:00\",\"mainEntityOfPage\":{\"@id\":\"https:\\\/\\\/www.switcho.it\\\/blog\\\/luce-gas\\\/rischi-tariffe-placet\\\/\"},\"wordCount\":1353,\"publisher\":{\"@id\":\"https:\\\/\\\/www.switcho.it\\\/blog\\\/#organization\"},\"image\":{\"@id\":\"https:\\\/\\\/www.switcho.it\\\/blog\\\/luce-gas\\\/rischi-tariffe-placet\\\/#primaryimage\"},\"thumbnailUrl\":\"https:\\\/\\\/www.switcho.it\\\/blog\\\/wp-content\\\/uploads\\\/2024\\\/01\\\/rischi-delle-tariffe-placet-variabili.png\",\"keywords\":[\"mercato tutelato\",\"news luce e gas\"],\"articleSection\":[\"Osservatorio Luce e Gas\"],\"inLanguage\":\"it-IT\"},{\"@type\":\"WebPage\",\"@id\":\"https:\\\/\\\/www.switcho.it\\\/blog\\\/luce-gas\\\/rischi-tariffe-placet\\\/\",\"url\":\"https:\\\/\\\/www.switcho.it\\\/blog\\\/luce-gas\\\/rischi-tariffe-placet\\\/\",\"name\":\"Tariffe PLACET in Deroga: Ecco Perch\u00e9 non Sempre Convengono - Switcho\",\"isPartOf\":{\"@id\":\"https:\\\/\\\/www.switcho.it\\\/blog\\\/#website\"},\"primaryImageOfPage\":{\"@id\":\"https:\\\/\\\/www.switcho.it\\\/blog\\\/luce-gas\\\/rischi-tariffe-placet\\\/#primaryimage\"},\"image\":{\"@id\":\"https:\\\/\\\/www.switcho.it\\\/blog\\\/luce-gas\\\/rischi-tariffe-placet\\\/#primaryimage\"},\"thumbnailUrl\":\"https:\\\/\\\/www.switcho.it\\\/blog\\\/wp-content\\\/uploads\\\/2024\\\/01\\\/rischi-delle-tariffe-placet-variabili.png\",\"datePublished\":\"2024-01-22T16:39:12+00:00\",\"dateModified\":\"2024-02-07T15:22:48+00:00\",\"description\":\"Chi non \u00e8 passato al mercato libero dopo la fine della tutela gas si trova ora con un\u2019offerta PLACET in deroga: quali sono i rischi?\",\"breadcrumb\":{\"@id\":\"https:\\\/\\\/www.switcho.it\\\/blog\\\/luce-gas\\\/rischi-tariffe-placet\\\/#breadcrumb\"},\"inLanguage\":\"it-IT\",\"potentialAction\":[{\"@type\":\"ReadAction\",\"target\":[\"https:\\\/\\\/www.switcho.it\\\/blog\\\/luce-gas\\\/rischi-tariffe-placet\\\/\"]}]},{\"@type\":\"ImageObject\",\"inLanguage\":\"it-IT\",\"@id\":\"https:\\\/\\\/www.switcho.it\\\/blog\\\/luce-gas\\\/rischi-tariffe-placet\\\/#primaryimage\",\"url\":\"https:\\\/\\\/www.switcho.it\\\/blog\\\/wp-content\\\/uploads\\\/2024\\\/01\\\/rischi-delle-tariffe-placet-variabili.png\",\"contentUrl\":\"https:\\\/\\\/www.switcho.it\\\/blog\\\/wp-content\\\/uploads\\\/2024\\\/01\\\/rischi-delle-tariffe-placet-variabili.png\",\"width\":1200,\"height\":800,\"caption\":\"rischi delle tariffe placet variabili\"},{\"@type\":\"BreadcrumbList\",\"@id\":\"https:\\\/\\\/www.switcho.it\\\/blog\\\/luce-gas\\\/rischi-tariffe-placet\\\/#breadcrumb\",\"itemListElement\":[{\"@type\":\"ListItem\",\"position\":1,\"name\":\"Home\",\"item\":\"https:\\\/\\\/www.switcho.it\\\/blog\\\/\"},{\"@type\":\"ListItem\",\"position\":2,\"name\":\"Luce e Gas\",\"item\":\"https:\\\/\\\/www.switcho.it\\\/blog\\\/luce-gas\\\/\"},{\"@type\":\"ListItem\",\"position\":3,\"name\":\"Osservatorio Luce e Gas\",\"item\":\"https:\\\/\\\/www.switcho.it\\\/blog\\\/luce-gas\\\/osservatorio\\\/\"},{\"@type\":\"ListItem\",\"position\":4,\"name\":\"I rischi delle tariffe PLACET in deroga: il prezzo variabile non protegge\"}]},{\"@type\":\"WebSite\",\"@id\":\"https:\\\/\\\/www.switcho.it\\\/blog\\\/#website\",\"url\":\"https:\\\/\\\/www.switcho.it\\\/blog\\\/\",\"name\":\"Switcho\",\"description\":\"Il blog semplice, per davvero.\",\"publisher\":{\"@id\":\"https:\\\/\\\/www.switcho.it\\\/blog\\\/#organization\"},\"potentialAction\":[{\"@type\":\"SearchAction\",\"target\":{\"@type\":\"EntryPoint\",\"urlTemplate\":\"https:\\\/\\\/www.switcho.it\\\/blog\\\/?s={search_term_string}\"},\"query-input\":{\"@type\":\"PropertyValueSpecification\",\"valueRequired\":true,\"valueName\":\"search_term_string\"}}],\"inLanguage\":\"it-IT\"},{\"@type\":\"Organization\",\"@id\":\"https:\\\/\\\/www.switcho.it\\\/blog\\\/#organization\",\"name\":\"Switcho\",\"url\":\"https:\\\/\\\/www.switcho.it\\\/blog\\\/\",\"logo\":{\"@type\":\"ImageObject\",\"inLanguage\":\"it-IT\",\"@id\":\"https:\\\/\\\/www.switcho.it\\\/blog\\\/#\\\/schema\\\/logo\\\/image\\\/\",\"url\":\"https:\\\/\\\/www.switcho.it\\\/blog\\\/wp-content\\\/uploads\\\/2021\\\/03\\\/Switcho-Logotype-Green.png\",\"contentUrl\":\"https:\\\/\\\/www.switcho.it\\\/blog\\\/wp-content\\\/uploads\\\/2021\\\/03\\\/Switcho-Logotype-Green.png\",\"width\":1507,\"height\":597,\"caption\":\"Switcho\"},\"image\":{\"@id\":\"https:\\\/\\\/www.switcho.it\\\/blog\\\/#\\\/schema\\\/logo\\\/image\\\/\"}},{\"@type\":\"Person\",\"@id\":\"https:\\\/\\\/www.switcho.it\\\/blog\\\/#\\\/schema\\\/person\\\/0ded3a7e3f8a1379815652dba2c813b5\",\"name\":\"Redi Vyshka\",\"image\":{\"@type\":\"ImageObject\",\"inLanguage\":\"it-IT\",\"@id\":\"https:\\\/\\\/secure.gravatar.com\\\/avatar\\\/ec58c8b79072f95e408bc3acbd2af80bf47fb27de3effe029126423d57d13d49?s=96&d=mm&r=g\",\"url\":\"https:\\\/\\\/secure.gravatar.com\\\/avatar\\\/ec58c8b79072f95e408bc3acbd2af80bf47fb27de3effe029126423d57d13d49?s=96&d=mm&r=g\",\"contentUrl\":\"https:\\\/\\\/secure.gravatar.com\\\/avatar\\\/ec58c8b79072f95e408bc3acbd2af80bf47fb27de3effe029126423d57d13d49?s=96&d=mm&r=g\",\"caption\":\"Redi Vyshka\"},\"description\":\"COO e co-fondatore di Switcho, esperto nei campi della consulenza manageriale e della finanza aziendale, Redi ha contribuito nel 2019 alla progettazione e al lancio del primo servizio in Italia che, con pochi clic, consente di analizzare le proprie spese di casa e di trovare le opportunit\u00e0 personalizzate di risparmio, dimenticandosi la burocrazia. Dalla nascita di Switcho, Redi prende parte a numerosi eventi su startup e settore energetico, grazie alla sua competenza pluriennale nel mercato delle forniture di gas e luce e nelle soluzioni per ridurre i costi in bolletta. Leggi tutti i suoi articoli e seguilo su LinkedIn.\",\"sameAs\":[\"http:\\\/\\\/blog.switcho.net\"],\"url\":\"https:\\\/\\\/www.switcho.it\\\/blog\\\/author\\\/redi-vyshka\\\/\"}]}<\/script>\n<!-- \/ Yoast SEO plugin. -->","yoast_head_json":{"title":"Tariffe PLACET in Deroga: Ecco Perch\u00e9 non Sempre Convengono - Switcho","description":"Chi non \u00e8 passato al mercato libero dopo la fine della tutela gas si trova ora con un\u2019offerta PLACET in deroga: quali sono i rischi?","robots":{"index":"index","follow":"follow","max-snippet":"max-snippet:-1","max-image-preview":"max-image-preview:large","max-video-preview":"max-video-preview:-1"},"canonical":"https:\/\/www.switcho.it\/blog\/luce-gas\/rischi-tariffe-placet\/","og_locale":"it_IT","og_type":"article","og_title":"Tariffe PLACET in Deroga: Ecco Perch\u00e9 non Sempre Convengono - Switcho","og_description":"Chi non \u00e8 passato al mercato libero dopo la fine della tutela gas si trova ora con un\u2019offerta PLACET in deroga: quali sono i rischi?","og_url":"https:\/\/www.switcho.it\/blog\/luce-gas\/rischi-tariffe-placet\/","og_site_name":"Switcho","article_published_time":"2024-01-22T16:39:12+00:00","article_modified_time":"2024-02-07T15:22:48+00:00","og_image":[{"width":1200,"height":800,"url":"https:\/\/www.switcho.it\/blog\/wp-content\/uploads\/2024\/01\/rischi-delle-tariffe-placet-variabili.png","type":"image\/png"}],"author":"Redi Vyshka","twitter_card":"summary_large_image","twitter_title":"Tariffe PLACET in Deroga: Ecco Perch\u00e9 non Sempre Convengono - Switcho","twitter_description":"Chi non \u00e8 passato al mercato libero dopo la fine della tutela gas si trova ora con un\u2019offerta PLACET in deroga: quali sono i rischi?","twitter_image":"https:\/\/www.switcho.it\/blog\/wp-content\/uploads\/2024\/01\/rischi-delle-tariffe-placet-variabili.png","twitter_misc":{"Scritto da":"Redi Vyshka","Tempo di lettura stimato":"9 minuti"},"schema":{"@context":"https:\/\/schema.org","@graph":[{"@type":"Article","@id":"https:\/\/www.switcho.it\/blog\/luce-gas\/rischi-tariffe-placet\/#article","isPartOf":{"@id":"https:\/\/www.switcho.it\/blog\/luce-gas\/rischi-tariffe-placet\/"},"author":{"name":"Redi Vyshka","@id":"https:\/\/www.switcho.it\/blog\/#\/schema\/person\/0ded3a7e3f8a1379815652dba2c813b5"},"headline":"I rischi delle tariffe PLACET in deroga: il prezzo variabile non protegge","datePublished":"2024-01-22T16:39:12+00:00","dateModified":"2024-02-07T15:22:48+00:00","mainEntityOfPage":{"@id":"https:\/\/www.switcho.it\/blog\/luce-gas\/rischi-tariffe-placet\/"},"wordCount":1353,"publisher":{"@id":"https:\/\/www.switcho.it\/blog\/#organization"},"image":{"@id":"https:\/\/www.switcho.it\/blog\/luce-gas\/rischi-tariffe-placet\/#primaryimage"},"thumbnailUrl":"https:\/\/www.switcho.it\/blog\/wp-content\/uploads\/2024\/01\/rischi-delle-tariffe-placet-variabili.png","keywords":["mercato tutelato","news luce e gas"],"articleSection":["Osservatorio Luce e Gas"],"inLanguage":"it-IT"},{"@type":"WebPage","@id":"https:\/\/www.switcho.it\/blog\/luce-gas\/rischi-tariffe-placet\/","url":"https:\/\/www.switcho.it\/blog\/luce-gas\/rischi-tariffe-placet\/","name":"Tariffe PLACET in Deroga: Ecco Perch\u00e9 non Sempre Convengono - Switcho","isPartOf":{"@id":"https:\/\/www.switcho.it\/blog\/#website"},"primaryImageOfPage":{"@id":"https:\/\/www.switcho.it\/blog\/luce-gas\/rischi-tariffe-placet\/#primaryimage"},"image":{"@id":"https:\/\/www.switcho.it\/blog\/luce-gas\/rischi-tariffe-placet\/#primaryimage"},"thumbnailUrl":"https:\/\/www.switcho.it\/blog\/wp-content\/uploads\/2024\/01\/rischi-delle-tariffe-placet-variabili.png","datePublished":"2024-01-22T16:39:12+00:00","dateModified":"2024-02-07T15:22:48+00:00","description":"Chi non \u00e8 passato al mercato libero dopo la fine della tutela gas si trova ora con un\u2019offerta PLACET in deroga: quali sono i rischi?","breadcrumb":{"@id":"https:\/\/www.switcho.it\/blog\/luce-gas\/rischi-tariffe-placet\/#breadcrumb"},"inLanguage":"it-IT","potentialAction":[{"@type":"ReadAction","target":["https:\/\/www.switcho.it\/blog\/luce-gas\/rischi-tariffe-placet\/"]}]},{"@type":"ImageObject","inLanguage":"it-IT","@id":"https:\/\/www.switcho.it\/blog\/luce-gas\/rischi-tariffe-placet\/#primaryimage","url":"https:\/\/www.switcho.it\/blog\/wp-content\/uploads\/2024\/01\/rischi-delle-tariffe-placet-variabili.png","contentUrl":"https:\/\/www.switcho.it\/blog\/wp-content\/uploads\/2024\/01\/rischi-delle-tariffe-placet-variabili.png","width":1200,"height":800,"caption":"rischi delle tariffe placet variabili"},{"@type":"BreadcrumbList","@id":"https:\/\/www.switcho.it\/blog\/luce-gas\/rischi-tariffe-placet\/#breadcrumb","itemListElement":[{"@type":"ListItem","position":1,"name":"Home","item":"https:\/\/www.switcho.it\/blog\/"},{"@type":"ListItem","position":2,"name":"Luce e Gas","item":"https:\/\/www.switcho.it\/blog\/luce-gas\/"},{"@type":"ListItem","position":3,"name":"Osservatorio Luce e Gas","item":"https:\/\/www.switcho.it\/blog\/luce-gas\/osservatorio\/"},{"@type":"ListItem","position":4,"name":"I rischi delle tariffe PLACET in deroga: il prezzo variabile non protegge"}]},{"@type":"WebSite","@id":"https:\/\/www.switcho.it\/blog\/#website","url":"https:\/\/www.switcho.it\/blog\/","name":"Switcho","description":"Il blog semplice, per davvero.","publisher":{"@id":"https:\/\/www.switcho.it\/blog\/#organization"},"potentialAction":[{"@type":"SearchAction","target":{"@type":"EntryPoint","urlTemplate":"https:\/\/www.switcho.it\/blog\/?s={search_term_string}"},"query-input":{"@type":"PropertyValueSpecification","valueRequired":true,"valueName":"search_term_string"}}],"inLanguage":"it-IT"},{"@type":"Organization","@id":"https:\/\/www.switcho.it\/blog\/#organization","name":"Switcho","url":"https:\/\/www.switcho.it\/blog\/","logo":{"@type":"ImageObject","inLanguage":"it-IT","@id":"https:\/\/www.switcho.it\/blog\/#\/schema\/logo\/image\/","url":"https:\/\/www.switcho.it\/blog\/wp-content\/uploads\/2021\/03\/Switcho-Logotype-Green.png","contentUrl":"https:\/\/www.switcho.it\/blog\/wp-content\/uploads\/2021\/03\/Switcho-Logotype-Green.png","width":1507,"height":597,"caption":"Switcho"},"image":{"@id":"https:\/\/www.switcho.it\/blog\/#\/schema\/logo\/image\/"}},{"@type":"Person","@id":"https:\/\/www.switcho.it\/blog\/#\/schema\/person\/0ded3a7e3f8a1379815652dba2c813b5","name":"Redi Vyshka","image":{"@type":"ImageObject","inLanguage":"it-IT","@id":"https:\/\/secure.gravatar.com\/avatar\/ec58c8b79072f95e408bc3acbd2af80bf47fb27de3effe029126423d57d13d49?s=96&d=mm&r=g","url":"https:\/\/secure.gravatar.com\/avatar\/ec58c8b79072f95e408bc3acbd2af80bf47fb27de3effe029126423d57d13d49?s=96&d=mm&r=g","contentUrl":"https:\/\/secure.gravatar.com\/avatar\/ec58c8b79072f95e408bc3acbd2af80bf47fb27de3effe029126423d57d13d49?s=96&d=mm&r=g","caption":"Redi Vyshka"},"description":"COO e co-fondatore di Switcho, esperto nei campi della consulenza manageriale e della finanza aziendale, Redi ha contribuito nel 2019 alla progettazione e al lancio del primo servizio in Italia che, con pochi clic, consente di analizzare le proprie spese di casa e di trovare le opportunit\u00e0 personalizzate di risparmio, dimenticandosi la burocrazia. Dalla nascita di Switcho, Redi prende parte a numerosi eventi su startup e settore energetico, grazie alla sua competenza pluriennale nel mercato delle forniture di gas e luce e nelle soluzioni per ridurre i costi in bolletta. Leggi tutti i suoi articoli e seguilo su LinkedIn.","sameAs":["http:\/\/blog.switcho.net"],"url":"https:\/\/www.switcho.it\/blog\/author\/redi-vyshka\/"}]}},"modified_by":"Eleonora Francese","_links":{"self":[{"href":"https:\/\/www.switcho.it\/blog\/wp-json\/wp\/v2\/posts\/79513","targetHints":{"allow":["GET"]}}],"collection":[{"href":"https:\/\/www.switcho.it\/blog\/wp-json\/wp\/v2\/posts"}],"about":[{"href":"https:\/\/www.switcho.it\/blog\/wp-json\/wp\/v2\/types\/post"}],"author":[{"embeddable":true,"href":"https:\/\/www.switcho.it\/blog\/wp-json\/wp\/v2\/users\/26"}],"replies":[{"embeddable":true,"href":"https:\/\/www.switcho.it\/blog\/wp-json\/wp\/v2\/comments?post=79513"}],"version-history":[{"count":5,"href":"https:\/\/www.switcho.it\/blog\/wp-json\/wp\/v2\/posts\/79513\/revisions"}],"predecessor-version":[{"id":102841,"href":"https:\/\/www.switcho.it\/blog\/wp-json\/wp\/v2\/posts\/79513\/revisions\/102841"}],"wp:featuredmedia":[{"embeddable":true,"href":"https:\/\/www.switcho.it\/blog\/wp-json\/wp\/v2\/media\/79471"}],"wp:attachment":[{"href":"https:\/\/www.switcho.it\/blog\/wp-json\/wp\/v2\/media?parent=79513"}],"wp:term":[{"taxonomy":"category","embeddable":true,"href":"https:\/\/www.switcho.it\/blog\/wp-json\/wp\/v2\/categories?post=79513"},{"taxonomy":"post_tag","embeddable":true,"href":"https:\/\/www.switcho.it\/blog\/wp-json\/wp\/v2\/tags?post=79513"}],"curies":[{"name":"wp","href":"https:\/\/api.w.org\/{rel}","templated":true}]}}