{"id":74908,"date":"2023-12-04T08:46:21","date_gmt":"2023-12-04T08:46:21","guid":{"rendered":"https:\/\/www.switcho.it\/blog\/?p=74908"},"modified":"2025-10-16T09:04:21","modified_gmt":"2025-10-16T09:04:21","slug":"consumi-frigorifero","status":"publish","type":"post","link":"https:\/\/www.switcho.it\/blog\/luce-gas\/consumi-frigorifero\/","title":{"rendered":"Quanto consuma un frigorifero e come risparmiare"},"content":{"rendered":"\n<p>Il consumo di un frigorifero dipende da molti fattori, tra cui la classe energetica dell&#8217;elettrodomestico, la sua dimensione, la temperatura impostata, il suo stato di conservazione e la stagione climatica.<\/p>\n\n\n\n<div style=\"height:20px\" aria-hidden=\"true\" class=\"wp-block-spacer\"><\/div>\n\n\n\n<blockquote class=\"wp-block-quote is-layout-flow wp-block-quote-is-layout-flow\">\n<p>In media, un classico <strong>frigorifero combinato da 300 litri<\/strong> di capienza (200 per i cibi freschi + 100 per quelli congelati) <strong>consuma dai 100 ai 300 kWh l&#8217;anno<\/strong>, che si traducono in una spesa annua compresa <strong>tra i 25 e i 75\u20ac<\/strong> nella bolletta dell&#8217;energia elettrica.<\/p>\n<\/blockquote>\n\n\n\n<div style=\"height:20px\" aria-hidden=\"true\" class=\"wp-block-spacer\"><\/div>\n\n\n\n<p>Vediamo ora nei dettagli cosa incide maggiormente sui consumi del frigo, come variano in base alla classe energetica e cosa possiamo fare per ridurli e risparmiare in bolletta.<\/p>\n\n\n\n<div style=\"height:20px\" aria-hidden=\"true\" class=\"wp-block-spacer\"><\/div>\n\n\n\n<div class=\"wp-block-divi-layout\">[et_pb_section fb_built=&#8221;1&#8243; disabled_on=&#8221;on|on|off&#8221; admin_label=&#8221;section&#8221; _builder_version=&#8221;4.18.0&#8243; custom_padding=&#8221;0px||0px||false|false&#8221; global_colors_info=&#8221;{}&#8221;][et_pb_row admin_label=&#8221;row&#8221; _builder_version=&#8221;4.19.1&#8243; background_size=&#8221;initial&#8221; background_position=&#8221;top_left&#8221; background_repeat=&#8221;repeat&#8221; width=&#8221;100%&#8221; max_height=&#8221;1000px&#8221; global_colors_info=&#8221;{}&#8221;][et_pb_column type=&#8221;4_4&#8243; _builder_version=&#8221;4.18.0&#8243; _module_preset=&#8221;default&#8221; global_colors_info=&#8221;{}&#8221;][et_pb_image src=&#8221;https:\/\/www.switcho.it\/blog\/wp-content\/uploads\/2024\/03\/banner-luce-gas-top-desktop-new.png&#8221; alt=&#8221;Risparmia sulle bollette con Switcho&#8221; title_text=&#8221;risparmia sulle bollette con switcho&#8221; url=&#8221;http:\/\/www.switcho.it\/servizi\/intro\/luce-gas?ref=cta-energy-top&#8221; align=&#8221;center&#8221; force_fullwidth=&#8221;on&#8221; src_tablet=&#8221;https:\/\/www.switcho.it\/blog\/wp-content\/uploads\/2022\/11\/banner-energy-top-mobile.png&#8221; src_phone=&#8221;https:\/\/www.switcho.it\/blog\/wp-content\/uploads\/2022\/11\/banner-energy-top-mobile.png&#8221; src_last_edited=&#8221;on|phone&#8221; _builder_version=&#8221;4.24.2&#8243; _module_preset=&#8221;default&#8221; hover_enabled=&#8221;0&#8243; global_colors_info=&#8221;{}&#8221; sticky_enabled=&#8221;0&#8243;][\/et_pb_image][\/et_pb_column][\/et_pb_row][\/et_pb_section]<\/div>\n\n\n\n<div style=\"height:50px\" aria-hidden=\"true\" class=\"wp-block-spacer\"><\/div>\n\n\n\n<p>Indice<\/p>\n\n\n\n<ul class=\"wp-block-list\">\n<li><a href=\"#fattori-consumi\">Cosa determina i consumi del frigo?<\/a><\/li>\n\n\n\n<li><a href=\"#consumi-frigo-classe-energetica\">Consumi del frigorifero in base alla classe energetica<\/a><\/li>\n\n\n\n<li><a href=\"#etichetta-energetica-frigo\">Come leggere l\u2019etichetta energetica del frigo<\/a><\/li>\n\n\n\n<li><a href=\"#consumo-giornaliero-frigo\">Consumo giornaliero del frigorifero: come calcolarlo<\/a><\/li>\n\n\n\n<li><a href=\"#come-ridurre-i-consumi\">Come ridurre i consumi del frigo<\/a><\/li>\n<\/ul>\n\n\n\n<div style=\"height:50px\" aria-hidden=\"true\" class=\"wp-block-spacer\"><\/div>\n\n\n\n<h2 class=\"wp-block-heading\" id=\"fattori-consumi\"><strong>Cosa determina i consumi del frigo?<\/strong><\/h2>\n\n\n\n<div style=\"height:20px\" aria-hidden=\"true\" class=\"wp-block-spacer\"><\/div>\n\n\n\n<p>Definire i consumi del frigorifero pu\u00f2 essere complicato se non ci considerano una serie di fattori determinanti:<\/p>\n\n\n\n<ul class=\"wp-block-list emoji_bullets emoji_right_arrow\">\n<li>L\u2019<strong>efficienza energetica<\/strong>: Questa a sua volta dipende dal modello del frigorifero, e questa classificazione varia in una scala da A a G.&nbsp;<\/li>\n\n\n\n<li>La <strong>potenza<\/strong>: A partire dalla potenza del dispositivo, spesso indicata sull\u2019etichetta energetica, si pu\u00f2 ottenere il consumo giornaliero.<\/li>\n\n\n\n<li>Le <strong>dimensioni del frigorifero<\/strong>: Pi\u00f9 il frigo \u00e8 grande, maggiore sar\u00e0 l\u2019impiego di energia elettrica.<\/li>\n\n\n\n<li>Il <strong>congelatore<\/strong>: Anche il congelatore influisce sui consumi. Pi\u00f9 questo sar\u00e0 grande e capace di avere raggiungere basse temperature, maggiore sar\u00e0 il dispendio energetico.<\/li>\n\n\n\n<li>La <strong>posizione<\/strong>: Se il frigo \u00e8 situato vicino a fonti di calore (forno, fornelli, termosifoni) o in punti scarsamente ventilati, pu\u00f2 surriscaldarsi. In questo modo, l\u2019impiego energetico per mantenere la temperatura sar\u00e0 maggiore.<\/li>\n\n\n\n<li>La <strong>quantit\u00e0 di cibo conservato<\/strong>: Riempire tanto il frigo di cibo fa s\u00ec che questo impieghi pi\u00f9 energia per raffreddare le pietanze.<\/li>\n\n\n\n<li>Le <strong>guarnizioni<\/strong>: Se le guarnizioni delle aperture sono usurate, l\u2019ambiente interno non \u00e8 isolato e l\u2019elettrodomestico impiegher\u00e0 pi\u00f9 energia per raffreddare gli alimenti.<\/li>\n\n\n\n<li>La <strong>stagione<\/strong>: In estate, quando fa pi\u00f9 caldo anche in casa, il frigorifero fa pi\u00f9 sforzo a mantenere la temperatura impostata e consuma di pi\u00f9.<\/li>\n<\/ul>\n\n\n\n<div style=\"height:20px\" aria-hidden=\"true\" class=\"wp-block-spacer\"><\/div>\n\n\n\n<p class=\"has-background\" style=\"background-color:#f7f8fa\">\u2757Ovviamente, anche l\u2019et\u00e0 del frigo impatta sulla bolletta: i consumi di un frigorifero vecchio sono maggiori.<\/p>\n\n\n\n<div style=\"height:50px\" aria-hidden=\"true\" class=\"wp-block-spacer\"><\/div>\n\n\n\n<h2 class=\"wp-block-heading\" id=\"consumi-frigo-classe-energetica\"><strong>Consumi del frigorifero in base alla classe energetica<\/strong><\/h2>\n\n\n\n<div style=\"height:20px\" aria-hidden=\"true\" class=\"wp-block-spacer\"><\/div>\n\n\n\n<p>Qual \u00e8 la migliore classe energetica dei frigoriferi? Qualche anno fa le classi pi\u00f9 indicate erano <strong>A+++<\/strong>, <strong>A++<\/strong> e <strong>A+<\/strong>. Ma come anche per la <a href=\"https:\/\/www.switcho.it\/blog\/luce-gas\/consumi-lavatrice\/\" target=\"_blank\" rel=\"noreferrer noopener\">lavatrice<\/a> e la <a href=\"https:\/\/www.switcho.it\/blog\/luce-gas\/consumi-lavastoviglie\/\" target=\"_blank\" rel=\"noreferrer noopener\">lavastoviglie<\/a>, la classificazione \u00e8 stata cambiata nel 2021.<\/p>\n\n\n\n<div style=\"height:20px\" aria-hidden=\"true\" class=\"wp-block-spacer\"><\/div>\n\n\n\n<blockquote class=\"wp-block-quote is-layout-flow wp-block-quote-is-layout-flow\">\n<p><em>La classificazione attuale ha un range di <\/em><strong><em>7 classi energetiche<\/em><\/strong><em>, che vanno <\/em><strong><em>dalla A<\/em><\/strong><em> <\/em><strong><em>alla G<\/em><\/strong><em>. <\/em><em>Pi\u00f9 la classe energetica \u00e8 elevata, <\/em><strong><em>maggiore sar\u00e0 l\u2019efficienza<\/em><\/strong><em> del frigorifero, e cio\u00e8 la capacit\u00e0 di lavorare consumando meno energia possibile.<\/em><\/p>\n<\/blockquote>\n\n\n\n<div style=\"height:20px\" aria-hidden=\"true\" class=\"wp-block-spacer\"><\/div>\n\n\n\n<p>Di conseguenza, la<strong> classe A sar\u00e0 la migliore<\/strong>, mentre un frigo di classe G \u00e8 il peggiore, cio\u00e8 di bassa efficienza energetica e consumi pi\u00f9 elevati.<\/p>\n\n\n\n<p>Ma qual \u00e8, concretamente, la differenza tra il consumo di un frigorifero di classe A rispetto a un frigo di classe F o G? In questa tabella riportiamo il <strong>dispendio energetico annuo<\/strong> per <strong>ogni classe energetica<\/strong> (come <a href=\"https:\/\/www.efficienzaenergetica.enea.it\/servizi-per\/cittadini\/interventi-di-efficienza-e-risparmio-energetico-nelle-abitazioni\/etichetta-energetica\/etichetta-energetica-apparecchi\/etichetta-energetica-per-frigoriferi-frigocongelatori-congelatori-e-cantinette.html\" target=\"_blank\" rel=\"noreferrer noopener nofollow\">riportato<\/a> da Enea, l&#8217;Agenzia nazionale di riferimento per il settore dell&#8217;energia) e i relativi costi in bolletta, considerando il prezzo della materia energia stimato di <strong>0,25 \u20ac\/kWh<\/strong>.<\/p>\n\n\n\n<div style=\"height:50px\" aria-hidden=\"true\" class=\"wp-block-spacer\"><\/div>\n\n\n\n<figure class=\"wp-block-table is-style-stripes\"><table class=\"has-fixed-layout\"><thead><tr><th><strong>CLASSE ENERGETICA<\/strong><\/th><th><strong>CONSUMO ANNUO<\/strong><\/th><th><strong>COSTI IN BOLLETTA<\/strong><\/th><\/tr><\/thead><tbody><tr><td><strong>A<\/strong><\/td><td>Fino a 100 kWh<\/td><td>Fino a 25 \u20ac<\/td><\/tr><tr><td><strong>B<\/strong><\/td><td>Da 101 a 124 kWh<\/td><td>Da 25 a 31 \u20ac <\/td><\/tr><tr><td><strong>C<\/strong><\/td><td>Da 125 a 155 kWh<\/td><td>Da 31 a 39 \u20ac<\/td><\/tr><tr><td><strong>D<\/strong><\/td><td>Da 156 a 194 kWh<\/td><td>Da 39 a 48 \u20ac<\/td><\/tr><tr><td><strong>E<\/strong><\/td><td>Da 195 a 243 kWh<\/td><td>Da 48 a 61 \u20ac<\/td><\/tr><tr><td><strong>F<\/strong><\/td><td>Da 244 a 303 kWh<\/td><td>Da 61 a 76 \u20ac<\/td><\/tr><tr><td><strong>G<\/strong><\/td><td>Oltre 303 kWh<\/td><td>Oltre 76 \u20ac<\/td><\/tr><\/tbody><\/table><\/figure>\n\n\n\n<div style=\"height:50px\" aria-hidden=\"true\" class=\"wp-block-spacer\"><\/div>\n\n\n\n<p class=\"has-background\" style=\"background-color:#f7f8fa\">&nbsp;\u2757 Ricordiamo che, con il cambiare della classificazione, oggi un elettrodomestico<strong> di vecchia classe A+++<\/strong> \u00e8 considerato all\u2019incirca come un <strong>elettrodomestico di classe D<\/strong>.<\/p>\n\n\n\n<div style=\"height:70px\" aria-hidden=\"true\" class=\"wp-block-spacer\"><\/div>\n\n\n\n<figure class=\"wp-block-image aligncenter size-full\"><img loading=\"lazy\" decoding=\"async\" width=\"900\" height=\"600\" src=\"https:\/\/www.switcho.it\/blog\/wp-content\/uploads\/2022\/03\/classi-energetiche-nuove-2021.png\" alt=\"classi energetiche elettrodomestici 2021\" class=\"wp-image-46742\" srcset=\"https:\/\/www.switcho.it\/blog\/wp-content\/uploads\/2022\/03\/classi-energetiche-nuove-2021.png 900w, https:\/\/www.switcho.it\/blog\/wp-content\/uploads\/2022\/03\/classi-energetiche-nuove-2021-480x320.png 480w\" sizes=\"(min-width: 0px) and (max-width: 480px) 480px, (min-width: 481px) 900px, 100vw\" \/><\/figure>\n\n\n\n<div style=\"height:50px\" aria-hidden=\"true\" class=\"wp-block-spacer\"><\/div>\n\n\n\n<h2 class=\"wp-block-heading\" id=\"etichetta-energetica-frigo\"><strong>Come leggere l\u2019etichetta energetica del frigo<\/strong><\/h2>\n\n\n\n<div style=\"height:20px\" aria-hidden=\"true\" class=\"wp-block-spacer\"><\/div>\n\n\n\n<p>Al fine di scoprire pi\u00f9 informazioni possibili sui consumi e sulla potenza del frigorifero, vediamo insieme come <strong>leggere l\u2019etichetta<\/strong> energetica.<\/p>\n\n\n\n<div style=\"height:50px\" aria-hidden=\"true\" class=\"wp-block-spacer\"><\/div>\n\n\n\n<figure class=\"wp-block-image aligncenter size-large\"><img loading=\"lazy\" decoding=\"async\" width=\"500\" height=\"1024\" src=\"https:\/\/www.switcho.it\/blog\/wp-content\/uploads\/2023\/12\/Etichetta-frigorifero-500x1024.png\" alt=\"Etichetta frigorifero\" class=\"wp-image-74929\" srcset=\"https:\/\/www.switcho.it\/blog\/wp-content\/uploads\/2023\/12\/Etichetta-frigorifero-500x1024.png 500w, https:\/\/www.switcho.it\/blog\/wp-content\/uploads\/2023\/12\/Etichetta-frigorifero-480x983.png 480w\" sizes=\"(min-width: 0px) and (max-width: 480px) 480px, (min-width: 481px) 500px, 100vw\" \/><\/figure>\n\n\n\n<div style=\"height:50px\" aria-hidden=\"true\" class=\"wp-block-spacer\"><\/div>\n\n\n\n<ol class=\"wp-block-list emoji_bullets emoji_number_list\">\n<li>Il <strong>QR code<\/strong> \u2013 scansionabile tramite smartphone \u2013 ti permette di avere accesso alla scheda completa del prodotto. Questi dati vengono immessi dai produttori dell\u2019elettrodomestico nella<strong> banca dati Eprel UE<\/strong> (European Product Database for Energy Labelling).<\/li>\n\n\n\n<li>La sezione appena pi\u00f9 in basso del QR code riporta il <strong>nome dell\u2019apparecchio<\/strong> e del <strong>modello<\/strong>.&nbsp;<\/li>\n\n\n\n<li>Di seguito, c\u2019\u00e8 la scala di classi energetiche del 2021. Ogni categoria \u00e8 rappresentata dalla <strong>lettera <\/strong>(da <strong>A<\/strong> a <strong>G<\/strong>) e da una <strong>freccia <\/strong>di <strong>colore<\/strong> e <strong>lunghezza differenti<\/strong>. La A ha una freccia verde e corta, che va a simboleggiare consumi energetici pi\u00f9 bassi. Man mano che si scende di classe, la freccia si fa pi\u00f9 lunga, a rappresentare il <strong>maggior dispendio di elettricit\u00e0<\/strong>.&nbsp;<\/li>\n\n\n\n<li>Accanto a questa, c\u2019\u00e8 l\u2019<strong>effettiva classe energetica <\/strong>dell\u2019elettrodomestico.<\/li>\n\n\n\n<li>Sotto c\u2019\u00e8 il <strong>consumo annuo<\/strong> del frigorifero espresso in kWh.<\/li>\n\n\n\n<li>Se si tratta di un frigorifero dotato di congelatore, qui sono espressi in litri <strong>i volumi degli scomparti<\/strong> per prodotti congelati.<\/li>\n\n\n\n<li>Qui invece ci sono i<strong> volumi degli scomparti <\/strong>per prodotti non congelati e solo da raffreddare, sempre espressi in litri.<\/li>\n\n\n\n<li>Infine, abbiamo l\u2019icona che indica le <strong>emissioni di rumore espresse in decibel <\/strong>(<strong>db<\/strong>). Sotto il numero di decibel, c\u2019\u00e8 anche la <strong>classe di emissione di rumore aereo<\/strong>, che va da <strong>A<\/strong> (la meno rumorosa) a <strong>D<\/strong> (la pi\u00f9 rumorosa).<\/li>\n<\/ol>\n\n\n\n<div style=\"height:50px\" aria-hidden=\"true\" class=\"wp-block-spacer\"><\/div>\n\n\n\n<h2 class=\"wp-block-heading\" id=\"consumo-giornaliero-frigo\"><strong>Consumo giornaliero del frigorifero: come calcolarlo<\/strong><\/h2>\n\n\n\n<div style=\"height:20px\" aria-hidden=\"true\" class=\"wp-block-spacer\"><\/div>\n\n\n\n<p>Vuoi conoscere quanta energia \u00e8 consumata durante il giorno? Fare una stima pu\u00f2 essere semplice, se si conosce la potenza dell\u2019elettrodomestico. Questa informazione \u00e8 facilmente reperibile direttamente dalla scheda tecnica del prodotto.<\/p>\n\n\n\n<div style=\"height:20px\" aria-hidden=\"true\" class=\"wp-block-spacer\"><\/div>\n\n\n\n<blockquote class=\"wp-block-quote is-layout-flow wp-block-quote-is-layout-flow\">\n<p><em>Per calcolare quanto consuma un frigo in un giorno, basta <\/em><strong><em>moltiplicare la potenza <\/em><\/strong><em>(espressa in Watt) per <\/em><strong><em>8 <\/em><\/strong><em>o <\/em><strong><em>9 ore<\/em><\/strong><em>, cio\u00e8 il numero delle ore in cui l\u2019elettrodomestico \u00e8 attivo.<\/em><\/p>\n<\/blockquote>\n\n\n\n<div style=\"height:40px\" aria-hidden=\"true\" class=\"wp-block-spacer\"><\/div>\n\n\n\n<p class=\"has-background\" style=\"background-color:#f7f8fa\">\ud83d\udca1 Anche se \u00e8 collegato alla corrente tutto il giorno, il <strong>frigorifero non rimane acceso sempre<\/strong>, ma funziona solo quando deve mantenere costante la temperatura impostata. Questa modalit\u00e0 di funzionamento ha una <strong>durata giornaliera di circa 8-9 ore<\/strong>.<\/p>\n\n\n\n<div style=\"height:20px\" aria-hidden=\"true\" class=\"wp-block-spacer\"><\/div>\n\n\n\n<p>Per esempio, se un frigo ha una potenza di 170 W, bisogna moltiplicarlo per 8 ore: allora il consumo giornaliero sar\u00e0 di 1,36 kWh.<\/p>\n\n\n\n<div style=\"height:50px\" aria-hidden=\"true\" class=\"wp-block-spacer\"><\/div>\n\n\n\n<h2 class=\"wp-block-heading\" id=\"come-ridurre-i-consumi\"><strong>Come ridurre i consumi del frigo<\/strong><\/h2>\n\n\n\n<div style=\"height:20px\" aria-hidden=\"true\" class=\"wp-block-spacer\"><\/div>\n\n\n\n<p>Nonostante gli elevati consumi, esistono comunque dei modi per ridurre l\u2019impiego energetico di un frigorifero:<\/p>\n\n\n\n<ul class=\"wp-block-list emoji_bullets emoji_light_bulb\">\n<li><strong>Pulisci il frigorifero<\/strong>: \u00e8 fondamentale la pulizia dell\u2019ambiente interno, rimuovendo la brina (se il tuo frigo non \u00e8 no-frost) e il cibo deteriorato. Inoltre, anche pulire le griglie di ventilazione posteriori permette all\u2019elettrodomestico di non fare sforzi per funzionare.<\/li>\n\n\n\n<li>Imposta la <strong>temperatura <\/strong>tra <strong>3 <\/strong>e <strong>5\u00b0C<\/strong>: ci\u00f2 permette di non congelare gli alimenti e di non consumare energia inutilmente.<\/li>\n\n\n\n<li>Evita di <strong>ammassare i prodotti <\/strong>nel vano interno.<\/li>\n\n\n\n<li>Inserisci <strong>piatti ben raffreddati <\/strong>e con un coperchio sopra: i piatti ancora caldi aumentano la temperatura interna, quindi il frigorifero deve riattivarsi per abbassarla nuovamente. I piatti liquidi, invece, se non coperti aumentano l\u2019umidit\u00e0 dell\u2019ambiente interno.\u00a0<\/li>\n\n\n\n<li><strong>Non aprire spesso il frigorifero<\/strong>: aprire poco il frigo evita alterazioni di temperatura, che a loro volta aumentano i consumi.<\/li>\n\n\n\n<li><strong>Fai attenzione alla tua <\/strong><a href=\"https:\/\/www.switcho.it\/risorse\/luce\/\" target=\"_blank\" rel=\"noreferrer noopener\"><strong>offerta luce<\/strong><\/a>: potresti avere un&#8217;offerta non pi\u00f9 in linea con il mercato e andare quindi a spendere pi\u00f9 del necessario. Per scoprirlo, carica gratuitamente la tua bolletta su <a href=\"https:\/\/www.switcho.it\/servizi\/intro\/luce-gas\"><strong>Switcho<\/strong><\/a>, servizio 100% digitale che indica l\u2019offerta pi\u00f9 adeguata ai tuoi consumi, ma solo se c\u2019\u00e8 un risparmio effettivo. E in pi\u00f9, se cambi fornitore, della burocrazia ce ne occupiamo noi \ud83d\ude0e<\/li>\n<\/ul>\n\n\n\n<div style=\"height:20px\" aria-hidden=\"true\" class=\"wp-block-spacer\"><\/div>\n\n\n\n<div class=\"wp-block-divi-layout\">[et_pb_section fb_built=&#8221;1&#8243; disabled_on=&#8221;off|off|off&#8221; admin_label=&#8221;section&#8221; _builder_version=&#8221;4.19.1&#8243; custom_padding=&#8221;0px||0px||false|false&#8221; global_colors_info=&#8221;{}&#8221;][et_pb_row admin_label=&#8221;row&#8221; _builder_version=&#8221;4.19.1&#8243; background_size=&#8221;initial&#8221; background_position=&#8221;top_left&#8221; background_repeat=&#8221;repeat&#8221; width=&#8221;100%&#8221; max_height=&#8221;1000px&#8221; global_colors_info=&#8221;{}&#8221;][et_pb_column type=&#8221;4_4&#8243; _builder_version=&#8221;4.18.0&#8243; _module_preset=&#8221;default&#8221; global_colors_info=&#8221;{}&#8221;][et_pb_image src=&#8221;https:\/\/www.switcho.it\/blog\/wp-content\/uploads\/2022\/11\/banner-energy-low-desktop.png&#8221; alt=&#8221;risparmia sulle bollette con switcho&#8221; title_text=&#8221;risparmia sulle bollette con switcho&#8221; url=&#8221;http:\/\/www.switcho.it\/servizi\/intro\/luce-gas?ref=cta-energy-low&#8221; align=&#8221;center&#8221; force_fullwidth=&#8221;on&#8221; src_tablet=&#8221;https:\/\/www.switcho.it\/blog\/wp-content\/uploads\/2022\/11\/banner-energy-low-mobile.png&#8221; src_phone=&#8221;https:\/\/www.switcho.it\/blog\/wp-content\/uploads\/2022\/11\/banner-energy-low-mobile.png&#8221; src_last_edited=&#8221;on|desktop&#8221; _builder_version=&#8221;4.21.0&#8243; _module_preset=&#8221;default&#8221; hover_enabled=&#8221;0&#8243; global_colors_info=&#8221;{}&#8221; sticky_enabled=&#8221;0&#8243;][\/et_pb_image][\/et_pb_column][\/et_pb_row][\/et_pb_section]<\/div>\n\n\n\n<div style=\"height:50px\" aria-hidden=\"true\" class=\"wp-block-spacer\"><\/div>\n\n\n\n<div class=\"wp-block-divi-layout\">[et_pb_section fb_built=&#8221;1&#8243; _builder_version=&#8221;4.20.2&#8243; _module_preset=&#8221;default&#8221; custom_padding=&#8221;0px||0px|||&#8221; global_colors_info=&#8221;{}&#8221;][et_pb_row disabled_on=&#8221;off|off|off&#8221; _builder_version=&#8221;4.20.2&#8243; _module_preset=&#8221;default&#8221; background_size=&#8221;initial&#8221; background_position=&#8221;top_left&#8221; background_repeat=&#8221;repeat&#8221; width=&#8221;100%&#8221; max_height=&#8221;1000px&#8221; global_colors_info=&#8221;{}&#8221;][et_pb_column type=&#8221;4_4&#8243; _builder_version=&#8221;4.20.2&#8243; _module_preset=&#8221;default&#8221; global_colors_info=&#8221;{}&#8221;][et_pb_toggle title=&#8221;Fonti&#8221; open_toggle_background_color=&#8221;#F7F8FA&#8221; closed_toggle_text_color=&#8221;#2D3748&#8243; closed_toggle_background_color=&#8221;#f7f8fa&#8221; _builder_version=&#8221;4.27.4&#8243; _module_preset=&#8221;default&#8221; title_level=&#8221;h4&#8243; title_font=&#8221;||||||||&#8221; title_font_size=&#8221;18px&#8221; title_line_height=&#8221;1.7em&#8221; closed_title_font=&#8221;||||||||&#8221; closed_title_font_size=&#8221;18px&#8221; body_font=&#8221;||||||||&#8221; hover_enabled=&#8221;0&#8243; body_font_size_tablet=&#8221;16px&#8221; body_font_size_phone=&#8221;16px&#8221; body_font_size_last_edited=&#8221;on|phone&#8221; border_width_all=&#8221;0px&#8221; global_colors_info=&#8221;{}&#8221; sticky_enabled=&#8221;0&#8243;]<span>Nuove etichette energetiche elettrodomestici dal 1\u00b0 marzo 2021 | Certifico<\/span>\n<br><span><a href=\"https:\/\/www.certifico.com\/ambiente\/356-news-ambiente\/7965-nuove-etichette-elettrodomestici-dal-1-marzo-2021\" target=\"_blank\" rel=\"noreferrer noopener nofollow\">https:\/\/www.certifico.com\/ambiente\/356-news-ambiente\/7965-nuove-etichette-elettrodomestici-dal-1-marzo-2021<\/a><\/span>\n\n<span>Etichetta energetica per frigoriferi, frigocongelatori, congelatori e cantinette | Enea<\/span>\n<br><span><a href=\"https:\/\/www.efficienzaenergetica.enea.it\/servizi-per\/cittadini\/interventi-di-efficienza-e-risparmio-energetico-nelle-abitazioni\/etichetta-energetica\/etichetta-energetica-apparecchi\/etichetta-energetica-per-frigoriferi-frigocongelatori-congelatori-e-cantinette.html\" target=\"_blank\" rel=\"noreferrer noopener nofollow\">https:\/\/www.efficienzaenergetica.enea.it\/servizi-per\/cittadini\/interventi-di-efficienza-e-risparmio-energetico-nelle-abitazioni\/etichetta-energetica\/etichetta-energetica-apparecchi\/etichetta-energetica-per-frigoriferi-frigocongelatori-congelatori-e-cantinette.html<\/a><\/span>\n\n<br><br><span>Quanti watt consuma un frigorifero e come risparmiare | LG<\/span>\n<br><span><a href=\"https:\/\/www.lg.com\/it\/magazine\/quanto-consuma-frigorifero\" target=\"_blank\" rel=\"noreferrer noopener nofollow\">https:\/\/www.lg.com\/it\/magazine\/quanto-consuma-frigorifero<\/a><\/span>[\/et_pb_toggle][\/et_pb_column][\/et_pb_row][\/et_pb_section]<\/div>\n\n\n\n<div style=\"height:50px\" aria-hidden=\"true\" class=\"wp-block-spacer\"><\/div>\n","protected":false},"excerpt":{"rendered":"<p>Quanto spendiamo ogni mese in bolletta per i consumi del frigorifero? In questo articolo tutti i consigli per risparmiare.<\/p>\n","protected":false},"author":23,"featured_media":74911,"comment_status":"closed","ping_status":"closed","sticky":false,"template":"","format":"standard","meta":{"_et_pb_use_builder":"off","_et_pb_old_content":"","_et_gb_content_width":"","_lmt_disableupdate":"yes","_lmt_disable":"","footnotes":""},"categories":[439],"tags":[],"class_list":["post-74908","post","type-post","status-publish","format-standard","has-post-thumbnail","hentry","category-consumi-elettrodomestici"],"yoast_head":"<!-- This site is optimized with the Yoast SEO plugin v27.5 - https:\/\/yoast.com\/product\/yoast-seo-wordpress\/ -->\n<title>Quanto Consuma un Frigorifero e Come Risparmiare - Switcho<\/title>\n<meta name=\"description\" content=\"Quanto spendiamo ogni mese in bolletta per i consumi del frigorifero? In questo articolo tutti i consigli per risparmiare.\" \/>\n<meta name=\"robots\" content=\"index, follow, max-snippet:-1, max-image-preview:large, max-video-preview:-1\" \/>\n<link rel=\"canonical\" href=\"https:\/\/www.switcho.it\/blog\/luce-gas\/consumi-frigorifero\/\" \/>\n<meta property=\"og:locale\" content=\"it_IT\" \/>\n<meta property=\"og:type\" content=\"article\" \/>\n<meta property=\"og:title\" content=\"Consumi Frigorifero: Costi e Come Risparmiare\" \/>\n<meta property=\"og:description\" content=\"Quanto spendiamo ogni mese in bolletta per i consumi del frigorifero? In questo articolo tutti i consigli per risparmiare.\" \/>\n<meta property=\"og:url\" content=\"https:\/\/www.switcho.it\/blog\/luce-gas\/consumi-frigorifero\/\" \/>\n<meta property=\"og:site_name\" content=\"Switcho\" \/>\n<meta property=\"article:published_time\" content=\"2023-12-04T08:46:21+00:00\" \/>\n<meta property=\"article:modified_time\" content=\"2025-10-16T09:04:21+00:00\" \/>\n<meta property=\"og:image\" content=\"https:\/\/www.switcho.it\/blog\/wp-content\/uploads\/2023\/12\/Consumi-Frigorifero.png\" \/>\n\t<meta property=\"og:image:width\" content=\"1200\" \/>\n\t<meta property=\"og:image:height\" content=\"800\" \/>\n\t<meta property=\"og:image:type\" content=\"image\/png\" \/>\n<meta name=\"author\" content=\"Marco Tricarico\" \/>\n<meta name=\"twitter:card\" content=\"summary_large_image\" \/>\n<meta name=\"twitter:title\" content=\"Consumi Frigorifero: Costi e Come Risparmiare\" \/>\n<meta name=\"twitter:description\" content=\"Quanto spendiamo ogni mese in bolletta per i consumi del frigorifero? In questo articolo tutti i consigli per risparmiare.\" \/>\n<meta name=\"twitter:image\" content=\"https:\/\/www.switcho.it\/blog\/wp-content\/uploads\/2023\/12\/Consumi-Frigorifero.png\" \/>\n<meta name=\"twitter:label1\" content=\"Scritto da\" \/>\n\t<meta name=\"twitter:data1\" content=\"Marco Tricarico\" \/>\n\t<meta name=\"twitter:label2\" content=\"Tempo di lettura stimato\" \/>\n\t<meta name=\"twitter:data2\" content=\"8 minuti\" \/>\n<script type=\"application\/ld+json\" class=\"yoast-schema-graph\">{\"@context\":\"https:\\\/\\\/schema.org\",\"@graph\":[{\"@type\":\"Article\",\"@id\":\"https:\\\/\\\/www.switcho.it\\\/blog\\\/luce-gas\\\/consumi-frigorifero\\\/#article\",\"isPartOf\":{\"@id\":\"https:\\\/\\\/www.switcho.it\\\/blog\\\/luce-gas\\\/consumi-frigorifero\\\/\"},\"author\":{\"name\":\"Marco Tricarico\",\"@id\":\"https:\\\/\\\/www.switcho.it\\\/blog\\\/#\\\/schema\\\/person\\\/4a59c480dfc019823d29714bd644a488\"},\"headline\":\"Quanto consuma un frigorifero e come risparmiare\",\"datePublished\":\"2023-12-04T08:46:21+00:00\",\"dateModified\":\"2025-10-16T09:04:21+00:00\",\"mainEntityOfPage\":{\"@id\":\"https:\\\/\\\/www.switcho.it\\\/blog\\\/luce-gas\\\/consumi-frigorifero\\\/\"},\"wordCount\":1385,\"publisher\":{\"@id\":\"https:\\\/\\\/www.switcho.it\\\/blog\\\/#organization\"},\"image\":{\"@id\":\"https:\\\/\\\/www.switcho.it\\\/blog\\\/luce-gas\\\/consumi-frigorifero\\\/#primaryimage\"},\"thumbnailUrl\":\"https:\\\/\\\/www.switcho.it\\\/blog\\\/wp-content\\\/uploads\\\/2023\\\/12\\\/Consumi-Frigorifero.png\",\"articleSection\":[\"Consumi Elettrodomestici\"],\"inLanguage\":\"it-IT\"},{\"@type\":\"WebPage\",\"@id\":\"https:\\\/\\\/www.switcho.it\\\/blog\\\/luce-gas\\\/consumi-frigorifero\\\/\",\"url\":\"https:\\\/\\\/www.switcho.it\\\/blog\\\/luce-gas\\\/consumi-frigorifero\\\/\",\"name\":\"Quanto Consuma un Frigorifero e Come Risparmiare - Switcho\",\"isPartOf\":{\"@id\":\"https:\\\/\\\/www.switcho.it\\\/blog\\\/#website\"},\"primaryImageOfPage\":{\"@id\":\"https:\\\/\\\/www.switcho.it\\\/blog\\\/luce-gas\\\/consumi-frigorifero\\\/#primaryimage\"},\"image\":{\"@id\":\"https:\\\/\\\/www.switcho.it\\\/blog\\\/luce-gas\\\/consumi-frigorifero\\\/#primaryimage\"},\"thumbnailUrl\":\"https:\\\/\\\/www.switcho.it\\\/blog\\\/wp-content\\\/uploads\\\/2023\\\/12\\\/Consumi-Frigorifero.png\",\"datePublished\":\"2023-12-04T08:46:21+00:00\",\"dateModified\":\"2025-10-16T09:04:21+00:00\",\"description\":\"Quanto spendiamo ogni mese in bolletta per i consumi del frigorifero? In questo articolo tutti i consigli per risparmiare.\",\"breadcrumb\":{\"@id\":\"https:\\\/\\\/www.switcho.it\\\/blog\\\/luce-gas\\\/consumi-frigorifero\\\/#breadcrumb\"},\"inLanguage\":\"it-IT\",\"potentialAction\":[{\"@type\":\"ReadAction\",\"target\":[\"https:\\\/\\\/www.switcho.it\\\/blog\\\/luce-gas\\\/consumi-frigorifero\\\/\"]}]},{\"@type\":\"ImageObject\",\"inLanguage\":\"it-IT\",\"@id\":\"https:\\\/\\\/www.switcho.it\\\/blog\\\/luce-gas\\\/consumi-frigorifero\\\/#primaryimage\",\"url\":\"https:\\\/\\\/www.switcho.it\\\/blog\\\/wp-content\\\/uploads\\\/2023\\\/12\\\/Consumi-Frigorifero.png\",\"contentUrl\":\"https:\\\/\\\/www.switcho.it\\\/blog\\\/wp-content\\\/uploads\\\/2023\\\/12\\\/Consumi-Frigorifero.png\",\"width\":1200,\"height\":800,\"caption\":\"Consumi Frigorifero\"},{\"@type\":\"BreadcrumbList\",\"@id\":\"https:\\\/\\\/www.switcho.it\\\/blog\\\/luce-gas\\\/consumi-frigorifero\\\/#breadcrumb\",\"itemListElement\":[{\"@type\":\"ListItem\",\"position\":1,\"name\":\"Home\",\"item\":\"https:\\\/\\\/www.switcho.it\\\/blog\\\/\"},{\"@type\":\"ListItem\",\"position\":2,\"name\":\"Luce e Gas\",\"item\":\"https:\\\/\\\/www.switcho.it\\\/blog\\\/luce-gas\\\/\"},{\"@type\":\"ListItem\",\"position\":3,\"name\":\"Consumi Elettrodomestici\",\"item\":\"https:\\\/\\\/www.switcho.it\\\/blog\\\/luce-gas\\\/consumi-elettrodomestici\\\/\"},{\"@type\":\"ListItem\",\"position\":4,\"name\":\"Quanto consuma un frigorifero e come risparmiare\"}]},{\"@type\":\"WebSite\",\"@id\":\"https:\\\/\\\/www.switcho.it\\\/blog\\\/#website\",\"url\":\"https:\\\/\\\/www.switcho.it\\\/blog\\\/\",\"name\":\"Switcho\",\"description\":\"Il blog semplice, per davvero.\",\"publisher\":{\"@id\":\"https:\\\/\\\/www.switcho.it\\\/blog\\\/#organization\"},\"potentialAction\":[{\"@type\":\"SearchAction\",\"target\":{\"@type\":\"EntryPoint\",\"urlTemplate\":\"https:\\\/\\\/www.switcho.it\\\/blog\\\/?s={search_term_string}\"},\"query-input\":{\"@type\":\"PropertyValueSpecification\",\"valueRequired\":true,\"valueName\":\"search_term_string\"}}],\"inLanguage\":\"it-IT\"},{\"@type\":\"Organization\",\"@id\":\"https:\\\/\\\/www.switcho.it\\\/blog\\\/#organization\",\"name\":\"Switcho\",\"url\":\"https:\\\/\\\/www.switcho.it\\\/blog\\\/\",\"logo\":{\"@type\":\"ImageObject\",\"inLanguage\":\"it-IT\",\"@id\":\"https:\\\/\\\/www.switcho.it\\\/blog\\\/#\\\/schema\\\/logo\\\/image\\\/\",\"url\":\"https:\\\/\\\/www.switcho.it\\\/blog\\\/wp-content\\\/uploads\\\/2021\\\/03\\\/Switcho-Logotype-Green.png\",\"contentUrl\":\"https:\\\/\\\/www.switcho.it\\\/blog\\\/wp-content\\\/uploads\\\/2021\\\/03\\\/Switcho-Logotype-Green.png\",\"width\":1507,\"height\":597,\"caption\":\"Switcho\"},\"image\":{\"@id\":\"https:\\\/\\\/www.switcho.it\\\/blog\\\/#\\\/schema\\\/logo\\\/image\\\/\"}},{\"@type\":\"Person\",\"@id\":\"https:\\\/\\\/www.switcho.it\\\/blog\\\/#\\\/schema\\\/person\\\/4a59c480dfc019823d29714bd644a488\",\"name\":\"Marco Tricarico\",\"image\":{\"@type\":\"ImageObject\",\"inLanguage\":\"it-IT\",\"@id\":\"https:\\\/\\\/secure.gravatar.com\\\/avatar\\\/9a8a5d0321dce5e64611bac7a181edfc33d850ac6202cd0adaab2ece13fbcd6a?s=96&d=mm&r=g\",\"url\":\"https:\\\/\\\/secure.gravatar.com\\\/avatar\\\/9a8a5d0321dce5e64611bac7a181edfc33d850ac6202cd0adaab2ece13fbcd6a?s=96&d=mm&r=g\",\"contentUrl\":\"https:\\\/\\\/secure.gravatar.com\\\/avatar\\\/9a8a5d0321dce5e64611bac7a181edfc33d850ac6202cd0adaab2ece13fbcd6a?s=96&d=mm&r=g\",\"caption\":\"Marco Tricarico\"},\"description\":\"CEO e co-fondatore di Switcho, appassionato di startup e mondo digitale ed esperto di finanza aziendale e consulenza strategica, nel 2019 Marco ha deciso di lanciare un servizio innovativo che offrisse una soluzione di risparmio pratica e realmente imparziale sulle bollette di famiglie e aziende. Dalla nascita di Switcho, Marco partecipa a svariati eventi e rilascia interviste sui temi delle spese domestiche e del settore energetico, parlando delle ultime tendenze nei costi di gas ed elettricit\u00e0 e delle migliori opportunit\u00e0 per tutelarsi dai rincari. Leggi tutti i suoi articoli e seguilo su LinkedIn.\",\"sameAs\":[\"https:\\\/\\\/blog.switcho.net\"],\"url\":\"https:\\\/\\\/www.switcho.it\\\/blog\\\/author\\\/marco-tricarico\\\/\"}]}<\/script>\n<!-- \/ Yoast SEO plugin. -->","yoast_head_json":{"title":"Quanto Consuma un Frigorifero e Come Risparmiare - Switcho","description":"Quanto spendiamo ogni mese in bolletta per i consumi del frigorifero? In questo articolo tutti i consigli per risparmiare.","robots":{"index":"index","follow":"follow","max-snippet":"max-snippet:-1","max-image-preview":"max-image-preview:large","max-video-preview":"max-video-preview:-1"},"canonical":"https:\/\/www.switcho.it\/blog\/luce-gas\/consumi-frigorifero\/","og_locale":"it_IT","og_type":"article","og_title":"Consumi Frigorifero: Costi e Come Risparmiare","og_description":"Quanto spendiamo ogni mese in bolletta per i consumi del frigorifero? In questo articolo tutti i consigli per risparmiare.","og_url":"https:\/\/www.switcho.it\/blog\/luce-gas\/consumi-frigorifero\/","og_site_name":"Switcho","article_published_time":"2023-12-04T08:46:21+00:00","article_modified_time":"2025-10-16T09:04:21+00:00","og_image":[{"width":1200,"height":800,"url":"https:\/\/www.switcho.it\/blog\/wp-content\/uploads\/2023\/12\/Consumi-Frigorifero.png","type":"image\/png"}],"author":"Marco Tricarico","twitter_card":"summary_large_image","twitter_title":"Consumi Frigorifero: Costi e Come Risparmiare","twitter_description":"Quanto spendiamo ogni mese in bolletta per i consumi del frigorifero? In questo articolo tutti i consigli per risparmiare.","twitter_image":"https:\/\/www.switcho.it\/blog\/wp-content\/uploads\/2023\/12\/Consumi-Frigorifero.png","twitter_misc":{"Scritto da":"Marco Tricarico","Tempo di lettura stimato":"8 minuti"},"schema":{"@context":"https:\/\/schema.org","@graph":[{"@type":"Article","@id":"https:\/\/www.switcho.it\/blog\/luce-gas\/consumi-frigorifero\/#article","isPartOf":{"@id":"https:\/\/www.switcho.it\/blog\/luce-gas\/consumi-frigorifero\/"},"author":{"name":"Marco Tricarico","@id":"https:\/\/www.switcho.it\/blog\/#\/schema\/person\/4a59c480dfc019823d29714bd644a488"},"headline":"Quanto consuma un frigorifero e come risparmiare","datePublished":"2023-12-04T08:46:21+00:00","dateModified":"2025-10-16T09:04:21+00:00","mainEntityOfPage":{"@id":"https:\/\/www.switcho.it\/blog\/luce-gas\/consumi-frigorifero\/"},"wordCount":1385,"publisher":{"@id":"https:\/\/www.switcho.it\/blog\/#organization"},"image":{"@id":"https:\/\/www.switcho.it\/blog\/luce-gas\/consumi-frigorifero\/#primaryimage"},"thumbnailUrl":"https:\/\/www.switcho.it\/blog\/wp-content\/uploads\/2023\/12\/Consumi-Frigorifero.png","articleSection":["Consumi Elettrodomestici"],"inLanguage":"it-IT"},{"@type":"WebPage","@id":"https:\/\/www.switcho.it\/blog\/luce-gas\/consumi-frigorifero\/","url":"https:\/\/www.switcho.it\/blog\/luce-gas\/consumi-frigorifero\/","name":"Quanto Consuma un Frigorifero e Come Risparmiare - Switcho","isPartOf":{"@id":"https:\/\/www.switcho.it\/blog\/#website"},"primaryImageOfPage":{"@id":"https:\/\/www.switcho.it\/blog\/luce-gas\/consumi-frigorifero\/#primaryimage"},"image":{"@id":"https:\/\/www.switcho.it\/blog\/luce-gas\/consumi-frigorifero\/#primaryimage"},"thumbnailUrl":"https:\/\/www.switcho.it\/blog\/wp-content\/uploads\/2023\/12\/Consumi-Frigorifero.png","datePublished":"2023-12-04T08:46:21+00:00","dateModified":"2025-10-16T09:04:21+00:00","description":"Quanto spendiamo ogni mese in bolletta per i consumi del frigorifero? In questo articolo tutti i consigli per risparmiare.","breadcrumb":{"@id":"https:\/\/www.switcho.it\/blog\/luce-gas\/consumi-frigorifero\/#breadcrumb"},"inLanguage":"it-IT","potentialAction":[{"@type":"ReadAction","target":["https:\/\/www.switcho.it\/blog\/luce-gas\/consumi-frigorifero\/"]}]},{"@type":"ImageObject","inLanguage":"it-IT","@id":"https:\/\/www.switcho.it\/blog\/luce-gas\/consumi-frigorifero\/#primaryimage","url":"https:\/\/www.switcho.it\/blog\/wp-content\/uploads\/2023\/12\/Consumi-Frigorifero.png","contentUrl":"https:\/\/www.switcho.it\/blog\/wp-content\/uploads\/2023\/12\/Consumi-Frigorifero.png","width":1200,"height":800,"caption":"Consumi Frigorifero"},{"@type":"BreadcrumbList","@id":"https:\/\/www.switcho.it\/blog\/luce-gas\/consumi-frigorifero\/#breadcrumb","itemListElement":[{"@type":"ListItem","position":1,"name":"Home","item":"https:\/\/www.switcho.it\/blog\/"},{"@type":"ListItem","position":2,"name":"Luce e Gas","item":"https:\/\/www.switcho.it\/blog\/luce-gas\/"},{"@type":"ListItem","position":3,"name":"Consumi Elettrodomestici","item":"https:\/\/www.switcho.it\/blog\/luce-gas\/consumi-elettrodomestici\/"},{"@type":"ListItem","position":4,"name":"Quanto consuma un frigorifero e come risparmiare"}]},{"@type":"WebSite","@id":"https:\/\/www.switcho.it\/blog\/#website","url":"https:\/\/www.switcho.it\/blog\/","name":"Switcho","description":"Il blog semplice, per davvero.","publisher":{"@id":"https:\/\/www.switcho.it\/blog\/#organization"},"potentialAction":[{"@type":"SearchAction","target":{"@type":"EntryPoint","urlTemplate":"https:\/\/www.switcho.it\/blog\/?s={search_term_string}"},"query-input":{"@type":"PropertyValueSpecification","valueRequired":true,"valueName":"search_term_string"}}],"inLanguage":"it-IT"},{"@type":"Organization","@id":"https:\/\/www.switcho.it\/blog\/#organization","name":"Switcho","url":"https:\/\/www.switcho.it\/blog\/","logo":{"@type":"ImageObject","inLanguage":"it-IT","@id":"https:\/\/www.switcho.it\/blog\/#\/schema\/logo\/image\/","url":"https:\/\/www.switcho.it\/blog\/wp-content\/uploads\/2021\/03\/Switcho-Logotype-Green.png","contentUrl":"https:\/\/www.switcho.it\/blog\/wp-content\/uploads\/2021\/03\/Switcho-Logotype-Green.png","width":1507,"height":597,"caption":"Switcho"},"image":{"@id":"https:\/\/www.switcho.it\/blog\/#\/schema\/logo\/image\/"}},{"@type":"Person","@id":"https:\/\/www.switcho.it\/blog\/#\/schema\/person\/4a59c480dfc019823d29714bd644a488","name":"Marco Tricarico","image":{"@type":"ImageObject","inLanguage":"it-IT","@id":"https:\/\/secure.gravatar.com\/avatar\/9a8a5d0321dce5e64611bac7a181edfc33d850ac6202cd0adaab2ece13fbcd6a?s=96&d=mm&r=g","url":"https:\/\/secure.gravatar.com\/avatar\/9a8a5d0321dce5e64611bac7a181edfc33d850ac6202cd0adaab2ece13fbcd6a?s=96&d=mm&r=g","contentUrl":"https:\/\/secure.gravatar.com\/avatar\/9a8a5d0321dce5e64611bac7a181edfc33d850ac6202cd0adaab2ece13fbcd6a?s=96&d=mm&r=g","caption":"Marco Tricarico"},"description":"CEO e co-fondatore di Switcho, appassionato di startup e mondo digitale ed esperto di finanza aziendale e consulenza strategica, nel 2019 Marco ha deciso di lanciare un servizio innovativo che offrisse una soluzione di risparmio pratica e realmente imparziale sulle bollette di famiglie e aziende. Dalla nascita di Switcho, Marco partecipa a svariati eventi e rilascia interviste sui temi delle spese domestiche e del settore energetico, parlando delle ultime tendenze nei costi di gas ed elettricit\u00e0 e delle migliori opportunit\u00e0 per tutelarsi dai rincari. Leggi tutti i suoi articoli e seguilo su LinkedIn.","sameAs":["https:\/\/blog.switcho.net"],"url":"https:\/\/www.switcho.it\/blog\/author\/marco-tricarico\/"}]}},"modified_by":"Gabriele Toninelli","_links":{"self":[{"href":"https:\/\/www.switcho.it\/blog\/wp-json\/wp\/v2\/posts\/74908","targetHints":{"allow":["GET"]}}],"collection":[{"href":"https:\/\/www.switcho.it\/blog\/wp-json\/wp\/v2\/posts"}],"about":[{"href":"https:\/\/www.switcho.it\/blog\/wp-json\/wp\/v2\/types\/post"}],"author":[{"embeddable":true,"href":"https:\/\/www.switcho.it\/blog\/wp-json\/wp\/v2\/users\/23"}],"replies":[{"embeddable":true,"href":"https:\/\/www.switcho.it\/blog\/wp-json\/wp\/v2\/comments?post=74908"}],"version-history":[{"count":4,"href":"https:\/\/www.switcho.it\/blog\/wp-json\/wp\/v2\/posts\/74908\/revisions"}],"predecessor-version":[{"id":142131,"href":"https:\/\/www.switcho.it\/blog\/wp-json\/wp\/v2\/posts\/74908\/revisions\/142131"}],"wp:featuredmedia":[{"embeddable":true,"href":"https:\/\/www.switcho.it\/blog\/wp-json\/wp\/v2\/media\/74911"}],"wp:attachment":[{"href":"https:\/\/www.switcho.it\/blog\/wp-json\/wp\/v2\/media?parent=74908"}],"wp:term":[{"taxonomy":"category","embeddable":true,"href":"https:\/\/www.switcho.it\/blog\/wp-json\/wp\/v2\/categories?post=74908"},{"taxonomy":"post_tag","embeddable":true,"href":"https:\/\/www.switcho.it\/blog\/wp-json\/wp\/v2\/tags?post=74908"}],"curies":[{"name":"wp","href":"https:\/\/api.w.org\/{rel}","templated":true}]}}