{"id":6539,"date":"2022-04-22T13:59:38","date_gmt":"2022-04-22T13:59:38","guid":{"rendered":"https:\/\/www.switcho.it\/blog\/?p=6539"},"modified":"2024-07-04T14:41:48","modified_gmt":"2024-07-04T14:41:48","slug":"mercato-libero-energia-obbligatorio","status":"publish","type":"post","link":"https:\/\/www.switcho.it\/blog\/luce-gas\/mercato-libero-energia-obbligatorio\/","title":{"rendered":"Passaggio al mercato libero dell&#8217;energia: quando \u00e8 obbligatorio?"},"content":{"rendered":"<i>Aggiornato il 4 Luglio 2024<\/i>\n\n\n\n<div style=\"height:30px\" aria-hidden=\"true\" class=\"wp-block-spacer\"><\/div>\n\n\n\n<p>Dato che <a href=\"https:\/\/www.switcho.it\/blog\/luce-gas\/tutela-luce-terminata\/\" target=\"_blank\" rel=\"noreferrer noopener\">\u00e8 terminato il mercato tutelato della luce<\/a>, in molti si chiedono se ci sar\u00e0 un <strong>cambio di gestore dell&#8217;energia elettrica obbligatorio<\/strong> per gli utenti ancora in regime di tutela: come funziona il passaggio al mercato libero dell&#8217;energia?<\/p>\n\n\n\n<p>\u27a1\ufe0f Il tuo attuale fornitore di luce fa parte del mercato tutelato e ti stai interrogando su cosa avverr\u00e0 con l\u2019avvento del <strong><a href=\"https:\/\/www.switcho.it\/blog\/luce-gas\/mercato-libero-energia\/\" target=\"_blank\" rel=\"noreferrer noopener\">mercato libero dell\u2019energia<\/a> obbligatorio<\/strong>?<\/p>\n\n\n\n<p>\u27a1\ufe0f Vorresti sapere <strong>cosa succede se non si passa al mercato libero in autonomia?<\/strong>&nbsp;<\/p>\n\n\n\n<p>In questo articolo abbiamo raccolto tutte le informazioni pi\u00f9 importanti sull\u2019argomento per aiutarti a sciogliere ogni dubbio in merito. Ricordati che se decidi di cambiare fornitore luce e gas, con noi di <strong>Switcho<\/strong> puoi <a href=\"http:\/\/www.switcho.it\/servizi\/intro\/luce-gas\">ricevere un\u2019analisi personalizzata delle tue bollette<\/a> e, se esistono offerte migliori che puoi attivare, pensiamo noi a tutta la burocrazia del cambio \ud83d\ude09<\/p>\n\n\n\n<div style=\"height:20px\" aria-hidden=\"true\" class=\"wp-block-spacer\"><\/div>\n\n\n\n<div class=\"wp-block-divi-layout\">[et_pb_section fb_built=&#8221;1&#8243; disabled_on=&#8221;on|on|off&#8221; admin_label=&#8221;section&#8221; _builder_version=&#8221;4.18.0&#8243; custom_padding=&#8221;0px||0px||false|false&#8221; global_colors_info=&#8221;{}&#8221;][et_pb_row admin_label=&#8221;row&#8221; _builder_version=&#8221;4.19.1&#8243; background_size=&#8221;initial&#8221; background_position=&#8221;top_left&#8221; background_repeat=&#8221;repeat&#8221; width=&#8221;100%&#8221; max_height=&#8221;1000px&#8221; global_colors_info=&#8221;{}&#8221;][et_pb_column type=&#8221;4_4&#8243; _builder_version=&#8221;4.18.0&#8243; _module_preset=&#8221;default&#8221; global_colors_info=&#8221;{}&#8221;][et_pb_image src=&#8221;https:\/\/www.switcho.it\/blog\/wp-content\/uploads\/2023\/08\/fine-tutela-passa-al-libero.png&#8221; alt=&#8221;passa al mercato libero con switcho&#8221; title_text=&#8221;fine tutela passa al libero&#8221; url=&#8221;https:\/\/www.switcho.it\/servizi\/intro\/luce-gas?ref=cta-tutela-top&#8221; align=&#8221;center&#8221; force_fullwidth=&#8221;on&#8221; src_tablet=&#8221;https:\/\/www.switcho.it\/blog\/wp-content\/uploads\/2022\/11\/banner-energy-top-mobile.png&#8221; src_phone=&#8221;https:\/\/www.switcho.it\/blog\/wp-content\/uploads\/2022\/11\/banner-energy-top-mobile.png&#8221; src_last_edited=&#8221;on|desktop&#8221; _builder_version=&#8221;4.26.0&#8243; _module_preset=&#8221;default&#8221; hover_enabled=&#8221;0&#8243; global_colors_info=&#8221;{}&#8221; sticky_enabled=&#8221;0&#8243;][\/et_pb_image][\/et_pb_column][\/et_pb_row][\/et_pb_section]<\/div>\n\n\n\n<div style=\"height:20px\" aria-hidden=\"true\" class=\"wp-block-spacer\"><\/div>\n\n\n\n<p>Indice &#8211; Mercato libero energia obbligatorio e fine del mercato tutelato:<\/p>\n\n\n\n<ul class=\"wp-block-list\">\n<li><a href=\"#differenza-libero-tutelato\">Facciamo chiarezza: differenza tra mercato libero e tutelato<\/a><\/li>\n\n\n\n<li><a href=\"#obbligatorio-quando\">Mercato libero dell\u2019energia obbligatorio: quando?<\/a><\/li>\n\n\n\n<li><a href=\"#fine-tutelato\">L\u2019era del mercato libero: quando finisce il mercato tutelato?<\/a><\/li>\n\n\n\n<li><a href=\"#comunicazioni-fine-tutela\">Comunicazione fine tutela gas da parte dei fornitori<\/a><\/li>\n\n\n\n<li><a href=\"#vantaggi-libero\">Cambio gestore energia elettrica obbligatorio: i vantaggi del mercato libero<\/a><\/li>\n\n\n\n<li><a href=\"#passaggio-libero\">Come funziona il passaggio al mercato libero?<\/a><\/li>\n<\/ul>\n\n\n\n<div style=\"height:50px\" aria-hidden=\"true\" class=\"wp-block-spacer\"><\/div>\n\n\n\n<h2 class=\"wp-block-heading\" id=\"differenza-libero-tutelato\"><strong>Facciamo chiarezza: differenza tra mercato libero e tutelato<\/strong><\/h2>\n\n\n\n<div style=\"height:20px\" aria-hidden=\"true\" class=\"wp-block-spacer\"><\/div>\n\n\n\n<p>In Italia coesistono <strong>due sistemi di gestione del mercato energetico<\/strong>: <a href=\"https:\/\/www.switcho.it\/blog\/luce-gas\/differenze-mercato-tutelato-libero\/\" target=\"_blank\" rel=\"noreferrer noopener\">il mercato libero e il mercato tutelato<\/a>. Quest\u2019ultimo \u00e8 conosciuto anche come servizio di maggior tutela. Le principali differenze tra i due sistemi possono essere distinte per categoria: ente di controllo, prezzo, vantaggi e periodicit\u00e0 di aggiornamento dei prezzi.<\/p>\n\n\n\n<p>In questa tabella trovi le <strong>differenze principali<\/strong> tra mercato libero e mercato tutelato:<\/p>\n\n\n\n<div style=\"height:50px\" aria-hidden=\"true\" class=\"wp-block-spacer\"><\/div>\n\n\n\n<figure class=\"wp-block-table is-style-stripes\"><table class=\"has-fixed-layout\"><thead><tr><th><\/th><th class=\"has-text-align-center\" data-align=\"center\"><strong>MERCATO LIBERO<\/strong><\/th><th class=\"has-text-align-center\" data-align=\"center\"><strong>MERCATO TUTELATO<\/strong><\/th><\/tr><\/thead><tbody><tr><td><strong>PREZZO<\/strong><\/td><td class=\"has-text-align-center\" data-align=\"center\">Le aziende private sono libere di proporre il miglior prezzo al cliente.<\/td><td class=\"has-text-align-center\" data-align=\"center\">Viene stabilito da ARERA ed \u00e8 uguale per tutte le aziende.<\/td><\/tr><tr><td><strong>COME FUNZIONA<\/strong><\/td><td class=\"has-text-align-center\" data-align=\"center\">Il cliente ha pi\u00f9 possibilit\u00e0 di scelta, quindi pu\u00f2 trovare offerte pi\u00f9 vantaggiose a seconda delle proprie necessit\u00e0. Ha a disposizione servizi extra.<\/td><td class=\"has-text-align-center\" data-align=\"center\">Il prezzo segue l\u2019andamento del mercato.&nbsp;<br>Non sono contemplati particolari servizi aggiuntivi.<\/td><\/tr><tr><td><strong>OGNI QUANTO CAMBIANO I PREZZI?<\/strong><\/td><td class=\"has-text-align-center\" data-align=\"center\">Le offerte variano secondo le condizioni contrattuali (a prezzo fisso o a prezzo variabile)<\/td><td class=\"has-text-align-center\" data-align=\"center\">Trimestralmente (gennaio, aprile, luglio, ottobre)<br>\u2757 Da ottobre 2022, il prezzo del gas viene <strong>aggiornato mensilmente<\/strong> a causa dell&#8217;instabile situazione del mercato energetico <\/td><\/tr><tr><td><strong>ENTE DI CONTROLLO<\/strong><\/td><td class=\"has-text-align-center\" data-align=\"center\">Antitrust: l\u2019Autorit\u00e0 Garante della Concorrenza e del Mercato. Garantisce un\u2019equa e rispettosa concorrenza delle offerte di gas e luce.<\/td><td class=\"has-text-align-center\" data-align=\"center\">ARERA: Autorit\u00e0 di Regolazione per l\u2019Energia Reti e Ambiente. Ente che favorisce lo sviluppo dei mercati concorrenziali in materie come energia, gas, acqua potabile.<\/td><\/tr><\/tbody><\/table><\/figure>\n\n\n\n<div style=\"height:50px\" aria-hidden=\"true\" class=\"wp-block-spacer\"><\/div>\n\n\n\n<p>Se i dubbi che aleggiano nella tua mente riguardano il <strong>mercato tutelato<\/strong>, ecco di cosa si tratta: \u00e8 il sistema di distribuzione di luce e gas alla popolazione controllato dallo Stato, tramite ARERA, l\u2019Autorit\u00e0 di Regolazione per Energia Reti e Ambiente. Il servizio di tutela \u00e8 un\u2019eredit\u00e0 del sistema di fornitura della seconda met\u00e0 del \u2018900, che era in monopolio statale.<\/p>\n\n\n\n<div style=\"height:20px\" aria-hidden=\"true\" class=\"wp-block-spacer\"><\/div>\n\n\n\n<blockquote class=\"wp-block-quote is-layout-flow wp-block-quote-is-layout-flow\">\n<p>Nel mercato libero esistono numerose<strong> possibilit\u00e0 di risparmio<\/strong> per utenti attenti, pronti a confrontare ed eventualmente rinegoziare le loro condizioni.<\/p>\n<\/blockquote>\n\n\n\n<div style=\"height:20px\" aria-hidden=\"true\" class=\"wp-block-spacer\"><\/div>\n\n\n\n<div class=\"wp-block-divi-layout\">[et_pb_section fb_built=&#8221;1&#8243; disabled_on=&#8221;on|on|off&#8221; admin_label=&#8221;section&#8221; _builder_version=&#8221;4.19.5&#8243; custom_padding=&#8221;0px||0px||false|false&#8221; global_colors_info=&#8221;{}&#8221;][et_pb_row admin_label=&#8221;row&#8221; _builder_version=&#8221;4.19.1&#8243; background_size=&#8221;initial&#8221; background_position=&#8221;top_left&#8221; background_repeat=&#8221;repeat&#8221; width=&#8221;100%&#8221; max_height=&#8221;1000px&#8221; global_colors_info=&#8221;{}&#8221;][et_pb_column type=&#8221;4_4&#8243; _builder_version=&#8221;4.18.0&#8243; _module_preset=&#8221;default&#8221; global_colors_info=&#8221;{}&#8221;][et_pb_image src=&#8221;https:\/\/www.switcho.it\/blog\/wp-content\/uploads\/2025\/09\/risparmia-senza-stress-con-switcho.png&#8221; alt=&#8221;risparmia senza stress con switcho&#8221; title_text=&#8221;risparmia senza stress con switcho&#8221; url=&#8221;https:\/\/www.switcho.it\/servizi?ref=cta-generic-medium&#8221; align=&#8221;center&#8221; force_fullwidth=&#8221;on&#8221; src_tablet=&#8221;https:\/\/www.switcho.it\/blog\/wp-content\/uploads\/2022\/11\/banner-app.png&#8221; src_phone=&#8221;https:\/\/www.switcho.it\/blog\/wp-content\/uploads\/2022\/11\/banner-app.png&#8221; src_last_edited=&#8221;on|phone&#8221; _builder_version=&#8221;4.27.4&#8243; _module_preset=&#8221;default&#8221; hover_enabled=&#8221;0&#8243; global_colors_info=&#8221;{}&#8221; sticky_enabled=&#8221;0&#8243;][\/et_pb_image][\/et_pb_column][\/et_pb_row][\/et_pb_section]<\/div>\n\n\n\n<div class=\"wp-block-divi-layout\">[et_pb_section fb_built=&#8221;1&#8243; disabled_on=&#8221;off|off|on&#8221; admin_label=&#8221;section&#8221; _builder_version=&#8221;4.19.2&#8243; custom_padding=&#8221;0px||0px||false|false&#8221; hover_enabled=&#8221;0&#8243; global_colors_info=&#8221;{}&#8221; sticky_enabled=&#8221;0&#8243;][et_pb_row admin_label=&#8221;row&#8221; _builder_version=&#8221;4.19.1&#8243; background_size=&#8221;initial&#8221; background_position=&#8221;top_left&#8221; background_repeat=&#8221;repeat&#8221; width=&#8221;100%&#8221; max_height=&#8221;1000px&#8221; global_colors_info=&#8221;{}&#8221;][et_pb_column type=&#8221;4_4&#8243; _builder_version=&#8221;4.18.0&#8243; _module_preset=&#8221;default&#8221; global_colors_info=&#8221;{}&#8221;][et_pb_image src=&#8221;https:\/\/www.switcho.it\/blog\/wp-content\/uploads\/2022\/11\/banner-nuova-pratica.png&#8221; alt=&#8221;Nuova pratica switcho&#8221; title_text=&#8221;Scarica l&#8217;app di Switcho&#8221; url=&#8221;https:\/\/switcho.smart.link\/61ttpvh8a&#8221; align=&#8221;center&#8221; force_fullwidth=&#8221;on&#8221; src_tablet=&#8221;https:\/\/www.switcho.it\/blog\/wp-content\/uploads\/2022\/11\/banner-app.png&#8221; src_phone=&#8221;https:\/\/www.switcho.it\/blog\/wp-content\/uploads\/2022\/11\/banner-app.png&#8221; src_last_edited=&#8221;on|phone&#8221; _builder_version=&#8221;4.19.2&#8243; _module_preset=&#8221;default&#8221; hover_enabled=&#8221;0&#8243; global_colors_info=&#8221;{}&#8221; sticky_enabled=&#8221;0&#8243;][\/et_pb_image][\/et_pb_column][\/et_pb_row][\/et_pb_section]<\/div>\n\n\n\n<div style=\"height:20px\" aria-hidden=\"true\" class=\"wp-block-spacer\"><\/div>\n\n\n\n<h2 class=\"wp-block-heading\" id=\"obbligatorio-quando\"><strong>Mercato libero dell\u2019energia obbligatorio: quando?<\/strong><\/h2>\n\n\n\n<div style=\"height:20px\" aria-hidden=\"true\" class=\"wp-block-spacer\"><\/div>\n\n\n\n<p>Qual \u00e8 la data in cui scatta l\u2019obbligo di passaggio al mercato libero? <\/p>\n\n\n\n<div style=\"height:20px\" aria-hidden=\"true\" class=\"wp-block-spacer\"><\/div>\n\n\n\n<blockquote class=\"wp-block-quote is-layout-flow wp-block-quote-is-layout-flow\">\n<p>Dopo numerose proroghe e rinvii, <strong>il mercato tutelato del gas \u00e8 terminato il 1\u00b0 gennaio 2024, mentre quello della luce il 1\u00b0 luglio 2024 <\/strong>per tutti i clienti domestici non vulnerabili.<\/p>\n<\/blockquote>\n\n\n\n<div style=\"height:20px\" aria-hidden=\"true\" class=\"wp-block-spacer\"><\/div>\n\n\n\n<p>Il mercato libero nasce negli anni 2000 e si affianca al servizio di maggior tutela, dopo il processo di liberalizzazione del mercato di luce e gas avvenuto a partire dagli anni \u201890. Secondo la politica di questo nuovo mercato, sono le stesse aziende private a <strong>stabilire prezzi e servizi da erogare<\/strong> al cliente: ci si trova, quindi, di fronte ad una molteplicit\u00e0 di alternative tra cui scegliere.<\/p>\n\n\n\n<p>La <strong>liberalizzazione del mercato<\/strong> viene introdotta dalla Direttiva Europea del 1996 (96\/93\/CE) e recepita in Italia con il <strong>Decreto Bersani del 1999<\/strong>, il quale sancisce ufficialmente il termine del monopolio statale sull\u2019approvvigionamento dell&#8217;energia elettrica. Pochi mesi dopo, anche il mercato del gas viene liberalizzato. Le prime a giovare dei benefici del mercato libero sono state le <strong>industrie<\/strong> e, successivamente, anche le utenze domestiche. Il passaggio \u00e8 avvenuto nel 2003 per la luce e nel 2007 per il gas.<\/p>\n\n\n\n<div style=\"height:50px\" aria-hidden=\"true\" class=\"wp-block-spacer\"><\/div>\n\n\n\n<h2 class=\"wp-block-heading\" id=\"fine-tutelato\"><strong>L\u2019era del mercato libero: quando finisce il mercato tutelato?<\/strong><\/h2>\n\n\n\n<div style=\"height:20px\" aria-hidden=\"true\" class=\"wp-block-spacer\"><\/div>\n\n\n\n<p>Da quando \u00e8 obbligatorio il passaggio al mercato libero? Il cambio di gestore luce obbligatorio ha una scadenza in base alla categoria di appartenenza dell\u2019utente finale. <strong>Ecco le date da tenere bene a mente <\/strong>riguardanti le scadenze del mercato tutelato:<\/p>\n\n\n\n<div style=\"height:20px\" aria-hidden=\"true\" class=\"wp-block-spacer\"><\/div>\n\n\n\n<figure class=\"wp-block-table is-style-stripes\"><table class=\"has-fixed-layout\"><thead><tr><th><strong>TIPOLOGIA UTENZA<\/strong><\/th><th class=\"has-text-align-center\" data-align=\"center\"><strong>FINE MERCATO TUTELATO<\/strong><\/th><\/tr><\/thead><tbody><tr><td><strong>Azienda PMI<\/strong>, luce \ud83d\udca1<\/td><td class=\"has-text-align-center\" data-align=\"center\">Gennaio 2021<\/td><\/tr><tr><td><strong>Microimprese<\/strong>, luce \ud83d\udca1 (meno di 10 dipendenti, meno di 2 mln di fatturato)<\/td><td class=\"has-text-align-center\" data-align=\"center\">Aprile 2023<\/td><\/tr><tr><td><strong>Domestica &#8211; clienti non vulnerabili<\/strong>, gas \ud83d\udd25 (anche condomini)<\/td><td class=\"has-text-align-center\" data-align=\"center\">Gennaio 2024<\/td><\/tr><tr><td><strong>Domestica &#8211; clienti non vulnerabili<\/strong>, luce \ud83d\udca1<\/td><td class=\"has-text-align-center\" data-align=\"center\">Luglio 2024<\/td><\/tr><tr><td><strong>Domestica &#8211; clienti vulnerabili<\/strong>, luce e gas \ud83d\udca1\ud83d\udd25<\/td><td class=\"has-text-align-center\" data-align=\"center\">Nessuna scadenza<\/td><\/tr><\/tbody><\/table><\/figure>\n\n\n\n<div style=\"height:20px\" aria-hidden=\"true\" class=\"wp-block-spacer\"><\/div>\n\n\n\n<p><strong>Ecco l&#8217;iter previsto per i clienti non vulnerabili<\/strong>&nbsp;che non effettuano il passaggio al mercato libero nei tempi previsti:<\/p>\n\n\n\n<ol class=\"wp-block-list emoji_numbers emoji_number_list\">\n<li><strong>Luce<\/strong>: dopo la scadenza, il cliente passa al&nbsp;<a href=\"https:\/\/www.switcho.it\/blog\/luce-gas\/servizio-tutele-graduali\/\" target=\"_blank\" rel=\"noreferrer noopener\">Servizio a Tutele Graduali<\/a>&nbsp;con un fornitore assegnato tramite asta territoriale e con un\u2019<a href=\"https:\/\/www.switcho.it\/blog\/luce-gas\/offerte-placet\/\" target=\"_blank\" rel=\"noreferrer noopener\">offerta PLACET<\/a>&nbsp;(Prezzo Libero A Condizioni Equiparate di Tutela).<\/li>\n\n\n\n<li><strong>Gas<\/strong>: dopo la scadenza, il cliente mantiene il suo fornitore attuale ma gli viene assegnata un\u2019<a href=\"https:\/\/www.switcho.it\/blog\/luce-gas\/rischi-tariffe-placet\/\" target=\"_blank\" rel=\"noreferrer noopener\">offerta PLACET in deroga<\/a> a prezzo variabile.<\/li>\n<\/ol>\n\n\n\n<div style=\"height:20px\" aria-hidden=\"true\" class=\"wp-block-spacer\"><\/div>\n\n\n\n<blockquote class=\"wp-block-quote is-layout-flow wp-block-quote-is-layout-flow\">\n<p>Ti ricordiamo che \u00e8 possibile effettuare il passaggio al mercato libero <strong>in qualsiasi momento<\/strong>, anche non coincidente con le date indicate sopra. Il mercato libero ti offre l\u2019opportunit\u00e0 di scegliere il contratto pi\u00f9 idoneo alle tue necessit\u00e0.&nbsp;<\/p>\n<\/blockquote>\n\n\n\n<div style=\"height:20px\" aria-hidden=\"true\" class=\"wp-block-spacer\"><\/div>\n\n\n\n<p>In definitiva, se ti stai chiedendo &#8220;<strong><a href=\"https:\/\/www.switcho.it\/blog\/luce-gas\/servizio-elettrico-nazionale-chiude\/\" target=\"_blank\" rel=\"noreferrer noopener\">Servizio Elettrico Nazionale chiude?<\/a><\/strong>&#8220;, ora sai che il mercato tutelato in cui operano SEN e altri fornitori ha chiuso a luglio 2024, per lo meno per i clienti definiti &#8220;non vulnerabili&#8221;.<\/p>\n\n\n\n<div style=\"height:20px\" aria-hidden=\"true\" class=\"wp-block-spacer\"><\/div>\n\n\n\n<p class=\"has-background\" style=\"background-color:#f7f8fa\">\ud83d\udca1 <strong>Ma che significa &#8220;<a href=\"https:\/\/www.switcho.it\/blog\/luce-gas\/clienti-vulnerabili\/\" target=\"_blank\" rel=\"noreferrer noopener\">clienti vulnerabili<\/a>&#8220;?<\/strong> Con questo termine, ARERA indica gli utenti sopra i 75 anni di et\u00e0, oppure con disagio economico, disabilit\u00e0 o condizioni di salute gravi che richiedono il costante uso di macchinari. Per tutti questi utenti, il mercato tutelato continua a esistere e funzionare regolarmente.<\/p>\n\n\n\n<div style=\"height:50px\" aria-hidden=\"true\" class=\"wp-block-spacer\"><\/div>\n\n\n\n<h2 class=\"wp-block-heading\" id=\"comunicazioni-fine-tutela\">Comunicazione fine tutela gas da parte dei fornitori<\/h2>\n\n\n\n<div style=\"height:20px\" aria-hidden=\"true\" class=\"wp-block-spacer\"><\/div>\n\n\n\n<p>A partire da settembre 2023 i fornitori del mercato tutelato hanno iniziato a inviare le <strong>comunicazioni ai loro clienti<\/strong> per informarli dell\u2019imminente passaggio al libero dal gas, come questo esempio di Enel \ud83d\udc47<\/p>\n\n\n\n<div style=\"height:20px\" aria-hidden=\"true\" class=\"wp-block-spacer\"><\/div>\n\n\n\n<figure class=\"wp-block-image size-full\"><img loading=\"lazy\" decoding=\"async\" width=\"900\" height=\"600\" src=\"https:\/\/www.switcho.it\/blog\/wp-content\/uploads\/2023\/09\/fine-mercato-tutelato-enel-comunicazione-clienti.png\" alt=\"fine mercato tutelato enel comunicazione clienti\" class=\"wp-image-70768\" srcset=\"https:\/\/www.switcho.it\/blog\/wp-content\/uploads\/2023\/09\/fine-mercato-tutelato-enel-comunicazione-clienti.png 900w, https:\/\/www.switcho.it\/blog\/wp-content\/uploads\/2023\/09\/fine-mercato-tutelato-enel-comunicazione-clienti-480x320.png 480w\" sizes=\"(min-width: 0px) and (max-width: 480px) 480px, (min-width: 481px) 900px, 100vw\" \/><\/figure>\n\n\n\n<div style=\"height:50px\" aria-hidden=\"true\" class=\"wp-block-spacer\"><\/div>\n\n\n\n<p>Il suo contenuto spiega ai clienti non vulnerabili quali opzioni hanno a disposizione:<\/p>\n\n\n\n<ul class=\"wp-block-list emoji_bullets emoji_right_arrow\">\n<li>Possono scegliere un\u2019offerta del mercato libero&nbsp;<strong>con lo stesso fornitore<\/strong>;<\/li>\n\n\n\n<li>Possono scegliere un\u2019offerta del mercato libero&nbsp;<strong>con un altro fornitore<\/strong>;<\/li>\n\n\n\n<li><strong>Se invece non fanno una scelta attiva<\/strong>, rimangono con l\u2019attuale fornitore ma con un\u2019<a href=\"https:\/\/www.switcho.it\/blog\/luce-gas\/offerte-placet\/\" target=\"_blank\" rel=\"noreferrer noopener\">offerta PLACET<\/a>.<\/li>\n<\/ul>\n\n\n\n<p>Ai clienti vulnerabili invece viene comunicato il diritto di rimanere nel servizio di tutela che, per il gas, prende il nome di \u201c<strong>servizio di tutela della vulnerabilit\u00e0<\/strong>\u201c.<\/p>\n\n\n\n<div style=\"height:50px\" aria-hidden=\"true\" class=\"wp-block-spacer\"><\/div>\n\n\n\n<h2 class=\"wp-block-heading\" id=\"vantaggi-libero\"><strong>Cambio gestore energia elettrica obbligatorio: i vantaggi del mercato libero<\/strong><\/h2>\n\n\n\n<div style=\"height:20px\" aria-hidden=\"true\" class=\"wp-block-spacer\"><\/div>\n\n\n\n<p>Ecco i vantaggi di cui puoi beneficiare effettuando il passaggio a un fornitore di luce e gas del mercato libero:<\/p>\n\n\n\n<ul class=\"wp-block-list emoji_bullets emoji_check_mark\">\n<li><strong>Fornitori di energia diversi e molte offerte luce e gas disponibili:<\/strong> puoi scegliere l\u2019offerta pi\u00f9 adatta alle tue esigenze (<a href=\"https:\/\/www.switcho.it\/blog\/luce-gas\/prezzo-indicizzato-o-fisso\/\" target=\"_blank\" rel=\"noreferrer noopener\">offerte a prezzo fisso o indicizzato<\/a>, <a href=\"https:\/\/www.switcho.it\/blog\/luce-gas\/tariffa-monoraria-bioraria\/\" target=\"_blank\" rel=\"noreferrer noopener\">tariffe monorarie e biorarie<\/a>);<\/li>\n\n\n\n<li><strong>Concorrenza tra i fornitori: <\/strong>i vari fornitori di energia sono spinti ad offrire il servizio migliore ad un prezzo concorrenziale per andare incontro alle tue necessit\u00e0 e convincerti a sottoscrivere il contratto con loro;<\/li>\n\n\n\n<li><strong>Offerte dual luce e gas: <\/strong>ti viene data la possibilit\u00e0 di affidarti al medesimo fornitore sia per l\u2019utenza della luce che del gas;<\/li>\n\n\n\n<li><strong>Tariffe a prezzo bloccato: <\/strong>il mercato libero ti mette al riparo da eventuali aumenti dei costi di gas e luce includendo nelle offerte un prezzo fisso per uno o pi\u00f9 anni.<\/li>\n<\/ul>\n\n\n\n<p>Al momento del <a href=\"https:\/\/www.switcho.it\/blog\/luce-gas\/cambio-fornitore-energia\/\" target=\"_blank\" rel=\"noreferrer noopener\">cambio di fornitore dell\u2019energia elettrica<\/a>, noi di <a href=\"https:\/\/www.switcho.it\/servizi\/intro\/luce-gas\">Switcho<\/a> possiamo aiutarti a <a href=\"https:\/\/www.switcho.it\/risorse\/luce-gas\/\">trovare l\u2019offerta luce e gas migliore<\/a> per le tue esigenze. La parte migliore? Ci occupiamo noi di tutta la burocrazia del cambio&nbsp; \ud83d\ude42&nbsp;<\/p>\n\n\n\n<div style=\"height:20px\" aria-hidden=\"true\" class=\"wp-block-spacer\"><\/div>\n\n\n\n<div class=\"wp-block-divi-layout\">[et_pb_section fb_built=&#8221;1&#8243; disabled_on=&#8221;off|off|off&#8221; admin_label=&#8221;section&#8221; _builder_version=&#8221;4.19.1&#8243; custom_padding=&#8221;0px||0px||false|false&#8221; global_colors_info=&#8221;{}&#8221;][et_pb_row admin_label=&#8221;row&#8221; _builder_version=&#8221;4.19.1&#8243; background_size=&#8221;initial&#8221; background_position=&#8221;top_left&#8221; background_repeat=&#8221;repeat&#8221; width=&#8221;100%&#8221; max_height=&#8221;1000px&#8221; global_colors_info=&#8221;{}&#8221;][et_pb_column type=&#8221;4_4&#8243; _builder_version=&#8221;4.18.0&#8243; _module_preset=&#8221;default&#8221; global_colors_info=&#8221;{}&#8221;][et_pb_image src=&#8221;https:\/\/www.switcho.it\/blog\/wp-content\/uploads\/2022\/11\/banner-energy-low-desktop.png&#8221; alt=&#8221;risparmia sulle bollette con switcho&#8221; title_text=&#8221;risparmia sulle bollette con switcho&#8221; url=&#8221;http:\/\/www.switcho.it\/servizi\/intro\/luce-gas?ref=cta-energy-low&#8221; align=&#8221;center&#8221; force_fullwidth=&#8221;on&#8221; src_tablet=&#8221;https:\/\/www.switcho.it\/blog\/wp-content\/uploads\/2022\/11\/banner-energy-low-mobile.png&#8221; src_phone=&#8221;https:\/\/www.switcho.it\/blog\/wp-content\/uploads\/2022\/11\/banner-energy-low-mobile.png&#8221; src_last_edited=&#8221;on|desktop&#8221; _builder_version=&#8221;4.21.0&#8243; _module_preset=&#8221;default&#8221; hover_enabled=&#8221;0&#8243; global_colors_info=&#8221;{}&#8221; sticky_enabled=&#8221;0&#8243;][\/et_pb_image][\/et_pb_column][\/et_pb_row][\/et_pb_section]<\/div>\n\n\n\n<div style=\"height:20px\" aria-hidden=\"true\" class=\"wp-block-spacer\"><\/div>\n\n\n\n<h2 class=\"wp-block-heading\" id=\"passaggio-libero\"><strong>Come funziona il passaggio al mercato libero?<\/strong><\/h2>\n\n\n\n<div style=\"height:20px\" aria-hidden=\"true\" class=\"wp-block-spacer\"><\/div>\n\n\n\n<p>Giunti a questo punto, \u00e8 ora di chiarire i tuoi dubbi in merito al passaggio obbligatorio al mercato libero.<\/p>\n\n\n\n<ul class=\"wp-block-list\">\n<li>Il passaggio <strong>\u00e8 gratis<\/strong>;<\/li>\n\n\n\n<li>Al momento del cambio, non \u00e8 prevista <strong>alcuna interruzione<\/strong> del servizio;<\/li>\n\n\n\n<li>Cos\u00ec come qualsiasi cambio di fornitore luce e gas, il passaggio al mercato libero impiega un <strong>massimo di 60 giorni<\/strong>;&nbsp;<\/li>\n\n\n\n<li>Non sono richiesti lavori;<\/li>\n\n\n\n<li>Il contatore <strong>non viene sostituito<\/strong>;<\/li>\n\n\n\n<li>L\u2019unico costo che cambia rispetto al mercato tutelato, \u00e8 il <a href=\"https:\/\/www.switcho.it\/blog\/luce-gas\/spesa-materia-energia\/\" target=\"_blank\" rel=\"noreferrer noopener\">costo della materia prima energia elettrica<\/a>. I costi di gestione e le imposte sono i medesimi.<\/li>\n<\/ul>\n\n\n\n<p>L\u2019<strong>ingresso nel mercato libero non \u00e8 complicato <\/strong>e ti permette di confrontare moltissime offerte per gas e luce diverse, cosa che invece non \u00e8 possibile fare nel mercato tutelato, nel quale \u00e8 presente un\u2019unica soluzione. Puoi inoltre accedere<strong> ad una serie di servizi aggiuntivi<\/strong> come promozioni, manutenzione ed assistenza, servizi digitali per monitorare i consumi dei tuoi elettrodomestici e molto altro.<\/p>\n\n\n\n<p>In definitiva, <a href=\"https:\/\/www.switcho.it\/blog\/luce-gas\/mercato-libero-conviene\/\" target=\"_blank\" rel=\"noreferrer noopener\">conviene passare al mercato libero ora<\/a>? Scoprilo <a href=\"http:\/\/www.switcho.it\/servizi\/intro\/luce-gas\">con noi di<strong> Switcho<\/strong><\/a>: troviamo per te le offerte luce e gas pi\u00f9 vantaggiose, e ti avvisiamo se non ti conviene cambiare.<\/p>\n\n\n\n<div style=\"height:50px\" aria-hidden=\"true\" class=\"wp-block-spacer\"><\/div>\n\n\n\n<div class=\"wp-block-divi-layout\">[et_pb_section fb_built=&#8221;1&#8243; disabled_on=&#8221;off|off|off&#8221; admin_label=&#8221;section&#8221; _builder_version=&#8221;4.19.2&#8243; custom_padding=&#8221;0px||0px||false|false&#8221; global_colors_info=&#8221;{}&#8221;][et_pb_row admin_label=&#8221;row&#8221; _builder_version=&#8221;4.19.1&#8243; background_size=&#8221;initial&#8221; background_position=&#8221;top_left&#8221; background_repeat=&#8221;repeat&#8221; width=&#8221;100%&#8221; max_height=&#8221;1000px&#8221; global_colors_info=&#8221;{}&#8221;][et_pb_column type=&#8221;4_4&#8243; _builder_version=&#8221;4.18.0&#8243; _module_preset=&#8221;default&#8221; global_colors_info=&#8221;{}&#8221;][et_pb_toggle title=&#8221;Fonti&#8221; open_toggle_background_color=&#8221;#F7F8FA&#8221; closed_toggle_text_color=&#8221;#2D3748&#8243; closed_toggle_background_color=&#8221;#f7f8fa&#8221; _builder_version=&#8221;4.27.4&#8243; _module_preset=&#8221;default&#8221; title_level=&#8221;h4&#8243; title_font=&#8221;||||||||&#8221; title_font_size=&#8221;18px&#8221; title_line_height=&#8221;1.7em&#8221; closed_title_font=&#8221;||||||||&#8221; closed_title_font_size=&#8221;18px&#8221; body_font=&#8221;||||||||&#8221; hover_enabled=&#8221;0&#8243; body_font_size_tablet=&#8221;16px&#8221; body_font_size_phone=&#8221;16px&#8221; body_font_size_last_edited=&#8221;on|phone&#8221; border_width_all=&#8221;0px&#8221; global_colors_info=&#8221;{}&#8221; sticky_enabled=&#8221;0&#8243;]<span>Verso la fine del mercato tutelato | ARERA<\/span>\n<br><span><a href=\"https:\/\/www.arera.it\/consumatori\/fine-tutela-ele\" target=\"_blank\" rel=\"noreferrer noopener nofollow\">https:\/\/www.arera.it\/consumatori\/fine-tutela-ele<\/a><\/span>\n<br><span><a href=\"https:\/\/www.arera.it\/consumatori\/fine-tutela-gas-cosa-fare\" target=\"_blank\" rel=\"noreferrer noopener nofollow\">https:\/\/www.arera.it\/consumatori\/fine-tutela-gas-cosa-fare<\/a><\/span>\n\n<br><br><span>Il servizio a tutele graduali | ARERA<\/span>\n<br><span><a href=\"https:\/\/www.arera.it\/consumatori\/il-servizio-a-tutele-graduali\" target=\"_blank\" rel=\"noreferrer noopener nofollow\">https:\/\/www.arera.it\/consumatori\/il-servizio-a-tutele-graduali<\/a><\/span>\n\n<br><br><span>Chiusura servizio di maggior tutela | Servizio Elettrico Nazionale<\/span>\n<br><span><a href=\"https:\/\/www.servizioelettriconazionale.it\/it-IT\/info-news\/news\/fine-maggior-tutela\" target=\"_blank\" rel=\"noreferrer noopener nofollow\">https:\/\/www.servizioelettriconazionale.it\/it-IT\/info-news\/news\/fine-maggior-tutela<\/a><\/span>[\/et_pb_toggle][\/et_pb_column][\/et_pb_row][\/et_pb_section]<\/div>\n\n\n\n<div style=\"height:50px\" aria-hidden=\"true\" class=\"wp-block-spacer\"><\/div>\n","protected":false},"excerpt":{"rendered":"<p>Scopri ci\u00f2 che devi sapere sul passaggio al mercato libero dell\u2019energia, obbligatorio da gennaio 2024 per il gas e da luglio per la luce.<\/p>\n","protected":false},"author":23,"featured_media":6542,"comment_status":"closed","ping_status":"closed","sticky":false,"template":"","format":"standard","meta":{"_et_pb_use_builder":"off","_et_pb_old_content":"","_et_gb_content_width":"","_lmt_disableupdate":"yes","_lmt_disable":"","footnotes":""},"categories":[307],"tags":[59,70,403],"class_list":["post-6539","post","type-post","status-publish","format-standard","has-post-thumbnail","hentry","category-mercato-energia","tag-luce-e-gas","tag-mercato-tutelato","tag-news-luce-gas"],"yoast_head":"<!-- This site is optimized with the Yoast SEO plugin v27.5 - https:\/\/yoast.com\/product\/yoast-seo-wordpress\/ -->\n<title>Passaggio al Mercato Libero Energia: Quando \u00e8 Obbligatorio? - Switcho<\/title>\n<meta name=\"description\" content=\"Scopri ci\u00f2 che devi sapere sul passaggio al mercato libero dell\u2019energia, obbligatorio da gennaio 2024 per il gas e da luglio per la luce.\" \/>\n<meta name=\"robots\" content=\"index, follow, max-snippet:-1, max-image-preview:large, max-video-preview:-1\" \/>\n<link rel=\"canonical\" href=\"https:\/\/www.switcho.it\/blog\/luce-gas\/mercato-libero-energia-obbligatorio\/\" \/>\n<meta property=\"og:locale\" content=\"it_IT\" \/>\n<meta property=\"og:type\" content=\"article\" \/>\n<meta property=\"og:title\" content=\"Mercato Libero Energia Obbligatorio: Quando e Come?\" \/>\n<meta property=\"og:description\" content=\"Scopri ci\u00f2 che devi sapere sul passaggio al mercato libero dell\u2019energia, obbligatorio da gennaio 2024 per il gas e da luglio per la luce.\" \/>\n<meta property=\"og:url\" content=\"https:\/\/www.switcho.it\/blog\/luce-gas\/mercato-libero-energia-obbligatorio\/\" \/>\n<meta property=\"og:site_name\" content=\"Switcho\" \/>\n<meta property=\"article:published_time\" content=\"2022-04-22T13:59:38+00:00\" \/>\n<meta property=\"article:modified_time\" content=\"2024-07-04T14:41:48+00:00\" \/>\n<meta property=\"og:image\" content=\"https:\/\/www.switcho.it\/blog\/wp-content\/uploads\/2022\/04\/Mercato-Libero-Energia-Obbligatorio.jpg\" \/>\n\t<meta property=\"og:image:width\" content=\"900\" \/>\n\t<meta property=\"og:image:height\" content=\"600\" \/>\n\t<meta property=\"og:image:type\" content=\"image\/jpeg\" \/>\n<meta name=\"author\" content=\"Marco Tricarico\" \/>\n<meta name=\"twitter:card\" content=\"summary_large_image\" \/>\n<meta name=\"twitter:title\" content=\"Mercato Libero Energia Obbligatorio: Quando e Come?\" \/>\n<meta name=\"twitter:description\" content=\"Scopri ci\u00f2 che devi sapere sul passaggio al mercato libero dell\u2019energia, obbligatorio da gennaio 2024 per il gas e da luglio per la luce.\" \/>\n<meta name=\"twitter:image\" content=\"https:\/\/www.switcho.it\/blog\/wp-content\/uploads\/2022\/04\/Mercato-Libero-Energia-Obbligatorio.jpg\" \/>\n<meta name=\"twitter:label1\" content=\"Scritto da\" \/>\n\t<meta name=\"twitter:data1\" content=\"Marco Tricarico\" \/>\n\t<meta name=\"twitter:label2\" content=\"Tempo di lettura stimato\" \/>\n\t<meta name=\"twitter:data2\" content=\"47 minuti\" \/>\n<script type=\"application\/ld+json\" class=\"yoast-schema-graph\">{\"@context\":\"https:\\\/\\\/schema.org\",\"@graph\":[{\"@type\":\"Article\",\"@id\":\"https:\\\/\\\/www.switcho.it\\\/blog\\\/luce-gas\\\/mercato-libero-energia-obbligatorio\\\/#article\",\"isPartOf\":{\"@id\":\"https:\\\/\\\/www.switcho.it\\\/blog\\\/luce-gas\\\/mercato-libero-energia-obbligatorio\\\/\"},\"author\":{\"name\":\"Marco Tricarico\",\"@id\":\"https:\\\/\\\/www.switcho.it\\\/blog\\\/#\\\/schema\\\/person\\\/4a59c480dfc019823d29714bd644a488\"},\"headline\":\"Passaggio al mercato libero dell&#8217;energia: quando \u00e8 obbligatorio?\",\"datePublished\":\"2022-04-22T13:59:38+00:00\",\"dateModified\":\"2024-07-04T14:41:48+00:00\",\"mainEntityOfPage\":{\"@id\":\"https:\\\/\\\/www.switcho.it\\\/blog\\\/luce-gas\\\/mercato-libero-energia-obbligatorio\\\/\"},\"wordCount\":1642,\"publisher\":{\"@id\":\"https:\\\/\\\/www.switcho.it\\\/blog\\\/#organization\"},\"image\":{\"@id\":\"https:\\\/\\\/www.switcho.it\\\/blog\\\/luce-gas\\\/mercato-libero-energia-obbligatorio\\\/#primaryimage\"},\"thumbnailUrl\":\"https:\\\/\\\/www.switcho.it\\\/blog\\\/wp-content\\\/uploads\\\/2022\\\/04\\\/Mercato-Libero-Energia-Obbligatorio.jpg\",\"keywords\":[\"luce e gas\",\"mercato tutelato\",\"news luce e gas\"],\"articleSection\":[\"Mercato Energetico\"],\"inLanguage\":\"it-IT\"},{\"@type\":\"WebPage\",\"@id\":\"https:\\\/\\\/www.switcho.it\\\/blog\\\/luce-gas\\\/mercato-libero-energia-obbligatorio\\\/\",\"url\":\"https:\\\/\\\/www.switcho.it\\\/blog\\\/luce-gas\\\/mercato-libero-energia-obbligatorio\\\/\",\"name\":\"Passaggio al Mercato Libero Energia: Quando \u00e8 Obbligatorio? - Switcho\",\"isPartOf\":{\"@id\":\"https:\\\/\\\/www.switcho.it\\\/blog\\\/#website\"},\"primaryImageOfPage\":{\"@id\":\"https:\\\/\\\/www.switcho.it\\\/blog\\\/luce-gas\\\/mercato-libero-energia-obbligatorio\\\/#primaryimage\"},\"image\":{\"@id\":\"https:\\\/\\\/www.switcho.it\\\/blog\\\/luce-gas\\\/mercato-libero-energia-obbligatorio\\\/#primaryimage\"},\"thumbnailUrl\":\"https:\\\/\\\/www.switcho.it\\\/blog\\\/wp-content\\\/uploads\\\/2022\\\/04\\\/Mercato-Libero-Energia-Obbligatorio.jpg\",\"datePublished\":\"2022-04-22T13:59:38+00:00\",\"dateModified\":\"2024-07-04T14:41:48+00:00\",\"description\":\"Scopri ci\u00f2 che devi sapere sul passaggio al mercato libero dell\u2019energia, obbligatorio da gennaio 2024 per il gas e da luglio per la luce.\",\"breadcrumb\":{\"@id\":\"https:\\\/\\\/www.switcho.it\\\/blog\\\/luce-gas\\\/mercato-libero-energia-obbligatorio\\\/#breadcrumb\"},\"inLanguage\":\"it-IT\",\"potentialAction\":[{\"@type\":\"ReadAction\",\"target\":[\"https:\\\/\\\/www.switcho.it\\\/blog\\\/luce-gas\\\/mercato-libero-energia-obbligatorio\\\/\"]}]},{\"@type\":\"ImageObject\",\"inLanguage\":\"it-IT\",\"@id\":\"https:\\\/\\\/www.switcho.it\\\/blog\\\/luce-gas\\\/mercato-libero-energia-obbligatorio\\\/#primaryimage\",\"url\":\"https:\\\/\\\/www.switcho.it\\\/blog\\\/wp-content\\\/uploads\\\/2022\\\/04\\\/Mercato-Libero-Energia-Obbligatorio.jpg\",\"contentUrl\":\"https:\\\/\\\/www.switcho.it\\\/blog\\\/wp-content\\\/uploads\\\/2022\\\/04\\\/Mercato-Libero-Energia-Obbligatorio.jpg\",\"width\":900,\"height\":600,\"caption\":\"Mercato Libero Energia Obbligatorio\"},{\"@type\":\"BreadcrumbList\",\"@id\":\"https:\\\/\\\/www.switcho.it\\\/blog\\\/luce-gas\\\/mercato-libero-energia-obbligatorio\\\/#breadcrumb\",\"itemListElement\":[{\"@type\":\"ListItem\",\"position\":1,\"name\":\"Home\",\"item\":\"https:\\\/\\\/www.switcho.it\\\/blog\\\/\"},{\"@type\":\"ListItem\",\"position\":2,\"name\":\"Luce e Gas\",\"item\":\"https:\\\/\\\/www.switcho.it\\\/blog\\\/luce-gas\\\/\"},{\"@type\":\"ListItem\",\"position\":3,\"name\":\"Mercato Energetico\",\"item\":\"https:\\\/\\\/www.switcho.it\\\/blog\\\/luce-gas\\\/mercato-energia\\\/\"},{\"@type\":\"ListItem\",\"position\":4,\"name\":\"Passaggio al mercato libero dell&#8217;energia: quando \u00e8 obbligatorio?\"}]},{\"@type\":\"WebSite\",\"@id\":\"https:\\\/\\\/www.switcho.it\\\/blog\\\/#website\",\"url\":\"https:\\\/\\\/www.switcho.it\\\/blog\\\/\",\"name\":\"Switcho\",\"description\":\"Il blog semplice, per davvero.\",\"publisher\":{\"@id\":\"https:\\\/\\\/www.switcho.it\\\/blog\\\/#organization\"},\"potentialAction\":[{\"@type\":\"SearchAction\",\"target\":{\"@type\":\"EntryPoint\",\"urlTemplate\":\"https:\\\/\\\/www.switcho.it\\\/blog\\\/?s={search_term_string}\"},\"query-input\":{\"@type\":\"PropertyValueSpecification\",\"valueRequired\":true,\"valueName\":\"search_term_string\"}}],\"inLanguage\":\"it-IT\"},{\"@type\":\"Organization\",\"@id\":\"https:\\\/\\\/www.switcho.it\\\/blog\\\/#organization\",\"name\":\"Switcho\",\"url\":\"https:\\\/\\\/www.switcho.it\\\/blog\\\/\",\"logo\":{\"@type\":\"ImageObject\",\"inLanguage\":\"it-IT\",\"@id\":\"https:\\\/\\\/www.switcho.it\\\/blog\\\/#\\\/schema\\\/logo\\\/image\\\/\",\"url\":\"https:\\\/\\\/www.switcho.it\\\/blog\\\/wp-content\\\/uploads\\\/2021\\\/03\\\/Switcho-Logotype-Green.png\",\"contentUrl\":\"https:\\\/\\\/www.switcho.it\\\/blog\\\/wp-content\\\/uploads\\\/2021\\\/03\\\/Switcho-Logotype-Green.png\",\"width\":1507,\"height\":597,\"caption\":\"Switcho\"},\"image\":{\"@id\":\"https:\\\/\\\/www.switcho.it\\\/blog\\\/#\\\/schema\\\/logo\\\/image\\\/\"}},{\"@type\":\"Person\",\"@id\":\"https:\\\/\\\/www.switcho.it\\\/blog\\\/#\\\/schema\\\/person\\\/4a59c480dfc019823d29714bd644a488\",\"name\":\"Marco Tricarico\",\"image\":{\"@type\":\"ImageObject\",\"inLanguage\":\"it-IT\",\"@id\":\"https:\\\/\\\/secure.gravatar.com\\\/avatar\\\/9a8a5d0321dce5e64611bac7a181edfc33d850ac6202cd0adaab2ece13fbcd6a?s=96&d=mm&r=g\",\"url\":\"https:\\\/\\\/secure.gravatar.com\\\/avatar\\\/9a8a5d0321dce5e64611bac7a181edfc33d850ac6202cd0adaab2ece13fbcd6a?s=96&d=mm&r=g\",\"contentUrl\":\"https:\\\/\\\/secure.gravatar.com\\\/avatar\\\/9a8a5d0321dce5e64611bac7a181edfc33d850ac6202cd0adaab2ece13fbcd6a?s=96&d=mm&r=g\",\"caption\":\"Marco Tricarico\"},\"description\":\"CEO e co-fondatore di Switcho, appassionato di startup e mondo digitale ed esperto di finanza aziendale e consulenza strategica, nel 2019 Marco ha deciso di lanciare un servizio innovativo che offrisse una soluzione di risparmio pratica e realmente imparziale sulle bollette di famiglie e aziende. Dalla nascita di Switcho, Marco partecipa a svariati eventi e rilascia interviste sui temi delle spese domestiche e del settore energetico, parlando delle ultime tendenze nei costi di gas ed elettricit\u00e0 e delle migliori opportunit\u00e0 per tutelarsi dai rincari. Leggi tutti i suoi articoli e seguilo su LinkedIn.\",\"sameAs\":[\"https:\\\/\\\/blog.switcho.net\"],\"url\":\"https:\\\/\\\/www.switcho.it\\\/blog\\\/author\\\/marco-tricarico\\\/\"}]}<\/script>\n<!-- \/ Yoast SEO plugin. -->","yoast_head_json":{"title":"Passaggio al Mercato Libero Energia: Quando \u00e8 Obbligatorio? - Switcho","description":"Scopri ci\u00f2 che devi sapere sul passaggio al mercato libero dell\u2019energia, obbligatorio da gennaio 2024 per il gas e da luglio per la luce.","robots":{"index":"index","follow":"follow","max-snippet":"max-snippet:-1","max-image-preview":"max-image-preview:large","max-video-preview":"max-video-preview:-1"},"canonical":"https:\/\/www.switcho.it\/blog\/luce-gas\/mercato-libero-energia-obbligatorio\/","og_locale":"it_IT","og_type":"article","og_title":"Mercato Libero Energia Obbligatorio: Quando e Come?","og_description":"Scopri ci\u00f2 che devi sapere sul passaggio al mercato libero dell\u2019energia, obbligatorio da gennaio 2024 per il gas e da luglio per la luce.","og_url":"https:\/\/www.switcho.it\/blog\/luce-gas\/mercato-libero-energia-obbligatorio\/","og_site_name":"Switcho","article_published_time":"2022-04-22T13:59:38+00:00","article_modified_time":"2024-07-04T14:41:48+00:00","og_image":[{"width":900,"height":600,"url":"https:\/\/www.switcho.it\/blog\/wp-content\/uploads\/2022\/04\/Mercato-Libero-Energia-Obbligatorio.jpg","type":"image\/jpeg"}],"author":"Marco Tricarico","twitter_card":"summary_large_image","twitter_title":"Mercato Libero Energia Obbligatorio: Quando e Come?","twitter_description":"Scopri ci\u00f2 che devi sapere sul passaggio al mercato libero dell\u2019energia, obbligatorio da gennaio 2024 per il gas e da luglio per la luce.","twitter_image":"https:\/\/www.switcho.it\/blog\/wp-content\/uploads\/2022\/04\/Mercato-Libero-Energia-Obbligatorio.jpg","twitter_misc":{"Scritto da":"Marco Tricarico","Tempo di lettura stimato":"47 minuti"},"schema":{"@context":"https:\/\/schema.org","@graph":[{"@type":"Article","@id":"https:\/\/www.switcho.it\/blog\/luce-gas\/mercato-libero-energia-obbligatorio\/#article","isPartOf":{"@id":"https:\/\/www.switcho.it\/blog\/luce-gas\/mercato-libero-energia-obbligatorio\/"},"author":{"name":"Marco Tricarico","@id":"https:\/\/www.switcho.it\/blog\/#\/schema\/person\/4a59c480dfc019823d29714bd644a488"},"headline":"Passaggio al mercato libero dell&#8217;energia: quando \u00e8 obbligatorio?","datePublished":"2022-04-22T13:59:38+00:00","dateModified":"2024-07-04T14:41:48+00:00","mainEntityOfPage":{"@id":"https:\/\/www.switcho.it\/blog\/luce-gas\/mercato-libero-energia-obbligatorio\/"},"wordCount":1642,"publisher":{"@id":"https:\/\/www.switcho.it\/blog\/#organization"},"image":{"@id":"https:\/\/www.switcho.it\/blog\/luce-gas\/mercato-libero-energia-obbligatorio\/#primaryimage"},"thumbnailUrl":"https:\/\/www.switcho.it\/blog\/wp-content\/uploads\/2022\/04\/Mercato-Libero-Energia-Obbligatorio.jpg","keywords":["luce e gas","mercato tutelato","news luce e gas"],"articleSection":["Mercato Energetico"],"inLanguage":"it-IT"},{"@type":"WebPage","@id":"https:\/\/www.switcho.it\/blog\/luce-gas\/mercato-libero-energia-obbligatorio\/","url":"https:\/\/www.switcho.it\/blog\/luce-gas\/mercato-libero-energia-obbligatorio\/","name":"Passaggio al Mercato Libero Energia: Quando \u00e8 Obbligatorio? - Switcho","isPartOf":{"@id":"https:\/\/www.switcho.it\/blog\/#website"},"primaryImageOfPage":{"@id":"https:\/\/www.switcho.it\/blog\/luce-gas\/mercato-libero-energia-obbligatorio\/#primaryimage"},"image":{"@id":"https:\/\/www.switcho.it\/blog\/luce-gas\/mercato-libero-energia-obbligatorio\/#primaryimage"},"thumbnailUrl":"https:\/\/www.switcho.it\/blog\/wp-content\/uploads\/2022\/04\/Mercato-Libero-Energia-Obbligatorio.jpg","datePublished":"2022-04-22T13:59:38+00:00","dateModified":"2024-07-04T14:41:48+00:00","description":"Scopri ci\u00f2 che devi sapere sul passaggio al mercato libero dell\u2019energia, obbligatorio da gennaio 2024 per il gas e da luglio per la luce.","breadcrumb":{"@id":"https:\/\/www.switcho.it\/blog\/luce-gas\/mercato-libero-energia-obbligatorio\/#breadcrumb"},"inLanguage":"it-IT","potentialAction":[{"@type":"ReadAction","target":["https:\/\/www.switcho.it\/blog\/luce-gas\/mercato-libero-energia-obbligatorio\/"]}]},{"@type":"ImageObject","inLanguage":"it-IT","@id":"https:\/\/www.switcho.it\/blog\/luce-gas\/mercato-libero-energia-obbligatorio\/#primaryimage","url":"https:\/\/www.switcho.it\/blog\/wp-content\/uploads\/2022\/04\/Mercato-Libero-Energia-Obbligatorio.jpg","contentUrl":"https:\/\/www.switcho.it\/blog\/wp-content\/uploads\/2022\/04\/Mercato-Libero-Energia-Obbligatorio.jpg","width":900,"height":600,"caption":"Mercato Libero Energia Obbligatorio"},{"@type":"BreadcrumbList","@id":"https:\/\/www.switcho.it\/blog\/luce-gas\/mercato-libero-energia-obbligatorio\/#breadcrumb","itemListElement":[{"@type":"ListItem","position":1,"name":"Home","item":"https:\/\/www.switcho.it\/blog\/"},{"@type":"ListItem","position":2,"name":"Luce e Gas","item":"https:\/\/www.switcho.it\/blog\/luce-gas\/"},{"@type":"ListItem","position":3,"name":"Mercato Energetico","item":"https:\/\/www.switcho.it\/blog\/luce-gas\/mercato-energia\/"},{"@type":"ListItem","position":4,"name":"Passaggio al mercato libero dell&#8217;energia: quando \u00e8 obbligatorio?"}]},{"@type":"WebSite","@id":"https:\/\/www.switcho.it\/blog\/#website","url":"https:\/\/www.switcho.it\/blog\/","name":"Switcho","description":"Il blog semplice, per davvero.","publisher":{"@id":"https:\/\/www.switcho.it\/blog\/#organization"},"potentialAction":[{"@type":"SearchAction","target":{"@type":"EntryPoint","urlTemplate":"https:\/\/www.switcho.it\/blog\/?s={search_term_string}"},"query-input":{"@type":"PropertyValueSpecification","valueRequired":true,"valueName":"search_term_string"}}],"inLanguage":"it-IT"},{"@type":"Organization","@id":"https:\/\/www.switcho.it\/blog\/#organization","name":"Switcho","url":"https:\/\/www.switcho.it\/blog\/","logo":{"@type":"ImageObject","inLanguage":"it-IT","@id":"https:\/\/www.switcho.it\/blog\/#\/schema\/logo\/image\/","url":"https:\/\/www.switcho.it\/blog\/wp-content\/uploads\/2021\/03\/Switcho-Logotype-Green.png","contentUrl":"https:\/\/www.switcho.it\/blog\/wp-content\/uploads\/2021\/03\/Switcho-Logotype-Green.png","width":1507,"height":597,"caption":"Switcho"},"image":{"@id":"https:\/\/www.switcho.it\/blog\/#\/schema\/logo\/image\/"}},{"@type":"Person","@id":"https:\/\/www.switcho.it\/blog\/#\/schema\/person\/4a59c480dfc019823d29714bd644a488","name":"Marco Tricarico","image":{"@type":"ImageObject","inLanguage":"it-IT","@id":"https:\/\/secure.gravatar.com\/avatar\/9a8a5d0321dce5e64611bac7a181edfc33d850ac6202cd0adaab2ece13fbcd6a?s=96&d=mm&r=g","url":"https:\/\/secure.gravatar.com\/avatar\/9a8a5d0321dce5e64611bac7a181edfc33d850ac6202cd0adaab2ece13fbcd6a?s=96&d=mm&r=g","contentUrl":"https:\/\/secure.gravatar.com\/avatar\/9a8a5d0321dce5e64611bac7a181edfc33d850ac6202cd0adaab2ece13fbcd6a?s=96&d=mm&r=g","caption":"Marco Tricarico"},"description":"CEO e co-fondatore di Switcho, appassionato di startup e mondo digitale ed esperto di finanza aziendale e consulenza strategica, nel 2019 Marco ha deciso di lanciare un servizio innovativo che offrisse una soluzione di risparmio pratica e realmente imparziale sulle bollette di famiglie e aziende. Dalla nascita di Switcho, Marco partecipa a svariati eventi e rilascia interviste sui temi delle spese domestiche e del settore energetico, parlando delle ultime tendenze nei costi di gas ed elettricit\u00e0 e delle migliori opportunit\u00e0 per tutelarsi dai rincari. Leggi tutti i suoi articoli e seguilo su LinkedIn.","sameAs":["https:\/\/blog.switcho.net"],"url":"https:\/\/www.switcho.it\/blog\/author\/marco-tricarico\/"}]}},"modified_by":"Gabriele Toninelli","_links":{"self":[{"href":"https:\/\/www.switcho.it\/blog\/wp-json\/wp\/v2\/posts\/6539","targetHints":{"allow":["GET"]}}],"collection":[{"href":"https:\/\/www.switcho.it\/blog\/wp-json\/wp\/v2\/posts"}],"about":[{"href":"https:\/\/www.switcho.it\/blog\/wp-json\/wp\/v2\/types\/post"}],"author":[{"embeddable":true,"href":"https:\/\/www.switcho.it\/blog\/wp-json\/wp\/v2\/users\/23"}],"replies":[{"embeddable":true,"href":"https:\/\/www.switcho.it\/blog\/wp-json\/wp\/v2\/comments?post=6539"}],"version-history":[{"count":5,"href":"https:\/\/www.switcho.it\/blog\/wp-json\/wp\/v2\/posts\/6539\/revisions"}],"predecessor-version":[{"id":115938,"href":"https:\/\/www.switcho.it\/blog\/wp-json\/wp\/v2\/posts\/6539\/revisions\/115938"}],"wp:featuredmedia":[{"embeddable":true,"href":"https:\/\/www.switcho.it\/blog\/wp-json\/wp\/v2\/media\/6542"}],"wp:attachment":[{"href":"https:\/\/www.switcho.it\/blog\/wp-json\/wp\/v2\/media?parent=6539"}],"wp:term":[{"taxonomy":"category","embeddable":true,"href":"https:\/\/www.switcho.it\/blog\/wp-json\/wp\/v2\/categories?post=6539"},{"taxonomy":"post_tag","embeddable":true,"href":"https:\/\/www.switcho.it\/blog\/wp-json\/wp\/v2\/tags?post=6539"}],"curies":[{"name":"wp","href":"https:\/\/api.w.org\/{rel}","templated":true}]}}