{"id":64381,"date":"2023-09-19T10:03:55","date_gmt":"2023-09-19T10:03:55","guid":{"rendered":"https:\/\/www.switcho.it\/blog\/?p=64381"},"modified":"2023-12-21T09:41:43","modified_gmt":"2023-12-21T09:41:43","slug":"mercato-tutelato-decreto-energia","status":"publish","type":"post","link":"https:\/\/www.switcho.it\/blog\/luce-gas\/mercato-tutelato-decreto-energia\/","title":{"rendered":"Quando finir\u00e0 il mercato tutelato? Il Governo valuta un nuovo rinvio"},"content":{"rendered":"<i>Aggiornato il 21 Dicembre 2023<\/i>\n\n\n\n<div style=\"height:30px\" aria-hidden=\"true\" class=\"wp-block-spacer\"><\/div>\n\n\n\n<blockquote class=\"wp-block-quote is-layout-flow wp-block-quote-is-layout-flow\">\n<p>\ud83c\udd95 Novit\u00e0 dicembre 2023: <a href=\"https:\/\/www.switcho.it\/blog\/luce-gas\/proroga-fine-mercato-tutelato-luce\/\" target=\"_blank\" rel=\"noreferrer noopener\">la fine della tutela luce slitta <\/a>da aprile 2024 al 1\u00b0 luglio 2024 per i soli clienti vulnerabili. Ti consigliamo di leggere la news aggiornata per tutte le <a href=\"https:\/\/www.switcho.it\/blog\/luce-gas\/proroga-fine-mercato-tutelato-luce\/\" target=\"_blank\" rel=\"noreferrer noopener\">novit\u00e0 sulla fine del mercato tutelato della luce<\/a>.<\/p>\n<\/blockquote>\n\n\n\n<div style=\"height:20px\" aria-hidden=\"true\" class=\"wp-block-spacer\"><\/div>\n\n\n\n<p>Il mercato tutelato dovrebbe giungere a conclusione a gennaio 2024 per il gas e a luglio 2024 per la luce. Ma sar\u00e0 davvero cos\u00ec? Le parole pronunciate il 13 settembre dal ministro dell\u2019Ambiente Pichetto Fratin lasciano intuire<strong> la possibilit\u00e0 di una nuova proroga<\/strong>.<\/p>\n\n\n\n<p>Facciamo il punto:<\/p>\n\n\n\n<ul class=\"wp-block-list emoji_bullets emoji_check_mark\">\n<li>La scadenza del mercato tutelato \u00e8 gi\u00e0 stata rinviata numerose volte, e attualmente \u00e8 <strong>prevista per il 2024<\/strong>.<\/li>\n\n\n\n<li>Sono circa <strong>9 milioni i clienti domestici <\/strong>in regime di maggior tutela.<\/li>\n\n\n\n<li>Si ipotizza alla scadenza una<strong> proroga di 6 mesi o un anno<\/strong>.<\/li>\n<\/ul>\n\n\n\n<p>Se, nel dubbio, preferisci <a href=\"https:\/\/www.switcho.it\/blog\/luce-gas\/mercato-libero-energia-obbligatorio\/\" target=\"_blank\" rel=\"noreferrer noopener\">passare subito al mercato libero<\/a> e scegliere autonomamente il tuo nuovo fornitore, <a href=\"https:\/\/www.switcho.it\/servizi\/intro\/luce-gas\"><strong>possiamo aiutarti noi di Switcho<\/strong><\/a><strong> <\/strong>a trovare <a href=\"https:\/\/www.switcho.it\/risorse\/luce-gas\/\" target=\"_blank\" rel=\"noreferrer noopener\">l\u2019offerta luce e gas migliore<\/a> per te (con un servizio gratuito e 100% digitale!).<\/p>\n\n\n\n<div style=\"height:20px\" aria-hidden=\"true\" class=\"wp-block-spacer\"><\/div>\n\n\n\n<div class=\"wp-block-divi-layout\">[et_pb_section fb_built=&#8221;1&#8243; disabled_on=&#8221;on|on|off&#8221; admin_label=&#8221;section&#8221; _builder_version=&#8221;4.18.0&#8243; custom_padding=&#8221;0px||0px||false|false&#8221; global_colors_info=&#8221;{}&#8221;][et_pb_row admin_label=&#8221;row&#8221; _builder_version=&#8221;4.19.1&#8243; background_size=&#8221;initial&#8221; background_position=&#8221;top_left&#8221; background_repeat=&#8221;repeat&#8221; width=&#8221;100%&#8221; max_height=&#8221;1000px&#8221; global_colors_info=&#8221;{}&#8221;][et_pb_column type=&#8221;4_4&#8243; _builder_version=&#8221;4.18.0&#8243; _module_preset=&#8221;default&#8221; global_colors_info=&#8221;{}&#8221;][et_pb_image src=&#8221;https:\/\/www.switcho.it\/blog\/wp-content\/uploads\/2023\/08\/fine-tutela-passa-al-libero.png&#8221; alt=&#8221;passa al mercato libero con switcho&#8221; title_text=&#8221;fine tutela passa al libero&#8221; url=&#8221;https:\/\/www.switcho.it\/servizi\/intro\/luce-gas?ref=cta-tutela-top&#8221; align=&#8221;center&#8221; force_fullwidth=&#8221;on&#8221; src_tablet=&#8221;https:\/\/www.switcho.it\/blog\/wp-content\/uploads\/2022\/11\/banner-energy-top-mobile.png&#8221; src_phone=&#8221;https:\/\/www.switcho.it\/blog\/wp-content\/uploads\/2022\/11\/banner-energy-top-mobile.png&#8221; src_last_edited=&#8221;on|desktop&#8221; _builder_version=&#8221;4.26.0&#8243; _module_preset=&#8221;default&#8221; hover_enabled=&#8221;0&#8243; global_colors_info=&#8221;{}&#8221; sticky_enabled=&#8221;0&#8243;][\/et_pb_image][\/et_pb_column][\/et_pb_row][\/et_pb_section]<\/div>\n\n\n\n<div style=\"height:20px\" aria-hidden=\"true\" class=\"wp-block-spacer\"><\/div>\n\n\n\n<p>Indice<\/p>\n\n\n\n<ul class=\"wp-block-list\">\n<li><a href=\"#rinvio\">Un nuovo rinvio di scadenza per il mercato tutelato \u00e8 nell\u2019aria<\/a><\/li>\n\n\n\n<li><a href=\"#per-chi-finisce\">La fine del mercato tutelato, in ogni caso, non \u00e8 prevista per tutti<\/a><\/li>\n\n\n\n<li><a href=\"#cosa-succede\">Cosa accadr\u00e0 a tutti gli altri clienti domestici alla chiusura del servizio di tutela?<\/a><\/li>\n\n\n\n<li><a href=\"#differenze\">Cosa cambia tra mercato libero e tutelato?<\/a><\/li>\n\n\n\n<li><a href=\"#decreto-energia\">Il Decreto Energia di settembre 2023 far\u00e0 chiarezza anche su altri temi<\/a><\/li>\n<\/ul>\n\n\n\n<div style=\"height:50px\" aria-hidden=\"true\" class=\"wp-block-spacer\"><\/div>\n\n\n\n<h2 class=\"wp-block-heading\" id=\"rinvio\">Un nuovo rinvio di scadenza per il mercato tutelato \u00e8 nell\u2019aria<\/h2>\n\n\n\n<div style=\"height:20px\" aria-hidden=\"true\" class=\"wp-block-spacer\"><\/div>\n\n\n\n<p>L\u2019anticipazione arriva proprio dal <strong>ministro dell\u2019Ambiente e della sicurezza energetica Pichetto Fratin<\/strong>, il quale in data 13 settembre ha rilasciato una dichiarazione durante un convegno a Roma al Gse (Gestore dei servizi energetici) sul tema delle energie rinnovabili.<\/p>\n\n\n\n<div style=\"height:20px\" aria-hidden=\"true\" class=\"wp-block-spacer\"><\/div>\n\n\n\n<blockquote class=\"wp-block-quote is-layout-flow wp-block-quote-is-layout-flow\">\n<p><em>Il nuovo decreto \u201cinterviene nella liberalizzazione per le famiglie, in un momento in cui non c\u2019\u00e8 la certezza che il quadro geopolitico tenga, e che quindi <\/em><strong><em>i prezzi possano essere previsti<\/em><\/strong><em>\u201d.<\/em><\/p>\n<cite>Fonte: <a href=\"https:\/\/www.ilsole24ore.com\/art\/riforma-mercato-luce-e-gas-arrivo-decreto-all-interno-norme-rinnovabili-e-deposito-scorie-nucleari-AF5yfdq\" target=\"_blank\" rel=\"noreferrer noopener nofollow\">Il Sole 24 Ore<\/a><\/cite><\/blockquote>\n\n\n\n<div style=\"height:20px\" aria-hidden=\"true\" class=\"wp-block-spacer\"><\/div>\n\n\n\n<p class=\"has-background\" style=\"background-color:#f7f8fa\">\ud83d\udca1 Il decreto in questione sembrava poter essere il <strong><a href=\"https:\/\/www.switcho.it\/blog\/luce-gas\/decreto-energia-settembre-2023\/\" target=\"_blank\" rel=\"noreferrer noopener\">Decreto Energia<\/a>, approvato il 25 settembre<\/strong> dal Consiglio dei Ministri. In realt\u00e0, tale provvedimento <strong>non presenta alcuna novit\u00e0 in merito<\/strong> alla fine del mercato tutelato, tema di cui si sta ancora discutendo.<\/p>\n\n\n\n<div style=\"height:20px\" aria-hidden=\"true\" class=\"wp-block-spacer\"><\/div>\n\n\n\n<p>Infatti, a fronte di una situazione ambientale e geopolitica incerta e con l\u2019aumento della domanda prospettato in vista dell\u2019inverno, il Governo valuta di rinviare nuovamente la chiusura del mercato tutelato. Di quanto tempo, ancora non \u00e8 chiaro:<strong> si parla di 6 mesi o forse un anno<\/strong>.<\/p>\n\n\n\n<p>L\u2019obiettivo del decreto sarebbe quello di<strong> evitare una migrazione \u201cforzata\u201d verso il <\/strong><a href=\"https:\/\/www.switcho.it\/blog\/luce-gas\/mercato-libero-energia\/\" target=\"_blank\" rel=\"noreferrer noopener\"><strong>mercato libero<\/strong><\/a> in un momento storico in cui l\u2019andamento dei prezzi \u00e8 ancora altalenante \u2013 nonostante negli ultimi mesi PUN e PSV siano rimasti sostanzialmente stabili.<\/p>\n\n\n\n<div style=\"height:20px\" aria-hidden=\"true\" class=\"wp-block-spacer\"><\/div>\n\n\n\n<div class=\"flourish-embed flourish-chart\" data-src=\"visualisation\/12912296\"><script src=\"https:\/\/public.flourish.studio\/resources\/embed.js\"><\/script><\/div>\n\n\n\n<div style=\"height:20px\" aria-hidden=\"true\" class=\"wp-block-spacer\"><\/div>\n\n\n\n<p class=\"has-text-align-center has-small-font-size\"><em>Nel grafico: andamento di <a href=\"https:\/\/www.switcho.it\/blog\/luce-gas\/pun-energia\/\" target=\"_blank\" rel=\"noreferrer noopener\">PUN<\/a> (luce) e <a href=\"https:\/\/www.switcho.it\/blog\/luce-gas\/psv-gas\/\" target=\"_blank\" rel=\"noreferrer noopener\">PSV<\/a><\/em> <em>(gas), gli indici che rappresentano il prezzo all&#8217;ingrosso di energia elettrica e gas naturale.<\/em><\/p>\n\n\n\n<div style=\"height:40px\" aria-hidden=\"true\" class=\"wp-block-spacer\"><\/div>\n\n\n\n<p class=\"has-background\" style=\"background-color:#f7f8fa\">\ud83d\udc49 Ti ricordiamo che <strong>nel mercato tutelato i prezzi di luce e gas sono definiti dall\u2019Autorit\u00e0<\/strong> e sono uguali per tutti, mentre nel mercato libero ogni fornitore ha margine di manovra su alcune delle voci di costo presenti in bolletta.<\/p>\n\n\n\n<div style=\"height:50px\" aria-hidden=\"true\" class=\"wp-block-spacer\"><\/div>\n\n\n\n<h2 class=\"wp-block-heading\" id=\"per-chi-finisce\">La fine del mercato tutelato, in ogni caso, non \u00e8 prevista per tutti<\/h2>\n\n\n\n<div style=\"height:20px\" aria-hidden=\"true\" class=\"wp-block-spacer\"><\/div>\n\n\n\n<p>Gi\u00e0 da alcune settimane l\u2019ARERA (Autorit\u00e0 di Regolazione per Energia Reti e Ambiente) ha comunicato che<strong> la scadenza riguarder\u00e0 solo i clienti non vulnerabili<\/strong>, mentre quelli vulnerabili continueranno a usufruire del servizio di maggior tutela.<\/p>\n\n\n\n<p>Ma chi sono i <a href=\"https:\/\/www.switcho.it\/blog\/luce-gas\/clienti-vulnerabili\/\" target=\"_blank\" rel=\"noreferrer noopener\">clienti vulnerabili<\/a>? Questa tabella descrive le caratteristiche individuate per le due diverse utenze.<\/p>\n\n\n\n<div style=\"height:20px\" aria-hidden=\"true\" class=\"wp-block-spacer\"><\/div>\n\n\n\n<figure class=\"wp-block-table is-style-stripes\"><table class=\"has-fixed-layout\"><thead><tr><th><strong>CLIENTI VULNERABILI PER LA LUCE \ud83d\udca1<\/strong><\/th><th><strong>CLIENTI VULNERABILI PER IL GAS \ud83d\udd25\u200b<\/strong><\/th><\/tr><\/thead><tbody><tr><td>Condizioni economiche svantaggiate<\/td><td>Condizioni economiche svantaggiate<\/td><\/tr><tr><td>Soggetti con disabilit\u00e0 (art. 3 legge 104\/92)<\/td><td>Soggetti con disabilit\u00e0 (art. 3 legge 104\/92)<\/td><\/tr><tr><td>Utenza in abitazione di emergenza&nbsp;<\/td><td>Utenza in abitazione di emergenza&nbsp;<\/td><\/tr><tr><td>Over 75<\/td><td>Over 75<\/td><\/tr><tr><td>Utilizzo di apparecchiature mediche alimentate da energia elettrica<\/td><td>\u2013<\/td><\/tr><tr><td>Utenza in un\u2019isola minore non interconnessa<\/td><td>\u2013<\/td><\/tr><\/tbody><\/table><\/figure>\n\n\n\n<div style=\"height:20px\" aria-hidden=\"true\" class=\"wp-block-spacer\"><\/div>\n\n\n\n<p>Tutti i clienti identificati come vulnerabili o che si dichiareranno tali nei prossimi mesi potranno quindi seguire<strong> un iter diverso dagli altri<\/strong>. In particolare:<\/p>\n\n\n\n<ul class=\"wp-block-list\">\n<li>\ud83d\udca1 <strong>Luce <\/strong>\u2192 rimarranno nel mercato tutelato dell\u2019energia elettrica anche dopo il 1\u00b0 luglio, data di scadenza del servizio di maggior tutela della luce per tutti gli altri clienti.<\/li>\n\n\n\n<li>\ud83d\udd25 <strong>Gas <\/strong>\u2192 dopo il 1\u00b0 gennaio passeranno al servizio di tutela della vulnerabilit\u00e0, che conserva le condizioni economiche poste da ARERA. Sostanzialmente, anche in questo caso cambier\u00e0 ben poco.<\/li>\n<\/ul>\n\n\n\n<div style=\"height:50px\" aria-hidden=\"true\" class=\"wp-block-spacer\"><\/div>\n\n\n\n<h2 class=\"wp-block-heading\" id=\"cosa-succede\">Cosa accadr\u00e0 a tutti gli altri clienti domestici alla chiusura del servizio di tutela?<\/h2>\n\n\n\n<div style=\"height:20px\" aria-hidden=\"true\" class=\"wp-block-spacer\"><\/div>\n\n\n\n<p>Per i clienti non vulnerabili che non passeranno in autonomia al mercato libero \u00e8 stato messo a punto un preciso iter volto ad <strong>evitare l\u2019interruzione della fornitura<\/strong>. Tale percorso \u00e8 diverso per la luce e per il gas.<\/p>\n\n\n\n<div style=\"height:20px\" aria-hidden=\"true\" class=\"wp-block-spacer\"><\/div>\n\n\n\n<p class=\"has-text-align-center\"><strong>\ud83d\udca1 ENERGIA ELETTRICA<\/strong><\/p>\n\n\n\n<figure class=\"wp-block-table is-style-stripes\"><table class=\"has-fixed-layout\"><thead><tr><th><\/th><th class=\"has-text-align-left\" data-align=\"left\"><\/th><\/tr><\/thead><tbody><tr><td><strong>SCADENZA<\/strong><\/td><td class=\"has-text-align-left\" data-align=\"left\">1\u00b0 luglio 2024<\/td><\/tr><tr><td><strong>MERCATO \/ SERVIZIO<\/strong><\/td><td class=\"has-text-align-left\" data-align=\"left\"><a href=\"https:\/\/www.switcho.it\/blog\/luce-gas\/servizio-tutele-graduali\/\" target=\"_blank\" rel=\"noreferrer noopener\">Servizio a Tutele Graduali<\/a><\/td><\/tr><tr><td><strong>FORNITORE<\/strong><\/td><td class=\"has-text-align-left\" data-align=\"left\">Assegnato tramite procedura concorsuale, l\u2019utente non potr\u00e0 sceglierlo<\/td><\/tr><tr><td><strong>TIPOLOGIA DI OFFERTA<\/strong><\/td><td class=\"has-text-align-left\" data-align=\"left\"><a href=\"https:\/\/www.switcho.it\/blog\/luce-gas\/offerte-placet\/\" target=\"_blank\" rel=\"noreferrer noopener\">Offerte PLACET<\/a> (Prezzo Libero a Condizioni Equiparate di Tutela)<\/td><\/tr><\/tbody><\/table><\/figure>\n\n\n\n<div style=\"height:50px\" aria-hidden=\"true\" class=\"wp-block-spacer\"><\/div>\n\n\n\n<p class=\"has-text-align-center\"><strong>\ud83d\udd25 GAS<\/strong><\/p>\n\n\n\n<figure class=\"wp-block-table is-style-stripes\"><table class=\"has-fixed-layout\"><thead><tr><th><\/th><th><\/th><\/tr><\/thead><tbody><tr><td><strong>SCADENZA<\/strong><\/td><td>1\u00b0 gennaio 2024<\/td><\/tr><tr><td><strong>MERCATO \/ SERVIZIO<\/strong><\/td><td>Mercato libero<\/td><\/tr><tr><td><strong>FORNITORE<\/strong><\/td><td>Quello attuale<\/td><\/tr><tr><td><strong>TIPOLOGIA DI OFFERTA<\/strong><\/td><td>Offerte PLACET (Prezzo Libero a Condizioni Equiparate di Tutela) a prezzo variabile con la maggior parte delle voci di costo definite dall\u2019Autorit\u00e0<\/td><\/tr><\/tbody><\/table><\/figure>\n\n\n\n<div style=\"height:50px\" aria-hidden=\"true\" class=\"wp-block-spacer\"><\/div>\n\n\n\n<h2 class=\"wp-block-heading\" id=\"differenze\">Cosa cambia tra mercato libero e tutelato?<\/h2>\n\n\n\n<div style=\"height:20px\" aria-hidden=\"true\" class=\"wp-block-spacer\"><\/div>\n\n\n\n<p>Data la centralit\u00e0 del tema in questo settembre 2023, vale la pena ricordare le <a href=\"https:\/\/www.switcho.it\/blog\/luce-gas\/differenze-mercato-tutelato-libero\/\" target=\"_blank\" rel=\"noreferrer noopener\"><strong>differenze tra il mercato libero e quello tutelato<\/strong><\/a>. Le abbiamo riassunte in questa tabella:<\/p>\n\n\n\n<div style=\"height:20px\" aria-hidden=\"true\" class=\"wp-block-spacer\"><\/div>\n\n\n\n<figure class=\"wp-block-table is-style-stripes\"><table class=\"has-fixed-layout\"><thead><tr><th><strong>MERCATO LIBERO<\/strong><\/th><th><strong>MERCATO TUTELATO<\/strong><\/th><\/tr><\/thead><tbody><tr><td><strong>Il prezzo dell\u2019energia <\/strong>\ud83d\udcb8 varia in base all\u2019offerta, e viene deciso dal fornitore.<\/td><td><strong>Il prezzo dell\u2019energia <\/strong>\ud83d\udcb8 \u00e8 uguale per tutti, e viene dettato dall\u2019autorit\u00e0 ARERA.<\/td><\/tr><tr><td><strong>Il fornitore \ud83c\udfed <\/strong>viene scelto dal cliente sulla base dell\u2019offerta specifica.<\/td><td><strong>Il fornitore \ud83c\udfed <\/strong>viene scelto dal cliente ma applica i prezzi ARERA.<\/td><\/tr><tr><td><strong>L\u2019ente di controllo<\/strong> \ud83d\udea8 \u00e8 AGCM (Antitrust).<\/td><td><strong>L\u2019ente di controllo<\/strong> \ud83d\udea8 \u00e8 ARERA.<\/td><\/tr><tr><td><strong>Il vantaggio principale \u2705 <\/strong>\u00e8 la vastit\u00e0 di opzioni che si hanno nella scelta dell\u2019offerta giusta.<\/td><td><strong>Il vantaggio principale \u2705 <\/strong>\u00e8 la stabilit\u00e0 dei prezzi (vero solo quando il mercato energetico non presenta picchi importanti).<\/td><\/tr><\/tbody><\/table><\/figure>\n\n\n\n<div style=\"height:20px\" aria-hidden=\"true\" class=\"wp-block-spacer\"><\/div>\n\n\n\n<p class=\"has-background\" style=\"background-color:#f7f8fa\">\ud83d\udc49 Il servizio di maggior tutela rappresenta quindi una sicurezza per quei clienti che, <strong>intimoriti dalla vastit\u00e0 di opzioni del mercato libero<\/strong>, preferiscono affidarsi all\u2019Authority ed evitare di prendere decisioni (percepite come complesse) sulle loro forniture.<\/p>\n\n\n\n<div style=\"height:50px\" aria-hidden=\"true\" class=\"wp-block-spacer\"><\/div>\n\n\n\n<h2 class=\"wp-block-heading\" id=\"decreto-energia\">Il Decreto Energia di settembre 2023 non fa accenno al tema<\/h2>\n\n\n\n<div style=\"height:20px\" aria-hidden=\"true\" class=\"wp-block-spacer\"><\/div>\n\n\n\n<p>Si ipotizzava potesse includere delucidazioni in merito <a href=\"https:\/\/www.switcho.it\/blog\/luce-gas\/fine-mercato-tutelato-gas\/\" target=\"_blank\" rel=\"noreferrer noopener\">fine del mercato tutelato<\/a>, invece il provvedimento passato il 25 settembre 2023 in Consiglio dei Ministri tratta di altre questioni. Tra queste, alcune riguardano le bollette dei prossimi mesi:<\/p>\n\n\n\n<ul class=\"wp-block-list emoji_bullets emoji_right_arrow\">\n<li>La<strong> proroga del bonus sociale bollette<\/strong>, che permette di ottenere uno sconto importante a fronte di alcuni criteri di reddito ISEE ed \u00e8 stato prolungato fino al 31 dicembre 2023.<\/li>\n\n\n\n<li>La riconferma dell&#8217;<strong>azzeramento degli oneri di sistema e la riduzione dell&#8217;IVA al 5%<\/strong> nelle <a href=\"https:\/\/www.switcho.it\/blog\/luce-gas\/bollette-gas\/\" target=\"_blank\" rel=\"noreferrer noopener\">bollette del gas<\/a>.<\/li>\n\n\n\n<li>Introduzione di un <strong>contributo per il riscaldamento<\/strong> destinato agli stessi percettori del bonus bollette, per i mesi di ottobre, novembre e dicembre.<\/li>\n<\/ul>\n\n\n\n<p>\ud83d\udc49 Per approfondire il discorso puoi leggere il nostro articolo sul <a href=\"https:\/\/www.switcho.it\/blog\/luce-gas\/decreto-energia-settembre-2023\/\" target=\"_blank\" rel=\"noreferrer noopener\">Decreto Energia di settembre 2023<\/a>.<\/p>\n\n\n\n<p>\ud83d\udc49 Leggi di pi\u00f9 sulla <a href=\"https:\/\/www.switcho.it\/blog\/luce-gas\/proroga-fine-mercato-tutelato-luce\/\" target=\"_blank\" rel=\"noreferrer noopener\">proroga del mercato tutelato dell&#8217;energia elettrica<\/a><\/p>\n\n\n\n<div style=\"height:50px\" aria-hidden=\"true\" class=\"wp-block-spacer\"><\/div>\n\n\n\n<div class=\"wp-block-divi-layout\">[et_pb_section fb_built=&#8221;1&#8243; disabled_on=&#8221;off|off|off&#8221; admin_label=&#8221;section&#8221; _builder_version=&#8221;4.19.2&#8243; custom_padding=&#8221;0px||0px||false|false&#8221; global_colors_info=&#8221;{}&#8221;][et_pb_row admin_label=&#8221;row&#8221; _builder_version=&#8221;4.19.1&#8243; background_size=&#8221;initial&#8221; background_position=&#8221;top_left&#8221; background_repeat=&#8221;repeat&#8221; width=&#8221;100%&#8221; max_height=&#8221;1000px&#8221; global_colors_info=&#8221;{}&#8221;][et_pb_column type=&#8221;4_4&#8243; _builder_version=&#8221;4.18.0&#8243; _module_preset=&#8221;default&#8221; global_colors_info=&#8221;{}&#8221;][et_pb_toggle title=&#8221;Fonti&#8221; open_toggle_background_color=&#8221;#F7F8FA&#8221; closed_toggle_text_color=&#8221;#2D3748&#8243; closed_toggle_background_color=&#8221;#f7f8fa&#8221; _builder_version=&#8221;4.27.4&#8243; _module_preset=&#8221;default&#8221; title_level=&#8221;h4&#8243; title_font=&#8221;||||||||&#8221; title_font_size=&#8221;18px&#8221; title_line_height=&#8221;1.7em&#8221; closed_title_font=&#8221;||||||||&#8221; closed_title_font_size=&#8221;18px&#8221; body_font=&#8221;||||||||&#8221; hover_enabled=&#8221;0&#8243; body_font_size_tablet=&#8221;16px&#8221; body_font_size_phone=&#8221;16px&#8221; body_font_size_last_edited=&#8221;on|phone&#8221; border_width_all=&#8221;0px&#8221; global_colors_info=&#8221;{}&#8221; sticky_enabled=&#8221;0&#8243;]<span>Verso la fine del mercato tutelato del luce \u2013 clienti domestici | ARERA<\/span>\n<br><span><a href=\"https:\/\/www.arera.it\/consumatori\/fine-tutela-ele\" target=\"_blank\" rel=\"noreferrer noopener nofollow\">https:\/\/www.arera.it\/consumatori\/fine-tutela-ele<\/a><\/span>\n\n<br><br><span>Verso la fine del mercato tutelato del gas \u2013 clienti domestici | ARERA<\/span>\n<br><span><a href=\"https:\/\/www.arera.it\/consumatori\/fine-tutela-gas-cosa-fare\" target=\"_blank\" rel=\"noreferrer noopener nofollow\">https:\/\/www.arera.it\/consumatori\/fine-tutela-gas-cosa-fare<\/a><\/span>\n\n<br><br><span>Decreto energia: novit\u00e0 per famiglie, rinnovabili ed eolico offshore | Il Sole 24 ORE<\/span>\n<br><span><a href=\"https:\/\/www.ilsole24ore.com\/art\/riforma-mercato-luce-e-gas-arrivo-decreto-all-interno-norme-rinnovabili-e-deposito-scorie-nucleari-AF5yfdq\" target=\"_blank\" rel=\"noreferrer noopener nofollow\">https:\/\/www.ilsole24ore.com\/art\/riforma-mercato-luce-e-gas-arrivo-decreto-all-interno-norme-rinnovabili-e-deposito-scorie-nucleari-AF5yfdq<\/a><\/span>[\/et_pb_toggle][\/et_pb_column][\/et_pb_row][\/et_pb_section]<\/div>\n\n\n\n<div style=\"height:50px\" aria-hidden=\"true\" class=\"wp-block-spacer\"><\/div>\n","protected":false},"excerpt":{"rendered":"<p>La fine del mercato tutelato \u00e8 prevista per gennaio 2024, ma il nuovo Decreto Energia di settembre 2023 potrebbe cambiare tutto.<\/p>\n","protected":false},"author":26,"featured_media":64384,"comment_status":"closed","ping_status":"closed","sticky":false,"template":"","format":"standard","meta":{"_et_pb_use_builder":"off","_et_pb_old_content":"","_et_gb_content_width":"","_lmt_disableupdate":"yes","_lmt_disable":"","footnotes":""},"categories":[307],"tags":[70,403],"class_list":["post-64381","post","type-post","status-publish","format-standard","has-post-thumbnail","hentry","category-mercato-energia","tag-mercato-tutelato","tag-news-luce-gas"],"yoast_head":"<!-- This site is optimized with the Yoast SEO plugin v27.5 - https:\/\/yoast.com\/product\/yoast-seo-wordpress\/ -->\n<title>Mercato Tutelato e Decreto Energia: Rinvio di 6 Mesi in Arrivo? - Switcho<\/title>\n<meta name=\"description\" content=\"La fine del mercato tutelato \u00e8 prevista per gennaio 2024, ma il nuovo Decreto Energia di settembre 2023 potrebbe cambiare tutto.\" \/>\n<meta name=\"robots\" content=\"index, follow, max-snippet:-1, max-image-preview:large, max-video-preview:-1\" \/>\n<link rel=\"canonical\" href=\"https:\/\/www.switcho.it\/blog\/luce-gas\/mercato-tutelato-decreto-energia\/\" \/>\n<meta property=\"og:locale\" content=\"it_IT\" \/>\n<meta property=\"og:type\" content=\"article\" \/>\n<meta property=\"og:title\" content=\"Mercato Tutelato e Decreto Energia: Rinvio di 6 Mesi in Arrivo? - Switcho\" \/>\n<meta property=\"og:description\" content=\"La fine del mercato tutelato \u00e8 prevista per gennaio 2024, ma il nuovo Decreto Energia di settembre 2023 potrebbe cambiare tutto.\" \/>\n<meta property=\"og:url\" content=\"https:\/\/www.switcho.it\/blog\/luce-gas\/mercato-tutelato-decreto-energia\/\" \/>\n<meta property=\"og:site_name\" content=\"Switcho\" \/>\n<meta property=\"article:published_time\" content=\"2023-09-19T10:03:55+00:00\" \/>\n<meta property=\"article:modified_time\" content=\"2023-12-21T09:41:43+00:00\" \/>\n<meta property=\"og:image\" content=\"https:\/\/www.switcho.it\/blog\/wp-content\/uploads\/2023\/09\/decreto-energia-2023-sul-mercato-tutelato.png\" \/>\n\t<meta property=\"og:image:width\" content=\"900\" \/>\n\t<meta property=\"og:image:height\" content=\"600\" \/>\n\t<meta property=\"og:image:type\" content=\"image\/png\" \/>\n<meta name=\"author\" content=\"Redi Vyshka\" \/>\n<meta name=\"twitter:card\" content=\"summary_large_image\" \/>\n<meta name=\"twitter:title\" content=\"Mercato Tutelato e Decreto Energia: Rinvio di 6 Mesi in Arrivo? - Switcho\" \/>\n<meta name=\"twitter:description\" content=\"La fine del mercato tutelato \u00e8 prevista per gennaio 2024, ma il nuovo Decreto Energia di settembre 2023 potrebbe cambiare tutto.\" \/>\n<meta name=\"twitter:image\" content=\"https:\/\/www.switcho.it\/blog\/wp-content\/uploads\/2023\/09\/decreto-energia-2023-sul-mercato-tutelato.png\" \/>\n<meta name=\"twitter:label1\" content=\"Scritto da\" \/>\n\t<meta name=\"twitter:data1\" content=\"Redi Vyshka\" \/>\n\t<meta name=\"twitter:label2\" content=\"Tempo di lettura stimato\" \/>\n\t<meta name=\"twitter:data2\" content=\"19 minuti\" \/>\n<script type=\"application\/ld+json\" class=\"yoast-schema-graph\">{\"@context\":\"https:\\\/\\\/schema.org\",\"@graph\":[{\"@type\":\"Article\",\"@id\":\"https:\\\/\\\/www.switcho.it\\\/blog\\\/luce-gas\\\/mercato-tutelato-decreto-energia\\\/#article\",\"isPartOf\":{\"@id\":\"https:\\\/\\\/www.switcho.it\\\/blog\\\/luce-gas\\\/mercato-tutelato-decreto-energia\\\/\"},\"author\":{\"name\":\"Redi Vyshka\",\"@id\":\"https:\\\/\\\/www.switcho.it\\\/blog\\\/#\\\/schema\\\/person\\\/0ded3a7e3f8a1379815652dba2c813b5\"},\"headline\":\"Quando finir\u00e0 il mercato tutelato? Il Governo valuta un nuovo rinvio\",\"datePublished\":\"2023-09-19T10:03:55+00:00\",\"dateModified\":\"2023-12-21T09:41:43+00:00\",\"mainEntityOfPage\":{\"@id\":\"https:\\\/\\\/www.switcho.it\\\/blog\\\/luce-gas\\\/mercato-tutelato-decreto-energia\\\/\"},\"wordCount\":1318,\"publisher\":{\"@id\":\"https:\\\/\\\/www.switcho.it\\\/blog\\\/#organization\"},\"image\":{\"@id\":\"https:\\\/\\\/www.switcho.it\\\/blog\\\/luce-gas\\\/mercato-tutelato-decreto-energia\\\/#primaryimage\"},\"thumbnailUrl\":\"https:\\\/\\\/www.switcho.it\\\/blog\\\/wp-content\\\/uploads\\\/2023\\\/09\\\/decreto-energia-2023-sul-mercato-tutelato.png\",\"keywords\":[\"mercato tutelato\",\"news luce e gas\"],\"articleSection\":[\"Mercato Energetico\"],\"inLanguage\":\"it-IT\"},{\"@type\":\"WebPage\",\"@id\":\"https:\\\/\\\/www.switcho.it\\\/blog\\\/luce-gas\\\/mercato-tutelato-decreto-energia\\\/\",\"url\":\"https:\\\/\\\/www.switcho.it\\\/blog\\\/luce-gas\\\/mercato-tutelato-decreto-energia\\\/\",\"name\":\"Mercato Tutelato e Decreto Energia: Rinvio di 6 Mesi in Arrivo? - Switcho\",\"isPartOf\":{\"@id\":\"https:\\\/\\\/www.switcho.it\\\/blog\\\/#website\"},\"primaryImageOfPage\":{\"@id\":\"https:\\\/\\\/www.switcho.it\\\/blog\\\/luce-gas\\\/mercato-tutelato-decreto-energia\\\/#primaryimage\"},\"image\":{\"@id\":\"https:\\\/\\\/www.switcho.it\\\/blog\\\/luce-gas\\\/mercato-tutelato-decreto-energia\\\/#primaryimage\"},\"thumbnailUrl\":\"https:\\\/\\\/www.switcho.it\\\/blog\\\/wp-content\\\/uploads\\\/2023\\\/09\\\/decreto-energia-2023-sul-mercato-tutelato.png\",\"datePublished\":\"2023-09-19T10:03:55+00:00\",\"dateModified\":\"2023-12-21T09:41:43+00:00\",\"description\":\"La fine del mercato tutelato \u00e8 prevista per gennaio 2024, ma il nuovo Decreto Energia di settembre 2023 potrebbe cambiare tutto.\",\"breadcrumb\":{\"@id\":\"https:\\\/\\\/www.switcho.it\\\/blog\\\/luce-gas\\\/mercato-tutelato-decreto-energia\\\/#breadcrumb\"},\"inLanguage\":\"it-IT\",\"potentialAction\":[{\"@type\":\"ReadAction\",\"target\":[\"https:\\\/\\\/www.switcho.it\\\/blog\\\/luce-gas\\\/mercato-tutelato-decreto-energia\\\/\"]}]},{\"@type\":\"ImageObject\",\"inLanguage\":\"it-IT\",\"@id\":\"https:\\\/\\\/www.switcho.it\\\/blog\\\/luce-gas\\\/mercato-tutelato-decreto-energia\\\/#primaryimage\",\"url\":\"https:\\\/\\\/www.switcho.it\\\/blog\\\/wp-content\\\/uploads\\\/2023\\\/09\\\/decreto-energia-2023-sul-mercato-tutelato.png\",\"contentUrl\":\"https:\\\/\\\/www.switcho.it\\\/blog\\\/wp-content\\\/uploads\\\/2023\\\/09\\\/decreto-energia-2023-sul-mercato-tutelato.png\",\"width\":900,\"height\":600,\"caption\":\"decreto energia 2023 sul mercato tutelato\"},{\"@type\":\"BreadcrumbList\",\"@id\":\"https:\\\/\\\/www.switcho.it\\\/blog\\\/luce-gas\\\/mercato-tutelato-decreto-energia\\\/#breadcrumb\",\"itemListElement\":[{\"@type\":\"ListItem\",\"position\":1,\"name\":\"Home\",\"item\":\"https:\\\/\\\/www.switcho.it\\\/blog\\\/\"},{\"@type\":\"ListItem\",\"position\":2,\"name\":\"Luce e Gas\",\"item\":\"https:\\\/\\\/www.switcho.it\\\/blog\\\/luce-gas\\\/\"},{\"@type\":\"ListItem\",\"position\":3,\"name\":\"Mercato Energetico\",\"item\":\"https:\\\/\\\/www.switcho.it\\\/blog\\\/luce-gas\\\/mercato-energia\\\/\"},{\"@type\":\"ListItem\",\"position\":4,\"name\":\"Quando finir\u00e0 il mercato tutelato? Il Governo valuta un nuovo rinvio\"}]},{\"@type\":\"WebSite\",\"@id\":\"https:\\\/\\\/www.switcho.it\\\/blog\\\/#website\",\"url\":\"https:\\\/\\\/www.switcho.it\\\/blog\\\/\",\"name\":\"Switcho\",\"description\":\"Il blog semplice, per davvero.\",\"publisher\":{\"@id\":\"https:\\\/\\\/www.switcho.it\\\/blog\\\/#organization\"},\"potentialAction\":[{\"@type\":\"SearchAction\",\"target\":{\"@type\":\"EntryPoint\",\"urlTemplate\":\"https:\\\/\\\/www.switcho.it\\\/blog\\\/?s={search_term_string}\"},\"query-input\":{\"@type\":\"PropertyValueSpecification\",\"valueRequired\":true,\"valueName\":\"search_term_string\"}}],\"inLanguage\":\"it-IT\"},{\"@type\":\"Organization\",\"@id\":\"https:\\\/\\\/www.switcho.it\\\/blog\\\/#organization\",\"name\":\"Switcho\",\"url\":\"https:\\\/\\\/www.switcho.it\\\/blog\\\/\",\"logo\":{\"@type\":\"ImageObject\",\"inLanguage\":\"it-IT\",\"@id\":\"https:\\\/\\\/www.switcho.it\\\/blog\\\/#\\\/schema\\\/logo\\\/image\\\/\",\"url\":\"https:\\\/\\\/www.switcho.it\\\/blog\\\/wp-content\\\/uploads\\\/2021\\\/03\\\/Switcho-Logotype-Green.png\",\"contentUrl\":\"https:\\\/\\\/www.switcho.it\\\/blog\\\/wp-content\\\/uploads\\\/2021\\\/03\\\/Switcho-Logotype-Green.png\",\"width\":1507,\"height\":597,\"caption\":\"Switcho\"},\"image\":{\"@id\":\"https:\\\/\\\/www.switcho.it\\\/blog\\\/#\\\/schema\\\/logo\\\/image\\\/\"}},{\"@type\":\"Person\",\"@id\":\"https:\\\/\\\/www.switcho.it\\\/blog\\\/#\\\/schema\\\/person\\\/0ded3a7e3f8a1379815652dba2c813b5\",\"name\":\"Redi Vyshka\",\"image\":{\"@type\":\"ImageObject\",\"inLanguage\":\"it-IT\",\"@id\":\"https:\\\/\\\/secure.gravatar.com\\\/avatar\\\/ec58c8b79072f95e408bc3acbd2af80bf47fb27de3effe029126423d57d13d49?s=96&d=mm&r=g\",\"url\":\"https:\\\/\\\/secure.gravatar.com\\\/avatar\\\/ec58c8b79072f95e408bc3acbd2af80bf47fb27de3effe029126423d57d13d49?s=96&d=mm&r=g\",\"contentUrl\":\"https:\\\/\\\/secure.gravatar.com\\\/avatar\\\/ec58c8b79072f95e408bc3acbd2af80bf47fb27de3effe029126423d57d13d49?s=96&d=mm&r=g\",\"caption\":\"Redi Vyshka\"},\"description\":\"COO e co-fondatore di Switcho, esperto nei campi della consulenza manageriale e della finanza aziendale, Redi ha contribuito nel 2019 alla progettazione e al lancio del primo servizio in Italia che, con pochi clic, consente di analizzare le proprie spese di casa e di trovare le opportunit\u00e0 personalizzate di risparmio, dimenticandosi la burocrazia. Dalla nascita di Switcho, Redi prende parte a numerosi eventi su startup e settore energetico, grazie alla sua competenza pluriennale nel mercato delle forniture di gas e luce e nelle soluzioni per ridurre i costi in bolletta. Leggi tutti i suoi articoli e seguilo su LinkedIn.\",\"sameAs\":[\"http:\\\/\\\/blog.switcho.net\"],\"url\":\"https:\\\/\\\/www.switcho.it\\\/blog\\\/author\\\/redi-vyshka\\\/\"}]}<\/script>\n<!-- \/ Yoast SEO plugin. -->","yoast_head_json":{"title":"Mercato Tutelato e Decreto Energia: Rinvio di 6 Mesi in Arrivo? - Switcho","description":"La fine del mercato tutelato \u00e8 prevista per gennaio 2024, ma il nuovo Decreto Energia di settembre 2023 potrebbe cambiare tutto.","robots":{"index":"index","follow":"follow","max-snippet":"max-snippet:-1","max-image-preview":"max-image-preview:large","max-video-preview":"max-video-preview:-1"},"canonical":"https:\/\/www.switcho.it\/blog\/luce-gas\/mercato-tutelato-decreto-energia\/","og_locale":"it_IT","og_type":"article","og_title":"Mercato Tutelato e Decreto Energia: Rinvio di 6 Mesi in Arrivo? - Switcho","og_description":"La fine del mercato tutelato \u00e8 prevista per gennaio 2024, ma il nuovo Decreto Energia di settembre 2023 potrebbe cambiare tutto.","og_url":"https:\/\/www.switcho.it\/blog\/luce-gas\/mercato-tutelato-decreto-energia\/","og_site_name":"Switcho","article_published_time":"2023-09-19T10:03:55+00:00","article_modified_time":"2023-12-21T09:41:43+00:00","og_image":[{"width":900,"height":600,"url":"https:\/\/www.switcho.it\/blog\/wp-content\/uploads\/2023\/09\/decreto-energia-2023-sul-mercato-tutelato.png","type":"image\/png"}],"author":"Redi Vyshka","twitter_card":"summary_large_image","twitter_title":"Mercato Tutelato e Decreto Energia: Rinvio di 6 Mesi in Arrivo? - Switcho","twitter_description":"La fine del mercato tutelato \u00e8 prevista per gennaio 2024, ma il nuovo Decreto Energia di settembre 2023 potrebbe cambiare tutto.","twitter_image":"https:\/\/www.switcho.it\/blog\/wp-content\/uploads\/2023\/09\/decreto-energia-2023-sul-mercato-tutelato.png","twitter_misc":{"Scritto da":"Redi Vyshka","Tempo di lettura stimato":"19 minuti"},"schema":{"@context":"https:\/\/schema.org","@graph":[{"@type":"Article","@id":"https:\/\/www.switcho.it\/blog\/luce-gas\/mercato-tutelato-decreto-energia\/#article","isPartOf":{"@id":"https:\/\/www.switcho.it\/blog\/luce-gas\/mercato-tutelato-decreto-energia\/"},"author":{"name":"Redi Vyshka","@id":"https:\/\/www.switcho.it\/blog\/#\/schema\/person\/0ded3a7e3f8a1379815652dba2c813b5"},"headline":"Quando finir\u00e0 il mercato tutelato? Il Governo valuta un nuovo rinvio","datePublished":"2023-09-19T10:03:55+00:00","dateModified":"2023-12-21T09:41:43+00:00","mainEntityOfPage":{"@id":"https:\/\/www.switcho.it\/blog\/luce-gas\/mercato-tutelato-decreto-energia\/"},"wordCount":1318,"publisher":{"@id":"https:\/\/www.switcho.it\/blog\/#organization"},"image":{"@id":"https:\/\/www.switcho.it\/blog\/luce-gas\/mercato-tutelato-decreto-energia\/#primaryimage"},"thumbnailUrl":"https:\/\/www.switcho.it\/blog\/wp-content\/uploads\/2023\/09\/decreto-energia-2023-sul-mercato-tutelato.png","keywords":["mercato tutelato","news luce e gas"],"articleSection":["Mercato Energetico"],"inLanguage":"it-IT"},{"@type":"WebPage","@id":"https:\/\/www.switcho.it\/blog\/luce-gas\/mercato-tutelato-decreto-energia\/","url":"https:\/\/www.switcho.it\/blog\/luce-gas\/mercato-tutelato-decreto-energia\/","name":"Mercato Tutelato e Decreto Energia: Rinvio di 6 Mesi in Arrivo? - Switcho","isPartOf":{"@id":"https:\/\/www.switcho.it\/blog\/#website"},"primaryImageOfPage":{"@id":"https:\/\/www.switcho.it\/blog\/luce-gas\/mercato-tutelato-decreto-energia\/#primaryimage"},"image":{"@id":"https:\/\/www.switcho.it\/blog\/luce-gas\/mercato-tutelato-decreto-energia\/#primaryimage"},"thumbnailUrl":"https:\/\/www.switcho.it\/blog\/wp-content\/uploads\/2023\/09\/decreto-energia-2023-sul-mercato-tutelato.png","datePublished":"2023-09-19T10:03:55+00:00","dateModified":"2023-12-21T09:41:43+00:00","description":"La fine del mercato tutelato \u00e8 prevista per gennaio 2024, ma il nuovo Decreto Energia di settembre 2023 potrebbe cambiare tutto.","breadcrumb":{"@id":"https:\/\/www.switcho.it\/blog\/luce-gas\/mercato-tutelato-decreto-energia\/#breadcrumb"},"inLanguage":"it-IT","potentialAction":[{"@type":"ReadAction","target":["https:\/\/www.switcho.it\/blog\/luce-gas\/mercato-tutelato-decreto-energia\/"]}]},{"@type":"ImageObject","inLanguage":"it-IT","@id":"https:\/\/www.switcho.it\/blog\/luce-gas\/mercato-tutelato-decreto-energia\/#primaryimage","url":"https:\/\/www.switcho.it\/blog\/wp-content\/uploads\/2023\/09\/decreto-energia-2023-sul-mercato-tutelato.png","contentUrl":"https:\/\/www.switcho.it\/blog\/wp-content\/uploads\/2023\/09\/decreto-energia-2023-sul-mercato-tutelato.png","width":900,"height":600,"caption":"decreto energia 2023 sul mercato tutelato"},{"@type":"BreadcrumbList","@id":"https:\/\/www.switcho.it\/blog\/luce-gas\/mercato-tutelato-decreto-energia\/#breadcrumb","itemListElement":[{"@type":"ListItem","position":1,"name":"Home","item":"https:\/\/www.switcho.it\/blog\/"},{"@type":"ListItem","position":2,"name":"Luce e Gas","item":"https:\/\/www.switcho.it\/blog\/luce-gas\/"},{"@type":"ListItem","position":3,"name":"Mercato Energetico","item":"https:\/\/www.switcho.it\/blog\/luce-gas\/mercato-energia\/"},{"@type":"ListItem","position":4,"name":"Quando finir\u00e0 il mercato tutelato? Il Governo valuta un nuovo rinvio"}]},{"@type":"WebSite","@id":"https:\/\/www.switcho.it\/blog\/#website","url":"https:\/\/www.switcho.it\/blog\/","name":"Switcho","description":"Il blog semplice, per davvero.","publisher":{"@id":"https:\/\/www.switcho.it\/blog\/#organization"},"potentialAction":[{"@type":"SearchAction","target":{"@type":"EntryPoint","urlTemplate":"https:\/\/www.switcho.it\/blog\/?s={search_term_string}"},"query-input":{"@type":"PropertyValueSpecification","valueRequired":true,"valueName":"search_term_string"}}],"inLanguage":"it-IT"},{"@type":"Organization","@id":"https:\/\/www.switcho.it\/blog\/#organization","name":"Switcho","url":"https:\/\/www.switcho.it\/blog\/","logo":{"@type":"ImageObject","inLanguage":"it-IT","@id":"https:\/\/www.switcho.it\/blog\/#\/schema\/logo\/image\/","url":"https:\/\/www.switcho.it\/blog\/wp-content\/uploads\/2021\/03\/Switcho-Logotype-Green.png","contentUrl":"https:\/\/www.switcho.it\/blog\/wp-content\/uploads\/2021\/03\/Switcho-Logotype-Green.png","width":1507,"height":597,"caption":"Switcho"},"image":{"@id":"https:\/\/www.switcho.it\/blog\/#\/schema\/logo\/image\/"}},{"@type":"Person","@id":"https:\/\/www.switcho.it\/blog\/#\/schema\/person\/0ded3a7e3f8a1379815652dba2c813b5","name":"Redi Vyshka","image":{"@type":"ImageObject","inLanguage":"it-IT","@id":"https:\/\/secure.gravatar.com\/avatar\/ec58c8b79072f95e408bc3acbd2af80bf47fb27de3effe029126423d57d13d49?s=96&d=mm&r=g","url":"https:\/\/secure.gravatar.com\/avatar\/ec58c8b79072f95e408bc3acbd2af80bf47fb27de3effe029126423d57d13d49?s=96&d=mm&r=g","contentUrl":"https:\/\/secure.gravatar.com\/avatar\/ec58c8b79072f95e408bc3acbd2af80bf47fb27de3effe029126423d57d13d49?s=96&d=mm&r=g","caption":"Redi Vyshka"},"description":"COO e co-fondatore di Switcho, esperto nei campi della consulenza manageriale e della finanza aziendale, Redi ha contribuito nel 2019 alla progettazione e al lancio del primo servizio in Italia che, con pochi clic, consente di analizzare le proprie spese di casa e di trovare le opportunit\u00e0 personalizzate di risparmio, dimenticandosi la burocrazia. Dalla nascita di Switcho, Redi prende parte a numerosi eventi su startup e settore energetico, grazie alla sua competenza pluriennale nel mercato delle forniture di gas e luce e nelle soluzioni per ridurre i costi in bolletta. Leggi tutti i suoi articoli e seguilo su LinkedIn.","sameAs":["http:\/\/blog.switcho.net"],"url":"https:\/\/www.switcho.it\/blog\/author\/redi-vyshka\/"}]}},"modified_by":"Gabriele Toninelli","_links":{"self":[{"href":"https:\/\/www.switcho.it\/blog\/wp-json\/wp\/v2\/posts\/64381","targetHints":{"allow":["GET"]}}],"collection":[{"href":"https:\/\/www.switcho.it\/blog\/wp-json\/wp\/v2\/posts"}],"about":[{"href":"https:\/\/www.switcho.it\/blog\/wp-json\/wp\/v2\/types\/post"}],"author":[{"embeddable":true,"href":"https:\/\/www.switcho.it\/blog\/wp-json\/wp\/v2\/users\/26"}],"replies":[{"embeddable":true,"href":"https:\/\/www.switcho.it\/blog\/wp-json\/wp\/v2\/comments?post=64381"}],"version-history":[{"count":5,"href":"https:\/\/www.switcho.it\/blog\/wp-json\/wp\/v2\/posts\/64381\/revisions"}],"predecessor-version":[{"id":116091,"href":"https:\/\/www.switcho.it\/blog\/wp-json\/wp\/v2\/posts\/64381\/revisions\/116091"}],"wp:featuredmedia":[{"embeddable":true,"href":"https:\/\/www.switcho.it\/blog\/wp-json\/wp\/v2\/media\/64384"}],"wp:attachment":[{"href":"https:\/\/www.switcho.it\/blog\/wp-json\/wp\/v2\/media?parent=64381"}],"wp:term":[{"taxonomy":"category","embeddable":true,"href":"https:\/\/www.switcho.it\/blog\/wp-json\/wp\/v2\/categories?post=64381"},{"taxonomy":"post_tag","embeddable":true,"href":"https:\/\/www.switcho.it\/blog\/wp-json\/wp\/v2\/tags?post=64381"}],"curies":[{"name":"wp","href":"https:\/\/api.w.org\/{rel}","templated":true}]}}