{"id":61960,"date":"2023-08-11T14:18:27","date_gmt":"2023-08-11T14:18:27","guid":{"rendered":"https:\/\/www.switcho.it\/blog\/?p=61960"},"modified":"2024-08-27T12:58:42","modified_gmt":"2024-08-27T12:58:42","slug":"prezzo-gas-mercato-libero","status":"publish","type":"post","link":"https:\/\/www.switcho.it\/blog\/luce-gas\/prezzo-gas-mercato-libero\/","title":{"rendered":"Qual \u00e8 il prezzo Smc del gas nel mercato libero?"},"content":{"rendered":"\n<p>Il prezzo del gas a Smc nel mercato libero <strong>dipende dal fornitore e dall\u2019offerta scelta<\/strong>: facciamo chiarezza su questi aspetti e vediamo insieme alcune delle migliori tariffe gas attualmente disponibili \ud83d\ude42<\/p>\n\n\n\n<p>In breve:<\/p>\n\n\n\n<ul class=\"wp-block-list emoji_bullets emoji_check_mark\">\n<li><strong>Il costo del gas per Smc<\/strong> di oggi dipende dal <a href=\"https:\/\/www.switcho.it\/blog\/luce-gas\/psv-gas\/\" target=\"_blank\" rel=\"noreferrer noopener\">PSV<\/a> e dalla tua offerta (se a prezzo fisso o variabile).<\/li>\n\n\n\n<li>Nel <strong>servizio di tutela della vulnerabilit\u00e0<\/strong>, ex servizio di tutela del gas, \u00e8 ARERA a definire il prezzo.<\/li>\n\n\n\n<li>\ud83d\udca1 Se vuoi risparmiare sul gas <a href=\"https:\/\/www.switcho.it\/servizi\/intro\/luce-gas\"><strong>puoi provare Switcho<\/strong><\/a>: troviamo le <a href=\"https:\/\/www.switcho.it\/risorse\/gas\/\" target=\"_blank\" rel=\"noreferrer noopener\">migliori offerte gas<\/a> per le tue esigenze e gestiamo tutta la burocrazia del cambio, gratuitamente!<\/li>\n<\/ul>\n\n\n\n<div style=\"height:20px\" aria-hidden=\"true\" class=\"wp-block-spacer\"><\/div>\n\n\n\n<div class=\"wp-block-divi-layout\">[et_pb_section fb_built=&#8221;1&#8243; disabled_on=&#8221;on|on|off&#8221; admin_label=&#8221;section&#8221; _builder_version=&#8221;4.18.0&#8243; custom_padding=&#8221;0px||0px||false|false&#8221; global_colors_info=&#8221;{}&#8221;][et_pb_row admin_label=&#8221;row&#8221; _builder_version=&#8221;4.19.1&#8243; background_size=&#8221;initial&#8221; background_position=&#8221;top_left&#8221; background_repeat=&#8221;repeat&#8221; width=&#8221;100%&#8221; max_height=&#8221;1000px&#8221; global_colors_info=&#8221;{}&#8221;][et_pb_column type=&#8221;4_4&#8243; _builder_version=&#8221;4.18.0&#8243; _module_preset=&#8221;default&#8221; global_colors_info=&#8221;{}&#8221;][et_pb_image src=&#8221;https:\/\/www.switcho.it\/blog\/wp-content\/uploads\/2024\/03\/banner-luce-gas-top-desktop-new.png&#8221; alt=&#8221;Risparmia sulle bollette con Switcho&#8221; title_text=&#8221;risparmia sulle bollette con switcho&#8221; url=&#8221;http:\/\/www.switcho.it\/servizi\/intro\/luce-gas?ref=cta-energy-top&#8221; align=&#8221;center&#8221; force_fullwidth=&#8221;on&#8221; src_tablet=&#8221;https:\/\/www.switcho.it\/blog\/wp-content\/uploads\/2022\/11\/banner-energy-top-mobile.png&#8221; src_phone=&#8221;https:\/\/www.switcho.it\/blog\/wp-content\/uploads\/2022\/11\/banner-energy-top-mobile.png&#8221; src_last_edited=&#8221;on|phone&#8221; _builder_version=&#8221;4.24.2&#8243; _module_preset=&#8221;default&#8221; hover_enabled=&#8221;0&#8243; global_colors_info=&#8221;{}&#8221; sticky_enabled=&#8221;0&#8243;][\/et_pb_image][\/et_pb_column][\/et_pb_row][\/et_pb_section]<\/div>\n\n\n\n<div style=\"height:20px\" aria-hidden=\"true\" class=\"wp-block-spacer\"><\/div>\n\n\n\n<p>Indice<\/p>\n\n\n\n<ul class=\"wp-block-list\">\n<li><a href=\"#prezzo-gas-oggi\">Prezzo del gas oggi nel mercato libero e tutelato<\/a><\/li>\n\n\n\n<li><a href=\"#tariffe-gas-libero\">Tariffe gas mercato libero: a cosa serve l\u2019indice PSV?<\/a><\/li>\n\n\n\n<li><a href=\"#gas-mercato-libero\">Migliori offerte gas del mercato libero: la nostra selezione<\/a><\/li>\n\n\n\n<li><a href=\"#prezzo-gas-smc\">Prezzo gas per Smc oggi: cosa significa?<\/a><\/li>\n\n\n\n<li><a href=\"#voci-spesa-gas\">Voci di spesa nella bolletta del gas<\/a><\/li>\n\n\n\n<li><a href=\"#zone-tariffarie\">Prezzo del gas nelle regioni d\u2019Italia: le zone tariffarie<\/a><\/li>\n\n\n\n<li><a href=\"#andamento-prezzo\">Andamento prezzo gas per Smc nel mercato libero<\/a><\/li>\n<\/ul>\n\n\n\n<div style=\"height:50px\" aria-hidden=\"true\" class=\"wp-block-spacer\"><\/div>\n\n\n\n<h2 class=\"wp-block-heading\" id=\"prezzo-gas-oggi\">Prezzo del gas oggi nel mercato libero e tutelato<\/h2>\n\n\n\n<div style=\"height:20px\" aria-hidden=\"true\" class=\"wp-block-spacer\"><\/div>\n\n\n\n<p>Il prezzo del gas di oggi \u00e8 semplice da scoprire se sei <strong>nel servizio di tutela della vulnerabilit\u00e0<\/strong>, dove l\u2019Autorit\u00e0 di Regolazione per Energia Reti e Ambiente (ARERA) comunica il costo della materia prima gas naturale mensilmente. In seguito alla <strong><a href=\"https:\/\/www.switcho.it\/blog\/luce-gas\/fine-mercato-tutelato-gas\/\" target=\"_blank\" rel=\"noreferrer noopener\">fine del mercato tutelato del gas<\/a><\/strong>, a questo servizio hanno ora accesso solo i <a href=\"https:\/\/www.switcho.it\/blog\/luce-gas\/clienti-vulnerabili\/\" target=\"_blank\" rel=\"noreferrer noopener\">clienti vulnerabili<\/a>. <\/p>\n\n\n\n<p>Stando all\u2019ultimo aggiornamento delle <a href=\"https:\/\/www.switcho.it\/blog\/luce-gas\/tariffe-arera\/\" target=\"_blank\" rel=\"noreferrer noopener\">tariffe ARERA<\/a>,<strong> questo \u00e8 il prezzo del gas comprensivo di tasse<\/strong> \ud83d\udc47<\/p>\n\n\n\n<div style=\"height:20px\" aria-hidden=\"true\" class=\"wp-block-spacer\"><\/div>\n\n\n\n<style=\"color:#2d3748;\"><div style=\"border: 1px solid #EDF2F7; border-radius:20px; box-shadow:5px 10px 18px #dddddd; padding:20px;\">\n<p align=\"center\"><b>\n\ud83d\udd25 Costo gas ARERA per servizio di tutela della vulnerabilit\u00e0\n<\/b>\n<br>\n<\/p><div style=\"padding:15px 5px; font-size:0.85em; line-height:1.8em; text-align:center;\">\nLa tariffa per il gas di aprile 2026, valida per le bollette di marzo 2026, \u00e8 <strong>1,3097 \u20ac\/Smc<\/strong> tasse incluse. \n\n<br>\n<br>\n\n<i>Aggiornamento aprile 2026<\/i>\n\n<\/div>\n\n<p><\/p><\/div><\/style=\"color:#2d3748;\">\n\n\n\n<div style=\"height:50px\" aria-hidden=\"true\" class=\"wp-block-spacer\"><\/div>\n\n\n\n<p>A partire da ottobre 2022 ARERA aggiorna questo dato ogni inizio mese attraverso un modello di calcolo pensato per poter reagire proattivamente ai cambiamenti del mercato energetico.&nbsp;<\/p>\n\n\n\n<div style=\"height:20px\" aria-hidden=\"true\" class=\"wp-block-spacer\"><\/div>\n\n\n\n<p class=\"has-text-align-center\"><strong>AGGIORNAMENTO PREZZO GAS ARERA<\/strong><\/p>\n\n\n\n<figure class=\"wp-block-table is-style-stripes\"><table class=\"has-fixed-layout\"><thead><tr><th><\/th><th><\/th><\/tr><\/thead><tbody><tr><td><strong>QUANDO VIENE AGGIORNATO?<\/strong><\/td><td>Ogni mese, a inizio mese<\/td><\/tr><tr><td><strong>A CHE PERIODO SI RIFERISCE?<\/strong><\/td><td>Al mese precedente (calcolo ex-post). Ad esempio, l\u2019aggiornamento di aprile fa riferimento alle bollette di marzo<\/td><\/tr><tr><td><strong>SU COSA SI BASA?<\/strong><\/td><td>Sull\u2019indice PSV, ovvero il prezzo del gas naturale sul mercato all\u2019ingrosso italiano<\/td><\/tr><tr><td><strong>A CHI \u00c8 RISERVATO?<\/strong><\/td><td>\u26a0\ufe0f <strong>Solo ai clienti vulnerabili <\/strong>che hanno scelto di rimanere o di tornare nel servizio di tutela della vulnerabilit\u00e0<\/td><\/tr><\/tbody><\/table><\/figure>\n\n\n\n<div style=\"height:20px\" aria-hidden=\"true\" class=\"wp-block-spacer\"><\/div>\n\n\n\n<p>Il prezzo del gas nel mercato tutelato <strong>\u00e8 basato sul PSV,<\/strong> a cui viene sommato uno <strong><em>spread <\/em><\/strong>(ovvero una somma aggiuntiva per ciascun Smc consumato) che rappresenta il guadagno dei fornitori.<\/p>\n\n\n\n<p>Per i clienti del <a href=\"https:\/\/www.switcho.it\/blog\/luce-gas\/mercato-libero-energia\/\" target=\"_blank\" rel=\"noreferrer noopener\"><strong>mercato libero<\/strong><\/a>, invece, la situazione \u00e8 meno univoca; il prezzo del gas dipende, infatti, dalle <strong>tariffe applicate dal fornitore e dal tipo di offerta sottoscritta <\/strong>(a breve approfondiremo il discorso). Anche il prezzo del gas nel mercato libero \u00e8 fortemente influenzato dall\u2019indice PSV, il cui valore attuale \u00e8 questo \ud83d\udc47<\/p>\n\n\n\n<div style=\"height:20px\" aria-hidden=\"true\" class=\"wp-block-spacer\"><\/div>\n\n\n\n<style=\"color:#2d3748;\"><div style=\"border: 1px solid #EDF2F7; border-radius:20px; box-shadow:5px 10px 18px #dddddd; padding:20px;\">\n<p align=\"center\"><b>\n\ud83d\udd25 PSV (Punto di Scambio Virtuale)\n<\/b>\n<br>\n<\/p><div style=\"padding:15px 5px; font-size:0.85em; line-height:1.8em; text-align:center;\">\nIl PSV indica il prezzo all\u2019ingrosso del gas pagato dai fornitori, che corrisponde a <strong>0,558 \u20ac\/Smc<\/strong>.\n\n<br>\n<br>\n\n<i>Aggiornamento aprile 2026 <\/i>\n\n<\/div>\n\n<p><\/p><\/div><\/style=\"color:#2d3748;\">\n\n\n\n<div style=\"height:40px\" aria-hidden=\"true\" class=\"wp-block-spacer\"><\/div>\n\n\n\n<p class=\"has-background\" style=\"background-color:#f7f8fa\">\ud83d\udca1<strong>LO SAPEVI?<\/strong> L\u2019Smc, acronimo di <strong>\u201cStandard metro cubo\u201d, \u00e8 l\u2019unit\u00e0 di misura del gas<\/strong> naturale che esprime la quantit\u00e0 di gas contenuta in un metro cubo a 15\u00b0C di temperatura e a 1013,25 millibar di pressione.<\/p>\n\n\n\n<div style=\"height:50px\" aria-hidden=\"true\" class=\"wp-block-spacer\"><\/div>\n\n\n\n<h2 class=\"wp-block-heading\" id=\"tariffe-gas-libero\">Tariffe gas mercato libero: a cosa serve l\u2019indice PSV?<\/h2>\n\n\n\n<div style=\"height:20px\" aria-hidden=\"true\" class=\"wp-block-spacer\"><\/div>\n\n\n\n<p>Facciamo chiarezza, quindi, sulle offerte del mercato libero del gas. Come abbiamo detto, esse sono influenzate dal valore del PSV.<\/p>\n\n\n\n<div style=\"height:20px\" aria-hidden=\"true\" class=\"wp-block-spacer\"><\/div>\n\n\n\n<blockquote class=\"wp-block-quote is-layout-flow wp-block-quote-is-layout-flow\">\n<p><em>Il PSV \u00e8 un indice che identifica <\/em><strong><em>il costo del gas sul mercato all\u2019ingrosso<\/em><\/strong><em> in Italia. \u00c8 acronimo di Punto di Scambio Virtuale, che \u00e8 il principale hub dedicato alla compravendita di gas in borsa gestito da Snam.&nbsp;<\/em><\/p>\n<\/blockquote>\n\n\n\n<div style=\"height:20px\" aria-hidden=\"true\" class=\"wp-block-spacer\"><\/div>\n\n\n\n<p>In parole povere, il PSV esprime il prezzo del gas pagato dai fornitori che poi lo rivendono ai clienti finali. Se il PSV aumenta, anche le tariffe gas disponibili sul mercato saranno pi\u00f9 costose, e viceversa.&nbsp;<\/p>\n\n\n\n<p>Ci\u00f2 detto, occorre capire<strong> in che modo il PSV incide sulle nostre bollette<\/strong>. Questo dipende dall\u2019offerta sottoscritta, se a prezzo indicizzato o fisso \ud83d\udc47<\/p>\n\n\n\n<div style=\"height:20px\" aria-hidden=\"true\" class=\"wp-block-spacer\"><\/div>\n\n\n\n<figure class=\"wp-block-table is-style-stripes\"><table class=\"has-fixed-layout\"><thead><tr><th><strong>PREZZO VARIABILE O INDICIZZATO<\/strong><\/th><th><strong>PREZZO FISSO O BLOCCATO<\/strong><\/th><\/tr><\/thead><tbody><tr><td>Il costo <strong>varia mensilmente<\/strong> in base all\u2019andamento del mercato all\u2019ingrosso (la maggior parte delle offerte si basa sull\u2019indice PSV).<\/td><td>Il costo della materia prima gas <strong>viene bloccato<\/strong> generalmente per 12 o 24 mesi.<\/td><\/tr><tr><td>La spesa totale per la materia gas \u00e8 data dal <strong>PSV + uno <\/strong><strong><em>spread<\/em><\/strong><em> <\/em>che rappresenta il guadagno del fornitore. Spesso \u00e8 previsto anche un costo fisso annuale da corrispondere mensilmente.<\/td><td>Il costo del gas per Smc \u00e8 <strong>chiaramente indicato nel contratto<\/strong> e non segue l\u2019andamento del mercato energetico. Spesso \u00e8 previsto anche un costo fisso annuale da corrispondere mensilmente.<\/td><\/tr><\/tbody><\/table><\/figure>\n\n\n\n<div style=\"height:20px\" aria-hidden=\"true\" class=\"wp-block-spacer\"><\/div>\n\n\n\n<p class=\"has-background\" style=\"background-color:#f7f8fa\">\ud83d\udca1&nbsp; Ricorda che, in entrambi i casi, al costo per la materia prima gas<strong> si sommano gli oneri e le imposte stabiliti dall\u2019Autorit\u00e0 <\/strong>e uguali per tutti, indipendentemente dal mercato di appartenenza e dall\u2019offerta scelta.<\/p>\n\n\n\n<div style=\"height:40px\" aria-hidden=\"true\" class=\"wp-block-spacer\"><\/div>\n\n\n\n<p>Ci sono quindi due opzioni:<\/p>\n\n\n\n<ul class=\"wp-block-list emoji_bullets emoji_hand_right\">\n<li><strong>Se hai una tariffa a prezzo variabile<\/strong>, per conoscere il prezzo del gas per Smc che stai pagando devi tenere in considerazione il PSV attuale e conoscere lo spread previsto dal tuo contratto.&nbsp;<\/li>\n\n\n\n<li><strong>Se hai una tariffa a prezzo fisso<\/strong>, il prezzo del gas per Smc \u00e8 quello indicato dal contratto.<\/li>\n<\/ul>\n\n\n\n<p>Se hai un\u2019offerta a prezzo variabile \u2013 sicuramente le pi\u00f9 comuni negli ultimi anni a causa dei rincari di luce e gas \u2013 potrebbe interessarti questo grafico che mostra <strong>l\u2019andamento del PSV<\/strong> e, di conseguenza, delle bollette (al netto dei consumi):<\/p>\n\n\n\n<div style=\"height:20px\" aria-hidden=\"true\" class=\"wp-block-spacer\"><\/div>\n\n\n\n<div style=\"height:20px\" aria-hidden=\"true\" class=\"wp-block-spacer\"><\/div>\n\n\n\n<div class=\"flourish-embed flourish-chart\" data-src=\"visualisation\/12971652\"><script src=\"https:\/\/public.flourish.studio\/resources\/embed.js\"><\/script><\/div>\n\n\n\n<div style=\"height:20px\" aria-hidden=\"true\" class=\"wp-block-spacer\"><\/div>\n\n\n\n<div style=\"height:50px\" aria-hidden=\"true\" class=\"wp-block-spacer\"><\/div>\n\n\n\n<h2 class=\"wp-block-heading\" id=\"gas-mercato-libero\">Migliori offerte gas del mercato libero: la nostra selezione<\/h2>\n\n\n\n<div style=\"height:20px\" aria-hidden=\"true\" class=\"wp-block-spacer\"><\/div>\n\n\n\n<p>Conoscere il prezzo del gas per Smc permette di <strong>confrontare la propria offerta con le altre presenti sul mercato<\/strong>: come regola generale, \u00e8 probabile che la tariffa con il prezzo a Smc minore permetta di risparmiare in bolletta. Vanno poi considerati anche i tuoi consumi annui e le abitudini di consumo di gas.&nbsp;<\/p>\n\n\n\n<p>Queste sono alcune delle <strong>offerte gas del mercato libero<\/strong> pi\u00f9 vantaggiose del momento \ud83d\udc47 nella tabella trovi indicato il tipo di offerta (se a prezzo fisso o variabile) e il prezzo del gas a Smc.<\/p>\n\n\n\n<div style=\"height:20px\" aria-hidden=\"true\" class=\"wp-block-spacer\"><\/div>\n\n\n\n<div id=\"tablepress-1-scroll-wrapper\" class=\"tablepress-scroll-wrapper\">\n<table id=\"tablepress-1\" class=\"tablepress tablepress-id-1 tablepress-responsive\">\n<thead>\n<tr class=\"row-1\">\n\t<th class=\"column-1\">Fornitore<\/th><th class=\"column-2\">Offerta<\/th><th class=\"column-3\">Prezzo luce<\/th><th class=\"column-4\">Prezzo gas<\/th><th class=\"column-5\">Quota fissa<\/th><th class=\"column-6\">Costo*<\/th>\n<\/tr>\n<\/thead>\n<tbody class=\"row-striping row-hover\">\n<tr class=\"row-2\">\n\t<td class=\"column-1\"><img style='width:100px;' src='https:\/\/www.switcho.it\/blog\/wp-content\/uploads\/2026\/04\/Dolomiti-energia-1.png' alt='Dolomiti Energia' \/><\/td><td class=\"column-2\">Dolomiti Mitica Dual 36 Web<\/td><td class=\"column-3\">0,122 \u20ac\/kWh<\/td><td class=\"column-4\">0,489 \u20ac\/Smc<\/td><td class=\"column-5\">12 \u20ac\/mese<\/td><td class=\"column-6\">59,9 \u20ac\/mese<\/td>\n<\/tr>\n<tr class=\"row-3\">\n\t<td class=\"column-1\"><img style='width:100px;' src='https:\/\/www.switcho.it\/blog\/wp-content\/uploads\/2026\/03\/magis-energia-300-150.png' alt='Magis Energia' \/><\/td><td class=\"column-2\">Magis Luce e Gas Fix<\/td><td class=\"column-3\">0,095 \u20ac\/kWh<\/td><td class=\"column-4\">0,497 \u20ac\/Smc<\/td><td class=\"column-5\">16 \u20ac\/mese<\/td><td class=\"column-6\">60,4 \u20ac\/mese<\/td>\n<\/tr>\n<tr class=\"row-4\">\n\t<td class=\"column-1\"><img style='width:100px;' src='https:\/\/www.switcho.it\/blog\/wp-content\/uploads\/2021\/09\/sorgenia.png' alt='Sorgenia' \/><\/td><td class=\"column-2\">Sorgenia Next Energy Smart Luce e Gas<\/td><td class=\"column-3\">0,13 \u20ac\/kWh<\/td><td class=\"column-4\">0,59 \u20ac\/Smc<\/td><td class=\"column-5\">19 \u20ac\/mese<\/td><td class=\"column-6\">60,9 \u20ac\/mese<\/td>\n<\/tr>\n<\/tbody>\n<\/table>\n<\/div>\n<!-- #tablepress-1 from cache -->\n\n\n<div style=\"height:20px\" aria-hidden=\"true\" class=\"wp-block-spacer\"><\/div>\n\n\n\n<div class=\"wp-block-buttons is-content-justification-center is-layout-flex wp-container-core-buttons-is-layout-16018d1d wp-block-buttons-is-layout-flex\">\n<div class=\"wp-block-button is-style-outline is-style-outline--1\"><a class=\"wp-block-button__link has-background has-text-align-center wp-element-button\" href=\"https:\/\/www.switcho.it\/servizi\/intro\/luce-gas\" style=\"background-color:#ebf5ff\">Trova le offerte per te<\/a><\/div>\n<\/div>\n\n\n\n<div style=\"height:50px\" aria-hidden=\"true\" class=\"wp-block-spacer\"><\/div>\n\n\n\n<p>Le <a href=\"https:\/\/www.switcho.it\/blog\/luce-gas\/guide-luce-gas\/\" target=\"_blank\" rel=\"noreferrer noopener\">offerte del mercato libero<\/a> garantiscono dei vantaggi importanti:<\/p>\n\n\n\n<ul class=\"wp-block-list emoji_bullets emoji_check_mark\">\n<li>Possibilit\u00e0 di scegliere tra <a href=\"https:\/\/www.switcho.it\/blog\/luce-gas\/prezzo-indicizzato-o-fisso\/\" target=\"_blank\" rel=\"noreferrer noopener\"><strong>prezzo fisso o indicizzato<\/strong><\/a>, mentre nel servizio di tutela della vulnerabilit\u00e0 la tariffa \u00e8 sempre indicizzata;<\/li>\n\n\n\n<li>Possibilit\u00e0 di <strong>offerte dual fuel<\/strong>, cio\u00e8 luce + gas, con sconti su entrambe le forniture;<\/li>\n\n\n\n<li><strong>Sconti e promozioni <\/strong>dedicati ai nuovi clienti che permettono di risparmiare in bolletta;<\/li>\n\n\n\n<li>Soprattutto, la possibilit\u00e0 di trovare un\u2019offerta davvero in linea con le proprie esigenze di consumo.<\/li>\n<\/ul>\n\n\n\n<div style=\"height:20px\" aria-hidden=\"true\" class=\"wp-block-spacer\"><\/div>\n\n\n\n<blockquote class=\"wp-block-quote is-layout-flow wp-block-quote-is-layout-flow\">\n<p><em><strong>P<\/strong><\/em><em style=\"\"><strong>ossia<b>mo <\/b><\/strong><b>aiutarti <\/b><\/em><a href=\"https:\/\/www.switcho.it\/servizi\/intro\/luce-gas\"><strong><em>noi di Switcho<\/em><\/strong><\/a><em> a trovare la migliore offerta per te: ti basta inviarci una bolletta, noi la analizzeremo e ti diremo se puoi risparmiare. Il nostro servizio \u00e8 gratuito e 100% digitale!<\/em><\/p>\n<\/blockquote>\n\n\n\n<div style=\"height:20px\" aria-hidden=\"true\" class=\"wp-block-spacer\"><\/div>\n\n\n\n<div class=\"wp-block-divi-layout\">[et_pb_section fb_built=&#8221;1&#8243; disabled_on=&#8221;on|on|off&#8221; admin_label=&#8221;section&#8221; _builder_version=&#8221;4.19.5&#8243; custom_padding=&#8221;0px||0px||false|false&#8221; global_colors_info=&#8221;{}&#8221;][et_pb_row admin_label=&#8221;row&#8221; _builder_version=&#8221;4.19.1&#8243; background_size=&#8221;initial&#8221; background_position=&#8221;top_left&#8221; background_repeat=&#8221;repeat&#8221; width=&#8221;100%&#8221; max_height=&#8221;1000px&#8221; global_colors_info=&#8221;{}&#8221;][et_pb_column type=&#8221;4_4&#8243; _builder_version=&#8221;4.18.0&#8243; _module_preset=&#8221;default&#8221; global_colors_info=&#8221;{}&#8221;][et_pb_image src=&#8221;https:\/\/www.switcho.it\/blog\/wp-content\/uploads\/2025\/09\/risparmia-senza-stress-con-switcho.png&#8221; alt=&#8221;risparmia senza stress con switcho&#8221; title_text=&#8221;risparmia senza stress con switcho&#8221; url=&#8221;https:\/\/www.switcho.it\/servizi?ref=cta-generic-medium&#8221; align=&#8221;center&#8221; force_fullwidth=&#8221;on&#8221; src_tablet=&#8221;https:\/\/www.switcho.it\/blog\/wp-content\/uploads\/2022\/11\/banner-app.png&#8221; src_phone=&#8221;https:\/\/www.switcho.it\/blog\/wp-content\/uploads\/2022\/11\/banner-app.png&#8221; src_last_edited=&#8221;on|phone&#8221; _builder_version=&#8221;4.27.4&#8243; _module_preset=&#8221;default&#8221; hover_enabled=&#8221;0&#8243; global_colors_info=&#8221;{}&#8221; sticky_enabled=&#8221;0&#8243;][\/et_pb_image][\/et_pb_column][\/et_pb_row][\/et_pb_section]<\/div>\n\n\n\n<div class=\"wp-block-divi-layout\">[et_pb_section fb_built=&#8221;1&#8243; disabled_on=&#8221;off|off|on&#8221; admin_label=&#8221;section&#8221; _builder_version=&#8221;4.19.2&#8243; custom_padding=&#8221;0px||0px||false|false&#8221; hover_enabled=&#8221;0&#8243; global_colors_info=&#8221;{}&#8221; sticky_enabled=&#8221;0&#8243;][et_pb_row admin_label=&#8221;row&#8221; _builder_version=&#8221;4.19.1&#8243; background_size=&#8221;initial&#8221; background_position=&#8221;top_left&#8221; background_repeat=&#8221;repeat&#8221; width=&#8221;100%&#8221; max_height=&#8221;1000px&#8221; global_colors_info=&#8221;{}&#8221;][et_pb_column type=&#8221;4_4&#8243; _builder_version=&#8221;4.18.0&#8243; _module_preset=&#8221;default&#8221; global_colors_info=&#8221;{}&#8221;][et_pb_image src=&#8221;https:\/\/www.switcho.it\/blog\/wp-content\/uploads\/2022\/11\/banner-nuova-pratica.png&#8221; alt=&#8221;Nuova pratica switcho&#8221; title_text=&#8221;Scarica l&#8217;app di Switcho&#8221; url=&#8221;https:\/\/switcho.smart.link\/61ttpvh8a&#8221; align=&#8221;center&#8221; force_fullwidth=&#8221;on&#8221; src_tablet=&#8221;https:\/\/www.switcho.it\/blog\/wp-content\/uploads\/2022\/11\/banner-app.png&#8221; src_phone=&#8221;https:\/\/www.switcho.it\/blog\/wp-content\/uploads\/2022\/11\/banner-app.png&#8221; src_last_edited=&#8221;on|phone&#8221; _builder_version=&#8221;4.19.2&#8243; _module_preset=&#8221;default&#8221; hover_enabled=&#8221;0&#8243; global_colors_info=&#8221;{}&#8221; sticky_enabled=&#8221;0&#8243;][\/et_pb_image][\/et_pb_column][\/et_pb_row][\/et_pb_section]<\/div>\n\n\n\n<div style=\"height:20px\" aria-hidden=\"true\" class=\"wp-block-spacer\"><\/div>\n\n\n\n<h2 class=\"wp-block-heading\" id=\"prezzo-gas-smc\">Prezzo gas per Smc oggi: cosa significa?<\/h2>\n\n\n\n<div style=\"height:20px\" aria-hidden=\"true\" class=\"wp-block-spacer\"><\/div>\n\n\n\n<p>Come abbiamo anticipato, l\u2019Smc (Standard metro cubo) \u00e8 l\u2019unit\u00e0 di misura usata dai fornitori per fatturare i consumi di gas in bolletta. Il <a href=\"https:\/\/www.switcho.it\/blog\/luce-gas\/contatore-gas\/\" target=\"_blank\" rel=\"noreferrer noopener\">contatore del gas<\/a>, per\u00f2, misura il numero di metri cubi di gas consumati: come mai questa discrepanza?<\/p>\n\n\n\n<p>Per capirlo dobbiamo fare un riferimento al mondo della fisica, il quale ci insegna che <strong>il gas assume volumi diversi in base alla temperatura e alla pressione<\/strong> a cui \u00e8 sottoposto. Ad esempio, la stessa quantit\u00e0 di gas pu\u00f2 assumere volumi differenti in un posto molto caldo o in uno molto freddo.<\/p>\n\n\n\n<div style=\"height:20px\" aria-hidden=\"true\" class=\"wp-block-spacer\"><\/div>\n\n\n\n<blockquote class=\"wp-block-quote is-layout-flow wp-block-quote-is-layout-flow\">\n<p><em>Per rendere la misurazione pi\u00f9 oggettiva, quindi, \u00e8 stato introdotto lo <\/em><strong><em>Standard metro cubo<\/em><\/strong><em>, che rappresenta la quantit\u00e0 di gas presente in un metro cubo <\/em><strong><em>in condizioni reputate standard<\/em><\/strong><em>: 15\u00b0C e 1013,25 millibar di pressione.<\/em><\/p>\n<\/blockquote>\n\n\n\n<div style=\"height:20px\" aria-hidden=\"true\" class=\"wp-block-spacer\"><\/div>\n\n\n\n<p class=\"has-background\" style=\"background-color:#f7f8fa\">\ud83d\udca1 Per passare dal metro cubo allo standard metro cubo occorre moltiplicare il primo per il <strong>coefficiente di conversione C della tua zona<\/strong> (che puoi trovare in bolletta). Ad esempio, se il consumo \u00e8 pari a 110 mc e il coefficiente C \u00e8 1,027235, possiamo identificare gli standard metri cubi fatturati con la seguente formula: 110 sm x 1,027235 = 112,99585 Smc.<\/p>\n\n\n\n<div style=\"height:50px\" aria-hidden=\"true\" class=\"wp-block-spacer\"><\/div>\n\n\n\n<h2 class=\"wp-block-heading\" id=\"voci-spesa-gas\">Voci di spesa nella bolletta del gas<\/h2>\n\n\n\n<div style=\"height:20px\" aria-hidden=\"true\" class=\"wp-block-spacer\"><\/div>\n\n\n\n<p>Finora abbiamo approfondito il <strong>prezzo della materia prima gas<\/strong>, che \u00e8 la componente della bolletta pi\u00f9 \u201cpesante\u201d, nonch\u00e9 l\u2019unica ad essere determinata dal fornitore nel mercato libero. A questa voce, per\u00f2, se ne affiancano altre 3:<\/p>\n\n\n\n<div style=\"height:20px\" aria-hidden=\"true\" class=\"wp-block-spacer\"><\/div>\n\n\n\n<figure class=\"wp-block-table is-style-stripes\"><table class=\"has-fixed-layout\"><thead><tr><th><strong>VOCI DI COSTO<\/strong><\/th><th><strong>MERCATO TUTELATO<\/strong><\/th><th><strong>MERCATO LIBERO<\/strong><\/th><\/tr><\/thead><tbody><tr><td><strong><a href=\"https:\/\/www.switcho.it\/blog\/luce-gas\/spesa-materia-gas\/\" target=\"_blank\" rel=\"noreferrer noopener\">Costo per la materia prima gas<\/a><\/strong><\/td><td>\u2705 Deciso da ARERA<\/td><td>\u2757 Deciso dal fornitore<\/td><\/tr><tr><td><strong><a href=\"https:\/\/www.switcho.it\/blog\/luce-gas\/spesa-trasporto-gestione-contatore\/\" target=\"_blank\" rel=\"noreferrer noopener\">Costo per il trasporto e il contatore<\/a><\/strong><\/td><td>\u2705 Deciso da ARERA<\/td><td>\u2705 Deciso da ARERA<\/td><\/tr><tr><td><strong><a href=\"https:\/\/www.switcho.it\/blog\/luce-gas\/oneri-di-sistema\/\" target=\"_blank\" rel=\"noreferrer noopener\">Oneri di sistema<\/a><\/strong><\/td><td>\u2705 Deciso da ARERA<\/td><td>\u2705 Deciso da ARERA<\/td><\/tr><tr><td><strong>Imposte&nbsp;<\/strong><\/td><td>\u2705 Statali<\/td><td>\u2705 Statali<\/td><\/tr><\/tbody><\/table><\/figure>\n\n\n\n<div style=\"height:20px\" aria-hidden=\"true\" class=\"wp-block-spacer\"><\/div>\n\n\n\n<p>Per avere un\u2019idea del <strong>peso in bolletta di ciascuna voce<\/strong> di costo puoi dare un\u2019occhiata a questo grafico che rappresenta la situazione nel servizio di tutela della vulnerabilit\u00e0 \ud83d\udc47 mentre in quello libero, le percentuali variano in base al costo della materia prima stabilito dal fornitore.<\/p>\n\n\n\n<div style=\"height:20px\" aria-hidden=\"true\" class=\"wp-block-spacer\"><\/div>\n\n\n\n<div class=\"flourish-embed flourish-chart\" data-src=\"visualisation\/13496349\"><script src=\"https:\/\/public.flourish.studio\/resources\/embed.js\"><\/script><\/div>\n\n\n\n<div style=\"height:20px\" aria-hidden=\"true\" class=\"wp-block-spacer\"><\/div>\n\n\n\n<p>Scoprire la tua spesa per queste singole voci \u00e8 molto semplice: si trova generalmente nella seconda o terza pagina della <a href=\"https:\/\/www.switcho.it\/blog\/luce-gas\/bollette-gas\" target=\"_blank\" rel=\"noreferrer noopener\">bolletta del gas<\/a> <strong>sotto la voce \u201cImporti\u201d <\/strong>e talvolta anche nella prima pagina, nella sezione di sintesi.<\/p>\n\n\n\n<div style=\"height:20px\" aria-hidden=\"true\" class=\"wp-block-spacer\"><\/div>\n\n\n\n<figure class=\"wp-block-image aligncenter size-full\"><img loading=\"lazy\" decoding=\"async\" width=\"723\" height=\"443\" src=\"https:\/\/www.switcho.it\/blog\/wp-content\/uploads\/2023\/05\/Bolletta-Eni-Plenitude-gas-PDR.png\" alt=\"\" class=\"wp-image-52217\" srcset=\"https:\/\/www.switcho.it\/blog\/wp-content\/uploads\/2023\/05\/Bolletta-Eni-Plenitude-gas-PDR.png 723w, https:\/\/www.switcho.it\/blog\/wp-content\/uploads\/2023\/05\/Bolletta-Eni-Plenitude-gas-PDR-480x294.png 480w\" sizes=\"(min-width: 0px) and (max-width: 480px) 480px, (min-width: 481px) 723px, 100vw\" \/><figcaption class=\"wp-element-caption\"><em>Al punto 1: sezione \u201cimporti\u201d della bolletta gas Eni Plenitude<\/em><\/figcaption><\/figure>\n\n\n\n<div style=\"height:50px\" aria-hidden=\"true\" class=\"wp-block-spacer\"><\/div>\n\n\n\n<p class=\"has-background\" style=\"background-color:#f7f8fa\">\ud83d\udc49 <strong>Puoi calcolare la tua spesa per ogni Smc di gas<\/strong> dividendo la spesa totale per gli Smc consumati (li trovi sempre in bolletta): cos\u00ec facendo otterrai il prezzo ad Smc tasse incluse. Per trovare il prezzo tasse escluse, invece, puoi usare come valore la spesa per la materia prima gas, dividendola sempre per gli Smc consumati.<\/p>\n\n\n\n<div style=\"height:50px\" aria-hidden=\"true\" class=\"wp-block-spacer\"><\/div>\n\n\n\n<h2 class=\"wp-block-heading\" id=\"zone-tariffarie\">Prezzo del gas nelle regioni d\u2019Italia: le zone tariffarie<\/h2>\n\n\n\n<div style=\"height:20px\" aria-hidden=\"true\" class=\"wp-block-spacer\"><\/div>\n\n\n\n<p><strong>Il prezzo del gas non \u00e8 uguale in tutte le regioni d\u2019Italia<\/strong>: dal momento che il gas viene importato e distribuito lungo tutta la penisola, a seconda della spesa sostenuta per il trasporto nelle varie regioni viene applicato un costo diverso. Proprio per questo il Paese \u00e8 diviso in zone tariffarie.<\/p>\n\n\n\n<div style=\"height:20px\" aria-hidden=\"true\" class=\"wp-block-spacer\"><\/div>\n\n\n\n<blockquote class=\"wp-block-quote is-layout-flow wp-block-quote-is-layout-flow\">\n<p><strong><em>Ogni ambito tariffario presenta costi diversi <\/em><\/strong><em>per i servizi di distribuzione, fornitura e misura del gas; costi che vengono aggiornati dall\u2019ARERA trimestralmente.<\/em><\/p>\n<\/blockquote>\n\n\n\n<div style=\"height:20px\" aria-hidden=\"true\" class=\"wp-block-spacer\"><\/div>\n\n\n\n<p>Nel documento di Regolazione delle Tariffe dei servizi di Distribuzione e misura del Gas (RTDG) 2020-2025 di ARERA sono individuate 6 zone tariffarie.<\/p>\n\n\n\n<div style=\"height:20px\" aria-hidden=\"true\" class=\"wp-block-spacer\"><\/div>\n\n\n\n<figure class=\"wp-block-table is-style-stripes\"><table class=\"has-fixed-layout\"><thead><tr><th><strong>ZONA TARIFFARIA<\/strong><\/th><th><strong>REGIONI INCLUSE<\/strong><\/th><\/tr><\/thead><tbody><tr><td><strong>Ambito nord occidentale<\/strong><\/td><td>Valle d&#8217;Aosta, Piemonte e Liguria<\/td><\/tr><tr><td><strong>Ambito nord orientale<\/strong><\/td><td>Lombardia, Trentino-Alto Adige, Veneto, Friuli-Venezia Giulia, Emilia-Romagna<\/td><\/tr><tr><td><strong>Ambito centrale<\/strong><\/td><td>Toscana, Umbria e Marche<\/td><\/tr><tr><td><strong>Ambito centro-sud orientale<\/strong><\/td><td>Abruzzo, Molise, Puglia, Basilicata<\/td><\/tr><tr><td><strong>Ambito centro-sud occidentale<\/strong><\/td><td>Lazio e Campania<\/td><\/tr><tr><td><strong>Ambito meridionale<\/strong><\/td><td>Calabria, Sicilia<\/td><\/tr><tr><td><strong>Ambito Sardegna<\/strong><\/td><td>Sardegna<\/td><\/tr><\/tbody><\/table><\/figure>\n\n\n\n<div style=\"height:50px\" aria-hidden=\"true\" class=\"wp-block-spacer\"><\/div>\n\n\n\n<h2 class=\"wp-block-heading\" id=\"andamento-prezzo\">Andamento prezzo gas per Smc nel mercato libero<\/h2>\n\n\n\n<div style=\"height:20px\" aria-hidden=\"true\" class=\"wp-block-spacer\"><\/div>\n\n\n\n<p>Negli ultimi anni il prezzo del gas \u00e8 stato molto instabile, tanto nel mercato libero quanto in quello tutelato. Alcuni fattori geopolitici, economici e sociali hanno infatti contribuito a <strong>bruschi cali e aumenti del costo del gas all\u2019ingrosso<\/strong>, con spiacevoli conseguenze in bolletta.&nbsp;<\/p>\n\n\n\n<p>Ecco un riassunto della situazione degli ultimi anni rappresentata dall\u2019andamento dell\u2019indice PSV \u2b07\ufe0f<\/p>\n\n\n\n<div style=\"height:20px\" aria-hidden=\"true\" class=\"wp-block-spacer\"><\/div>\n\n\n\n<div class=\"flourish-embed flourish-chart\" data-src=\"visualisation\/13483647\"><script src=\"https:\/\/public.flourish.studio\/resources\/embed.js\"><\/script><\/div>\n\n\n\n<div style=\"height:20px\" aria-hidden=\"true\" class=\"wp-block-spacer\"><\/div>\n\n\n\n<p>Cos\u2019\u00e8 successo al prezzo della materia gas?<\/p>\n\n\n\n<ul class=\"wp-block-list\">\n<li><strong>2018-2019<\/strong>: la situazione \u00e8 piuttosto stabile, con oscillazioni di mercato naturali dovuti alla stagione a alla domanda\/offerta.<\/li>\n\n\n\n<li><strong>2020<\/strong>: a causa del Covid-19 e del primo lockdown, la produzione industriale e le attivit\u00e0 lavorative vengono bloccate, con conseguente abbassamento della domanda e calo del prezzo del gas naturale nella prima parte dell\u2019anno.&nbsp;<\/li>\n\n\n\n<li><strong>2021<\/strong>: le attivit\u00e0 produttive riprendono dopo la pandemia e la richiesta di gas si impenna a livello mondiale, comportando un aumento del costo.<\/li>\n\n\n\n<li><strong>2022<\/strong>: si registrano valori del PSV altissimi a causa dell\u2019elevata domanda di gas che, per\u00f2, risulta scarso per via del conflitto tra Russia e Ucraina.&nbsp;<\/li>\n\n\n\n<li><strong>2023<\/strong>: passata la crisi energetica vera e propria, i prezzi iniziano a scendere, con un leggero rialzo in corrispondenza dell&#8217;autunno.<\/li>\n\n\n\n<li><strong>2024<\/strong>: i prezzi proseguono la loro discesa ma il mercato rimane volatile.<\/li>\n<\/ul>\n\n\n\n<div class=\"wp-block-divi-layout\">[et_pb_section fb_built=&#8221;1&#8243; disabled_on=&#8221;off|off|off&#8221; admin_label=&#8221;section&#8221; _builder_version=&#8221;4.19.2&#8243; custom_padding=&#8221;0px||0px||false|false&#8221; global_colors_info=&#8221;{}&#8221;][et_pb_row admin_label=&#8221;row&#8221; _builder_version=&#8221;4.19.1&#8243; background_size=&#8221;initial&#8221; background_position=&#8221;top_left&#8221; background_repeat=&#8221;repeat&#8221; width=&#8221;100%&#8221; max_height=&#8221;1000px&#8221; global_colors_info=&#8221;{}&#8221;][et_pb_column type=&#8221;4_4&#8243; _builder_version=&#8221;4.18.0&#8243; _module_preset=&#8221;default&#8221; global_colors_info=&#8221;{}&#8221;][et_pb_toggle title=&#8221;Fonti&#8221; open_toggle_background_color=&#8221;#F7F8FA&#8221; closed_toggle_text_color=&#8221;#2D3748&#8243; closed_toggle_background_color=&#8221;#f7f8fa&#8221; _builder_version=&#8221;4.23.1&#8243; _module_preset=&#8221;default&#8221; title_level=&#8221;h4&#8243; title_font=&#8221;||||||||&#8221; title_font_size=&#8221;18px&#8221; title_line_height=&#8221;1.7em&#8221; closed_title_font=&#8221;||||||||&#8221; closed_title_font_size=&#8221;18px&#8221; body_font=&#8221;||||||||&#8221; hover_enabled=&#8221;0&#8243; body_font_size_tablet=&#8221;16px&#8221; body_font_size_phone=&#8221;16px&#8221; body_font_size_last_edited=&#8221;on|phone&#8221; border_width_all=&#8221;0px&#8221; global_colors_info=&#8221;{}&#8221; sticky_enabled=&#8221;0&#8243;]<span>Glossario Bolletta \u2013 Coefficiente correttivo (C) | ARERA<\/span>\n<br><span><a href=\"https:\/\/www.arera.it\/bolletta\/glossario-dei-termini\/dettaglio\/coefficiente-correttivo-c\" target=\"_blank\" rel=\"noreferrer noopener nofollow\">https:\/\/www.arera.it\/bolletta\/glossario-dei-termini\/dettaglio\/coefficiente-correttivo-c<\/a><\/span>\n\n<br><br><span>Tariffe di distribuzione e misura | ARERA<\/span>\n<br><span><a href=\"https:\/\/www.arera.it\/area-operatori\/prezzi-e-tariffe\/tariffe-di-distribuzione-e-misura\" target=\"_blank\" rel=\"noreferrer noopener nofollow\">https:\/\/www.arera.it\/area-operatori\/prezzi-e-tariffe\/tariffe-di-distribuzione-e-misura<\/a><\/span>\n\n<br><br><span>Prezzi e tariffe | ARERA<\/span>\n<br><span><a href=\"https:\/\/www.arera.it\/area-operatori\/prezzi-e-tariffe\" target=\"_blank\" rel=\"noreferrer noopener nofollow\">https:\/\/www.arera.it\/area-operatori\/prezzi-e-tariffe<\/a><\/span>[\/et_pb_toggle][\/et_pb_column][\/et_pb_row][\/et_pb_section]<\/div>\n\n\n\n<div style=\"height:50px\" aria-hidden=\"true\" class=\"wp-block-spacer\"><\/div>\n","protected":false},"excerpt":{"rendered":"<p>Il prezzo del gas per Smc nel mercato libero dipende dalla tua offerta ed \u00e8 legato all\u2019indice PSV: scopri come calcolare il costo.<\/p>\n","protected":false},"author":23,"featured_media":61966,"comment_status":"closed","ping_status":"closed","sticky":false,"template":"","format":"standard","meta":{"_et_pb_use_builder":"off","_et_pb_old_content":"","_et_gb_content_width":"","_lmt_disableupdate":"no","_lmt_disable":"","footnotes":""},"categories":[307],"tags":[],"class_list":["post-61960","post","type-post","status-publish","format-standard","has-post-thumbnail","hentry","category-mercato-energia"],"yoast_head":"<!-- This site is optimized with the Yoast SEO plugin v27.5 - https:\/\/yoast.com\/product\/yoast-seo-wordpress\/ -->\n<title>Prezzo Gas nel Mercato Libero per Smc (Standard metro cubo) - Switcho<\/title>\n<meta name=\"description\" content=\"Il prezzo del gas per Smc nel mercato libero dipende dalla tua offerta ed \u00e8 legato all\u2019indice PSV: scopri come calcolare il costo.\" \/>\n<meta name=\"robots\" content=\"index, follow, max-snippet:-1, max-image-preview:large, max-video-preview:-1\" \/>\n<link rel=\"canonical\" href=\"https:\/\/www.switcho.it\/blog\/luce-gas\/prezzo-gas-mercato-libero\/\" \/>\n<meta property=\"og:locale\" content=\"it_IT\" \/>\n<meta property=\"og:type\" content=\"article\" \/>\n<meta property=\"og:title\" content=\"Prezzo Gas nel Mercato Libero per Smc (Standard metro cubo) - Switcho\" \/>\n<meta property=\"og:description\" content=\"Il prezzo del gas per Smc nel mercato libero dipende dalla tua offerta ed \u00e8 legato all\u2019indice PSV: scopri come calcolare il costo.\" \/>\n<meta property=\"og:url\" content=\"https:\/\/www.switcho.it\/blog\/luce-gas\/prezzo-gas-mercato-libero\/\" \/>\n<meta property=\"og:site_name\" content=\"Switcho\" \/>\n<meta property=\"article:published_time\" content=\"2023-08-11T14:18:27+00:00\" \/>\n<meta property=\"article:modified_time\" content=\"2024-08-27T12:58:42+00:00\" \/>\n<meta property=\"og:image\" content=\"https:\/\/www.switcho.it\/blog\/wp-content\/uploads\/2023\/08\/prezzo-gas-smc-mercato-libero.png\" \/>\n\t<meta property=\"og:image:width\" content=\"900\" \/>\n\t<meta property=\"og:image:height\" content=\"600\" \/>\n\t<meta property=\"og:image:type\" content=\"image\/png\" \/>\n<meta name=\"author\" content=\"Marco Tricarico\" \/>\n<meta name=\"twitter:card\" content=\"summary_large_image\" \/>\n<meta name=\"twitter:title\" content=\"Prezzo Gas nel Mercato Libero per Smc (Standard metro cubo) - Switcho\" \/>\n<meta name=\"twitter:description\" content=\"Il prezzo del gas per Smc nel mercato libero dipende dalla tua offerta ed \u00e8 legato all\u2019indice PSV: scopri come calcolare il costo.\" \/>\n<meta name=\"twitter:image\" content=\"https:\/\/www.switcho.it\/blog\/wp-content\/uploads\/2023\/08\/prezzo-gas-smc-mercato-libero.png\" \/>\n<meta name=\"twitter:label1\" content=\"Scritto da\" \/>\n\t<meta name=\"twitter:data1\" content=\"Marco Tricarico\" \/>\n\t<meta name=\"twitter:label2\" content=\"Tempo di lettura stimato\" \/>\n\t<meta name=\"twitter:data2\" content=\"12 minuti\" \/>\n<script type=\"application\/ld+json\" class=\"yoast-schema-graph\">{\"@context\":\"https:\\\/\\\/schema.org\",\"@graph\":[{\"@type\":\"Article\",\"@id\":\"https:\\\/\\\/www.switcho.it\\\/blog\\\/luce-gas\\\/prezzo-gas-mercato-libero\\\/#article\",\"isPartOf\":{\"@id\":\"https:\\\/\\\/www.switcho.it\\\/blog\\\/luce-gas\\\/prezzo-gas-mercato-libero\\\/\"},\"author\":{\"name\":\"Marco Tricarico\",\"@id\":\"https:\\\/\\\/www.switcho.it\\\/blog\\\/#\\\/schema\\\/person\\\/4a59c480dfc019823d29714bd644a488\"},\"headline\":\"Qual \u00e8 il prezzo Smc del gas nel mercato libero?\",\"datePublished\":\"2023-08-11T14:18:27+00:00\",\"dateModified\":\"2024-08-27T12:58:42+00:00\",\"mainEntityOfPage\":{\"@id\":\"https:\\\/\\\/www.switcho.it\\\/blog\\\/luce-gas\\\/prezzo-gas-mercato-libero\\\/\"},\"wordCount\":1996,\"publisher\":{\"@id\":\"https:\\\/\\\/www.switcho.it\\\/blog\\\/#organization\"},\"image\":{\"@id\":\"https:\\\/\\\/www.switcho.it\\\/blog\\\/luce-gas\\\/prezzo-gas-mercato-libero\\\/#primaryimage\"},\"thumbnailUrl\":\"https:\\\/\\\/www.switcho.it\\\/blog\\\/wp-content\\\/uploads\\\/2023\\\/08\\\/prezzo-gas-smc-mercato-libero.png\",\"articleSection\":[\"Mercato Energetico\"],\"inLanguage\":\"it-IT\"},{\"@type\":\"WebPage\",\"@id\":\"https:\\\/\\\/www.switcho.it\\\/blog\\\/luce-gas\\\/prezzo-gas-mercato-libero\\\/\",\"url\":\"https:\\\/\\\/www.switcho.it\\\/blog\\\/luce-gas\\\/prezzo-gas-mercato-libero\\\/\",\"name\":\"Prezzo Gas nel Mercato Libero per Smc (Standard metro cubo) - Switcho\",\"isPartOf\":{\"@id\":\"https:\\\/\\\/www.switcho.it\\\/blog\\\/#website\"},\"primaryImageOfPage\":{\"@id\":\"https:\\\/\\\/www.switcho.it\\\/blog\\\/luce-gas\\\/prezzo-gas-mercato-libero\\\/#primaryimage\"},\"image\":{\"@id\":\"https:\\\/\\\/www.switcho.it\\\/blog\\\/luce-gas\\\/prezzo-gas-mercato-libero\\\/#primaryimage\"},\"thumbnailUrl\":\"https:\\\/\\\/www.switcho.it\\\/blog\\\/wp-content\\\/uploads\\\/2023\\\/08\\\/prezzo-gas-smc-mercato-libero.png\",\"datePublished\":\"2023-08-11T14:18:27+00:00\",\"dateModified\":\"2024-08-27T12:58:42+00:00\",\"description\":\"Il prezzo del gas per Smc nel mercato libero dipende dalla tua offerta ed \u00e8 legato all\u2019indice PSV: scopri come calcolare il costo.\",\"breadcrumb\":{\"@id\":\"https:\\\/\\\/www.switcho.it\\\/blog\\\/luce-gas\\\/prezzo-gas-mercato-libero\\\/#breadcrumb\"},\"inLanguage\":\"it-IT\",\"potentialAction\":[{\"@type\":\"ReadAction\",\"target\":[\"https:\\\/\\\/www.switcho.it\\\/blog\\\/luce-gas\\\/prezzo-gas-mercato-libero\\\/\"]}]},{\"@type\":\"ImageObject\",\"inLanguage\":\"it-IT\",\"@id\":\"https:\\\/\\\/www.switcho.it\\\/blog\\\/luce-gas\\\/prezzo-gas-mercato-libero\\\/#primaryimage\",\"url\":\"https:\\\/\\\/www.switcho.it\\\/blog\\\/wp-content\\\/uploads\\\/2023\\\/08\\\/prezzo-gas-smc-mercato-libero.png\",\"contentUrl\":\"https:\\\/\\\/www.switcho.it\\\/blog\\\/wp-content\\\/uploads\\\/2023\\\/08\\\/prezzo-gas-smc-mercato-libero.png\",\"width\":900,\"height\":600,\"caption\":\"prezzo gas smc mercato libero\"},{\"@type\":\"BreadcrumbList\",\"@id\":\"https:\\\/\\\/www.switcho.it\\\/blog\\\/luce-gas\\\/prezzo-gas-mercato-libero\\\/#breadcrumb\",\"itemListElement\":[{\"@type\":\"ListItem\",\"position\":1,\"name\":\"Home\",\"item\":\"https:\\\/\\\/www.switcho.it\\\/blog\\\/\"},{\"@type\":\"ListItem\",\"position\":2,\"name\":\"Luce e Gas\",\"item\":\"https:\\\/\\\/www.switcho.it\\\/blog\\\/luce-gas\\\/\"},{\"@type\":\"ListItem\",\"position\":3,\"name\":\"Mercato Energetico\",\"item\":\"https:\\\/\\\/www.switcho.it\\\/blog\\\/luce-gas\\\/mercato-energia\\\/\"},{\"@type\":\"ListItem\",\"position\":4,\"name\":\"Qual \u00e8 il prezzo Smc del gas nel mercato libero?\"}]},{\"@type\":\"WebSite\",\"@id\":\"https:\\\/\\\/www.switcho.it\\\/blog\\\/#website\",\"url\":\"https:\\\/\\\/www.switcho.it\\\/blog\\\/\",\"name\":\"Switcho\",\"description\":\"Il blog semplice, per davvero.\",\"publisher\":{\"@id\":\"https:\\\/\\\/www.switcho.it\\\/blog\\\/#organization\"},\"potentialAction\":[{\"@type\":\"SearchAction\",\"target\":{\"@type\":\"EntryPoint\",\"urlTemplate\":\"https:\\\/\\\/www.switcho.it\\\/blog\\\/?s={search_term_string}\"},\"query-input\":{\"@type\":\"PropertyValueSpecification\",\"valueRequired\":true,\"valueName\":\"search_term_string\"}}],\"inLanguage\":\"it-IT\"},{\"@type\":\"Organization\",\"@id\":\"https:\\\/\\\/www.switcho.it\\\/blog\\\/#organization\",\"name\":\"Switcho\",\"url\":\"https:\\\/\\\/www.switcho.it\\\/blog\\\/\",\"logo\":{\"@type\":\"ImageObject\",\"inLanguage\":\"it-IT\",\"@id\":\"https:\\\/\\\/www.switcho.it\\\/blog\\\/#\\\/schema\\\/logo\\\/image\\\/\",\"url\":\"https:\\\/\\\/www.switcho.it\\\/blog\\\/wp-content\\\/uploads\\\/2021\\\/03\\\/Switcho-Logotype-Green.png\",\"contentUrl\":\"https:\\\/\\\/www.switcho.it\\\/blog\\\/wp-content\\\/uploads\\\/2021\\\/03\\\/Switcho-Logotype-Green.png\",\"width\":1507,\"height\":597,\"caption\":\"Switcho\"},\"image\":{\"@id\":\"https:\\\/\\\/www.switcho.it\\\/blog\\\/#\\\/schema\\\/logo\\\/image\\\/\"}},{\"@type\":\"Person\",\"@id\":\"https:\\\/\\\/www.switcho.it\\\/blog\\\/#\\\/schema\\\/person\\\/4a59c480dfc019823d29714bd644a488\",\"name\":\"Marco Tricarico\",\"image\":{\"@type\":\"ImageObject\",\"inLanguage\":\"it-IT\",\"@id\":\"https:\\\/\\\/secure.gravatar.com\\\/avatar\\\/9a8a5d0321dce5e64611bac7a181edfc33d850ac6202cd0adaab2ece13fbcd6a?s=96&d=mm&r=g\",\"url\":\"https:\\\/\\\/secure.gravatar.com\\\/avatar\\\/9a8a5d0321dce5e64611bac7a181edfc33d850ac6202cd0adaab2ece13fbcd6a?s=96&d=mm&r=g\",\"contentUrl\":\"https:\\\/\\\/secure.gravatar.com\\\/avatar\\\/9a8a5d0321dce5e64611bac7a181edfc33d850ac6202cd0adaab2ece13fbcd6a?s=96&d=mm&r=g\",\"caption\":\"Marco Tricarico\"},\"description\":\"CEO e co-fondatore di Switcho, appassionato di startup e mondo digitale ed esperto di finanza aziendale e consulenza strategica, nel 2019 Marco ha deciso di lanciare un servizio innovativo che offrisse una soluzione di risparmio pratica e realmente imparziale sulle bollette di famiglie e aziende. Dalla nascita di Switcho, Marco partecipa a svariati eventi e rilascia interviste sui temi delle spese domestiche e del settore energetico, parlando delle ultime tendenze nei costi di gas ed elettricit\u00e0 e delle migliori opportunit\u00e0 per tutelarsi dai rincari. Leggi tutti i suoi articoli e seguilo su LinkedIn.\",\"sameAs\":[\"https:\\\/\\\/blog.switcho.net\"],\"url\":\"https:\\\/\\\/www.switcho.it\\\/blog\\\/author\\\/marco-tricarico\\\/\"}]}<\/script>\n<!-- \/ Yoast SEO plugin. -->","yoast_head_json":{"title":"Prezzo Gas nel Mercato Libero per Smc (Standard metro cubo) - Switcho","description":"Il prezzo del gas per Smc nel mercato libero dipende dalla tua offerta ed \u00e8 legato all\u2019indice PSV: scopri come calcolare il costo.","robots":{"index":"index","follow":"follow","max-snippet":"max-snippet:-1","max-image-preview":"max-image-preview:large","max-video-preview":"max-video-preview:-1"},"canonical":"https:\/\/www.switcho.it\/blog\/luce-gas\/prezzo-gas-mercato-libero\/","og_locale":"it_IT","og_type":"article","og_title":"Prezzo Gas nel Mercato Libero per Smc (Standard metro cubo) - Switcho","og_description":"Il prezzo del gas per Smc nel mercato libero dipende dalla tua offerta ed \u00e8 legato all\u2019indice PSV: scopri come calcolare il costo.","og_url":"https:\/\/www.switcho.it\/blog\/luce-gas\/prezzo-gas-mercato-libero\/","og_site_name":"Switcho","article_published_time":"2023-08-11T14:18:27+00:00","article_modified_time":"2024-08-27T12:58:42+00:00","og_image":[{"width":900,"height":600,"url":"https:\/\/www.switcho.it\/blog\/wp-content\/uploads\/2023\/08\/prezzo-gas-smc-mercato-libero.png","type":"image\/png"}],"author":"Marco Tricarico","twitter_card":"summary_large_image","twitter_title":"Prezzo Gas nel Mercato Libero per Smc (Standard metro cubo) - Switcho","twitter_description":"Il prezzo del gas per Smc nel mercato libero dipende dalla tua offerta ed \u00e8 legato all\u2019indice PSV: scopri come calcolare il costo.","twitter_image":"https:\/\/www.switcho.it\/blog\/wp-content\/uploads\/2023\/08\/prezzo-gas-smc-mercato-libero.png","twitter_misc":{"Scritto da":"Marco Tricarico","Tempo di lettura stimato":"12 minuti"},"schema":{"@context":"https:\/\/schema.org","@graph":[{"@type":"Article","@id":"https:\/\/www.switcho.it\/blog\/luce-gas\/prezzo-gas-mercato-libero\/#article","isPartOf":{"@id":"https:\/\/www.switcho.it\/blog\/luce-gas\/prezzo-gas-mercato-libero\/"},"author":{"name":"Marco Tricarico","@id":"https:\/\/www.switcho.it\/blog\/#\/schema\/person\/4a59c480dfc019823d29714bd644a488"},"headline":"Qual \u00e8 il prezzo Smc del gas nel mercato libero?","datePublished":"2023-08-11T14:18:27+00:00","dateModified":"2024-08-27T12:58:42+00:00","mainEntityOfPage":{"@id":"https:\/\/www.switcho.it\/blog\/luce-gas\/prezzo-gas-mercato-libero\/"},"wordCount":1996,"publisher":{"@id":"https:\/\/www.switcho.it\/blog\/#organization"},"image":{"@id":"https:\/\/www.switcho.it\/blog\/luce-gas\/prezzo-gas-mercato-libero\/#primaryimage"},"thumbnailUrl":"https:\/\/www.switcho.it\/blog\/wp-content\/uploads\/2023\/08\/prezzo-gas-smc-mercato-libero.png","articleSection":["Mercato Energetico"],"inLanguage":"it-IT"},{"@type":"WebPage","@id":"https:\/\/www.switcho.it\/blog\/luce-gas\/prezzo-gas-mercato-libero\/","url":"https:\/\/www.switcho.it\/blog\/luce-gas\/prezzo-gas-mercato-libero\/","name":"Prezzo Gas nel Mercato Libero per Smc (Standard metro cubo) - Switcho","isPartOf":{"@id":"https:\/\/www.switcho.it\/blog\/#website"},"primaryImageOfPage":{"@id":"https:\/\/www.switcho.it\/blog\/luce-gas\/prezzo-gas-mercato-libero\/#primaryimage"},"image":{"@id":"https:\/\/www.switcho.it\/blog\/luce-gas\/prezzo-gas-mercato-libero\/#primaryimage"},"thumbnailUrl":"https:\/\/www.switcho.it\/blog\/wp-content\/uploads\/2023\/08\/prezzo-gas-smc-mercato-libero.png","datePublished":"2023-08-11T14:18:27+00:00","dateModified":"2024-08-27T12:58:42+00:00","description":"Il prezzo del gas per Smc nel mercato libero dipende dalla tua offerta ed \u00e8 legato all\u2019indice PSV: scopri come calcolare il costo.","breadcrumb":{"@id":"https:\/\/www.switcho.it\/blog\/luce-gas\/prezzo-gas-mercato-libero\/#breadcrumb"},"inLanguage":"it-IT","potentialAction":[{"@type":"ReadAction","target":["https:\/\/www.switcho.it\/blog\/luce-gas\/prezzo-gas-mercato-libero\/"]}]},{"@type":"ImageObject","inLanguage":"it-IT","@id":"https:\/\/www.switcho.it\/blog\/luce-gas\/prezzo-gas-mercato-libero\/#primaryimage","url":"https:\/\/www.switcho.it\/blog\/wp-content\/uploads\/2023\/08\/prezzo-gas-smc-mercato-libero.png","contentUrl":"https:\/\/www.switcho.it\/blog\/wp-content\/uploads\/2023\/08\/prezzo-gas-smc-mercato-libero.png","width":900,"height":600,"caption":"prezzo gas smc mercato libero"},{"@type":"BreadcrumbList","@id":"https:\/\/www.switcho.it\/blog\/luce-gas\/prezzo-gas-mercato-libero\/#breadcrumb","itemListElement":[{"@type":"ListItem","position":1,"name":"Home","item":"https:\/\/www.switcho.it\/blog\/"},{"@type":"ListItem","position":2,"name":"Luce e Gas","item":"https:\/\/www.switcho.it\/blog\/luce-gas\/"},{"@type":"ListItem","position":3,"name":"Mercato Energetico","item":"https:\/\/www.switcho.it\/blog\/luce-gas\/mercato-energia\/"},{"@type":"ListItem","position":4,"name":"Qual \u00e8 il prezzo Smc del gas nel mercato libero?"}]},{"@type":"WebSite","@id":"https:\/\/www.switcho.it\/blog\/#website","url":"https:\/\/www.switcho.it\/blog\/","name":"Switcho","description":"Il blog semplice, per davvero.","publisher":{"@id":"https:\/\/www.switcho.it\/blog\/#organization"},"potentialAction":[{"@type":"SearchAction","target":{"@type":"EntryPoint","urlTemplate":"https:\/\/www.switcho.it\/blog\/?s={search_term_string}"},"query-input":{"@type":"PropertyValueSpecification","valueRequired":true,"valueName":"search_term_string"}}],"inLanguage":"it-IT"},{"@type":"Organization","@id":"https:\/\/www.switcho.it\/blog\/#organization","name":"Switcho","url":"https:\/\/www.switcho.it\/blog\/","logo":{"@type":"ImageObject","inLanguage":"it-IT","@id":"https:\/\/www.switcho.it\/blog\/#\/schema\/logo\/image\/","url":"https:\/\/www.switcho.it\/blog\/wp-content\/uploads\/2021\/03\/Switcho-Logotype-Green.png","contentUrl":"https:\/\/www.switcho.it\/blog\/wp-content\/uploads\/2021\/03\/Switcho-Logotype-Green.png","width":1507,"height":597,"caption":"Switcho"},"image":{"@id":"https:\/\/www.switcho.it\/blog\/#\/schema\/logo\/image\/"}},{"@type":"Person","@id":"https:\/\/www.switcho.it\/blog\/#\/schema\/person\/4a59c480dfc019823d29714bd644a488","name":"Marco Tricarico","image":{"@type":"ImageObject","inLanguage":"it-IT","@id":"https:\/\/secure.gravatar.com\/avatar\/9a8a5d0321dce5e64611bac7a181edfc33d850ac6202cd0adaab2ece13fbcd6a?s=96&d=mm&r=g","url":"https:\/\/secure.gravatar.com\/avatar\/9a8a5d0321dce5e64611bac7a181edfc33d850ac6202cd0adaab2ece13fbcd6a?s=96&d=mm&r=g","contentUrl":"https:\/\/secure.gravatar.com\/avatar\/9a8a5d0321dce5e64611bac7a181edfc33d850ac6202cd0adaab2ece13fbcd6a?s=96&d=mm&r=g","caption":"Marco Tricarico"},"description":"CEO e co-fondatore di Switcho, appassionato di startup e mondo digitale ed esperto di finanza aziendale e consulenza strategica, nel 2019 Marco ha deciso di lanciare un servizio innovativo che offrisse una soluzione di risparmio pratica e realmente imparziale sulle bollette di famiglie e aziende. Dalla nascita di Switcho, Marco partecipa a svariati eventi e rilascia interviste sui temi delle spese domestiche e del settore energetico, parlando delle ultime tendenze nei costi di gas ed elettricit\u00e0 e delle migliori opportunit\u00e0 per tutelarsi dai rincari. Leggi tutti i suoi articoli e seguilo su LinkedIn.","sameAs":["https:\/\/blog.switcho.net"],"url":"https:\/\/www.switcho.it\/blog\/author\/marco-tricarico\/"}]}},"modified_by":"Eleonora Francese","_links":{"self":[{"href":"https:\/\/www.switcho.it\/blog\/wp-json\/wp\/v2\/posts\/61960","targetHints":{"allow":["GET"]}}],"collection":[{"href":"https:\/\/www.switcho.it\/blog\/wp-json\/wp\/v2\/posts"}],"about":[{"href":"https:\/\/www.switcho.it\/blog\/wp-json\/wp\/v2\/types\/post"}],"author":[{"embeddable":true,"href":"https:\/\/www.switcho.it\/blog\/wp-json\/wp\/v2\/users\/23"}],"replies":[{"embeddable":true,"href":"https:\/\/www.switcho.it\/blog\/wp-json\/wp\/v2\/comments?post=61960"}],"version-history":[{"count":5,"href":"https:\/\/www.switcho.it\/blog\/wp-json\/wp\/v2\/posts\/61960\/revisions"}],"predecessor-version":[{"id":102763,"href":"https:\/\/www.switcho.it\/blog\/wp-json\/wp\/v2\/posts\/61960\/revisions\/102763"}],"wp:featuredmedia":[{"embeddable":true,"href":"https:\/\/www.switcho.it\/blog\/wp-json\/wp\/v2\/media\/61966"}],"wp:attachment":[{"href":"https:\/\/www.switcho.it\/blog\/wp-json\/wp\/v2\/media?parent=61960"}],"wp:term":[{"taxonomy":"category","embeddable":true,"href":"https:\/\/www.switcho.it\/blog\/wp-json\/wp\/v2\/categories?post=61960"},{"taxonomy":"post_tag","embeddable":true,"href":"https:\/\/www.switcho.it\/blog\/wp-json\/wp\/v2\/tags?post=61960"}],"curies":[{"name":"wp","href":"https:\/\/api.w.org\/{rel}","templated":true}]}}