{"id":171097,"date":"2026-09-01T13:36:18","date_gmt":"2026-09-01T13:36:18","guid":{"rendered":"https:\/\/www.switcho.it\/blog\/?p=171097"},"modified":"2026-09-01T13:36:20","modified_gmt":"2026-09-01T13:36:20","slug":"energia-solare-estate-2026","status":"publish","type":"post","link":"https:\/\/www.switcho.it\/blog\/luce-gas\/energia-solare-estate-2026\/","title":{"rendered":"Caldo e condizionatori, estate 2026 &#8220;salvata&#8221; dall&#8217;energia solare"},"content":{"rendered":"\n<p class=\"has-medium-font-size wp-block-paragraph\"><em>Il rapporto Ember, think tank indipendente sull\u2019energia, esamina l\u2019impatto delle ondate di calore e della prolungata siccit\u00e0 di giugno-luglio 2026 sui sistemi energetici europei, in particolare in 4 Paesi, Italia compresa. Il fotovoltaico ha contribuito a soddisfare l\u2019elevata domanda nelle ore diurne, ma \u00e8 necessaria maggiore flessibilit\u00e0 della rete e investimenti nei sistemi di accumulo.<\/em><\/p>\n\n\n\n<div style=\"height:20px\" aria-hidden=\"true\" class=\"wp-block-spacer\"><\/div>\n\n\n\n<figure class=\"wp-block-image size-full wp-block-hidden-mobile wp-block-hidden-tablet\"><a href=\"https:\/\/www.switcho.it\/servizi\/intro\/luce-gas?ref=cta-energy-top\"><img loading=\"lazy\" decoding=\"async\" width=\"1590\" height=\"610\" fetchpriority=\"auto\" src=\"https:\/\/www.switcho.it\/blog\/wp-content\/uploads\/2026\/07\/np-cta-energy-desktop-top.png\" alt=\"\" class=\"wp-image-166954\" srcset=\"https:\/\/www.switcho.it\/blog\/wp-content\/uploads\/2026\/07\/np-cta-energy-desktop-top.png 1590w, https:\/\/www.switcho.it\/blog\/wp-content\/uploads\/2026\/07\/np-cta-energy-desktop-top-1280x491.png 1280w, https:\/\/www.switcho.it\/blog\/wp-content\/uploads\/2026\/07\/np-cta-energy-desktop-top-980x376.png 980w, https:\/\/www.switcho.it\/blog\/wp-content\/uploads\/2026\/07\/np-cta-energy-desktop-top-480x184.png 480w\" sizes=\"(min-width: 0px) and (max-width: 480px) 480px, (min-width: 481px) and (max-width: 980px) 980px, (min-width: 981px) and (max-width: 1280px) 1280px, (min-width: 1281px) 1590px, 100vw\" \/><\/a><\/figure>\n\n\n\n<div style=\"height:20px\" aria-hidden=\"true\" class=\"wp-block-spacer wp-block-hidden-mobile wp-block-hidden-tablet\"><\/div>\n\n\n\n<figure class=\"wp-block-image size-large wp-block-hidden-desktop\"><a href=\"https:\/\/www.switcho.it\/servizi\/intro\/luce-gas?ref=cta-energy-top\"><img loading=\"lazy\" decoding=\"async\" width=\"1024\" height=\"404\" fetchpriority=\"auto\" src=\"https:\/\/www.switcho.it\/blog\/wp-content\/uploads\/2026\/07\/np-cta-energy-mobile-top-1024x404.png\" alt=\"\" class=\"wp-image-166960\" srcset=\"https:\/\/www.switcho.it\/blog\/wp-content\/uploads\/2026\/07\/np-cta-energy-mobile-top-1024x404.png 1024w, https:\/\/www.switcho.it\/blog\/wp-content\/uploads\/2026\/07\/np-cta-energy-mobile-top-980x387.png 980w, https:\/\/www.switcho.it\/blog\/wp-content\/uploads\/2026\/07\/np-cta-energy-mobile-top-480x189.png 480w\" sizes=\"(min-width: 0px) and (max-width: 480px) 480px, (min-width: 481px) and (max-width: 980px) 980px, (min-width: 981px) 1024px, 100vw\" \/><\/a><\/figure>\n\n\n\n<div style=\"height:20px\" aria-hidden=\"true\" class=\"wp-block-spacer wp-block-hidden-desktop\"><\/div>\n\n\n\n<div style=\"height:20px\" aria-hidden=\"true\" class=\"wp-block-spacer\"><\/div>\n\n\n\n<p class=\"wp-block-paragraph\">Indice<\/p>\n\n\n\n<ul class=\"wp-block-list\">\n<li><a href=\"#ondate-calore\">Qual \u00e8 l\u2019impatto delle ondate di calore sul sistema energetico europeo<\/a><\/li>\n\n\n\n<li><a href=\"#idroelettrico\">La produzione idroelettrica raggiunge il livello pi\u00f9 basso degli ultimi 10 anni<\/a><\/li>\n\n\n\n<li><a href=\"#solare\">Come l\u2019energia solare ha \u201csalvato\u201d l\u2019estate 2026 in Europa<\/a><\/li>\n\n\n\n<li><a href=\"#limiti\">I limiti del fotovoltaico e la necessit\u00e0 di investimenti sui sistemi di accumulo<\/a><\/li>\n<\/ul>\n\n\n\n<h2 id=\"ondate-calore\" class=\"wp-block-heading\"><strong>Qual \u00e8 l\u2019impatto delle ondate di calore sul sistema energetico europeo<\/strong><\/h2>\n\n\n\n<p class=\"wp-block-paragraph\">Il <strong>caldo estremo e la prolungata siccit\u00e0<\/strong> che hanno colpito l\u2019Europa tra giugno e luglio non hanno messo sotto pressione solo le persone, ma anche la rete elettrica del continente.&nbsp;<\/p>\n\n\n\n<p class=\"wp-block-paragraph\">A fare il punto della situazione \u00e8 un recente <strong>rapporto di Ember<\/strong>, think tank indipendente specializzato nella transizione energetica. Lo studio analizza il comportamento dei sistemi energetici europei di fronte all\u2019ondata di calore, concentrandosi in particolare su quattro Paesi: <strong>Italia, Francia, Spagna e Ungheria<\/strong>.<\/p>\n\n\n\n<p class=\"wp-block-paragraph\">Paesi che hanno dovuto fare i conti con temperature che, in molti casi, hanno <strong>superato i 40 gradi<\/strong> e che hanno fatto aumentare la domanda di elettricit\u00e0, a causa di un uso intensivo di sistemi di raffrescamento. La <strong>domanda giornaliera di energia<\/strong> \u00e8 aumentata rispetto alla settimana precedente le ondate di calore (13-19 giugno):&nbsp;<\/p>\n\n\n\n<ul class=\"wp-block-list emoji_bullets emoji_hand_right\">\n<li>Fino al 28% in Italia;<\/li>\n\n\n\n<li>Al 23% in Ungheria;<\/li>\n\n\n\n<li>Al 14% in Francia;<\/li>\n\n\n\n<li>Al 13% in Spagna.<\/li>\n<\/ul>\n\n\n\n<p class=\"wp-block-paragraph\">Proprio le alte temperature, assieme alla prolungata siccit\u00e0 in gran parte del continente, hanno messo a dura prova il sistema energetico dell\u2019UE.<\/p>\n\n\n\n<p class=\"cta-box wp-block-paragraph\">La buona notizia \u00e8 che la rete ha tenuto e il merito va soprattutto al <a href=\"https:\/\/www.switcho.it\/blog\/luce-gas\/impianto-fotovoltaico\/\" target=\"_blank\" rel=\"noreferrer noopener\"><strong>fotovoltaico<\/strong><\/a>. Proprio nelle ore centrali della giornata, quando condizionatori e impianti di raffreddamento lavoravano a pieno regime spingendo i consumi alle stelle, l\u2019<strong>energia prodotta dal sole ha raggiunto livelli record<\/strong>.<\/p>\n\n\n\n<div style=\"height:20px\" aria-hidden=\"true\" class=\"wp-block-spacer\"><\/div>\n\n\n\n<p class=\"wp-block-paragraph\">Il report, per\u00f2, evidenzia un chiaro campanello d\u2019allarme: se di giorno il sole ci salva, la sera la rete va in sofferenza.<\/p>\n\n\n\n<h2 id=\"idroelettrico\" class=\"wp-block-heading\"><strong>La produzione idroelettrica raggiunge il livello pi\u00f9 basso degli ultimi 10 anni<\/strong><\/h2>\n\n\n\n<p class=\"wp-block-paragraph\">Le alte temperature hanno portato s\u00ec a un aumento della domanda, ma anche a una <strong>limitazione di altre fonti energetiche<\/strong> a causa delle condizioni ambientali. In particolare:&nbsp;<\/p>\n\n\n\n<ul class=\"wp-block-list emoji_bullets emoji_red_x\">\n<li><strong>L\u2019<\/strong><a href=\"https:\/\/www.switcho.it\/blog\/luce-gas\/energia-idroelettrica\/\" target=\"_blank\" rel=\"noreferrer noopener\"><strong>idroelettrico<\/strong><\/a> ha sofferto per i fiumi e i bacini a secco (la produzione UE \u00e8 scesa ai minimi da oltre un decennio);<\/li>\n\n\n\n<li><strong>Le centrali termoelettriche e nucleari<\/strong> hanno dovuto ridurre la produzione perch\u00e9 l&#8217;acqua dei fiumi era troppo calda per raffreddare gli impianti;<\/li>\n\n\n\n<li><strong>I cavi e i trasformatori elettrici<\/strong> hanno subito un calo di efficienza a causa delle altissime temperature ambientali.<\/li>\n<\/ul>\n\n\n\n<p class=\"wp-block-paragraph\">La combinazione di questi fattori ha scatenato un\u2019<strong>impennata dei costi dell\u2019energia<\/strong>. Tra la fine di giugno e i primi di luglio, in corrispondenza dei picchi di caldo, i prezzi all\u2019ingrosso sono schizzati verso l\u2019alto: rispetto alla settimana precedente, i prezzi medi giornalieri sono pi\u00f9 che raddoppiati in Ungheria (+119%), mentre hanno registrato rialzi consistenti in Francia (+44%), <strong>Italia (+13%)<\/strong> e Spagna (+7%).<\/p>\n\n\n\n<p class=\"wp-block-paragraph\">E i picchi di prezzo si sono verificati <strong>anche nelle prime ore serali<\/strong>. Il 24 giugno, i prezzi del mercato elettrico in Italia hanno raggiunto i <strong>285 \u20ac\/MWh<\/strong>, il valore pi\u00f9 alto in Italia dall\u2019inverno 2022\/23.&nbsp;<\/p>\n\n\n\n<h2 id=\"solare\" class=\"wp-block-heading\"><strong>Come l\u2019energia solare ha \u201csalvato\u201d l\u2019estate 2026 in Europa<\/strong><\/h2>\n\n\n\n<p class=\"wp-block-paragraph\">Il <strong>solare \u00e8 stata l\u2019unica grande fonte di energia a produrre pi\u00f9 del solito<\/strong>. Le giornate torride sono spesso accompagnate da cieli sereni e un\u2019elevata irradiazione. Nei mesi di giugno e luglio, il <strong>fotovoltaico ha coperto da solo il 25% dell\u2019intera produzione elettrica dell\u2019Unione Europea<\/strong> (52 TWh a giugno e 55 TWh a luglio, cifre mai viste prima).<\/p>\n\n\n\n<p class=\"wp-block-paragraph\">Durante i giorni di canicola, la <strong>produzione solare media \u00e8 salita del 17% in Francia e Ungheria e del 5% in Spagna rispetto ai giorni normali<\/strong>. Per dare un\u2019idea concreta di questa potenza, Ember ha calcolato che a giugno un normale impianto sul tetto di una casa produceva abbastanza energia da tenere acceso un condizionatore domestico per ben 5 ore consecutive.<\/p>\n\n\n\n<p class=\"wp-block-paragraph\">Insomma, durante il giorno l\u2019abbondanza di energia pulita ha permesso di contenere i costi dell\u2019elettricit\u00e0.&nbsp;<\/p>\n\n\n\n<h2 id=\"limiti\" class=\"wp-block-heading\"><strong>I limiti del fotovoltaico e la necessit\u00e0 di investimenti sui sistemi di accumulo<\/strong><\/h2>\n\n\n\n<p class=\"wp-block-paragraph\">Se durante le ore diurne il solare mostra la sua piena efficienza, <strong>il problema si sposta al tramonto<\/strong>. Nelle prime ore della sera, mentre il sole cala, le temperature rimangono molto alte e le persone rientrano a casa accendendo luci, elettrodomestici e impianti di aria condizionata.<\/p>\n\n\n\n<p class=\"wp-block-paragraph\">Per evitare che le estati roventi dei prossimi anni mettano in ginocchio il sistema elettrico ed economico europeo, il rapporto Ember indica i <a href=\"https:\/\/www.switcho.it\/blog\/luce-gas\/impianto-fotovoltaico-con-accumulo\/\" target=\"_blank\" rel=\"noreferrer noopener\"><strong>sistemi di accumulo<\/strong><\/a> (che permettono di immagazzinare l\u2019energia solare prodotta in eccesso per poi iniettarla in rete la sera, quando la domanda \u00e8 ancora alta) come la chiave per <strong>potenziare la flessibilit\u00e0 del sistema energetico.\u00a0<\/strong><\/p>\n\n\n\n<p class=\"wp-block-paragraph\">Come ha riassunto <strong>Chris Rosslowe<\/strong>, analista energetico di Ember:&nbsp;<\/p>\n\n\n\n<blockquote class=\"wp-block-quote is-layout-flow wp-block-quote-is-layout-flow\">\n<p class=\"wp-block-paragraph\"><em>\u201cIl solare sta gi\u00e0 facendo un lavoro enorme durante le ondate di calore, ma la vera sfida inizia dopo il tramonto. L\u2019<\/em><strong><em>accumulo di energia tramite batterie<\/em><\/strong><em> \u00e8 una delle soluzioni pi\u00f9 efficaci per rendere il sistema energetico europeo pi\u00f9 resiliente durante le estati pi\u00f9 calde.\u201d<\/em><\/p>\n<\/blockquote>\n\n\n\n<div style=\"height:20px\" aria-hidden=\"true\" class=\"wp-block-spacer\"><\/div>\n\n\n\n<figure class=\"wp-block-image size-full wp-block-hidden-mobile wp-block-hidden-tablet\"><a href=\"https:\/\/www.switcho.it\/servizi\/intro\/luce-gas?ref=cta-energy-low\"><img loading=\"lazy\" decoding=\"async\" width=\"1590\" height=\"610\" fetchpriority=\"auto\" src=\"https:\/\/www.switcho.it\/blog\/wp-content\/uploads\/2026\/07\/np-cta-energy-desktop-low.png\" alt=\"\" class=\"wp-image-166951\" srcset=\"https:\/\/www.switcho.it\/blog\/wp-content\/uploads\/2026\/07\/np-cta-energy-desktop-low.png 1590w, https:\/\/www.switcho.it\/blog\/wp-content\/uploads\/2026\/07\/np-cta-energy-desktop-low-1280x491.png 1280w, https:\/\/www.switcho.it\/blog\/wp-content\/uploads\/2026\/07\/np-cta-energy-desktop-low-980x376.png 980w, https:\/\/www.switcho.it\/blog\/wp-content\/uploads\/2026\/07\/np-cta-energy-desktop-low-480x184.png 480w\" sizes=\"(min-width: 0px) and (max-width: 480px) 480px, (min-width: 481px) and (max-width: 980px) 980px, (min-width: 981px) and (max-width: 1280px) 1280px, (min-width: 1281px) 1590px, 100vw\" \/><\/a><\/figure>\n\n\n\n<div style=\"height:20px\" aria-hidden=\"true\" class=\"wp-block-spacer wp-block-hidden-mobile wp-block-hidden-tablet\"><\/div>\n\n\n\n<figure class=\"wp-block-image size-large wp-block-hidden-desktop\"><a href=\"https:\/\/www.switcho.it\/servizi\/intro\/luce-gas?ref=cta-energy-low\"><img loading=\"lazy\" decoding=\"async\" width=\"1024\" height=\"552\" fetchpriority=\"auto\" src=\"https:\/\/www.switcho.it\/blog\/wp-content\/uploads\/2026\/07\/np-cta-energy-mobile-low-1024x552.png\" alt=\"\" class=\"wp-image-166957\" srcset=\"https:\/\/www.switcho.it\/blog\/wp-content\/uploads\/2026\/07\/np-cta-energy-mobile-low-1024x552.png 1024w, https:\/\/www.switcho.it\/blog\/wp-content\/uploads\/2026\/07\/np-cta-energy-mobile-low-980x528.png 980w, https:\/\/www.switcho.it\/blog\/wp-content\/uploads\/2026\/07\/np-cta-energy-mobile-low-480x259.png 480w\" sizes=\"(min-width: 0px) and (max-width: 480px) 480px, (min-width: 481px) and (max-width: 980px) 980px, (min-width: 981px) 1024px, 100vw\" \/><\/a><\/figure>\n\n\n\n<div style=\"height:20px\" aria-hidden=\"true\" class=\"wp-block-spacer\"><\/div>\n\n\n\n<div class=\"wp-block-divi-layout\">[et_pb_section fb_built=&#8221;1&#8243; disabled_on=&#8221;off|off|off&#8221; admin_label=&#8221;section&#8221; _builder_version=&#8221;4.19.2&#8243; custom_padding=&#8221;0px||0px||false|false&#8221; global_colors_info=&#8221;{}&#8221;][et_pb_row admin_label=&#8221;row&#8221; _builder_version=&#8221;4.19.1&#8243; background_size=&#8221;initial&#8221; background_position=&#8221;top_left&#8221; background_repeat=&#8221;repeat&#8221; width=&#8221;100%&#8221; max_height=&#8221;1000px&#8221; global_colors_info=&#8221;{}&#8221;][et_pb_column type=&#8221;4_4&#8243; _builder_version=&#8221;4.18.0&#8243; _module_preset=&#8221;default&#8221; global_colors_info=&#8221;{}&#8221;][et_pb_toggle title=&#8221;Fonti&#8221; open_toggle_background_color=&#8221;#F7F8FA&#8221; closed_toggle_text_color=&#8221;#2D3748&#8243; closed_toggle_background_color=&#8221;#f7f8fa&#8221; _builder_version=&#8221;4.27.8&#8243; _module_preset=&#8221;default&#8221; title_level=&#8221;h4&#8243; title_font=&#8221;||||||||&#8221; title_font_size=&#8221;18px&#8221; title_line_height=&#8221;1.7em&#8221; closed_title_font=&#8221;||||||||&#8221; closed_title_font_size=&#8221;18px&#8221; body_font=&#8221;||||||||&#8221; hover_enabled=&#8221;0&#8243; body_font_size_tablet=&#8221;16px&#8221; body_font_size_phone=&#8221;16px&#8221; body_font_size_last_edited=&#8221;on|phone&#8221; border_width_all=&#8221;0px&#8221; global_colors_info=&#8221;{}&#8221; sticky_enabled=&#8221;0&#8243;]<span>Caldo ed energia: il solare salva la rete, gas e nucleare in affanno, idroelettrico ai minimi | la Repubblica<\/span>\n<br><span><a href=\"https:\/\/www.repubblica.it\/green-and-blue\/2026\/08\/28\/news\/ondate_di_calore_energia_europa-425548010\/\" target=\"_blank\" rel=\"noreferrer noopener nofollow\">https:\/\/www.repubblica.it\/green-and-blue\/2026\/08\/28\/news\/ondate_di_calore_energia_europa-425548010\/<\/a><\/span>[\/et_pb_toggle][\/et_pb_column][\/et_pb_row][\/et_pb_section]<\/div>\n\n\n\n<div style=\"height:20px\" aria-hidden=\"true\" class=\"wp-block-spacer\"><\/div>\n","protected":false},"excerpt":{"rendered":"<p>L&#8217;energia solare ha evitato il blackout nei mesi pi\u00f9 caldi. Ecco i dati di Ember e le soluzioni per potenziare il sistema energetico europeo.<\/p>\n","protected":false},"author":26,"featured_media":171100,"comment_status":"closed","ping_status":"closed","sticky":false,"template":"","format":"standard","meta":{"_et_pb_use_builder":"off","_et_pb_old_content":"","_et_gb_content_width":"","_lmt_disableupdate":"","_lmt_disable":"","footnotes":""},"categories":[509],"tags":[403],"class_list":["post-171097","post","type-post","status-publish","format-standard","has-post-thumbnail","hentry","category-news-luce-gas","tag-news-luce-gas"],"yoast_head":"<!-- This site is optimized with the Yoast SEO plugin v28.3 - https:\/\/yoast.com\/product\/yoast-seo-wordpress\/ -->\n<title>Caldo e condizionatori, estate 2026 &quot;salvata&quot; dall&#039;energia solare - Switcho<\/title>\n<meta name=\"description\" content=\"L&#039;energia solare ha evitato il blackout nei mesi pi\u00f9 caldi. Ecco i dati di Ember e le soluzioni per potenziare il sistema energetico europeo.\" \/>\n<meta name=\"robots\" content=\"index, follow, max-snippet:-1, max-image-preview:large, max-video-preview:-1\" \/>\n<link rel=\"canonical\" href=\"https:\/\/www.switcho.it\/blog\/luce-gas\/energia-solare-estate-2026\/\" \/>\n<meta property=\"og:locale\" content=\"it_IT\" \/>\n<meta property=\"og:type\" content=\"article\" \/>\n<meta property=\"og:title\" content=\"Caldo e condizionatori, estate 2026 &quot;salvata&quot; dall&#039;energia solare\" \/>\n<meta property=\"og:description\" content=\"L&#039;energia solare ha evitato il blackout nei mesi pi\u00f9 caldi. Ecco i dati di Ember e le soluzioni per potenziare il sistema energetico europeo.\" \/>\n<meta property=\"og:url\" content=\"https:\/\/www.switcho.it\/blog\/luce-gas\/energia-solare-estate-2026\/\" \/>\n<meta property=\"og:site_name\" content=\"Switcho\" \/>\n<meta property=\"article:published_time\" content=\"2026-09-01T13:36:18+00:00\" \/>\n<meta property=\"article:modified_time\" content=\"2026-09-01T13:36:20+00:00\" \/>\n<meta property=\"og:image\" content=\"https:\/\/www.switcho.it\/blog\/wp-content\/uploads\/2026\/09\/energia-solare-estate-2026.png\" \/>\n\t<meta property=\"og:image:width\" content=\"1200\" \/>\n\t<meta property=\"og:image:height\" content=\"800\" \/>\n\t<meta property=\"og:image:type\" content=\"image\/png\" \/>\n<meta name=\"author\" content=\"Redi Vyshka\" \/>\n<meta name=\"twitter:card\" content=\"summary_large_image\" \/>\n<meta name=\"twitter:title\" content=\"Caldo e condizionatori, estate 2026 &quot;salvata&quot; dall&#039;energia solare\" \/>\n<meta name=\"twitter:description\" content=\"L&#039;energia solare ha evitato il blackout nei mesi pi\u00f9 caldi. Ecco i dati di Ember e le soluzioni per potenziare il sistema energetico europeo.\" \/>\n<meta name=\"twitter:image\" content=\"https:\/\/www.switcho.it\/blog\/wp-content\/uploads\/2026\/09\/energia-solare-estate-2026.png\" \/>\n<meta name=\"twitter:label1\" content=\"Scritto da\" \/>\n\t<meta name=\"twitter:data1\" content=\"Redi Vyshka\" \/>\n\t<meta name=\"twitter:label2\" content=\"Tempo di lettura stimato\" \/>\n\t<meta name=\"twitter:data2\" content=\"6 minuti\" \/>\n<script type=\"application\/ld+json\" class=\"yoast-schema-graph\">{\"@context\":\"https:\\\/\\\/schema.org\",\"@graph\":[{\"@type\":\"Article\",\"@id\":\"https:\\\/\\\/www.switcho.it\\\/blog\\\/luce-gas\\\/energia-solare-estate-2026\\\/#article\",\"isPartOf\":{\"@id\":\"https:\\\/\\\/www.switcho.it\\\/blog\\\/luce-gas\\\/energia-solare-estate-2026\\\/\"},\"author\":{\"name\":\"Redi Vyshka\",\"@id\":\"https:\\\/\\\/www.switcho.it\\\/blog\\\/#\\\/schema\\\/person\\\/0ded3a7e3f8a1379815652dba2c813b5\"},\"headline\":\"Caldo e condizionatori, estate 2026 &#8220;salvata&#8221; dall&#8217;energia solare\",\"datePublished\":\"2026-09-01T13:36:18+00:00\",\"dateModified\":\"2026-09-01T13:36:20+00:00\",\"mainEntityOfPage\":{\"@id\":\"https:\\\/\\\/www.switcho.it\\\/blog\\\/luce-gas\\\/energia-solare-estate-2026\\\/\"},\"wordCount\":1049,\"publisher\":{\"@id\":\"https:\\\/\\\/www.switcho.it\\\/blog\\\/#organization\"},\"image\":{\"@id\":\"https:\\\/\\\/www.switcho.it\\\/blog\\\/luce-gas\\\/energia-solare-estate-2026\\\/#primaryimage\"},\"thumbnailUrl\":\"https:\\\/\\\/www.switcho.it\\\/blog\\\/wp-content\\\/uploads\\\/2026\\\/09\\\/energia-solare-estate-2026.png\",\"keywords\":[\"news luce e gas\"],\"articleSection\":[\"News luce e gas\"],\"inLanguage\":\"it-IT\"},{\"@type\":\"WebPage\",\"@id\":\"https:\\\/\\\/www.switcho.it\\\/blog\\\/luce-gas\\\/energia-solare-estate-2026\\\/\",\"url\":\"https:\\\/\\\/www.switcho.it\\\/blog\\\/luce-gas\\\/energia-solare-estate-2026\\\/\",\"name\":\"Caldo e condizionatori, estate 2026 \\\"salvata\\\" dall'energia solare - Switcho\",\"isPartOf\":{\"@id\":\"https:\\\/\\\/www.switcho.it\\\/blog\\\/#website\"},\"primaryImageOfPage\":{\"@id\":\"https:\\\/\\\/www.switcho.it\\\/blog\\\/luce-gas\\\/energia-solare-estate-2026\\\/#primaryimage\"},\"image\":{\"@id\":\"https:\\\/\\\/www.switcho.it\\\/blog\\\/luce-gas\\\/energia-solare-estate-2026\\\/#primaryimage\"},\"thumbnailUrl\":\"https:\\\/\\\/www.switcho.it\\\/blog\\\/wp-content\\\/uploads\\\/2026\\\/09\\\/energia-solare-estate-2026.png\",\"datePublished\":\"2026-09-01T13:36:18+00:00\",\"dateModified\":\"2026-09-01T13:36:20+00:00\",\"description\":\"L'energia solare ha evitato il blackout nei mesi pi\u00f9 caldi. Ecco i dati di Ember e le soluzioni per potenziare il sistema energetico europeo.\",\"breadcrumb\":{\"@id\":\"https:\\\/\\\/www.switcho.it\\\/blog\\\/luce-gas\\\/energia-solare-estate-2026\\\/#breadcrumb\"},\"inLanguage\":\"it-IT\",\"potentialAction\":[{\"@type\":\"ReadAction\",\"target\":[\"https:\\\/\\\/www.switcho.it\\\/blog\\\/luce-gas\\\/energia-solare-estate-2026\\\/\"]}]},{\"@type\":\"ImageObject\",\"inLanguage\":\"it-IT\",\"@id\":\"https:\\\/\\\/www.switcho.it\\\/blog\\\/luce-gas\\\/energia-solare-estate-2026\\\/#primaryimage\",\"url\":\"https:\\\/\\\/www.switcho.it\\\/blog\\\/wp-content\\\/uploads\\\/2026\\\/09\\\/energia-solare-estate-2026.png\",\"contentUrl\":\"https:\\\/\\\/www.switcho.it\\\/blog\\\/wp-content\\\/uploads\\\/2026\\\/09\\\/energia-solare-estate-2026.png\",\"width\":1200,\"height\":800,\"caption\":\"energia solare estate 2026\"},{\"@type\":\"BreadcrumbList\",\"@id\":\"https:\\\/\\\/www.switcho.it\\\/blog\\\/luce-gas\\\/energia-solare-estate-2026\\\/#breadcrumb\",\"itemListElement\":[{\"@type\":\"ListItem\",\"position\":1,\"name\":\"Home\",\"item\":\"https:\\\/\\\/www.switcho.it\\\/blog\\\/\"},{\"@type\":\"ListItem\",\"position\":2,\"name\":\"Luce e Gas\",\"item\":\"https:\\\/\\\/www.switcho.it\\\/blog\\\/luce-gas\\\/\"},{\"@type\":\"ListItem\",\"position\":3,\"name\":\"News luce e gas\",\"item\":\"https:\\\/\\\/www.switcho.it\\\/blog\\\/luce-gas\\\/news-luce-gas\\\/\"},{\"@type\":\"ListItem\",\"position\":4,\"name\":\"Caldo e condizionatori, estate 2026 &#8220;salvata&#8221; dall&#8217;energia solare\"}]},{\"@type\":\"WebSite\",\"@id\":\"https:\\\/\\\/www.switcho.it\\\/blog\\\/#website\",\"url\":\"https:\\\/\\\/www.switcho.it\\\/blog\\\/\",\"name\":\"Switcho\",\"description\":\"Il blog semplice, per davvero.\",\"publisher\":{\"@id\":\"https:\\\/\\\/www.switcho.it\\\/blog\\\/#organization\"},\"potentialAction\":[{\"@type\":\"SearchAction\",\"target\":{\"@type\":\"EntryPoint\",\"urlTemplate\":\"https:\\\/\\\/www.switcho.it\\\/blog\\\/?s={search_term_string}\"},\"query-input\":{\"@type\":\"PropertyValueSpecification\",\"valueRequired\":true,\"valueName\":\"search_term_string\"}}],\"inLanguage\":\"it-IT\"},{\"@type\":\"Organization\",\"@id\":\"https:\\\/\\\/www.switcho.it\\\/blog\\\/#organization\",\"name\":\"Switcho\",\"url\":\"https:\\\/\\\/www.switcho.it\\\/blog\\\/\",\"logo\":{\"@type\":\"ImageObject\",\"inLanguage\":\"it-IT\",\"@id\":\"https:\\\/\\\/www.switcho.it\\\/blog\\\/#\\\/schema\\\/logo\\\/image\\\/\",\"url\":\"https:\\\/\\\/www.switcho.it\\\/blog\\\/wp-content\\\/uploads\\\/2021\\\/03\\\/Switcho-Logotype-Green.png\",\"contentUrl\":\"https:\\\/\\\/www.switcho.it\\\/blog\\\/wp-content\\\/uploads\\\/2021\\\/03\\\/Switcho-Logotype-Green.png\",\"width\":1507,\"height\":597,\"caption\":\"Switcho\"},\"image\":{\"@id\":\"https:\\\/\\\/www.switcho.it\\\/blog\\\/#\\\/schema\\\/logo\\\/image\\\/\"}},{\"@type\":\"Person\",\"@id\":\"https:\\\/\\\/www.switcho.it\\\/blog\\\/#\\\/schema\\\/person\\\/0ded3a7e3f8a1379815652dba2c813b5\",\"name\":\"Redi Vyshka\",\"image\":{\"@type\":\"ImageObject\",\"inLanguage\":\"it-IT\",\"@id\":\"https:\\\/\\\/secure.gravatar.com\\\/avatar\\\/ec58c8b79072f95e408bc3acbd2af80bf47fb27de3effe029126423d57d13d49?s=96&d=mm&r=g\",\"url\":\"https:\\\/\\\/secure.gravatar.com\\\/avatar\\\/ec58c8b79072f95e408bc3acbd2af80bf47fb27de3effe029126423d57d13d49?s=96&d=mm&r=g\",\"contentUrl\":\"https:\\\/\\\/secure.gravatar.com\\\/avatar\\\/ec58c8b79072f95e408bc3acbd2af80bf47fb27de3effe029126423d57d13d49?s=96&d=mm&r=g\",\"caption\":\"Redi Vyshka\"},\"description\":\"COO e co-fondatore di Switcho, esperto nei campi della consulenza manageriale e della finanza aziendale, Redi ha contribuito nel 2019 alla progettazione e al lancio del primo servizio in Italia che, con pochi clic, consente di analizzare le proprie spese di casa e di trovare le opportunit\u00e0 personalizzate di risparmio, dimenticandosi la burocrazia. Dalla nascita di Switcho, Redi prende parte a numerosi eventi su startup e settore energetico, grazie alla sua competenza pluriennale nel mercato delle forniture di gas e luce e nelle soluzioni per ridurre i costi in bolletta. Leggi tutti i suoi articoli e seguilo su LinkedIn.\",\"sameAs\":[\"http:\\\/\\\/blog.switcho.net\"],\"url\":\"https:\\\/\\\/www.switcho.it\\\/blog\\\/author\\\/redi-vyshka\\\/\"}]}<\/script>\n<!-- \/ Yoast SEO plugin. -->","yoast_head_json":{"title":"Caldo e condizionatori, estate 2026 \"salvata\" dall'energia solare - Switcho","description":"L'energia solare ha evitato il blackout nei mesi pi\u00f9 caldi. Ecco i dati di Ember e le soluzioni per potenziare il sistema energetico europeo.","robots":{"index":"index","follow":"follow","max-snippet":"max-snippet:-1","max-image-preview":"max-image-preview:large","max-video-preview":"max-video-preview:-1"},"canonical":"https:\/\/www.switcho.it\/blog\/luce-gas\/energia-solare-estate-2026\/","og_locale":"it_IT","og_type":"article","og_title":"Caldo e condizionatori, estate 2026 \"salvata\" dall'energia solare","og_description":"L'energia solare ha evitato il blackout nei mesi pi\u00f9 caldi. Ecco i dati di Ember e le soluzioni per potenziare il sistema energetico europeo.","og_url":"https:\/\/www.switcho.it\/blog\/luce-gas\/energia-solare-estate-2026\/","og_site_name":"Switcho","article_published_time":"2026-09-01T13:36:18+00:00","article_modified_time":"2026-09-01T13:36:20+00:00","og_image":[{"width":1200,"height":800,"url":"https:\/\/www.switcho.it\/blog\/wp-content\/uploads\/2026\/09\/energia-solare-estate-2026.png","type":"image\/png"}],"author":"Redi Vyshka","twitter_card":"summary_large_image","twitter_title":"Caldo e condizionatori, estate 2026 \"salvata\" dall'energia solare","twitter_description":"L'energia solare ha evitato il blackout nei mesi pi\u00f9 caldi. Ecco i dati di Ember e le soluzioni per potenziare il sistema energetico europeo.","twitter_image":"https:\/\/www.switcho.it\/blog\/wp-content\/uploads\/2026\/09\/energia-solare-estate-2026.png","twitter_misc":{"Scritto da":"Redi Vyshka","Tempo di lettura stimato":"6 minuti"},"schema":{"@context":"https:\/\/schema.org","@graph":[{"@type":"Article","@id":"https:\/\/www.switcho.it\/blog\/luce-gas\/energia-solare-estate-2026\/#article","isPartOf":{"@id":"https:\/\/www.switcho.it\/blog\/luce-gas\/energia-solare-estate-2026\/"},"author":{"name":"Redi Vyshka","@id":"https:\/\/www.switcho.it\/blog\/#\/schema\/person\/0ded3a7e3f8a1379815652dba2c813b5"},"headline":"Caldo e condizionatori, estate 2026 &#8220;salvata&#8221; dall&#8217;energia solare","datePublished":"2026-09-01T13:36:18+00:00","dateModified":"2026-09-01T13:36:20+00:00","mainEntityOfPage":{"@id":"https:\/\/www.switcho.it\/blog\/luce-gas\/energia-solare-estate-2026\/"},"wordCount":1049,"publisher":{"@id":"https:\/\/www.switcho.it\/blog\/#organization"},"image":{"@id":"https:\/\/www.switcho.it\/blog\/luce-gas\/energia-solare-estate-2026\/#primaryimage"},"thumbnailUrl":"https:\/\/www.switcho.it\/blog\/wp-content\/uploads\/2026\/09\/energia-solare-estate-2026.png","keywords":["news luce e gas"],"articleSection":["News luce e gas"],"inLanguage":"it-IT"},{"@type":"WebPage","@id":"https:\/\/www.switcho.it\/blog\/luce-gas\/energia-solare-estate-2026\/","url":"https:\/\/www.switcho.it\/blog\/luce-gas\/energia-solare-estate-2026\/","name":"Caldo e condizionatori, estate 2026 \"salvata\" dall'energia solare - Switcho","isPartOf":{"@id":"https:\/\/www.switcho.it\/blog\/#website"},"primaryImageOfPage":{"@id":"https:\/\/www.switcho.it\/blog\/luce-gas\/energia-solare-estate-2026\/#primaryimage"},"image":{"@id":"https:\/\/www.switcho.it\/blog\/luce-gas\/energia-solare-estate-2026\/#primaryimage"},"thumbnailUrl":"https:\/\/www.switcho.it\/blog\/wp-content\/uploads\/2026\/09\/energia-solare-estate-2026.png","datePublished":"2026-09-01T13:36:18+00:00","dateModified":"2026-09-01T13:36:20+00:00","description":"L'energia solare ha evitato il blackout nei mesi pi\u00f9 caldi. Ecco i dati di Ember e le soluzioni per potenziare il sistema energetico europeo.","breadcrumb":{"@id":"https:\/\/www.switcho.it\/blog\/luce-gas\/energia-solare-estate-2026\/#breadcrumb"},"inLanguage":"it-IT","potentialAction":[{"@type":"ReadAction","target":["https:\/\/www.switcho.it\/blog\/luce-gas\/energia-solare-estate-2026\/"]}]},{"@type":"ImageObject","inLanguage":"it-IT","@id":"https:\/\/www.switcho.it\/blog\/luce-gas\/energia-solare-estate-2026\/#primaryimage","url":"https:\/\/www.switcho.it\/blog\/wp-content\/uploads\/2026\/09\/energia-solare-estate-2026.png","contentUrl":"https:\/\/www.switcho.it\/blog\/wp-content\/uploads\/2026\/09\/energia-solare-estate-2026.png","width":1200,"height":800,"caption":"energia solare estate 2026"},{"@type":"BreadcrumbList","@id":"https:\/\/www.switcho.it\/blog\/luce-gas\/energia-solare-estate-2026\/#breadcrumb","itemListElement":[{"@type":"ListItem","position":1,"name":"Home","item":"https:\/\/www.switcho.it\/blog\/"},{"@type":"ListItem","position":2,"name":"Luce e Gas","item":"https:\/\/www.switcho.it\/blog\/luce-gas\/"},{"@type":"ListItem","position":3,"name":"News luce e gas","item":"https:\/\/www.switcho.it\/blog\/luce-gas\/news-luce-gas\/"},{"@type":"ListItem","position":4,"name":"Caldo e condizionatori, estate 2026 &#8220;salvata&#8221; dall&#8217;energia solare"}]},{"@type":"WebSite","@id":"https:\/\/www.switcho.it\/blog\/#website","url":"https:\/\/www.switcho.it\/blog\/","name":"Switcho","description":"Il blog semplice, per davvero.","publisher":{"@id":"https:\/\/www.switcho.it\/blog\/#organization"},"potentialAction":[{"@type":"SearchAction","target":{"@type":"EntryPoint","urlTemplate":"https:\/\/www.switcho.it\/blog\/?s={search_term_string}"},"query-input":{"@type":"PropertyValueSpecification","valueRequired":true,"valueName":"search_term_string"}}],"inLanguage":"it-IT"},{"@type":"Organization","@id":"https:\/\/www.switcho.it\/blog\/#organization","name":"Switcho","url":"https:\/\/www.switcho.it\/blog\/","logo":{"@type":"ImageObject","inLanguage":"it-IT","@id":"https:\/\/www.switcho.it\/blog\/#\/schema\/logo\/image\/","url":"https:\/\/www.switcho.it\/blog\/wp-content\/uploads\/2021\/03\/Switcho-Logotype-Green.png","contentUrl":"https:\/\/www.switcho.it\/blog\/wp-content\/uploads\/2021\/03\/Switcho-Logotype-Green.png","width":1507,"height":597,"caption":"Switcho"},"image":{"@id":"https:\/\/www.switcho.it\/blog\/#\/schema\/logo\/image\/"}},{"@type":"Person","@id":"https:\/\/www.switcho.it\/blog\/#\/schema\/person\/0ded3a7e3f8a1379815652dba2c813b5","name":"Redi Vyshka","image":{"@type":"ImageObject","inLanguage":"it-IT","@id":"https:\/\/secure.gravatar.com\/avatar\/ec58c8b79072f95e408bc3acbd2af80bf47fb27de3effe029126423d57d13d49?s=96&d=mm&r=g","url":"https:\/\/secure.gravatar.com\/avatar\/ec58c8b79072f95e408bc3acbd2af80bf47fb27de3effe029126423d57d13d49?s=96&d=mm&r=g","contentUrl":"https:\/\/secure.gravatar.com\/avatar\/ec58c8b79072f95e408bc3acbd2af80bf47fb27de3effe029126423d57d13d49?s=96&d=mm&r=g","caption":"Redi Vyshka"},"description":"COO e co-fondatore di Switcho, esperto nei campi della consulenza manageriale e della finanza aziendale, Redi ha contribuito nel 2019 alla progettazione e al lancio del primo servizio in Italia che, con pochi clic, consente di analizzare le proprie spese di casa e di trovare le opportunit\u00e0 personalizzate di risparmio, dimenticandosi la burocrazia. Dalla nascita di Switcho, Redi prende parte a numerosi eventi su startup e settore energetico, grazie alla sua competenza pluriennale nel mercato delle forniture di gas e luce e nelle soluzioni per ridurre i costi in bolletta. Leggi tutti i suoi articoli e seguilo su LinkedIn.","sameAs":["http:\/\/blog.switcho.net"],"url":"https:\/\/www.switcho.it\/blog\/author\/redi-vyshka\/"}]}},"modified_by":"Eleonora Francese","_links":{"self":[{"href":"https:\/\/www.switcho.it\/blog\/wp-json\/wp\/v2\/posts\/171097","targetHints":{"allow":["GET"]}}],"collection":[{"href":"https:\/\/www.switcho.it\/blog\/wp-json\/wp\/v2\/posts"}],"about":[{"href":"https:\/\/www.switcho.it\/blog\/wp-json\/wp\/v2\/types\/post"}],"author":[{"embeddable":true,"href":"https:\/\/www.switcho.it\/blog\/wp-json\/wp\/v2\/users\/26"}],"replies":[{"embeddable":true,"href":"https:\/\/www.switcho.it\/blog\/wp-json\/wp\/v2\/comments?post=171097"}],"version-history":[{"count":4,"href":"https:\/\/www.switcho.it\/blog\/wp-json\/wp\/v2\/posts\/171097\/revisions"}],"predecessor-version":[{"id":171127,"href":"https:\/\/www.switcho.it\/blog\/wp-json\/wp\/v2\/posts\/171097\/revisions\/171127"}],"wp:featuredmedia":[{"embeddable":true,"href":"https:\/\/www.switcho.it\/blog\/wp-json\/wp\/v2\/media\/171100"}],"wp:attachment":[{"href":"https:\/\/www.switcho.it\/blog\/wp-json\/wp\/v2\/media?parent=171097"}],"wp:term":[{"taxonomy":"category","embeddable":true,"href":"https:\/\/www.switcho.it\/blog\/wp-json\/wp\/v2\/categories?post=171097"},{"taxonomy":"post_tag","embeddable":true,"href":"https:\/\/www.switcho.it\/blog\/wp-json\/wp\/v2\/tags?post=171097"}],"curies":[{"name":"wp","href":"https:\/\/api.w.org\/{rel}","templated":true}]}}