{"id":170845,"date":"2026-08-31T10:16:26","date_gmt":"2026-08-31T10:16:26","guid":{"rendered":"https:\/\/www.switcho.it\/blog\/?p=170845"},"modified":"2026-08-31T10:16:46","modified_gmt":"2026-08-31T10:16:46","slug":"prezzi-luce-gas-crescita-30-anni","status":"publish","type":"post","link":"https:\/\/www.switcho.it\/blog\/luce-gas\/prezzi-luce-gas-crescita-30-anni\/","title":{"rendered":"Prezzi luce e gas, in Italia crescita del +211% in 30 anni"},"content":{"rendered":"\n<p class=\"has-medium-font-size wp-block-paragraph\"><em>I prezzi dell\u2019energia sono aumentati del 211% nel periodo 1995-2026. L\u2019analisi di Confcommercio evidenzia come, nonostante i progressi tecnologici e la riduzione degli sprechi da parte dei consumatori abbiano tagliato i consumi e contenuto l\u2019impatto complessivo sulle tasche delle famiglie, la voce energetica resti un macigno. Un paradosso economico dove l\u2019efficienza ammortizza il colpo, ma i rincari continuano a soffocare il potere d\u2019acquisto.<\/em><\/p>\n\n\n\n<div style=\"height:20px\" aria-hidden=\"true\" class=\"wp-block-spacer\"><\/div>\n\n\n\n<figure class=\"wp-block-image size-full wp-block-hidden-mobile wp-block-hidden-tablet\"><a href=\"https:\/\/www.switcho.it\/servizi\/intro\/luce-gas?ref=cta-energy-top\"><img loading=\"lazy\" decoding=\"async\" width=\"1590\" height=\"610\" fetchpriority=\"auto\" src=\"https:\/\/www.switcho.it\/blog\/wp-content\/uploads\/2026\/07\/np-cta-energy-desktop-top.png\" alt=\"\" class=\"wp-image-166954\" srcset=\"https:\/\/www.switcho.it\/blog\/wp-content\/uploads\/2026\/07\/np-cta-energy-desktop-top.png 1590w, https:\/\/www.switcho.it\/blog\/wp-content\/uploads\/2026\/07\/np-cta-energy-desktop-top-1280x491.png 1280w, https:\/\/www.switcho.it\/blog\/wp-content\/uploads\/2026\/07\/np-cta-energy-desktop-top-980x376.png 980w, https:\/\/www.switcho.it\/blog\/wp-content\/uploads\/2026\/07\/np-cta-energy-desktop-top-480x184.png 480w\" sizes=\"(min-width: 0px) and (max-width: 480px) 480px, (min-width: 481px) and (max-width: 980px) 980px, (min-width: 981px) and (max-width: 1280px) 1280px, (min-width: 1281px) 1590px, 100vw\" \/><\/a><\/figure>\n\n\n\n<div style=\"height:20px\" aria-hidden=\"true\" class=\"wp-block-spacer wp-block-hidden-mobile wp-block-hidden-tablet\"><\/div>\n\n\n\n<figure class=\"wp-block-image size-large wp-block-hidden-desktop\"><a href=\"https:\/\/www.switcho.it\/servizi\/intro\/luce-gas?ref=cta-energy-top\"><img loading=\"lazy\" decoding=\"async\" width=\"1024\" height=\"404\" fetchpriority=\"auto\" src=\"https:\/\/www.switcho.it\/blog\/wp-content\/uploads\/2026\/07\/np-cta-energy-mobile-top-1024x404.png\" alt=\"\" class=\"wp-image-166960\" srcset=\"https:\/\/www.switcho.it\/blog\/wp-content\/uploads\/2026\/07\/np-cta-energy-mobile-top-1024x404.png 1024w, https:\/\/www.switcho.it\/blog\/wp-content\/uploads\/2026\/07\/np-cta-energy-mobile-top-980x387.png 980w, https:\/\/www.switcho.it\/blog\/wp-content\/uploads\/2026\/07\/np-cta-energy-mobile-top-480x189.png 480w\" sizes=\"(min-width: 0px) and (max-width: 480px) 480px, (min-width: 481px) and (max-width: 980px) 980px, (min-width: 981px) 1024px, 100vw\" \/><\/a><\/figure>\n\n\n\n<div style=\"height:20px\" aria-hidden=\"true\" class=\"wp-block-spacer wp-block-hidden-desktop\"><\/div>\n\n\n\n<div style=\"height:20px\" aria-hidden=\"true\" class=\"wp-block-spacer\"><\/div>\n\n\n\n<p class=\"wp-block-paragraph\">Indice<\/p>\n\n\n\n<ul class=\"wp-block-list\">\n<li><a href=\"#spese-obbligate\">Spese obbligate e prezzi luce e gas: l\u2019analisi di Confcommercio<\/a><\/li>\n\n\n\n<li><a href=\"#prezzo-luce-gas\">Il prezzo di luce e gas cresce del +211% in 30 anni<\/a><\/li>\n\n\n\n<li><a href=\"#paradosso\">Il paradosso dell\u2019energia: maggiore efficienza, minori consumi, ma prezzi pi\u00f9 alti<\/a><\/li>\n<\/ul>\n\n\n\n<h2 id=\"spese-obbligate\" class=\"wp-block-heading\"><strong>Spese obbligate e prezzi luce e gas: l\u2019analisi di Confcommercio<\/strong><\/h2>\n\n\n\n<p class=\"wp-block-paragraph\">La nota di aggiornamento sulle spese obbligate diffusa da <strong>Confcommercio <\/strong>il 26 agosto traccia una mappa chiara delle pressioni economiche che gravano sui bilanci familiari.&nbsp;<\/p>\n\n\n\n<blockquote class=\"wp-block-quote is-layout-flow wp-block-quote-is-layout-flow\">\n<p class=\"wp-block-paragraph\">Lo studio rileva come le uscite abbiano progressivamente eroso le risorse del ceto medio, arrivando oggi a cannibalizzare una quota <strong>pari a quasi il 42% dei consumi totali delle famiglie<\/strong>, a fronte di una percentuale inferiore al 37% registrata trent\u2019anni fa.&nbsp;<\/p>\n<\/blockquote>\n\n\n\n<p class=\"wp-block-paragraph\">Uno slittamento, questo, che ha inevitabilmente ridotto i margini di manovra dedicati alle spese discrezionali. Insomma, oggi destiniamo una fetta sempre pi\u00f9 grande del nostro budget mensile alle <strong>fatture da pagare a fine mese<\/strong>, piuttosto che per viaggi, tempo libero o risparmio.<\/p>\n\n\n\n<p class=\"wp-block-paragraph\">Entrando nel dettaglio delle singole componenti pro capite, la voce maggiormente impattante si conferma quella legata all\u2019<strong>abitazione<\/strong>, che da sola prosciuga <strong>5.335 euro a persona<\/strong> su un totale di 9.693 euro. Segue quella relativa alla gestione di <strong>coperture assicurative e carburanti.&nbsp;<\/strong><\/p>\n\n\n\n<p class=\"wp-block-paragraph\">Subito dopo, <strong>energia elettrica, gas e combustibili<\/strong> incidono annualmente per <strong>1.829 euro a testa<\/strong>. Un panorama di costi rigidi che impone una riflessione mirata sui fattori che hanno guidato tali rincari.<\/p>\n\n\n\n<h2 id=\"prezzo-luce-gas\" class=\"wp-block-heading\"><strong>Il prezzo di luce e gas cresce del +211% in 30 anni<\/strong><\/h2>\n\n\n\n<p class=\"wp-block-paragraph\">Per quanto ormai ci si sia abituati a veder salire le bollette \u2013 colpite negli anni dalle scosse del Covid, del conflitto in Ucraina e dalle pi\u00f9 recenti tensioni in Medio Oriente \u2013 la rilevazione di Confcommercio fa riflettere.&nbsp;<\/p>\n\n\n\n<p class=\"wp-block-paragraph\">In linea generale, i listini dei beni a cui non possiamo rinunciare hanno viaggiato a una velocit\u00e0 nettamente superiore rispetto a quelli soggetti a libera scelta. <strong>Dal 1995 al 2026<\/strong>, infatti, i costi delle spese obbligate sono schizzati verso l\u2019alto del <strong>140,8%<\/strong>, a fronte di un aumento decisamente pi\u00f9 contenuto per i beni commercializzabili (+57,4%) e per i servizi discrezionali (+88,4%).&nbsp;<\/p>\n\n\n\n<blockquote class=\"wp-block-quote is-layout-flow wp-block-quote-is-layout-flow\">\n<p class=\"wp-block-paragraph\">Entrando per\u00f2 nello specifico delle <strong>forniture energetiche domestiche<\/strong>, il quadro si fa ancora pi\u00f9 critico: negli ultimi trent\u2019anni i prezzi di luce e gas hanno registrato un vero e proprio <strong>rincaro record del +211%.<\/strong><\/p>\n<\/blockquote>\n\n\n\n<h2 id=\"paradosso\" class=\"wp-block-heading\"><strong>Il paradosso dell\u2019energia: maggiore efficienza, minori consumi, ma prezzi pi\u00f9 alti<\/strong><\/h2>\n\n\n\n<p class=\"wp-block-paragraph\">Secondo l\u2019analisi di Confcommercio, la <strong>spesa annua pro capite per luce e gas si \u00e8 ridotta di 1.231 euro dal 1995 a oggi<\/strong>. Ma come \u00e8 possibile questo calo di fronte a un\u2019impennata dei listini superiore al 200%?<\/p>\n\n\n\n<p class=\"wp-block-paragraph\">La risposta sta nel divario tra <strong>costo unitario e consumo effettivo<\/strong>. Da un lato, il prezzo della materia prima \u00e8 aumentato del 211% negli ultimi trent\u2019anni; dall\u2019altro, la spesa complessiva a persona \u00e8 scesa nel tempo per due motivi principali:<\/p>\n\n\n\n<ul class=\"wp-block-list emoji_bullets emoji_check_mark\">\n<li><strong>Progressi tecnologici ed efficienza<\/strong>, con l\u2019introduzione di elettrodomestici ad alta classe energetica, illuminazione a LED, <a href=\"https:\/\/www.switcho.it\/blog\/luce-gas\/caldaia-a-condensazione\/\" target=\"_blank\" rel=\"noreferrer noopener\">caldaie a condensazione<\/a> e isolamenti come il <a href=\"https:\/\/www.switcho.it\/blog\/trasloco\/cappotto-termico-esterno\/\" target=\"_blank\" rel=\"noreferrer noopener\">cappotto termico<\/a> che hanno ridotto il fabbisogno quotidiano;<\/li>\n\n\n\n<li><strong>Risposta dei consumatori<\/strong> che, di fronte alle tariffe alle stelle, hanno tagliato gli sprechi e ridotto le ore di utilizzo di riscaldamento e condizionatori.<\/li>\n<\/ul>\n\n\n\n<p class=\"wp-block-paragraph\">Consumando molta meno energia, il <strong>totale speso a fine anno risulta inferiore rispetto a trent\u2019anni fa<\/strong>. Il problema evidenziato dai dati di Confcommercio \u00e8 per\u00f2 evidente: senza la stangata sulle tariffe unitarie, i <strong>progressi tecnologici ci avrebbero garantito bollette molto pi\u00f9 basse<\/strong>. I rincari, invece, si sono divorati gran parte del risparmio ottenuto.<\/p>\n\n\n\n<p class=\"wp-block-paragraph\">Ci\u00f2 non toglie che <strong>confrontare le offerte luce e gas<\/strong> per individuare quella pi\u00f9 in linea con le proprie esigenze sia un ottimo modo per risparmiare sulla spesa per energia e gas. Farlo, per\u00f2, non \u00e8 sempre semplice.<\/p>\n\n\n\n<p class=\"cta-box wp-block-paragraph\">Per questo <a href=\"https:\/\/www.switcho.it\/servizi\/intro\/luce-gas\"><strong>noi di Switcho<\/strong><\/a> ti aiutiamo a trovare le soluzioni pi\u00f9 adatte a te: tu carichi la bolletta e noi individuiamo solo le <a href=\"https:\/\/www.switcho.it\/risorse\/luce-gas\/\" target=\"_blank\" rel=\"noreferrer noopener\"><strong>offerte luce e gas<\/strong><\/a> pi\u00f9 convenienti. In pochi clic e gratis.<\/p>\n\n\n\n<div style=\"height:50px\" aria-hidden=\"true\" class=\"wp-block-spacer\"><\/div>\n\n\n\n<figure class=\"wp-block-image size-full wp-block-hidden-mobile wp-block-hidden-tablet\"><a href=\"https:\/\/www.switcho.it\/servizi\/intro\/luce-gas?ref=cta-energy-low\"><img loading=\"lazy\" decoding=\"async\" width=\"1590\" height=\"610\" fetchpriority=\"auto\" src=\"https:\/\/www.switcho.it\/blog\/wp-content\/uploads\/2026\/07\/np-cta-energy-desktop-low.png\" alt=\"\" class=\"wp-image-166951\" srcset=\"https:\/\/www.switcho.it\/blog\/wp-content\/uploads\/2026\/07\/np-cta-energy-desktop-low.png 1590w, https:\/\/www.switcho.it\/blog\/wp-content\/uploads\/2026\/07\/np-cta-energy-desktop-low-1280x491.png 1280w, https:\/\/www.switcho.it\/blog\/wp-content\/uploads\/2026\/07\/np-cta-energy-desktop-low-980x376.png 980w, https:\/\/www.switcho.it\/blog\/wp-content\/uploads\/2026\/07\/np-cta-energy-desktop-low-480x184.png 480w\" sizes=\"(min-width: 0px) and (max-width: 480px) 480px, (min-width: 481px) and (max-width: 980px) 980px, (min-width: 981px) and (max-width: 1280px) 1280px, (min-width: 1281px) 1590px, 100vw\" \/><\/a><\/figure>\n\n\n\n<div style=\"height:20px\" aria-hidden=\"true\" class=\"wp-block-spacer wp-block-hidden-mobile wp-block-hidden-tablet\"><\/div>\n\n\n\n<figure class=\"wp-block-image size-large wp-block-hidden-desktop\"><a href=\"https:\/\/www.switcho.it\/servizi\/intro\/luce-gas?ref=cta-energy-low\"><img loading=\"lazy\" decoding=\"async\" width=\"1024\" height=\"552\" fetchpriority=\"auto\" src=\"https:\/\/www.switcho.it\/blog\/wp-content\/uploads\/2026\/07\/np-cta-energy-mobile-low-1024x552.png\" alt=\"\" class=\"wp-image-166957\" srcset=\"https:\/\/www.switcho.it\/blog\/wp-content\/uploads\/2026\/07\/np-cta-energy-mobile-low-1024x552.png 1024w, https:\/\/www.switcho.it\/blog\/wp-content\/uploads\/2026\/07\/np-cta-energy-mobile-low-980x528.png 980w, https:\/\/www.switcho.it\/blog\/wp-content\/uploads\/2026\/07\/np-cta-energy-mobile-low-480x259.png 480w\" sizes=\"(min-width: 0px) and (max-width: 480px) 480px, (min-width: 481px) and (max-width: 980px) 980px, (min-width: 981px) 1024px, 100vw\" \/><\/a><\/figure>\n","protected":false},"excerpt":{"rendered":"<p>I prezzi luce e gas sono aumentati del 211% in 30 anni, nonostante la riduzione della spesa nello stesso periodo. Ecco perch\u00e9.<\/p>\n","protected":false},"author":23,"featured_media":170848,"comment_status":"closed","ping_status":"closed","sticky":false,"template":"","format":"standard","meta":{"_et_pb_use_builder":"off","_et_pb_old_content":"","_et_gb_content_width":"","_lmt_disableupdate":"","_lmt_disable":"","footnotes":""},"categories":[509],"tags":[403],"class_list":["post-170845","post","type-post","status-publish","format-standard","has-post-thumbnail","hentry","category-news-luce-gas","tag-news-luce-gas"],"yoast_head":"<!-- This site is optimized with the Yoast SEO plugin v28.3 - https:\/\/yoast.com\/product\/yoast-seo-wordpress\/ -->\n<title>Prezzi luce e gas, in Italia crescita del +211% in 30 anni - Switcho<\/title>\n<meta name=\"description\" content=\"I prezzi luce e gas sono aumentati del 211% in 30 anni, nonostante la riduzione della spesa nello stesso periodo. Ecco perch\u00e9.\" \/>\n<meta name=\"robots\" content=\"index, follow, max-snippet:-1, max-image-preview:large, max-video-preview:-1\" \/>\n<link rel=\"canonical\" href=\"https:\/\/www.switcho.it\/blog\/luce-gas\/prezzi-luce-gas-crescita-30-anni\/\" \/>\n<meta property=\"og:locale\" content=\"it_IT\" \/>\n<meta property=\"og:type\" content=\"article\" \/>\n<meta property=\"og:title\" content=\"Prezzi luce e gas, in Italia crescita del +211% in 30 anni\" \/>\n<meta property=\"og:description\" content=\"I prezzi luce e gas sono aumentati del 211% in 30 anni, nonostante la riduzione della spesa nello stesso periodo. Ecco perch\u00e9.\" \/>\n<meta property=\"og:url\" content=\"https:\/\/www.switcho.it\/blog\/luce-gas\/prezzi-luce-gas-crescita-30-anni\/\" \/>\n<meta property=\"og:site_name\" content=\"Switcho\" \/>\n<meta property=\"article:published_time\" content=\"2026-08-31T10:16:26+00:00\" \/>\n<meta property=\"article:modified_time\" content=\"2026-08-31T10:16:46+00:00\" \/>\n<meta property=\"og:image\" content=\"https:\/\/www.switcho.it\/blog\/wp-content\/uploads\/2026\/08\/prezzi-luce-e-gas-crescita-30-anni.png\" \/>\n\t<meta property=\"og:image:width\" content=\"1200\" \/>\n\t<meta property=\"og:image:height\" content=\"800\" \/>\n\t<meta property=\"og:image:type\" content=\"image\/png\" \/>\n<meta name=\"author\" content=\"Marco Tricarico\" \/>\n<meta name=\"twitter:card\" content=\"summary_large_image\" \/>\n<meta name=\"twitter:title\" content=\"Prezzi luce e gas, in Italia crescita del +211% in 30 anni\" \/>\n<meta name=\"twitter:description\" content=\"I prezzi luce e gas sono aumentati del 211% in 30 anni, nonostante la riduzione della spesa nello stesso periodo. Ecco perch\u00e9.\" \/>\n<meta name=\"twitter:image\" content=\"https:\/\/www.switcho.it\/blog\/wp-content\/uploads\/2026\/08\/prezzi-luce-e-gas-crescita-30-anni.png\" \/>\n<meta name=\"twitter:label1\" content=\"Scritto da\" \/>\n\t<meta name=\"twitter:data1\" content=\"Marco Tricarico\" \/>\n\t<meta name=\"twitter:label2\" content=\"Tempo di lettura stimato\" \/>\n\t<meta name=\"twitter:data2\" content=\"5 minuti\" \/>\n<script type=\"application\/ld+json\" class=\"yoast-schema-graph\">{\"@context\":\"https:\\\/\\\/schema.org\",\"@graph\":[{\"@type\":\"Article\",\"@id\":\"https:\\\/\\\/www.switcho.it\\\/blog\\\/luce-gas\\\/prezzi-luce-gas-crescita-30-anni\\\/#article\",\"isPartOf\":{\"@id\":\"https:\\\/\\\/www.switcho.it\\\/blog\\\/luce-gas\\\/prezzi-luce-gas-crescita-30-anni\\\/\"},\"author\":{\"name\":\"Marco Tricarico\",\"@id\":\"https:\\\/\\\/www.switcho.it\\\/blog\\\/#\\\/schema\\\/person\\\/4a59c480dfc019823d29714bd644a488\"},\"headline\":\"Prezzi luce e gas, in Italia crescita del +211% in 30 anni\",\"datePublished\":\"2026-08-31T10:16:26+00:00\",\"dateModified\":\"2026-08-31T10:16:46+00:00\",\"mainEntityOfPage\":{\"@id\":\"https:\\\/\\\/www.switcho.it\\\/blog\\\/luce-gas\\\/prezzi-luce-gas-crescita-30-anni\\\/\"},\"wordCount\":707,\"publisher\":{\"@id\":\"https:\\\/\\\/www.switcho.it\\\/blog\\\/#organization\"},\"image\":{\"@id\":\"https:\\\/\\\/www.switcho.it\\\/blog\\\/luce-gas\\\/prezzi-luce-gas-crescita-30-anni\\\/#primaryimage\"},\"thumbnailUrl\":\"https:\\\/\\\/www.switcho.it\\\/blog\\\/wp-content\\\/uploads\\\/2026\\\/08\\\/prezzi-luce-e-gas-crescita-30-anni.png\",\"keywords\":[\"news luce e gas\"],\"articleSection\":[\"News luce e gas\"],\"inLanguage\":\"it-IT\"},{\"@type\":\"WebPage\",\"@id\":\"https:\\\/\\\/www.switcho.it\\\/blog\\\/luce-gas\\\/prezzi-luce-gas-crescita-30-anni\\\/\",\"url\":\"https:\\\/\\\/www.switcho.it\\\/blog\\\/luce-gas\\\/prezzi-luce-gas-crescita-30-anni\\\/\",\"name\":\"Prezzi luce e gas, in Italia crescita del +211% in 30 anni - Switcho\",\"isPartOf\":{\"@id\":\"https:\\\/\\\/www.switcho.it\\\/blog\\\/#website\"},\"primaryImageOfPage\":{\"@id\":\"https:\\\/\\\/www.switcho.it\\\/blog\\\/luce-gas\\\/prezzi-luce-gas-crescita-30-anni\\\/#primaryimage\"},\"image\":{\"@id\":\"https:\\\/\\\/www.switcho.it\\\/blog\\\/luce-gas\\\/prezzi-luce-gas-crescita-30-anni\\\/#primaryimage\"},\"thumbnailUrl\":\"https:\\\/\\\/www.switcho.it\\\/blog\\\/wp-content\\\/uploads\\\/2026\\\/08\\\/prezzi-luce-e-gas-crescita-30-anni.png\",\"datePublished\":\"2026-08-31T10:16:26+00:00\",\"dateModified\":\"2026-08-31T10:16:46+00:00\",\"description\":\"I prezzi luce e gas sono aumentati del 211% in 30 anni, nonostante la riduzione della spesa nello stesso periodo. Ecco perch\u00e9.\",\"breadcrumb\":{\"@id\":\"https:\\\/\\\/www.switcho.it\\\/blog\\\/luce-gas\\\/prezzi-luce-gas-crescita-30-anni\\\/#breadcrumb\"},\"inLanguage\":\"it-IT\",\"potentialAction\":[{\"@type\":\"ReadAction\",\"target\":[\"https:\\\/\\\/www.switcho.it\\\/blog\\\/luce-gas\\\/prezzi-luce-gas-crescita-30-anni\\\/\"]}]},{\"@type\":\"ImageObject\",\"inLanguage\":\"it-IT\",\"@id\":\"https:\\\/\\\/www.switcho.it\\\/blog\\\/luce-gas\\\/prezzi-luce-gas-crescita-30-anni\\\/#primaryimage\",\"url\":\"https:\\\/\\\/www.switcho.it\\\/blog\\\/wp-content\\\/uploads\\\/2026\\\/08\\\/prezzi-luce-e-gas-crescita-30-anni.png\",\"contentUrl\":\"https:\\\/\\\/www.switcho.it\\\/blog\\\/wp-content\\\/uploads\\\/2026\\\/08\\\/prezzi-luce-e-gas-crescita-30-anni.png\",\"width\":1200,\"height\":800,\"caption\":\"prezzi luce e gas crescita 30 anni\"},{\"@type\":\"BreadcrumbList\",\"@id\":\"https:\\\/\\\/www.switcho.it\\\/blog\\\/luce-gas\\\/prezzi-luce-gas-crescita-30-anni\\\/#breadcrumb\",\"itemListElement\":[{\"@type\":\"ListItem\",\"position\":1,\"name\":\"Home\",\"item\":\"https:\\\/\\\/www.switcho.it\\\/blog\\\/\"},{\"@type\":\"ListItem\",\"position\":2,\"name\":\"Luce e Gas\",\"item\":\"https:\\\/\\\/www.switcho.it\\\/blog\\\/luce-gas\\\/\"},{\"@type\":\"ListItem\",\"position\":3,\"name\":\"News luce e gas\",\"item\":\"https:\\\/\\\/www.switcho.it\\\/blog\\\/luce-gas\\\/news-luce-gas\\\/\"},{\"@type\":\"ListItem\",\"position\":4,\"name\":\"Prezzi luce e gas, in Italia crescita del +211% in 30 anni\"}]},{\"@type\":\"WebSite\",\"@id\":\"https:\\\/\\\/www.switcho.it\\\/blog\\\/#website\",\"url\":\"https:\\\/\\\/www.switcho.it\\\/blog\\\/\",\"name\":\"Switcho\",\"description\":\"Il blog semplice, per davvero.\",\"publisher\":{\"@id\":\"https:\\\/\\\/www.switcho.it\\\/blog\\\/#organization\"},\"potentialAction\":[{\"@type\":\"SearchAction\",\"target\":{\"@type\":\"EntryPoint\",\"urlTemplate\":\"https:\\\/\\\/www.switcho.it\\\/blog\\\/?s={search_term_string}\"},\"query-input\":{\"@type\":\"PropertyValueSpecification\",\"valueRequired\":true,\"valueName\":\"search_term_string\"}}],\"inLanguage\":\"it-IT\"},{\"@type\":\"Organization\",\"@id\":\"https:\\\/\\\/www.switcho.it\\\/blog\\\/#organization\",\"name\":\"Switcho\",\"url\":\"https:\\\/\\\/www.switcho.it\\\/blog\\\/\",\"logo\":{\"@type\":\"ImageObject\",\"inLanguage\":\"it-IT\",\"@id\":\"https:\\\/\\\/www.switcho.it\\\/blog\\\/#\\\/schema\\\/logo\\\/image\\\/\",\"url\":\"https:\\\/\\\/www.switcho.it\\\/blog\\\/wp-content\\\/uploads\\\/2021\\\/03\\\/Switcho-Logotype-Green.png\",\"contentUrl\":\"https:\\\/\\\/www.switcho.it\\\/blog\\\/wp-content\\\/uploads\\\/2021\\\/03\\\/Switcho-Logotype-Green.png\",\"width\":1507,\"height\":597,\"caption\":\"Switcho\"},\"image\":{\"@id\":\"https:\\\/\\\/www.switcho.it\\\/blog\\\/#\\\/schema\\\/logo\\\/image\\\/\"}},{\"@type\":\"Person\",\"@id\":\"https:\\\/\\\/www.switcho.it\\\/blog\\\/#\\\/schema\\\/person\\\/4a59c480dfc019823d29714bd644a488\",\"name\":\"Marco Tricarico\",\"image\":{\"@type\":\"ImageObject\",\"inLanguage\":\"it-IT\",\"@id\":\"https:\\\/\\\/secure.gravatar.com\\\/avatar\\\/9a8a5d0321dce5e64611bac7a181edfc33d850ac6202cd0adaab2ece13fbcd6a?s=96&d=mm&r=g\",\"url\":\"https:\\\/\\\/secure.gravatar.com\\\/avatar\\\/9a8a5d0321dce5e64611bac7a181edfc33d850ac6202cd0adaab2ece13fbcd6a?s=96&d=mm&r=g\",\"contentUrl\":\"https:\\\/\\\/secure.gravatar.com\\\/avatar\\\/9a8a5d0321dce5e64611bac7a181edfc33d850ac6202cd0adaab2ece13fbcd6a?s=96&d=mm&r=g\",\"caption\":\"Marco Tricarico\"},\"description\":\"CEO e co-fondatore di Switcho, appassionato di startup e mondo digitale ed esperto di finanza aziendale e consulenza strategica, nel 2019 Marco ha deciso di lanciare un servizio innovativo che offrisse una soluzione di risparmio pratica e realmente imparziale sulle bollette di famiglie e aziende. Dalla nascita di Switcho, Marco partecipa a svariati eventi e rilascia interviste sui temi delle spese domestiche e del settore energetico, parlando delle ultime tendenze nei costi di gas ed elettricit\u00e0 e delle migliori opportunit\u00e0 per tutelarsi dai rincari. Leggi tutti i suoi articoli e seguilo su LinkedIn.\",\"sameAs\":[\"https:\\\/\\\/blog.switcho.net\"],\"url\":\"https:\\\/\\\/www.switcho.it\\\/blog\\\/author\\\/marco-tricarico\\\/\"}]}<\/script>\n<!-- \/ Yoast SEO plugin. -->","yoast_head_json":{"title":"Prezzi luce e gas, in Italia crescita del +211% in 30 anni - Switcho","description":"I prezzi luce e gas sono aumentati del 211% in 30 anni, nonostante la riduzione della spesa nello stesso periodo. Ecco perch\u00e9.","robots":{"index":"index","follow":"follow","max-snippet":"max-snippet:-1","max-image-preview":"max-image-preview:large","max-video-preview":"max-video-preview:-1"},"canonical":"https:\/\/www.switcho.it\/blog\/luce-gas\/prezzi-luce-gas-crescita-30-anni\/","og_locale":"it_IT","og_type":"article","og_title":"Prezzi luce e gas, in Italia crescita del +211% in 30 anni","og_description":"I prezzi luce e gas sono aumentati del 211% in 30 anni, nonostante la riduzione della spesa nello stesso periodo. Ecco perch\u00e9.","og_url":"https:\/\/www.switcho.it\/blog\/luce-gas\/prezzi-luce-gas-crescita-30-anni\/","og_site_name":"Switcho","article_published_time":"2026-08-31T10:16:26+00:00","article_modified_time":"2026-08-31T10:16:46+00:00","og_image":[{"width":1200,"height":800,"url":"https:\/\/www.switcho.it\/blog\/wp-content\/uploads\/2026\/08\/prezzi-luce-e-gas-crescita-30-anni.png","type":"image\/png"}],"author":"Marco Tricarico","twitter_card":"summary_large_image","twitter_title":"Prezzi luce e gas, in Italia crescita del +211% in 30 anni","twitter_description":"I prezzi luce e gas sono aumentati del 211% in 30 anni, nonostante la riduzione della spesa nello stesso periodo. Ecco perch\u00e9.","twitter_image":"https:\/\/www.switcho.it\/blog\/wp-content\/uploads\/2026\/08\/prezzi-luce-e-gas-crescita-30-anni.png","twitter_misc":{"Scritto da":"Marco Tricarico","Tempo di lettura stimato":"5 minuti"},"schema":{"@context":"https:\/\/schema.org","@graph":[{"@type":"Article","@id":"https:\/\/www.switcho.it\/blog\/luce-gas\/prezzi-luce-gas-crescita-30-anni\/#article","isPartOf":{"@id":"https:\/\/www.switcho.it\/blog\/luce-gas\/prezzi-luce-gas-crescita-30-anni\/"},"author":{"name":"Marco Tricarico","@id":"https:\/\/www.switcho.it\/blog\/#\/schema\/person\/4a59c480dfc019823d29714bd644a488"},"headline":"Prezzi luce e gas, in Italia crescita del +211% in 30 anni","datePublished":"2026-08-31T10:16:26+00:00","dateModified":"2026-08-31T10:16:46+00:00","mainEntityOfPage":{"@id":"https:\/\/www.switcho.it\/blog\/luce-gas\/prezzi-luce-gas-crescita-30-anni\/"},"wordCount":707,"publisher":{"@id":"https:\/\/www.switcho.it\/blog\/#organization"},"image":{"@id":"https:\/\/www.switcho.it\/blog\/luce-gas\/prezzi-luce-gas-crescita-30-anni\/#primaryimage"},"thumbnailUrl":"https:\/\/www.switcho.it\/blog\/wp-content\/uploads\/2026\/08\/prezzi-luce-e-gas-crescita-30-anni.png","keywords":["news luce e gas"],"articleSection":["News luce e gas"],"inLanguage":"it-IT"},{"@type":"WebPage","@id":"https:\/\/www.switcho.it\/blog\/luce-gas\/prezzi-luce-gas-crescita-30-anni\/","url":"https:\/\/www.switcho.it\/blog\/luce-gas\/prezzi-luce-gas-crescita-30-anni\/","name":"Prezzi luce e gas, in Italia crescita del +211% in 30 anni - Switcho","isPartOf":{"@id":"https:\/\/www.switcho.it\/blog\/#website"},"primaryImageOfPage":{"@id":"https:\/\/www.switcho.it\/blog\/luce-gas\/prezzi-luce-gas-crescita-30-anni\/#primaryimage"},"image":{"@id":"https:\/\/www.switcho.it\/blog\/luce-gas\/prezzi-luce-gas-crescita-30-anni\/#primaryimage"},"thumbnailUrl":"https:\/\/www.switcho.it\/blog\/wp-content\/uploads\/2026\/08\/prezzi-luce-e-gas-crescita-30-anni.png","datePublished":"2026-08-31T10:16:26+00:00","dateModified":"2026-08-31T10:16:46+00:00","description":"I prezzi luce e gas sono aumentati del 211% in 30 anni, nonostante la riduzione della spesa nello stesso periodo. Ecco perch\u00e9.","breadcrumb":{"@id":"https:\/\/www.switcho.it\/blog\/luce-gas\/prezzi-luce-gas-crescita-30-anni\/#breadcrumb"},"inLanguage":"it-IT","potentialAction":[{"@type":"ReadAction","target":["https:\/\/www.switcho.it\/blog\/luce-gas\/prezzi-luce-gas-crescita-30-anni\/"]}]},{"@type":"ImageObject","inLanguage":"it-IT","@id":"https:\/\/www.switcho.it\/blog\/luce-gas\/prezzi-luce-gas-crescita-30-anni\/#primaryimage","url":"https:\/\/www.switcho.it\/blog\/wp-content\/uploads\/2026\/08\/prezzi-luce-e-gas-crescita-30-anni.png","contentUrl":"https:\/\/www.switcho.it\/blog\/wp-content\/uploads\/2026\/08\/prezzi-luce-e-gas-crescita-30-anni.png","width":1200,"height":800,"caption":"prezzi luce e gas crescita 30 anni"},{"@type":"BreadcrumbList","@id":"https:\/\/www.switcho.it\/blog\/luce-gas\/prezzi-luce-gas-crescita-30-anni\/#breadcrumb","itemListElement":[{"@type":"ListItem","position":1,"name":"Home","item":"https:\/\/www.switcho.it\/blog\/"},{"@type":"ListItem","position":2,"name":"Luce e Gas","item":"https:\/\/www.switcho.it\/blog\/luce-gas\/"},{"@type":"ListItem","position":3,"name":"News luce e gas","item":"https:\/\/www.switcho.it\/blog\/luce-gas\/news-luce-gas\/"},{"@type":"ListItem","position":4,"name":"Prezzi luce e gas, in Italia crescita del +211% in 30 anni"}]},{"@type":"WebSite","@id":"https:\/\/www.switcho.it\/blog\/#website","url":"https:\/\/www.switcho.it\/blog\/","name":"Switcho","description":"Il blog semplice, per davvero.","publisher":{"@id":"https:\/\/www.switcho.it\/blog\/#organization"},"potentialAction":[{"@type":"SearchAction","target":{"@type":"EntryPoint","urlTemplate":"https:\/\/www.switcho.it\/blog\/?s={search_term_string}"},"query-input":{"@type":"PropertyValueSpecification","valueRequired":true,"valueName":"search_term_string"}}],"inLanguage":"it-IT"},{"@type":"Organization","@id":"https:\/\/www.switcho.it\/blog\/#organization","name":"Switcho","url":"https:\/\/www.switcho.it\/blog\/","logo":{"@type":"ImageObject","inLanguage":"it-IT","@id":"https:\/\/www.switcho.it\/blog\/#\/schema\/logo\/image\/","url":"https:\/\/www.switcho.it\/blog\/wp-content\/uploads\/2021\/03\/Switcho-Logotype-Green.png","contentUrl":"https:\/\/www.switcho.it\/blog\/wp-content\/uploads\/2021\/03\/Switcho-Logotype-Green.png","width":1507,"height":597,"caption":"Switcho"},"image":{"@id":"https:\/\/www.switcho.it\/blog\/#\/schema\/logo\/image\/"}},{"@type":"Person","@id":"https:\/\/www.switcho.it\/blog\/#\/schema\/person\/4a59c480dfc019823d29714bd644a488","name":"Marco Tricarico","image":{"@type":"ImageObject","inLanguage":"it-IT","@id":"https:\/\/secure.gravatar.com\/avatar\/9a8a5d0321dce5e64611bac7a181edfc33d850ac6202cd0adaab2ece13fbcd6a?s=96&d=mm&r=g","url":"https:\/\/secure.gravatar.com\/avatar\/9a8a5d0321dce5e64611bac7a181edfc33d850ac6202cd0adaab2ece13fbcd6a?s=96&d=mm&r=g","contentUrl":"https:\/\/secure.gravatar.com\/avatar\/9a8a5d0321dce5e64611bac7a181edfc33d850ac6202cd0adaab2ece13fbcd6a?s=96&d=mm&r=g","caption":"Marco Tricarico"},"description":"CEO e co-fondatore di Switcho, appassionato di startup e mondo digitale ed esperto di finanza aziendale e consulenza strategica, nel 2019 Marco ha deciso di lanciare un servizio innovativo che offrisse una soluzione di risparmio pratica e realmente imparziale sulle bollette di famiglie e aziende. Dalla nascita di Switcho, Marco partecipa a svariati eventi e rilascia interviste sui temi delle spese domestiche e del settore energetico, parlando delle ultime tendenze nei costi di gas ed elettricit\u00e0 e delle migliori opportunit\u00e0 per tutelarsi dai rincari. Leggi tutti i suoi articoli e seguilo su LinkedIn.","sameAs":["https:\/\/blog.switcho.net"],"url":"https:\/\/www.switcho.it\/blog\/author\/marco-tricarico\/"}]}},"modified_by":"Eleonora Francese","_links":{"self":[{"href":"https:\/\/www.switcho.it\/blog\/wp-json\/wp\/v2\/posts\/170845","targetHints":{"allow":["GET"]}}],"collection":[{"href":"https:\/\/www.switcho.it\/blog\/wp-json\/wp\/v2\/posts"}],"about":[{"href":"https:\/\/www.switcho.it\/blog\/wp-json\/wp\/v2\/types\/post"}],"author":[{"embeddable":true,"href":"https:\/\/www.switcho.it\/blog\/wp-json\/wp\/v2\/users\/23"}],"replies":[{"embeddable":true,"href":"https:\/\/www.switcho.it\/blog\/wp-json\/wp\/v2\/comments?post=170845"}],"version-history":[{"count":5,"href":"https:\/\/www.switcho.it\/blog\/wp-json\/wp\/v2\/posts\/170845\/revisions"}],"predecessor-version":[{"id":170869,"href":"https:\/\/www.switcho.it\/blog\/wp-json\/wp\/v2\/posts\/170845\/revisions\/170869"}],"wp:featuredmedia":[{"embeddable":true,"href":"https:\/\/www.switcho.it\/blog\/wp-json\/wp\/v2\/media\/170848"}],"wp:attachment":[{"href":"https:\/\/www.switcho.it\/blog\/wp-json\/wp\/v2\/media?parent=170845"}],"wp:term":[{"taxonomy":"category","embeddable":true,"href":"https:\/\/www.switcho.it\/blog\/wp-json\/wp\/v2\/categories?post=170845"},{"taxonomy":"post_tag","embeddable":true,"href":"https:\/\/www.switcho.it\/blog\/wp-json\/wp\/v2\/tags?post=170845"}],"curies":[{"name":"wp","href":"https:\/\/api.w.org\/{rel}","templated":true}]}}