{"id":157881,"date":"2026-04-29T13:46:09","date_gmt":"2026-04-29T13:46:09","guid":{"rendered":"https:\/\/www.switcho.it\/blog\/?p=157881"},"modified":"2026-04-29T13:46:10","modified_gmt":"2026-04-29T13:46:10","slug":"fondo-nazionale-connettivita-bando-700-milioni","status":"publish","type":"post","link":"https:\/\/www.switcho.it\/blog\/internet-casa\/fondo-nazionale-connettivita-bando-700-milioni\/","title":{"rendered":"Fondo nazionale connettivit\u00e0, nuovo bando da pi\u00f9 di 700 milioni"},"content":{"rendered":"\n<p class=\"has-medium-font-size\"><em>Al via il bando da oltre 700 milioni per il Fondo nazionale per la connettivit\u00e0 che mira a potenziare le infrastrutture di rete a banda ultralarga in Italia. I dettagli del bando, ma anche alcune criticit\u00e0, tra tempi ristretti e la necessit\u00e0 di completare vecchi piani.<\/em><\/p>\n\n\n\n<div style=\"height:20px\" aria-hidden=\"true\" class=\"wp-block-spacer\"><\/div>\n\n\n\n<p>Indice<\/p>\n\n\n\n<ul class=\"wp-block-list\">\n<li><a href=\"#bando\">Al via il bando per il Fondo nazionale connettivit\u00e0: come funziona<\/a><\/li>\n\n\n\n<li><a href=\"#ritardi\">Dai ritardi del Piano 1 Giga al nuovo Fondo connettivit\u00e0<\/a><\/li>\n\n\n\n<li><a href=\"#tempistiche\">Fondo nazionale per la connettivit\u00e0: le tempistiche<\/a><\/li>\n\n\n\n<li><a href=\"#digital\">FNC e Digital Networks Act: strategie parallele o divergenti?<\/a><\/li>\n<\/ul>\n\n\n\n<div class=\"wp-block-divi-layout\">[et_pb_section fb_built=&#8221;1&#8243; disabled_on=&#8221;off|off|off&#8221; admin_label=&#8221;section&#8221; _builder_version=&#8221;4.27.5&#8243; width=&#8221;100%&#8221; custom_margin=&#8221;||25px||false|false&#8221; custom_margin_tablet=&#8221;20px||40px||false|false&#8221; custom_margin_phone=&#8221;20px||40px||false|false&#8221; custom_margin_last_edited=&#8221;on|desktop&#8221; custom_padding=&#8221;||||false|false&#8221; hover_enabled=&#8221;0&#8243; locked=&#8221;off&#8221; global_colors_info=&#8221;{}&#8221; sticky_enabled=&#8221;0&#8243;][et_pb_row admin_label=&#8221;row&#8221; _builder_version=&#8221;4.27.5&#8243; background_size=&#8221;initial&#8221; background_position=&#8221;top_left&#8221; background_repeat=&#8221;repeat&#8221; width=&#8221;100%&#8221; width_tablet=&#8221;100%&#8221; width_phone=&#8221;100%&#8221; width_last_edited=&#8221;off|desktop&#8221; custom_margin=&#8221;0px||0px||false|false&#8221; custom_padding=&#8221;0px||0px||false|false&#8221; custom_css_main_element=&#8221;width: 100% !important;&#8221; global_colors_info=&#8221;{}&#8221;][et_pb_column type=&#8221;4_4&#8243; _builder_version=&#8221;4.27.5&#8243; _module_preset=&#8221;default&#8221; custom_padding=&#8221;0px||0px||false|false&#8221; global_colors_info=&#8221;{}&#8221;][et_pb_image src=&#8221;https:\/\/www.switcho.it\/blog\/wp-content\/uploads\/2026\/02\/cta-internet-top-desktop-hi-res.png&#8221; alt=&#8221;Attiva la migliore offerta internet&#8221; title_text=&#8221;risparmia sulle bollette con switcho&#8221; url=&#8221;https:\/\/www.switcho.it\/servizi\/intro\/internet?ref=cta-internet-top&#8221; align=&#8221;center&#8221; force_fullwidth=&#8221;on&#8221; src_tablet=&#8221;https:\/\/www.switcho.it\/blog\/wp-content\/uploads\/2024\/07\/internet-cta-mobile-top-small.png&#8221; src_phone=&#8221;https:\/\/www.switcho.it\/blog\/wp-content\/uploads\/2024\/07\/internet-cta-mobile-top-small.png&#8221; src_last_edited=&#8221;on|phone&#8221; _builder_version=&#8221;4.27.5&#8243; _module_preset=&#8221;default&#8221; custom_margin=&#8221;0px||0px||false|false&#8221; custom_padding=&#8221;0px||0px||false|false&#8221; custom_css_free_form=&#8221;selector img {||  box-shadow: none;||  border: 1px solid #d0cdd7;||  border-radius: 20px;||}&#8221; border_radii=&#8221;on|20px|20px|20px|20px&#8221; border_color_all=&#8221;#d0cdd7&#8243; global_colors_info=&#8221;{}&#8221;][\/et_pb_image][\/et_pb_column][\/et_pb_row][\/et_pb_section]<\/div>\n\n\n\n<h2 class=\"wp-block-heading\" id=\"bando\"><strong>Al via il bando per il Fondo nazionale connettivit\u00e0: come funziona<\/strong><\/h2>\n\n\n\n<p>Con il <a href=\"https:\/\/innovazione.gov.it\/notizie\/comunicati-stampa\/fondo-nazionale-per-la-connettivita-al-via-il-bando-da-oltre-700-milioni-per-la-banda-ultralarga\/\" target=\"_blank\" rel=\"noreferrer noopener\">comunicato<\/a> del 13 aprile, viene dato il via al <strong>bando per il Fondo nazionale per la connettivit\u00e0<\/strong>. Dopo la <a href=\"https:\/\/www.switcho.it\/blog\/internet-casa\/fibra-ultralarga-accordo\/\">sigla dell\u2019accordo attuativo<\/a> da parte del Dipartimento per la trasformazione digitale e Invitalia, arrivano i dettagli sul bando che persegue l\u2019obiettivo di incentivare gli investimenti privati nel settore delle telecomunicazioni per la realizzazione di reti fisse ad alte prestazioni.\u00a0<\/p>\n\n\n\n<p>L\u2019intervento \u00e8 suddiviso in <strong>7 lotti geografici<\/strong> distribuiti sull\u2019intero territorio nazionale e si concentra su un perimetro di circa <strong>1,8 milioni di indirizzi<\/strong> individuati attraverso le attivit\u00e0 di mappatura, con l\u2019obiettivo di estendere la copertura anche nelle zone meno servite.&nbsp;<\/p>\n\n\n\n<p>Il meccanismo \u00e8 quello del cofinanziamento. Lo Stato, infatti, mette a disposizione <strong>contributi che possono coprire fino al 70% dei costi ammissibili<\/strong>, mentre la restante quota resta a carico degli operatori, chiamati a presentare progetti solidi anche sotto il profilo economico-finanziario.&nbsp;<\/p>\n\n\n\n<p>Possono partecipare <strong>imprese del settore delle telecomunicazioni<\/strong>, sia singolarmente sia in forma aggregata, che propongano piani di investimento coerenti con i requisiti tecnici previsti dal bando.&nbsp;<\/p>\n\n\n\n<p>I progetti dovranno garantire livelli minimi di qualit\u00e0 del servizio, tra cui velocit\u00e0 di almeno:<\/p>\n\n\n\n<ul class=\"wp-block-list emoji_bullets emoji_right_arrow\">\n<li>1 Gbit\/s in download<\/li>\n\n\n\n<li>200 Mbit\/s in upload<\/li>\n<\/ul>\n\n\n\n<p>Le infrastrutture realizzate dovranno essere completate <strong>entro il 30 giugno 2030<\/strong>, con l\u2019obiettivo di accelerare la diffusione di reti fisse ad alta capacit\u00e0 e ridurre il divario digitale nel Paese.<\/p>\n\n\n\n<h2 class=\"wp-block-heading\" id=\"ritardi\"><strong>Dai ritardi del Piano 1 Giga al nuovo Fondo connettivit\u00e0<\/strong><\/h2>\n\n\n\n<p>Accanto all\u2019obiettivo di stimolare nuovi investimenti, il <strong>Fondo nazionale per la connettivit\u00e0<\/strong> si inserisce anche nel solco del completamento del <strong>Piano Italia 1 Giga<\/strong>, nato per portare connessioni ultraveloci in tutto il Paese entro il 30 giugno 2026.<\/p>\n\n\n\n<p>Quel piano, per\u00f2, <strong>non ha pienamente centrato i target iniziali<\/strong>. A fronte di oltre tre milioni di civici da collegare, circa 707.000 risultano ancora esclusi dagli interventi, molti dei quali coincidono proprio con le aree oggi interessate dal nuovo bando. In questo senso, il Fondo si configura come uno <strong>strumento correttivo<\/strong>, pensato per colmare i vuoti residui e garantire copertura anche nei territori rimasti indietro.&nbsp;<\/p>\n\n\n\n<p>Non a caso, nella presentazione dell\u2019iniziativa, il <strong>Sottosegretario all\u2019innovazione tecnologica Alessio Butti <\/strong>ha dichiarato:&nbsp;<\/p>\n\n\n\n<blockquote class=\"wp-block-quote is-layout-flow wp-block-quote-is-layout-flow\">\n<p>\u201cCon il Fondo Nazionale per la Connettivit\u00e0 interveniamo su una situazione complessa che abbiamo ereditato dai precedenti esecutivi, caratterizzata da <strong>ritardi, frammentazione e risorse non pienamente valorizzate<\/strong>.\u201d<\/p>\n<\/blockquote>\n\n\n\n<p>Il riferimento \u00e8 anche al <strong>recupero di fondi del PNRR<\/strong> e alla scelta di affidare l\u2019attuazione a Invitalia. Pi\u00f9 che una misura autonoma, dunque, il Fondo appare come un tassello aggiuntivo per accompagnare, e completare, una strategia gi\u00e0 avviata ma rimasta, almeno in parte, incompiuta.<\/p>\n\n\n\n<h2 class=\"wp-block-heading\" id=\"tempistiche\"><strong>Fondo nazionale per la connettivit\u00e0: le tempistiche<\/strong><\/h2>\n\n\n\n<p>Un altro elemento rilevante riguarda le tempistiche, che appaiono particolarmente stringenti. Le domande di partecipazione devono essere presentate <strong>entro le ore 15.00 dell\u201911 maggio 2026<\/strong>, lasciando quindi agli operatori meno di un mese per predisporre la propria candidatura.&nbsp;<\/p>\n\n\n\n<p>Un arco temporale ridotto, soprattutto se si considera la complessit\u00e0 richiesta (costruire un progetto articolato, che includa la <strong>pianificazione dettagliata degli interventi indirizzo per indirizzo<\/strong>, insieme a un piano economico-finanziario solido, credibile e adeguatamente validato).&nbsp;<\/p>\n\n\n\n<p>Anche sul fronte dell\u2019attuazione, i tempi restano serrati. Le infrastrutture dovranno, infatti, essere <strong>completate entro il 30 giugno 2030<\/strong>. Una scadenza che, pur coerente con gli obiettivi del PNRR, richiama inevitabilmente le difficolt\u00e0 gi\u00e0 emerse in altri programmi analoghi, come il Piano Italia 1 Giga, dove ritardi e complessit\u00e0 operative hanno inciso sul raggiungimento dei target.<\/p>\n\n\n\n<p>Insomma, il rispetto delle tempistiche rappresenta una sfida non secondaria, che richieder\u00e0 una <strong>gestione particolarmente efficiente<\/strong> sia da parte degli operatori coinvolti sia delle amministrazioni responsabili.<\/p>\n\n\n\n<h2 class=\"wp-block-heading\" id=\"digital\"><strong>FNC e Digital Networks Act: strategie parallele o divergenti?<\/strong><\/h2>\n\n\n\n<p>Un nodo pi\u00f9 sottile riguarda invece l\u2019<strong>allineamento tra il Fondo e il quadro europeo che si sta delineando<\/strong>. Il <a href=\"https:\/\/www.switcho.it\/blog\/internet-casa\/fibra-switch-off-rame-ue\/\"><strong>Digital Networks Act<\/strong><\/a>, presentato dalla Commissione a inizio 2026, \u00e8 infatti la proposta di regolamento che ridisegna le politiche europee sulle infrastrutture digitali e prevede, tra le altre cose, una <strong>progressiva dismissione delle reti in rame entro il prossimo decennio<\/strong>, per spingere verso tecnologie pi\u00f9 avanzate.&nbsp;<\/p>\n\n\n\n<p>Il bando italiano, al contrario, si muove nel principio della <strong>neutralit\u00e0 tecnologica<\/strong>, cio\u00e8 non impone una soluzione unica e consente agli operatori di scegliere anche il wireless, purch\u00e9 vengano rispettati requisiti tecnici rigorosi. \u00c8 una scelta comprensibile, soprattutto per accelerare gli interventi nelle aree pi\u00f9 difficili, ma che apre qualche interrogativo se la si guarda in prospettiva.&nbsp;<\/p>\n\n\n\n<p>Il rischio, infatti, \u00e8 che parte delle risorse venga destinata oggi a <strong>infrastrutture che potrebbero rivelarsi meno solide nel tempo<\/strong>, proprio mentre a livello europeo si spinge verso standard sempre pi\u00f9 elevati e verso il superamento definitivo del rame.<\/p>\n\n\n\n<p>Si potrebbe, dunque, creare una situazione in cui alcune aree passano da una tecnologia in via di dismissione a soluzioni che, pur utili nell\u2019immediato, potrebbero <strong>non garantire le stesse prestazioni nel lungo periodo<\/strong>.&nbsp;Una tensione, questa, che pur non invalidando l\u2019impianto del Fondo, ne evidenzia la natura di intervento anche \u201cponte\u201d: uno strumento che, nelle intenzioni, dovrebbe comunque contribuire a <strong>ridurre il divario esistente<\/strong> e ad avvicinare territori rimasti ai margini agli obiettivi della connettivit\u00e0 ad alta capacit\u00e0.<\/p>\n","protected":false},"excerpt":{"rendered":"<p>Al via il bando per il Fondo nazionale per la connettivit\u00e0. Gli obiettivi, i dettagli e le criticit\u00e0 del nuovo piano per la banda ultralarga.<\/p>\n","protected":false},"author":40,"featured_media":157884,"comment_status":"closed","ping_status":"closed","sticky":false,"template":"","format":"standard","meta":{"_et_pb_use_builder":"off","_et_pb_old_content":"","_et_gb_content_width":"","_lmt_disableupdate":"","_lmt_disable":"","footnotes":""},"categories":[512],"tags":[],"class_list":["post-157881","post","type-post","status-publish","format-standard","has-post-thumbnail","hentry","category-news-internet"],"yoast_head":"<!-- This site is optimized with the Yoast SEO plugin v27.5 - https:\/\/yoast.com\/product\/yoast-seo-wordpress\/ -->\n<title>Fondo nazionale connettivit\u00e0, nuovo bando da pi\u00f9 di 700 milioni - Switcho<\/title>\n<meta name=\"description\" content=\"Al via il bando per il Fondo nazionale per la connettivit\u00e0. Obiettivi, dettagli e criticit\u00e0 del nuovo piano per la banda ultralarga.\" \/>\n<meta name=\"robots\" content=\"index, follow, max-snippet:-1, max-image-preview:large, max-video-preview:-1\" \/>\n<link rel=\"canonical\" href=\"https:\/\/www.switcho.it\/blog\/internet-casa\/fondo-nazionale-connettivita-bando-700-milioni\/\" \/>\n<meta property=\"og:locale\" content=\"it_IT\" \/>\n<meta property=\"og:type\" content=\"article\" \/>\n<meta property=\"og:title\" content=\"Fondo nazionale connettivit\u00e0, nuovo bando da pi\u00f9 di 700 milioni\" \/>\n<meta property=\"og:description\" content=\"Al via il bando per il Fondo nazionale per la connettivit\u00e0. Obiettivi, dettagli e criticit\u00e0 del nuovo piano per la banda ultralarga.\" \/>\n<meta property=\"og:url\" content=\"https:\/\/www.switcho.it\/blog\/internet-casa\/fondo-nazionale-connettivita-bando-700-milioni\/\" \/>\n<meta property=\"og:site_name\" content=\"Switcho\" \/>\n<meta property=\"article:published_time\" content=\"2026-04-29T13:46:09+00:00\" \/>\n<meta property=\"article:modified_time\" content=\"2026-04-29T13:46:10+00:00\" \/>\n<meta property=\"og:image\" content=\"https:\/\/www.switcho.it\/blog\/wp-content\/uploads\/2026\/04\/fondo-nazionale-connettivita.jpg\" \/>\n\t<meta property=\"og:image:width\" content=\"1200\" \/>\n\t<meta property=\"og:image:height\" content=\"800\" \/>\n\t<meta property=\"og:image:type\" content=\"image\/jpeg\" \/>\n<meta name=\"author\" content=\"Federica Antignano\" \/>\n<meta name=\"twitter:card\" content=\"summary_large_image\" \/>\n<meta name=\"twitter:label1\" content=\"Scritto da\" \/>\n\t<meta name=\"twitter:data1\" content=\"Federica Antignano\" \/>\n\t<meta name=\"twitter:label2\" content=\"Tempo di lettura stimato\" \/>\n\t<meta name=\"twitter:data2\" content=\"6 minuti\" \/>\n<script type=\"application\/ld+json\" class=\"yoast-schema-graph\">{\"@context\":\"https:\\\/\\\/schema.org\",\"@graph\":[{\"@type\":\"Article\",\"@id\":\"https:\\\/\\\/www.switcho.it\\\/blog\\\/internet-casa\\\/fondo-nazionale-connettivita-bando-700-milioni\\\/#article\",\"isPartOf\":{\"@id\":\"https:\\\/\\\/www.switcho.it\\\/blog\\\/internet-casa\\\/fondo-nazionale-connettivita-bando-700-milioni\\\/\"},\"author\":{\"name\":\"Federica Antignano\",\"@id\":\"https:\\\/\\\/www.switcho.it\\\/blog\\\/#\\\/schema\\\/person\\\/f45c81c5f7aac87dbb9cf5455d33e0c6\"},\"headline\":\"Fondo nazionale connettivit\u00e0, nuovo bando da pi\u00f9 di 700 milioni\",\"datePublished\":\"2026-04-29T13:46:09+00:00\",\"dateModified\":\"2026-04-29T13:46:10+00:00\",\"mainEntityOfPage\":{\"@id\":\"https:\\\/\\\/www.switcho.it\\\/blog\\\/internet-casa\\\/fondo-nazionale-connettivita-bando-700-milioni\\\/\"},\"wordCount\":932,\"publisher\":{\"@id\":\"https:\\\/\\\/www.switcho.it\\\/blog\\\/#organization\"},\"image\":{\"@id\":\"https:\\\/\\\/www.switcho.it\\\/blog\\\/internet-casa\\\/fondo-nazionale-connettivita-bando-700-milioni\\\/#primaryimage\"},\"thumbnailUrl\":\"https:\\\/\\\/www.switcho.it\\\/blog\\\/wp-content\\\/uploads\\\/2026\\\/04\\\/fondo-nazionale-connettivita.jpg\",\"articleSection\":[\"News internet\"],\"inLanguage\":\"it-IT\"},{\"@type\":\"WebPage\",\"@id\":\"https:\\\/\\\/www.switcho.it\\\/blog\\\/internet-casa\\\/fondo-nazionale-connettivita-bando-700-milioni\\\/\",\"url\":\"https:\\\/\\\/www.switcho.it\\\/blog\\\/internet-casa\\\/fondo-nazionale-connettivita-bando-700-milioni\\\/\",\"name\":\"Fondo nazionale connettivit\u00e0, nuovo bando da pi\u00f9 di 700 milioni - Switcho\",\"isPartOf\":{\"@id\":\"https:\\\/\\\/www.switcho.it\\\/blog\\\/#website\"},\"primaryImageOfPage\":{\"@id\":\"https:\\\/\\\/www.switcho.it\\\/blog\\\/internet-casa\\\/fondo-nazionale-connettivita-bando-700-milioni\\\/#primaryimage\"},\"image\":{\"@id\":\"https:\\\/\\\/www.switcho.it\\\/blog\\\/internet-casa\\\/fondo-nazionale-connettivita-bando-700-milioni\\\/#primaryimage\"},\"thumbnailUrl\":\"https:\\\/\\\/www.switcho.it\\\/blog\\\/wp-content\\\/uploads\\\/2026\\\/04\\\/fondo-nazionale-connettivita.jpg\",\"datePublished\":\"2026-04-29T13:46:09+00:00\",\"dateModified\":\"2026-04-29T13:46:10+00:00\",\"description\":\"Al via il bando per il Fondo nazionale per la connettivit\u00e0. Obiettivi, dettagli e criticit\u00e0 del nuovo piano per la banda ultralarga.\",\"breadcrumb\":{\"@id\":\"https:\\\/\\\/www.switcho.it\\\/blog\\\/internet-casa\\\/fondo-nazionale-connettivita-bando-700-milioni\\\/#breadcrumb\"},\"inLanguage\":\"it-IT\",\"potentialAction\":[{\"@type\":\"ReadAction\",\"target\":[\"https:\\\/\\\/www.switcho.it\\\/blog\\\/internet-casa\\\/fondo-nazionale-connettivita-bando-700-milioni\\\/\"]}]},{\"@type\":\"ImageObject\",\"inLanguage\":\"it-IT\",\"@id\":\"https:\\\/\\\/www.switcho.it\\\/blog\\\/internet-casa\\\/fondo-nazionale-connettivita-bando-700-milioni\\\/#primaryimage\",\"url\":\"https:\\\/\\\/www.switcho.it\\\/blog\\\/wp-content\\\/uploads\\\/2026\\\/04\\\/fondo-nazionale-connettivita.jpg\",\"contentUrl\":\"https:\\\/\\\/www.switcho.it\\\/blog\\\/wp-content\\\/uploads\\\/2026\\\/04\\\/fondo-nazionale-connettivita.jpg\",\"width\":1200,\"height\":800,\"caption\":\"Fondo nazionale connettivit\u00e0, nuovo bando da pi\u00f9 di 700 milioni\"},{\"@type\":\"BreadcrumbList\",\"@id\":\"https:\\\/\\\/www.switcho.it\\\/blog\\\/internet-casa\\\/fondo-nazionale-connettivita-bando-700-milioni\\\/#breadcrumb\",\"itemListElement\":[{\"@type\":\"ListItem\",\"position\":1,\"name\":\"Home\",\"item\":\"https:\\\/\\\/www.switcho.it\\\/blog\\\/\"},{\"@type\":\"ListItem\",\"position\":2,\"name\":\"Internet Casa\",\"item\":\"https:\\\/\\\/www.switcho.it\\\/blog\\\/internet-casa\\\/\"},{\"@type\":\"ListItem\",\"position\":3,\"name\":\"News internet\",\"item\":\"https:\\\/\\\/www.switcho.it\\\/blog\\\/internet-casa\\\/news-internet\\\/\"},{\"@type\":\"ListItem\",\"position\":4,\"name\":\"Fondo nazionale connettivit\u00e0, nuovo bando da pi\u00f9 di 700 milioni\"}]},{\"@type\":\"WebSite\",\"@id\":\"https:\\\/\\\/www.switcho.it\\\/blog\\\/#website\",\"url\":\"https:\\\/\\\/www.switcho.it\\\/blog\\\/\",\"name\":\"Switcho\",\"description\":\"Il blog semplice, per davvero.\",\"publisher\":{\"@id\":\"https:\\\/\\\/www.switcho.it\\\/blog\\\/#organization\"},\"potentialAction\":[{\"@type\":\"SearchAction\",\"target\":{\"@type\":\"EntryPoint\",\"urlTemplate\":\"https:\\\/\\\/www.switcho.it\\\/blog\\\/?s={search_term_string}\"},\"query-input\":{\"@type\":\"PropertyValueSpecification\",\"valueRequired\":true,\"valueName\":\"search_term_string\"}}],\"inLanguage\":\"it-IT\"},{\"@type\":\"Organization\",\"@id\":\"https:\\\/\\\/www.switcho.it\\\/blog\\\/#organization\",\"name\":\"Switcho\",\"url\":\"https:\\\/\\\/www.switcho.it\\\/blog\\\/\",\"logo\":{\"@type\":\"ImageObject\",\"inLanguage\":\"it-IT\",\"@id\":\"https:\\\/\\\/www.switcho.it\\\/blog\\\/#\\\/schema\\\/logo\\\/image\\\/\",\"url\":\"https:\\\/\\\/www.switcho.it\\\/blog\\\/wp-content\\\/uploads\\\/2021\\\/03\\\/Switcho-Logotype-Green.png\",\"contentUrl\":\"https:\\\/\\\/www.switcho.it\\\/blog\\\/wp-content\\\/uploads\\\/2021\\\/03\\\/Switcho-Logotype-Green.png\",\"width\":1507,\"height\":597,\"caption\":\"Switcho\"},\"image\":{\"@id\":\"https:\\\/\\\/www.switcho.it\\\/blog\\\/#\\\/schema\\\/logo\\\/image\\\/\"}},{\"@type\":\"Person\",\"@id\":\"https:\\\/\\\/www.switcho.it\\\/blog\\\/#\\\/schema\\\/person\\\/f45c81c5f7aac87dbb9cf5455d33e0c6\",\"name\":\"Federica Antignano\",\"image\":{\"@type\":\"ImageObject\",\"inLanguage\":\"it-IT\",\"@id\":\"https:\\\/\\\/secure.gravatar.com\\\/avatar\\\/dca51910f09bc09090018066fe53b8f96f6f12e754c122d3dcb383514cfb9cea?s=96&d=mm&r=g\",\"url\":\"https:\\\/\\\/secure.gravatar.com\\\/avatar\\\/dca51910f09bc09090018066fe53b8f96f6f12e754c122d3dcb383514cfb9cea?s=96&d=mm&r=g\",\"contentUrl\":\"https:\\\/\\\/secure.gravatar.com\\\/avatar\\\/dca51910f09bc09090018066fe53b8f96f6f12e754c122d3dcb383514cfb9cea?s=96&d=mm&r=g\",\"caption\":\"Federica Antignano\"},\"description\":\"Web writer e copywriter con esperienza nella redazione di contenuti in ambito energia e finanza per importanti testate online, Federica affianca il team Switcho come collaboratrice esterna nella creazione di articoli per il blog aziendale. La sua dedizione va oltre il semplice lavoro, \u00e8 un impegno sincero nel fornire informazioni utili e contenuti di valore ai lettori.\",\"url\":\"https:\\\/\\\/www.switcho.it\\\/blog\\\/author\\\/federica-antignano\\\/\"}]}<\/script>\n<!-- \/ Yoast SEO plugin. -->","yoast_head_json":{"title":"Fondo nazionale connettivit\u00e0, nuovo bando da pi\u00f9 di 700 milioni - Switcho","description":"Al via il bando per il Fondo nazionale per la connettivit\u00e0. Obiettivi, dettagli e criticit\u00e0 del nuovo piano per la banda ultralarga.","robots":{"index":"index","follow":"follow","max-snippet":"max-snippet:-1","max-image-preview":"max-image-preview:large","max-video-preview":"max-video-preview:-1"},"canonical":"https:\/\/www.switcho.it\/blog\/internet-casa\/fondo-nazionale-connettivita-bando-700-milioni\/","og_locale":"it_IT","og_type":"article","og_title":"Fondo nazionale connettivit\u00e0, nuovo bando da pi\u00f9 di 700 milioni","og_description":"Al via il bando per il Fondo nazionale per la connettivit\u00e0. Obiettivi, dettagli e criticit\u00e0 del nuovo piano per la banda ultralarga.","og_url":"https:\/\/www.switcho.it\/blog\/internet-casa\/fondo-nazionale-connettivita-bando-700-milioni\/","og_site_name":"Switcho","article_published_time":"2026-04-29T13:46:09+00:00","article_modified_time":"2026-04-29T13:46:10+00:00","og_image":[{"width":1200,"height":800,"url":"https:\/\/www.switcho.it\/blog\/wp-content\/uploads\/2026\/04\/fondo-nazionale-connettivita.jpg","type":"image\/jpeg"}],"author":"Federica Antignano","twitter_card":"summary_large_image","twitter_misc":{"Scritto da":"Federica Antignano","Tempo di lettura stimato":"6 minuti"},"schema":{"@context":"https:\/\/schema.org","@graph":[{"@type":"Article","@id":"https:\/\/www.switcho.it\/blog\/internet-casa\/fondo-nazionale-connettivita-bando-700-milioni\/#article","isPartOf":{"@id":"https:\/\/www.switcho.it\/blog\/internet-casa\/fondo-nazionale-connettivita-bando-700-milioni\/"},"author":{"name":"Federica Antignano","@id":"https:\/\/www.switcho.it\/blog\/#\/schema\/person\/f45c81c5f7aac87dbb9cf5455d33e0c6"},"headline":"Fondo nazionale connettivit\u00e0, nuovo bando da pi\u00f9 di 700 milioni","datePublished":"2026-04-29T13:46:09+00:00","dateModified":"2026-04-29T13:46:10+00:00","mainEntityOfPage":{"@id":"https:\/\/www.switcho.it\/blog\/internet-casa\/fondo-nazionale-connettivita-bando-700-milioni\/"},"wordCount":932,"publisher":{"@id":"https:\/\/www.switcho.it\/blog\/#organization"},"image":{"@id":"https:\/\/www.switcho.it\/blog\/internet-casa\/fondo-nazionale-connettivita-bando-700-milioni\/#primaryimage"},"thumbnailUrl":"https:\/\/www.switcho.it\/blog\/wp-content\/uploads\/2026\/04\/fondo-nazionale-connettivita.jpg","articleSection":["News internet"],"inLanguage":"it-IT"},{"@type":"WebPage","@id":"https:\/\/www.switcho.it\/blog\/internet-casa\/fondo-nazionale-connettivita-bando-700-milioni\/","url":"https:\/\/www.switcho.it\/blog\/internet-casa\/fondo-nazionale-connettivita-bando-700-milioni\/","name":"Fondo nazionale connettivit\u00e0, nuovo bando da pi\u00f9 di 700 milioni - Switcho","isPartOf":{"@id":"https:\/\/www.switcho.it\/blog\/#website"},"primaryImageOfPage":{"@id":"https:\/\/www.switcho.it\/blog\/internet-casa\/fondo-nazionale-connettivita-bando-700-milioni\/#primaryimage"},"image":{"@id":"https:\/\/www.switcho.it\/blog\/internet-casa\/fondo-nazionale-connettivita-bando-700-milioni\/#primaryimage"},"thumbnailUrl":"https:\/\/www.switcho.it\/blog\/wp-content\/uploads\/2026\/04\/fondo-nazionale-connettivita.jpg","datePublished":"2026-04-29T13:46:09+00:00","dateModified":"2026-04-29T13:46:10+00:00","description":"Al via il bando per il Fondo nazionale per la connettivit\u00e0. Obiettivi, dettagli e criticit\u00e0 del nuovo piano per la banda ultralarga.","breadcrumb":{"@id":"https:\/\/www.switcho.it\/blog\/internet-casa\/fondo-nazionale-connettivita-bando-700-milioni\/#breadcrumb"},"inLanguage":"it-IT","potentialAction":[{"@type":"ReadAction","target":["https:\/\/www.switcho.it\/blog\/internet-casa\/fondo-nazionale-connettivita-bando-700-milioni\/"]}]},{"@type":"ImageObject","inLanguage":"it-IT","@id":"https:\/\/www.switcho.it\/blog\/internet-casa\/fondo-nazionale-connettivita-bando-700-milioni\/#primaryimage","url":"https:\/\/www.switcho.it\/blog\/wp-content\/uploads\/2026\/04\/fondo-nazionale-connettivita.jpg","contentUrl":"https:\/\/www.switcho.it\/blog\/wp-content\/uploads\/2026\/04\/fondo-nazionale-connettivita.jpg","width":1200,"height":800,"caption":"Fondo nazionale connettivit\u00e0, nuovo bando da pi\u00f9 di 700 milioni"},{"@type":"BreadcrumbList","@id":"https:\/\/www.switcho.it\/blog\/internet-casa\/fondo-nazionale-connettivita-bando-700-milioni\/#breadcrumb","itemListElement":[{"@type":"ListItem","position":1,"name":"Home","item":"https:\/\/www.switcho.it\/blog\/"},{"@type":"ListItem","position":2,"name":"Internet Casa","item":"https:\/\/www.switcho.it\/blog\/internet-casa\/"},{"@type":"ListItem","position":3,"name":"News internet","item":"https:\/\/www.switcho.it\/blog\/internet-casa\/news-internet\/"},{"@type":"ListItem","position":4,"name":"Fondo nazionale connettivit\u00e0, nuovo bando da pi\u00f9 di 700 milioni"}]},{"@type":"WebSite","@id":"https:\/\/www.switcho.it\/blog\/#website","url":"https:\/\/www.switcho.it\/blog\/","name":"Switcho","description":"Il blog semplice, per davvero.","publisher":{"@id":"https:\/\/www.switcho.it\/blog\/#organization"},"potentialAction":[{"@type":"SearchAction","target":{"@type":"EntryPoint","urlTemplate":"https:\/\/www.switcho.it\/blog\/?s={search_term_string}"},"query-input":{"@type":"PropertyValueSpecification","valueRequired":true,"valueName":"search_term_string"}}],"inLanguage":"it-IT"},{"@type":"Organization","@id":"https:\/\/www.switcho.it\/blog\/#organization","name":"Switcho","url":"https:\/\/www.switcho.it\/blog\/","logo":{"@type":"ImageObject","inLanguage":"it-IT","@id":"https:\/\/www.switcho.it\/blog\/#\/schema\/logo\/image\/","url":"https:\/\/www.switcho.it\/blog\/wp-content\/uploads\/2021\/03\/Switcho-Logotype-Green.png","contentUrl":"https:\/\/www.switcho.it\/blog\/wp-content\/uploads\/2021\/03\/Switcho-Logotype-Green.png","width":1507,"height":597,"caption":"Switcho"},"image":{"@id":"https:\/\/www.switcho.it\/blog\/#\/schema\/logo\/image\/"}},{"@type":"Person","@id":"https:\/\/www.switcho.it\/blog\/#\/schema\/person\/f45c81c5f7aac87dbb9cf5455d33e0c6","name":"Federica Antignano","image":{"@type":"ImageObject","inLanguage":"it-IT","@id":"https:\/\/secure.gravatar.com\/avatar\/dca51910f09bc09090018066fe53b8f96f6f12e754c122d3dcb383514cfb9cea?s=96&d=mm&r=g","url":"https:\/\/secure.gravatar.com\/avatar\/dca51910f09bc09090018066fe53b8f96f6f12e754c122d3dcb383514cfb9cea?s=96&d=mm&r=g","contentUrl":"https:\/\/secure.gravatar.com\/avatar\/dca51910f09bc09090018066fe53b8f96f6f12e754c122d3dcb383514cfb9cea?s=96&d=mm&r=g","caption":"Federica Antignano"},"description":"Web writer e copywriter con esperienza nella redazione di contenuti in ambito energia e finanza per importanti testate online, Federica affianca il team Switcho come collaboratrice esterna nella creazione di articoli per il blog aziendale. La sua dedizione va oltre il semplice lavoro, \u00e8 un impegno sincero nel fornire informazioni utili e contenuti di valore ai lettori.","url":"https:\/\/www.switcho.it\/blog\/author\/federica-antignano\/"}]}},"modified_by":"Gabriele Toninelli","_links":{"self":[{"href":"https:\/\/www.switcho.it\/blog\/wp-json\/wp\/v2\/posts\/157881","targetHints":{"allow":["GET"]}}],"collection":[{"href":"https:\/\/www.switcho.it\/blog\/wp-json\/wp\/v2\/posts"}],"about":[{"href":"https:\/\/www.switcho.it\/blog\/wp-json\/wp\/v2\/types\/post"}],"author":[{"embeddable":true,"href":"https:\/\/www.switcho.it\/blog\/wp-json\/wp\/v2\/users\/40"}],"replies":[{"embeddable":true,"href":"https:\/\/www.switcho.it\/blog\/wp-json\/wp\/v2\/comments?post=157881"}],"version-history":[{"count":3,"href":"https:\/\/www.switcho.it\/blog\/wp-json\/wp\/v2\/posts\/157881\/revisions"}],"predecessor-version":[{"id":157896,"href":"https:\/\/www.switcho.it\/blog\/wp-json\/wp\/v2\/posts\/157881\/revisions\/157896"}],"wp:featuredmedia":[{"embeddable":true,"href":"https:\/\/www.switcho.it\/blog\/wp-json\/wp\/v2\/media\/157884"}],"wp:attachment":[{"href":"https:\/\/www.switcho.it\/blog\/wp-json\/wp\/v2\/media?parent=157881"}],"wp:term":[{"taxonomy":"category","embeddable":true,"href":"https:\/\/www.switcho.it\/blog\/wp-json\/wp\/v2\/categories?post=157881"},{"taxonomy":"post_tag","embeddable":true,"href":"https:\/\/www.switcho.it\/blog\/wp-json\/wp\/v2\/tags?post=157881"}],"curies":[{"name":"wp","href":"https:\/\/api.w.org\/{rel}","templated":true}]}}