{"id":157800,"date":"2026-04-27T17:01:48","date_gmt":"2026-04-27T17:01:48","guid":{"rendered":"https:\/\/www.switcho.it\/blog\/?p=157800"},"modified":"2026-04-27T17:01:49","modified_gmt":"2026-04-27T17:01:49","slug":"confindustria-avverte-rischio-shock-energia","status":"publish","type":"post","link":"https:\/\/www.switcho.it\/blog\/luce-gas\/confindustria-avverte-rischio-shock-energia\/","title":{"rendered":"Confindustria avverte: &#8220;Rischio shock energia&#8221;"},"content":{"rendered":"\n<p class=\"has-medium-font-size\"><em>7 miliardi di euro l\u2019anno in pi\u00f9 in bolletta per le imprese rispetto al 2025 se la guerra in Iran finisse a giugno. 21 miliardi in pi\u00f9, se dovesse protrarsi per tutto il 2026. \u00c8 l\u2019allarme di Confindustria, che indaga anche le maggiori preoccupazioni legate al conflitto in Medio Oriente delle imprese italiane.<\/em><\/p>\n\n\n\n<div style=\"height:20px\" aria-hidden=\"true\" class=\"wp-block-spacer\"><\/div>\n\n\n\n<p>Indice<\/p>\n\n\n\n<ul class=\"wp-block-list\">\n<li><a href=\"#impatto\">L\u2019impatto dello shock energetico secondo Confindustria<\/a><\/li>\n\n\n\n<li><a href=\"#imprese\">Imprese: preoccupano i costi dell\u2019energia<\/a><\/li>\n\n\n\n<li><a href=\"#energia\">Energia: fino a +21 miliardi per le imprese<\/a><\/li>\n<\/ul>\n\n\n\n<div class=\"wp-block-divi-layout\">[et_pb_section fb_built=&#8221;1&#8243; disabled_on=&#8221;off|off|off&#8221; admin_label=&#8221;section&#8221; _builder_version=&#8221;4.27.5&#8243; width=&#8221;100%&#8221; custom_margin=&#8221;||25px||false|false&#8221; custom_margin_tablet=&#8221;20px||40px||false|false&#8221; custom_margin_phone=&#8221;||||false|false&#8221; custom_margin_last_edited=&#8221;on|desktop&#8221; custom_padding=&#8221;||||false|false&#8221; hover_enabled=&#8221;0&#8243; locked=&#8221;off&#8221; global_colors_info=&#8221;{}&#8221; sticky_enabled=&#8221;0&#8243;][et_pb_row admin_label=&#8221;row&#8221; _builder_version=&#8221;4.27.5&#8243; background_size=&#8221;initial&#8221; background_position=&#8221;top_left&#8221; background_repeat=&#8221;repeat&#8221; width=&#8221;100%&#8221; width_tablet=&#8221;100%&#8221; width_phone=&#8221;100%&#8221; width_last_edited=&#8221;off|desktop&#8221; custom_margin=&#8221;0px||0px||false|false&#8221; custom_padding=&#8221;0px||0px||false|false&#8221; custom_css_main_element=&#8221;width: 100% !important;&#8221; global_colors_info=&#8221;{}&#8221;][et_pb_column type=&#8221;4_4&#8243; _builder_version=&#8221;4.27.5&#8243; _module_preset=&#8221;default&#8221; custom_padding=&#8221;0px||0px||false|false&#8221; global_colors_info=&#8221;{}&#8221;][et_pb_image src=&#8221;https:\/\/www.switcho.it\/blog\/wp-content\/uploads\/2024\/03\/banner-luce-gas-top-desktop-new.png&#8221; alt=&#8221;Risparmia in bolletta con Switcho&#8221; title_text=&#8221;risparmia sulle bollette con switcho&#8221; url=&#8221;https:\/\/www.switcho.it\/servizi\/intro\/luce-gas?ref=cta-energy-top&#8221; align=&#8221;center&#8221; force_fullwidth=&#8221;on&#8221; src_tablet=&#8221;https:\/\/www.switcho.it\/blog\/wp-content\/uploads\/2024\/07\/energy-cta-mobile-top-small.png&#8221; src_phone=&#8221;https:\/\/www.switcho.it\/blog\/wp-content\/uploads\/2024\/07\/energy-cta-mobile-top-small.png&#8221; src_last_edited=&#8221;on|desktop&#8221; _builder_version=&#8221;4.27.5&#8243; _module_preset=&#8221;default&#8221; custom_margin=&#8221;0px||0px||false|false&#8221; custom_padding=&#8221;0px||0px||false|false&#8221; custom_css_free_form=&#8221;selector img {||  box-shadow: none;||  border: 1px solid #d0cdd7;||  border-radius: 20px;||}&#8221; border_radii=&#8221;on|20px|20px|20px|20px&#8221; border_color_all=&#8221;#d0cdd7&#8243; global_colors_info=&#8221;{}&#8221;][\/et_pb_image][\/et_pb_column][\/et_pb_row][\/et_pb_section]<\/div>\n\n\n\n<h2 class=\"wp-block-heading\" id=\"impatto\"><strong>L\u2019impatto dello shock energetico secondo Confindustria: scenario peggiorato<\/strong><\/h2>\n\n\n\n<p>Il quadro economico italiano sta peggiorando a causa dei <strong>rincari e delle tensioni legate al conflitto in Medio Oriente<\/strong>. \u00c8 quanto emerge dalla <a href=\"https:\/\/www.confindustria.it\/pubblicazioni\/rincari-dellenergia-calo-di-fiducia-e-aspettative-rialzo-dei-tassi-sovrani-primi-impatti-della-guerra\/\" target=\"_blank\" rel=\"noreferrer noopener\">Congiuntura Flash<\/a> di aprile 2026 del Centro Studi Confindustria.\u00a0<\/p>\n\n\n\n<p>L\u2019impatto dello <strong>shock energetico<\/strong> si trasmette su tutta l\u2019economia. Famiglie e imprese pagano di pi\u00f9 per bollette e carburanti, quindi diminuisce il potere d\u2019acquisto e cala la fiducia, portando a una riduzione dei consumi; allo stesso tempo le aziende, soprattutto quelle energivore, affrontano <strong>costi pi\u00f9 alti e prospettive peggiori<\/strong>, con un rallentamento di produzione e attivit\u00e0.<\/p>\n\n\n\n<p>Sul quadro generale si esprime anche il ministro <strong>Gilberto Pichetto Fratin<\/strong>, che riconosce che la chiusura dello stretto di Hormuz sia un problema serio. Come dichiarato dal ministro, escluso un ritorno al gas russo \u2013 seguendo l\u2019orientamento condiviso a livello europeo \u2013 qualora il gas dovesse superare i <strong>70 euro al megawattora<\/strong> potrebbe essere necessario riattivare le centrali a carbone.<\/p>\n\n\n\n<h2 class=\"wp-block-heading\" id=\"imprese\"><strong>Imprese: preoccupano i costi dell\u2019energia<\/strong><\/h2>\n\n\n\n<p>Il <strong>Centro Studi Confindustria<\/strong> ha raccolto informazioni tempestive sugli effetti della guerra in Medio Oriente sull\u2019industria italiana attraverso un questionario rivolto, tra il 18 e il 25 marzo, alle grandi imprese associate a Confindustria.&nbsp;<\/p>\n\n\n\n<p>Alle aziende \u00e8 stato chiesto di indicare sia i <strong>problemi gi\u00e0 riscontrati<\/strong>, sia quelli che <strong>potrebbero emergere se il conflitto si prolungasse oltre un mese<\/strong>, ottenendo cos\u00ec dati diretti e immediati dalle imprese, utili per capire l\u2019impatto economico della guerra con anticipo rispetto alle statistiche ufficiali.<\/p>\n\n\n\n<p>A preoccupare le aziende sono, in particolare, tre fattori:&nbsp;<\/p>\n\n\n\n<ul class=\"wp-block-list emoji_bullets emoji_right_arrow\">\n<li>Il <strong>costo dell\u2019energia <\/strong>preoccupa il 25% dei rispondenti;<\/li>\n\n\n\n<li>I <strong>costi di trasporto e\/o assicurazione<\/strong> rappresentano una preoccupazione per il 21,9%;<\/li>\n\n\n\n<li>Il <strong>costo delle materie prime<\/strong> \u00e8 preoccupante per il 18,4%.<\/li>\n<\/ul>\n\n\n\n<p>L\u2019ultimo punto diventa la <strong>principale fonte di preoccupazione per il 20,7%<\/strong> delle imprese se si ipotizza che la guerra si protragga. Seguono il costo dell\u2019energia (19,4%) e i costi di trasporto e\/o assicurazione (15,4%).<\/p>\n\n\n\n<h2 class=\"wp-block-heading\" id=\"energia\"><strong>Energia: fino a +21 miliardi per le imprese<\/strong><\/h2>\n\n\n\n<p>Il Centro Studi di Confindustria ha anche stimato di <strong>quanto potrebbero aumentare i costi energetici per le imprese nel 2026<\/strong>, in base a diversi scenari per la guerra in Iran.<\/p>\n\n\n\n<p>L\u2019impatto del rincaro energetico sulle imprese italiane, infatti, dipende da quanto durer\u00e0 la guerra.&nbsp;<\/p>\n\n\n\n<p>Nello scenario pi\u00f9 ottimistico, in cui il <strong>conflitto finisca a met\u00e0 2026<\/strong> e il petrolio resti intorno a 110 dollari, le aziende pagherebbero comunque circa <strong>7 miliardi in pi\u00f9 di energia rispetto al 2025<\/strong>, con i costi energetici che peserebbero di pi\u00f9 sui bilanci (dal 4,9% al 5,9%).<\/p>\n\n\n\n<p>Non \u00e8, per\u00f2, da tralasciare lo scenario peggiore che vedrebbe la <strong>guerra durare per tutto il 2026<\/strong>, con il petrolio a 140 dollari. In questo caso, il costo extra salirebbe a <strong>21 miliardi <\/strong>e l\u2019energia arriverebbe a pesare fino al 7,6% dei costi totali, cio\u00e8 vicino ai livelli critici del 2022, quando molte imprese erano in difficolt\u00e0.<\/p>\n\n\n\n<p>Se questo scenario dovesse concretizzarsi, le <strong>aziende italiane diventerebbero meno competitive <\/strong>e pagherebbero energia pi\u00f9 cara rispetto a concorrenti di altre aree del mondo, soprattutto nelle Americhe, dove i prezzi sono pi\u00f9 bassi.<\/p>\n","protected":false},"excerpt":{"rendered":"<p>Confindustria ha indagato su quanto pesa lo shock energetico sulle imprese italiane. Il costo dell&#8217;energia potrebbe salire a +21 miliardi.<\/p>\n","protected":false},"author":26,"featured_media":157806,"comment_status":"closed","ping_status":"closed","sticky":false,"template":"","format":"standard","meta":{"_et_pb_use_builder":"off","_et_pb_old_content":"","_et_gb_content_width":"","_lmt_disableupdate":"","_lmt_disable":"","footnotes":""},"categories":[509],"tags":[],"class_list":["post-157800","post","type-post","status-publish","format-standard","has-post-thumbnail","hentry","category-news-luce-gas"],"yoast_head":"<!-- This site is optimized with the Yoast SEO plugin v27.2 - https:\/\/yoast.com\/product\/yoast-seo-wordpress\/ -->\n<title>Confindustria avverte: &quot;Rischio shock energia&quot; - Switcho<\/title>\n<meta name=\"description\" content=\"Confindustria ha indagato su quanto pesa lo shock energetico sulle imprese italiane. Il costo dell&#039;energia potrebbe salire a +21 miliardi.\" \/>\n<meta name=\"robots\" content=\"index, follow, max-snippet:-1, max-image-preview:large, max-video-preview:-1\" \/>\n<link rel=\"canonical\" href=\"https:\/\/www.switcho.it\/blog\/luce-gas\/confindustria-avverte-rischio-shock-energia\/\" \/>\n<meta property=\"og:locale\" content=\"it_IT\" \/>\n<meta property=\"og:type\" content=\"article\" \/>\n<meta property=\"og:title\" content=\"Confindustria avverte: &quot;Rischio shock energia&quot;\" \/>\n<meta property=\"og:description\" content=\"Confindustria ha indagato su quanto pesa lo shock energetico sulle imprese italiane. Il costo dell&#039;energia potrebbe salire a +21 miliardi.\" \/>\n<meta property=\"og:url\" content=\"https:\/\/www.switcho.it\/blog\/luce-gas\/confindustria-avverte-rischio-shock-energia\/\" \/>\n<meta property=\"og:site_name\" content=\"Switcho\" \/>\n<meta property=\"article:published_time\" content=\"2026-04-27T17:01:48+00:00\" \/>\n<meta property=\"article:modified_time\" content=\"2026-04-27T17:01:49+00:00\" \/>\n<meta property=\"og:image\" content=\"https:\/\/www.switcho.it\/blog\/wp-content\/uploads\/2026\/04\/confindustria-shock-energia.jpg\" \/>\n\t<meta property=\"og:image:width\" content=\"1200\" \/>\n\t<meta property=\"og:image:height\" content=\"800\" \/>\n\t<meta property=\"og:image:type\" content=\"image\/jpeg\" \/>\n<meta name=\"author\" content=\"Redi Vyshka\" \/>\n<meta name=\"twitter:card\" content=\"summary_large_image\" \/>\n<meta name=\"twitter:label1\" content=\"Scritto da\" \/>\n\t<meta name=\"twitter:data1\" content=\"Redi Vyshka\" \/>\n\t<meta name=\"twitter:label2\" content=\"Tempo di lettura stimato\" \/>\n\t<meta name=\"twitter:data2\" content=\"1 minuto\" \/>\n<script type=\"application\/ld+json\" class=\"yoast-schema-graph\">{\"@context\":\"https:\/\/schema.org\",\"@graph\":[{\"@type\":\"Article\",\"@id\":\"https:\/\/www.switcho.it\/blog\/luce-gas\/confindustria-avverte-rischio-shock-energia\/#article\",\"isPartOf\":{\"@id\":\"https:\/\/www.switcho.it\/blog\/luce-gas\/confindustria-avverte-rischio-shock-energia\/\"},\"author\":{\"name\":\"Redi Vyshka\",\"@id\":\"https:\/\/www.switcho.it\/blog\/#\/schema\/person\/0ded3a7e3f8a1379815652dba2c813b5\"},\"headline\":\"Confindustria avverte: &#8220;Rischio shock energia&#8221;\",\"datePublished\":\"2026-04-27T17:01:48+00:00\",\"dateModified\":\"2026-04-27T17:01:49+00:00\",\"mainEntityOfPage\":{\"@id\":\"https:\/\/www.switcho.it\/blog\/luce-gas\/confindustria-avverte-rischio-shock-energia\/\"},\"wordCount\":569,\"publisher\":{\"@id\":\"https:\/\/www.switcho.it\/blog\/#organization\"},\"image\":{\"@id\":\"https:\/\/www.switcho.it\/blog\/luce-gas\/confindustria-avverte-rischio-shock-energia\/#primaryimage\"},\"thumbnailUrl\":\"https:\/\/www.switcho.it\/blog\/wp-content\/uploads\/2026\/04\/confindustria-shock-energia.jpg\",\"articleSection\":[\"News luce e gas\"],\"inLanguage\":\"it-IT\"},{\"@type\":\"WebPage\",\"@id\":\"https:\/\/www.switcho.it\/blog\/luce-gas\/confindustria-avverte-rischio-shock-energia\/\",\"url\":\"https:\/\/www.switcho.it\/blog\/luce-gas\/confindustria-avverte-rischio-shock-energia\/\",\"name\":\"Confindustria avverte: \\\"Rischio shock energia\\\" - Switcho\",\"isPartOf\":{\"@id\":\"https:\/\/www.switcho.it\/blog\/#website\"},\"primaryImageOfPage\":{\"@id\":\"https:\/\/www.switcho.it\/blog\/luce-gas\/confindustria-avverte-rischio-shock-energia\/#primaryimage\"},\"image\":{\"@id\":\"https:\/\/www.switcho.it\/blog\/luce-gas\/confindustria-avverte-rischio-shock-energia\/#primaryimage\"},\"thumbnailUrl\":\"https:\/\/www.switcho.it\/blog\/wp-content\/uploads\/2026\/04\/confindustria-shock-energia.jpg\",\"datePublished\":\"2026-04-27T17:01:48+00:00\",\"dateModified\":\"2026-04-27T17:01:49+00:00\",\"description\":\"Confindustria ha indagato su quanto pesa lo shock energetico sulle imprese italiane. Il costo dell'energia potrebbe salire a +21 miliardi.\",\"breadcrumb\":{\"@id\":\"https:\/\/www.switcho.it\/blog\/luce-gas\/confindustria-avverte-rischio-shock-energia\/#breadcrumb\"},\"inLanguage\":\"it-IT\",\"potentialAction\":[{\"@type\":\"ReadAction\",\"target\":[\"https:\/\/www.switcho.it\/blog\/luce-gas\/confindustria-avverte-rischio-shock-energia\/\"]}]},{\"@type\":\"ImageObject\",\"inLanguage\":\"it-IT\",\"@id\":\"https:\/\/www.switcho.it\/blog\/luce-gas\/confindustria-avverte-rischio-shock-energia\/#primaryimage\",\"url\":\"https:\/\/www.switcho.it\/blog\/wp-content\/uploads\/2026\/04\/confindustria-shock-energia.jpg\",\"contentUrl\":\"https:\/\/www.switcho.it\/blog\/wp-content\/uploads\/2026\/04\/confindustria-shock-energia.jpg\",\"width\":1200,\"height\":800,\"caption\":\"Confindustria avverte: \\\"rischio shock energia\\\"\"},{\"@type\":\"BreadcrumbList\",\"@id\":\"https:\/\/www.switcho.it\/blog\/luce-gas\/confindustria-avverte-rischio-shock-energia\/#breadcrumb\",\"itemListElement\":[{\"@type\":\"ListItem\",\"position\":1,\"name\":\"Home\",\"item\":\"https:\/\/www.switcho.it\/blog\/\"},{\"@type\":\"ListItem\",\"position\":2,\"name\":\"Luce e Gas\",\"item\":\"https:\/\/www.switcho.it\/blog\/luce-gas\/\"},{\"@type\":\"ListItem\",\"position\":3,\"name\":\"News luce e gas\",\"item\":\"https:\/\/www.switcho.it\/blog\/luce-gas\/news-luce-gas\/\"},{\"@type\":\"ListItem\",\"position\":4,\"name\":\"Confindustria avverte: &#8220;Rischio shock energia&#8221;\"}]},{\"@type\":\"WebSite\",\"@id\":\"https:\/\/www.switcho.it\/blog\/#website\",\"url\":\"https:\/\/www.switcho.it\/blog\/\",\"name\":\"Switcho\",\"description\":\"Il blog semplice, per davvero.\",\"publisher\":{\"@id\":\"https:\/\/www.switcho.it\/blog\/#organization\"},\"potentialAction\":[{\"@type\":\"SearchAction\",\"target\":{\"@type\":\"EntryPoint\",\"urlTemplate\":\"https:\/\/www.switcho.it\/blog\/?s={search_term_string}\"},\"query-input\":{\"@type\":\"PropertyValueSpecification\",\"valueRequired\":true,\"valueName\":\"search_term_string\"}}],\"inLanguage\":\"it-IT\"},{\"@type\":\"Organization\",\"@id\":\"https:\/\/www.switcho.it\/blog\/#organization\",\"name\":\"Switcho\",\"url\":\"https:\/\/www.switcho.it\/blog\/\",\"logo\":{\"@type\":\"ImageObject\",\"inLanguage\":\"it-IT\",\"@id\":\"https:\/\/www.switcho.it\/blog\/#\/schema\/logo\/image\/\",\"url\":\"https:\/\/www.switcho.it\/blog\/wp-content\/uploads\/2021\/03\/Switcho-Logotype-Green.png\",\"contentUrl\":\"https:\/\/www.switcho.it\/blog\/wp-content\/uploads\/2021\/03\/Switcho-Logotype-Green.png\",\"width\":1507,\"height\":597,\"caption\":\"Switcho\"},\"image\":{\"@id\":\"https:\/\/www.switcho.it\/blog\/#\/schema\/logo\/image\/\"}},{\"@type\":\"Person\",\"@id\":\"https:\/\/www.switcho.it\/blog\/#\/schema\/person\/0ded3a7e3f8a1379815652dba2c813b5\",\"name\":\"Redi Vyshka\",\"image\":{\"@type\":\"ImageObject\",\"inLanguage\":\"it-IT\",\"@id\":\"https:\/\/secure.gravatar.com\/avatar\/ec58c8b79072f95e408bc3acbd2af80bf47fb27de3effe029126423d57d13d49?s=96&d=mm&r=g\",\"url\":\"https:\/\/secure.gravatar.com\/avatar\/ec58c8b79072f95e408bc3acbd2af80bf47fb27de3effe029126423d57d13d49?s=96&d=mm&r=g\",\"contentUrl\":\"https:\/\/secure.gravatar.com\/avatar\/ec58c8b79072f95e408bc3acbd2af80bf47fb27de3effe029126423d57d13d49?s=96&d=mm&r=g\",\"caption\":\"Redi Vyshka\"},\"description\":\"COO e co-fondatore di Switcho, esperto nei campi della consulenza manageriale e della finanza aziendale, Redi ha contribuito nel 2019 alla progettazione e al lancio del primo servizio in Italia che, con pochi clic, consente di analizzare le proprie spese di casa e di trovare le opportunit\u00e0 personalizzate di risparmio, dimenticandosi la burocrazia. Dalla nascita di Switcho, Redi prende parte a numerosi eventi su startup e settore energetico, grazie alla sua competenza pluriennale nel mercato delle forniture di gas e luce e nelle soluzioni per ridurre i costi in bolletta. Leggi tutti i suoi articoli e seguilo su LinkedIn.\",\"sameAs\":[\"http:\/\/blog.switcho.net\"],\"url\":\"https:\/\/www.switcho.it\/blog\/author\/redi-vyshka\/\"}]}<\/script>\n<!-- \/ Yoast SEO plugin. -->","yoast_head_json":{"title":"Confindustria avverte: \"Rischio shock energia\" - Switcho","description":"Confindustria ha indagato su quanto pesa lo shock energetico sulle imprese italiane. Il costo dell'energia potrebbe salire a +21 miliardi.","robots":{"index":"index","follow":"follow","max-snippet":"max-snippet:-1","max-image-preview":"max-image-preview:large","max-video-preview":"max-video-preview:-1"},"canonical":"https:\/\/www.switcho.it\/blog\/luce-gas\/confindustria-avverte-rischio-shock-energia\/","og_locale":"it_IT","og_type":"article","og_title":"Confindustria avverte: \"Rischio shock energia\"","og_description":"Confindustria ha indagato su quanto pesa lo shock energetico sulle imprese italiane. Il costo dell'energia potrebbe salire a +21 miliardi.","og_url":"https:\/\/www.switcho.it\/blog\/luce-gas\/confindustria-avverte-rischio-shock-energia\/","og_site_name":"Switcho","article_published_time":"2026-04-27T17:01:48+00:00","article_modified_time":"2026-04-27T17:01:49+00:00","og_image":[{"width":1200,"height":800,"url":"https:\/\/www.switcho.it\/blog\/wp-content\/uploads\/2026\/04\/confindustria-shock-energia.jpg","type":"image\/jpeg"}],"author":"Redi Vyshka","twitter_card":"summary_large_image","twitter_misc":{"Scritto da":"Redi Vyshka","Tempo di lettura stimato":"1 minuto"},"schema":{"@context":"https:\/\/schema.org","@graph":[{"@type":"Article","@id":"https:\/\/www.switcho.it\/blog\/luce-gas\/confindustria-avverte-rischio-shock-energia\/#article","isPartOf":{"@id":"https:\/\/www.switcho.it\/blog\/luce-gas\/confindustria-avverte-rischio-shock-energia\/"},"author":{"name":"Redi Vyshka","@id":"https:\/\/www.switcho.it\/blog\/#\/schema\/person\/0ded3a7e3f8a1379815652dba2c813b5"},"headline":"Confindustria avverte: &#8220;Rischio shock energia&#8221;","datePublished":"2026-04-27T17:01:48+00:00","dateModified":"2026-04-27T17:01:49+00:00","mainEntityOfPage":{"@id":"https:\/\/www.switcho.it\/blog\/luce-gas\/confindustria-avverte-rischio-shock-energia\/"},"wordCount":569,"publisher":{"@id":"https:\/\/www.switcho.it\/blog\/#organization"},"image":{"@id":"https:\/\/www.switcho.it\/blog\/luce-gas\/confindustria-avverte-rischio-shock-energia\/#primaryimage"},"thumbnailUrl":"https:\/\/www.switcho.it\/blog\/wp-content\/uploads\/2026\/04\/confindustria-shock-energia.jpg","articleSection":["News luce e gas"],"inLanguage":"it-IT"},{"@type":"WebPage","@id":"https:\/\/www.switcho.it\/blog\/luce-gas\/confindustria-avverte-rischio-shock-energia\/","url":"https:\/\/www.switcho.it\/blog\/luce-gas\/confindustria-avverte-rischio-shock-energia\/","name":"Confindustria avverte: \"Rischio shock energia\" - Switcho","isPartOf":{"@id":"https:\/\/www.switcho.it\/blog\/#website"},"primaryImageOfPage":{"@id":"https:\/\/www.switcho.it\/blog\/luce-gas\/confindustria-avverte-rischio-shock-energia\/#primaryimage"},"image":{"@id":"https:\/\/www.switcho.it\/blog\/luce-gas\/confindustria-avverte-rischio-shock-energia\/#primaryimage"},"thumbnailUrl":"https:\/\/www.switcho.it\/blog\/wp-content\/uploads\/2026\/04\/confindustria-shock-energia.jpg","datePublished":"2026-04-27T17:01:48+00:00","dateModified":"2026-04-27T17:01:49+00:00","description":"Confindustria ha indagato su quanto pesa lo shock energetico sulle imprese italiane. Il costo dell'energia potrebbe salire a +21 miliardi.","breadcrumb":{"@id":"https:\/\/www.switcho.it\/blog\/luce-gas\/confindustria-avverte-rischio-shock-energia\/#breadcrumb"},"inLanguage":"it-IT","potentialAction":[{"@type":"ReadAction","target":["https:\/\/www.switcho.it\/blog\/luce-gas\/confindustria-avverte-rischio-shock-energia\/"]}]},{"@type":"ImageObject","inLanguage":"it-IT","@id":"https:\/\/www.switcho.it\/blog\/luce-gas\/confindustria-avverte-rischio-shock-energia\/#primaryimage","url":"https:\/\/www.switcho.it\/blog\/wp-content\/uploads\/2026\/04\/confindustria-shock-energia.jpg","contentUrl":"https:\/\/www.switcho.it\/blog\/wp-content\/uploads\/2026\/04\/confindustria-shock-energia.jpg","width":1200,"height":800,"caption":"Confindustria avverte: \"rischio shock energia\""},{"@type":"BreadcrumbList","@id":"https:\/\/www.switcho.it\/blog\/luce-gas\/confindustria-avverte-rischio-shock-energia\/#breadcrumb","itemListElement":[{"@type":"ListItem","position":1,"name":"Home","item":"https:\/\/www.switcho.it\/blog\/"},{"@type":"ListItem","position":2,"name":"Luce e Gas","item":"https:\/\/www.switcho.it\/blog\/luce-gas\/"},{"@type":"ListItem","position":3,"name":"News luce e gas","item":"https:\/\/www.switcho.it\/blog\/luce-gas\/news-luce-gas\/"},{"@type":"ListItem","position":4,"name":"Confindustria avverte: &#8220;Rischio shock energia&#8221;"}]},{"@type":"WebSite","@id":"https:\/\/www.switcho.it\/blog\/#website","url":"https:\/\/www.switcho.it\/blog\/","name":"Switcho","description":"Il blog semplice, per davvero.","publisher":{"@id":"https:\/\/www.switcho.it\/blog\/#organization"},"potentialAction":[{"@type":"SearchAction","target":{"@type":"EntryPoint","urlTemplate":"https:\/\/www.switcho.it\/blog\/?s={search_term_string}"},"query-input":{"@type":"PropertyValueSpecification","valueRequired":true,"valueName":"search_term_string"}}],"inLanguage":"it-IT"},{"@type":"Organization","@id":"https:\/\/www.switcho.it\/blog\/#organization","name":"Switcho","url":"https:\/\/www.switcho.it\/blog\/","logo":{"@type":"ImageObject","inLanguage":"it-IT","@id":"https:\/\/www.switcho.it\/blog\/#\/schema\/logo\/image\/","url":"https:\/\/www.switcho.it\/blog\/wp-content\/uploads\/2021\/03\/Switcho-Logotype-Green.png","contentUrl":"https:\/\/www.switcho.it\/blog\/wp-content\/uploads\/2021\/03\/Switcho-Logotype-Green.png","width":1507,"height":597,"caption":"Switcho"},"image":{"@id":"https:\/\/www.switcho.it\/blog\/#\/schema\/logo\/image\/"}},{"@type":"Person","@id":"https:\/\/www.switcho.it\/blog\/#\/schema\/person\/0ded3a7e3f8a1379815652dba2c813b5","name":"Redi Vyshka","image":{"@type":"ImageObject","inLanguage":"it-IT","@id":"https:\/\/secure.gravatar.com\/avatar\/ec58c8b79072f95e408bc3acbd2af80bf47fb27de3effe029126423d57d13d49?s=96&d=mm&r=g","url":"https:\/\/secure.gravatar.com\/avatar\/ec58c8b79072f95e408bc3acbd2af80bf47fb27de3effe029126423d57d13d49?s=96&d=mm&r=g","contentUrl":"https:\/\/secure.gravatar.com\/avatar\/ec58c8b79072f95e408bc3acbd2af80bf47fb27de3effe029126423d57d13d49?s=96&d=mm&r=g","caption":"Redi Vyshka"},"description":"COO e co-fondatore di Switcho, esperto nei campi della consulenza manageriale e della finanza aziendale, Redi ha contribuito nel 2019 alla progettazione e al lancio del primo servizio in Italia che, con pochi clic, consente di analizzare le proprie spese di casa e di trovare le opportunit\u00e0 personalizzate di risparmio, dimenticandosi la burocrazia. Dalla nascita di Switcho, Redi prende parte a numerosi eventi su startup e settore energetico, grazie alla sua competenza pluriennale nel mercato delle forniture di gas e luce e nelle soluzioni per ridurre i costi in bolletta. Leggi tutti i suoi articoli e seguilo su LinkedIn.","sameAs":["http:\/\/blog.switcho.net"],"url":"https:\/\/www.switcho.it\/blog\/author\/redi-vyshka\/"}]}},"modified_by":"Gabriele Toninelli","_links":{"self":[{"href":"https:\/\/www.switcho.it\/blog\/wp-json\/wp\/v2\/posts\/157800","targetHints":{"allow":["GET"]}}],"collection":[{"href":"https:\/\/www.switcho.it\/blog\/wp-json\/wp\/v2\/posts"}],"about":[{"href":"https:\/\/www.switcho.it\/blog\/wp-json\/wp\/v2\/types\/post"}],"author":[{"embeddable":true,"href":"https:\/\/www.switcho.it\/blog\/wp-json\/wp\/v2\/users\/26"}],"replies":[{"embeddable":true,"href":"https:\/\/www.switcho.it\/blog\/wp-json\/wp\/v2\/comments?post=157800"}],"version-history":[{"count":4,"href":"https:\/\/www.switcho.it\/blog\/wp-json\/wp\/v2\/posts\/157800\/revisions"}],"predecessor-version":[{"id":157818,"href":"https:\/\/www.switcho.it\/blog\/wp-json\/wp\/v2\/posts\/157800\/revisions\/157818"}],"wp:featuredmedia":[{"embeddable":true,"href":"https:\/\/www.switcho.it\/blog\/wp-json\/wp\/v2\/media\/157806"}],"wp:attachment":[{"href":"https:\/\/www.switcho.it\/blog\/wp-json\/wp\/v2\/media?parent=157800"}],"wp:term":[{"taxonomy":"category","embeddable":true,"href":"https:\/\/www.switcho.it\/blog\/wp-json\/wp\/v2\/categories?post=157800"},{"taxonomy":"post_tag","embeddable":true,"href":"https:\/\/www.switcho.it\/blog\/wp-json\/wp\/v2\/tags?post=157800"}],"curies":[{"name":"wp","href":"https:\/\/api.w.org\/{rel}","templated":true}]}}