{"id":154668,"date":"2026-03-18T08:34:09","date_gmt":"2026-03-18T08:34:09","guid":{"rendered":"https:\/\/www.switcho.it\/blog\/?p=154668"},"modified":"2026-04-07T15:14:12","modified_gmt":"2026-04-07T15:14:12","slug":"crisi-iran-prezzi-energia","status":"publish","type":"post","link":"https:\/\/www.switcho.it\/blog\/luce-gas\/crisi-iran-prezzi-energia\/","title":{"rendered":"Caro energia, ecco i prezzi di gas e luce di oggi"},"content":{"rendered":"\n<p>Con le ultime novit\u00e0 geopolitiche, i prezzi di gas e luce sono soggetti a continue variazioni. Ecco i valori di oggi del <a href=\"https:\/\/www.switcho.it\/blog\/luce-gas\/psv-gas\/\" target=\"_blank\" rel=\"noreferrer noopener\"><strong>PSV<\/strong><\/a> (<strong>Punto di Scambio Virtuale<\/strong>, indice di prezzo del gas in Italia) e del <a href=\"https:\/\/www.switcho.it\/blog\/luce-gas\/pun-energia\/\" target=\"_blank\" rel=\"noreferrer noopener\"><strong>PUN GME<\/strong><\/a> (<strong>Prezzo Unico Nazionale<\/strong>, indice di prezzo della luce):<\/p>\n\n\n\n<p class=\"has-medium-font-size\"><em>Oggi, <strong>1 Maggio 2026<\/strong>, il PSV \u00e8 pari a <\/em><strong><em><strong>0,4982 \u20ac\/Smc<\/strong><\/em><\/strong><em>, con una variazione del <strong>6,0%<\/strong> rispetto a ieri. Il PUN GME \u00e8 pari a <\/em><strong><em><strong>0,1058 \u20ac\/kWh<\/strong><\/em><\/strong><em>, con una variazione del <strong>-8,6%<\/strong> rispetto a ieri.<\/em><\/p>\n\n\n\n<p>Indice<\/p>\n\n\n\n<ul class=\"wp-block-list\">\n<li><a href=\"#bolletta\" type=\"internal\" id=\"#bolletta\">Le conseguenze in bolletta e come tutelarti<\/a><\/li>\n\n\n\n<li><a href=\"#prezzi-energia\" type=\"internal\" id=\"#prezzi-energia\">Cosa sta succedendo ai prezzi dell\u2019energia?<\/a><\/li>\n\n\n\n<li><a href=\"#arera\" type=\"internal\" id=\"#arera\">I provvedimenti di ARERA a tutela del consumatore<\/a><\/li>\n<\/ul>\n\n\n\n<div style=\"height:40px\" aria-hidden=\"true\" class=\"wp-block-spacer\"><\/div>\n\n\n\n<p>Di seguito sono riportati i valori raggiunti dal PSV per il gas nelle ultime 2 settimane \ud83d\udc47<\/p>\n\n\n\n<div style=\"height:10px\" aria-hidden=\"true\" class=\"wp-block-spacer\"><\/div>\n\n\n\n\n<table id=\"tablepress-15\" class=\"tablepress tablepress-id-15\">\n<thead>\n<tr class=\"row-1\">\n\t<th class=\"column-1\" style=\"width:30%;\">Giorno<\/th><th class=\"column-2\" style=\"width:35%;\">PSV (\u20ac\/Smc)<\/th><th class=\"column-3\" style=\"width:35%;\">Variazione PSV sul giorno prima<\/th>\n<\/tr>\n<\/thead>\n<tbody class=\"row-striping row-hover\">\n<tr class=\"row-2\">\n\t<td class=\"column-1\">30 apr<\/td><td class=\"column-2\">0,5 \u20ac\/Smc<\/td><td class=\"column-3\">6,0%<\/td>\n<\/tr>\n<tr class=\"row-3\">\n\t<td class=\"column-1\">29 apr<\/td><td class=\"column-2\">0,47 \u20ac\/Smc<\/td><td class=\"column-3\">-2,0%<\/td>\n<\/tr>\n<tr class=\"row-4\">\n\t<td class=\"column-1\">28 apr<\/td><td class=\"column-2\">0,48 \u20ac\/Smc<\/td><td class=\"column-3\">-1,8%<\/td>\n<\/tr>\n<tr class=\"row-5\">\n\t<td class=\"column-1\">27 apr<\/td><td class=\"column-2\">0,49 \u20ac\/Smc<\/td><td class=\"column-3\">+1,4%<\/td>\n<\/tr>\n<tr class=\"row-6\">\n\t<td class=\"column-1\">26 apr<\/td><td class=\"column-2\">0,48 \u20ac\/Smc<\/td><td class=\"column-3\">0,0%<\/td>\n<\/tr>\n<tr class=\"row-7\">\n\t<td class=\"column-1\">25 apr<\/td><td class=\"column-2\">0,48 \u20ac\/Smc<\/td><td class=\"column-3\">+2,7%<\/td>\n<\/tr>\n<tr class=\"row-8\">\n\t<td class=\"column-1\">24 apr<\/td><td class=\"column-2\">0,47 \u20ac\/Smc<\/td><td class=\"column-3\">-2,2%<\/td>\n<\/tr>\n<tr class=\"row-9\">\n\t<td class=\"column-1\">23 apr<\/td><td class=\"column-2\">0,48 \u20ac\/Smc<\/td><td class=\"column-3\">+1,5%<\/td>\n<\/tr>\n<tr class=\"row-10\">\n\t<td class=\"column-1\">22 apr<\/td><td class=\"column-2\">0,47 \u20ac\/Smc<\/td><td class=\"column-3\">+5,2%<\/td>\n<\/tr>\n<tr class=\"row-11\">\n\t<td class=\"column-1\">21 apr<\/td><td class=\"column-2\">0,45 \u20ac\/Smc<\/td><td class=\"column-3\">+3,1%<\/td>\n<\/tr>\n<tr class=\"row-12\">\n\t<td class=\"column-1\">20 apr<\/td><td class=\"column-2\">0,44 \u20ac\/Smc<\/td><td class=\"column-3\">+5,3%<\/td>\n<\/tr>\n<tr class=\"row-13\">\n\t<td class=\"column-1\">19 apr<\/td><td class=\"column-2\">0,41 \u20ac\/Smc<\/td><td class=\"column-3\">0,0%<\/td>\n<\/tr>\n<tr class=\"row-14\">\n\t<td class=\"column-1\">18 apr<\/td><td class=\"column-2\">0,41 \u20ac\/Smc<\/td><td class=\"column-3\">-10,1%<\/td>\n<\/tr>\n<tr class=\"row-15\">\n\t<td class=\"column-1\">17 apr<\/td><td class=\"column-2\">0,46 \u20ac\/Smc<\/td><td class=\"column-3\">-0,3%<\/td>\n<\/tr>\n<\/tbody>\n<\/table>\n<!-- #tablepress-15 from cache -->\n\n\n\n<div style=\"height:30px\" aria-hidden=\"true\" class=\"wp-block-spacer\"><\/div>\n\n\n\n<p>Ecco invece l\u2019andamento del PUN GME per la luce nelle ultime 2 settimane \ud83d\udc47<\/p>\n\n\n\n<div style=\"height:10px\" aria-hidden=\"true\" class=\"wp-block-spacer\"><\/div>\n\n\n\n\n<table id=\"tablepress-14\" class=\"tablepress tablepress-id-14\">\n<thead>\n<tr class=\"row-1\">\n\t<th class=\"column-1\" style=\"width:30%;\">Giorno<\/th><th class=\"column-2\" style=\"width:35%;\">PUN GME (\u20ac\/kWh)<\/th><th class=\"column-3\" style=\"width:35%;\">Variazione PUN sul giorno prima<\/th>\n<\/tr>\n<\/thead>\n<tbody class=\"row-striping row-hover\">\n<tr class=\"row-2\">\n\t<td class=\"column-1\">30 apr<\/td><td class=\"column-2\">0,11 \u20ac\/kWh<\/td><td class=\"column-3\">-8,6%<\/td>\n<\/tr>\n<tr class=\"row-3\">\n\t<td class=\"column-1\">29 apr<\/td><td class=\"column-2\">0,12 \u20ac\/kWh<\/td><td class=\"column-3\">-9,9%<\/td>\n<\/tr>\n<tr class=\"row-4\">\n\t<td class=\"column-1\">28 apr<\/td><td class=\"column-2\">0,13 \u20ac\/kWh<\/td><td class=\"column-3\">+5,0%<\/td>\n<\/tr>\n<tr class=\"row-5\">\n\t<td class=\"column-1\">27 apr<\/td><td class=\"column-2\">0,12 \u20ac\/kWh<\/td><td class=\"column-3\">+13,6%<\/td>\n<\/tr>\n<tr class=\"row-6\">\n\t<td class=\"column-1\">26 apr<\/td><td class=\"column-2\">0,11 \u20ac\/kWh<\/td><td class=\"column-3\">+3,3%<\/td>\n<\/tr>\n<tr class=\"row-7\">\n\t<td class=\"column-1\">25 apr<\/td><td class=\"column-2\">0,1 \u20ac\/kWh<\/td><td class=\"column-3\">-6,5%<\/td>\n<\/tr>\n<tr class=\"row-8\">\n\t<td class=\"column-1\">24 apr<\/td><td class=\"column-2\">0,11 \u20ac\/kWh<\/td><td class=\"column-3\">+16,5%<\/td>\n<\/tr>\n<tr class=\"row-9\">\n\t<td class=\"column-1\">23 apr<\/td><td class=\"column-2\">0,1 \u20ac\/kWh<\/td><td class=\"column-3\">-20,3%<\/td>\n<\/tr>\n<tr class=\"row-10\">\n\t<td class=\"column-1\">22 apr<\/td><td class=\"column-2\">0,12 \u20ac\/kWh<\/td><td class=\"column-3\">+5,7%<\/td>\n<\/tr>\n<tr class=\"row-11\">\n\t<td class=\"column-1\">21 apr<\/td><td class=\"column-2\">0,11 \u20ac\/kWh<\/td><td class=\"column-3\">+2,5%<\/td>\n<\/tr>\n<tr class=\"row-12\">\n\t<td class=\"column-1\">20 apr<\/td><td class=\"column-2\">0,11 \u20ac\/kWh<\/td><td class=\"column-3\">+8,9%<\/td>\n<\/tr>\n<tr class=\"row-13\">\n\t<td class=\"column-1\">19 apr<\/td><td class=\"column-2\">0,1 \u20ac\/kWh<\/td><td class=\"column-3\">+13,9%<\/td>\n<\/tr>\n<tr class=\"row-14\">\n\t<td class=\"column-1\">18 apr<\/td><td class=\"column-2\">0,09 \u20ac\/kWh<\/td><td class=\"column-3\">-17,4%<\/td>\n<\/tr>\n<tr class=\"row-15\">\n\t<td class=\"column-1\">17 apr<\/td><td class=\"column-2\">0,11 \u20ac\/kWh<\/td><td class=\"column-3\">-16,9%<\/td>\n<\/tr>\n<\/tbody>\n<\/table>\n<!-- #tablepress-14 from cache -->\n\n\n\n<div style=\"height:30px\" aria-hidden=\"true\" class=\"wp-block-spacer\"><\/div>\n\n\n\n<h2 class=\"wp-block-heading\" id=\"bolletta\"><strong>Le conseguenze in bolletta e come tutelarti<\/strong><\/h2>\n\n\n\n<p>Qual \u00e8 l\u2019impatto di questi cambiamenti di prezzo sulle bollette? Nel breve termine, le strade sono due:<\/p>\n\n\n\n<ul class=\"wp-block-list emoji_bullets emoji_right_arrow\">\n<li>Chi ha sottoscritto un\u2019<strong>offerta a prezzo variabile<\/strong>, che segue l\u2019andamento degli indici di prezzo, noter\u00e0 gli aumenti in bolletta, potenzialmente gi\u00e0 dalla prossima fatturazione.<\/li>\n\n\n\n<li>Chi ha <strong>un\u2019offerta a prezzo bloccato <\/strong>per ora<strong> <\/strong>non deve preoccuparsi: il costo dell\u2019energia non cambier\u00e0. \u00c8 importante comunque fare attenzione alla scadenza dell\u2019offerta, perch\u00e9 potrebbe essere seguita da una proposta meno conveniente o da un\u2019offerta a prezzo variabile.<\/li>\n<\/ul>\n\n\n\n<p>La buona notizia \u00e8 che siamo alla fine dell\u2019inverno, dunque in una <strong>fase di calo della domanda energetica<\/strong> per il riscaldamento domestico. Anche con un aumento del prezzo del gas, i consumi in diminuzione permettono di attenuare, almeno per ora, i rincari in bolletta.&nbsp;<\/p>\n\n\n\n<p>Se comunque hai un\u2019offerta a prezzo variabile o un rinnovo di contratto in vista, \u00e8 dunque necessario agire tempestivamente:<\/p>\n\n\n\n<p class=\"has-medium-font-size\"><em>Per adeguarsi ai cambiamenti di mercato e tutelarsi dalle oscillazioni dei prezzi, alcuni fornitori <\/em><strong><em>stanno ritirando le offerte a prezzo fisso<\/em><\/strong><em> o le rendono disponibili solo per pochi giorni, puntando invece sempre pi\u00f9 sulle offerte a prezzo variabile.<\/em><\/p>\n\n\n\n<div style=\"height:20px\" aria-hidden=\"true\" class=\"wp-block-spacer\"><\/div>\n\n\n\n<p class=\"article-cta\"><strong>\ud83d\udca1 <\/strong>In questo momento, il consiglio \u00e8 di <strong>valutare le offerte a prezzo fisso disponibili sul mercato<\/strong>, prima che quelle pi\u00f9 competitive vengano ritirate in favore di tariffe meno vantaggiose. Ecco le offerte a prezzo fisso migliori di oggi:&nbsp;<\/p>\n\n\n\n<div style=\"height:30px\" aria-hidden=\"true\" class=\"wp-block-spacer\"><\/div>\n\n\n\n\n<div id=\"tablepress-1-scroll-wrapper\" class=\"tablepress-scroll-wrapper\">\n<table id=\"tablepress-1\" class=\"tablepress tablepress-id-1 tablepress-responsive\">\n<thead>\n<tr class=\"row-1\">\n\t<th class=\"column-1\">Fornitore<\/th><th class=\"column-2\">Offerta<\/th><th class=\"column-3\">Prezzo luce<\/th><th class=\"column-4\">Prezzo gas<\/th><th class=\"column-5\">Quota fissa<\/th><th class=\"column-6\">Costo*<\/th>\n<\/tr>\n<\/thead>\n<tbody class=\"row-striping row-hover\">\n<tr class=\"row-2\">\n\t<td class=\"column-1\"><img style='width:100px;' src='https:\/\/www.switcho.it\/blog\/wp-content\/uploads\/2026\/04\/Dolomiti-energia-1.png' alt='Dolomiti Energia' \/><\/td><td class=\"column-2\">Dolomiti Mitica Dual 36 Web<\/td><td class=\"column-3\">0,122 \u20ac\/kWh<\/td><td class=\"column-4\">0,489 \u20ac\/Smc<\/td><td class=\"column-5\">12 \u20ac\/mese<\/td><td class=\"column-6\">59,9 \u20ac\/mese<\/td>\n<\/tr>\n<tr class=\"row-3\">\n\t<td class=\"column-1\"><img style='width:100px;' src='https:\/\/www.switcho.it\/blog\/wp-content\/uploads\/2022\/12\/eon.png' alt='E.ON' \/><\/td><td class=\"column-2\">E.ON Luce e Gas Insieme<\/td><td class=\"column-3\">0,0952 \u20ac\/kWh<\/td><td class=\"column-4\">0,514 \u20ac\/Smc<\/td><td class=\"column-5\">18 \u20ac\/mese<\/td><td class=\"column-6\">63,5 \u20ac\/mese<\/td>\n<\/tr>\n<tr class=\"row-4\">\n\t<td class=\"column-1\"><img style='width:100px;' src='https:\/\/www.switcho.it\/blog\/wp-content\/uploads\/2026\/04\/Lene-Energia.png' alt='Lene' \/><\/td><td class=\"column-2\">Lene Leggera Luce e Superleggera Gas<\/td><td class=\"column-3\">0,126 \u20ac\/kWh<\/td><td class=\"column-4\">0,514 \u20ac\/Smc<\/td><td class=\"column-5\">14 \u20ac\/mese<\/td><td class=\"column-6\">64 \u20ac\/mese<\/td>\n<\/tr>\n<\/tbody>\n<\/table>\n<\/div>\n<!-- #tablepress-1 from cache -->\n\n\n\n<div style=\"height:30px\" aria-hidden=\"true\" class=\"wp-block-spacer\"><\/div>\n\n\n\n<p>Per una scelta 100% consapevole, carica la tua bolletta su <a href=\"https:\/\/www.switcho.it\/servizi\/intro\/luce-gas\"><strong>Switcho<\/strong><\/a>: noi mostreremo solo le offerte pi\u00f9 adatte ai tuoi consumi.&nbsp;<\/p>\n\n\n\n<div class=\"wp-block-divi-layout\">[et_pb_section fb_built=&#8221;1&#8243; disabled_on=&#8221;off|off|off&#8221; admin_label=&#8221;section&#8221; _builder_version=&#8221;4.27.5&#8243; width=&#8221;100%&#8221; custom_margin=&#8221;||25px||false|false&#8221; custom_margin_tablet=&#8221;20px||40px||false|false&#8221; custom_margin_phone=&#8221;||||false|false&#8221; custom_margin_last_edited=&#8221;on|desktop&#8221; custom_padding=&#8221;||||false|false&#8221; hover_enabled=&#8221;0&#8243; locked=&#8221;off&#8221; global_colors_info=&#8221;{}&#8221; sticky_enabled=&#8221;0&#8243;][et_pb_row admin_label=&#8221;row&#8221; _builder_version=&#8221;4.27.5&#8243; background_size=&#8221;initial&#8221; background_position=&#8221;top_left&#8221; background_repeat=&#8221;repeat&#8221; width=&#8221;100%&#8221; width_tablet=&#8221;100%&#8221; width_phone=&#8221;100%&#8221; width_last_edited=&#8221;off|desktop&#8221; custom_margin=&#8221;0px||0px||false|false&#8221; custom_padding=&#8221;0px||0px||false|false&#8221; custom_css_main_element=&#8221;width: 100% !important;&#8221; global_colors_info=&#8221;{}&#8221;][et_pb_column type=&#8221;4_4&#8243; _builder_version=&#8221;4.27.5&#8243; _module_preset=&#8221;default&#8221; custom_padding=&#8221;0px||0px||false|false&#8221; global_colors_info=&#8221;{}&#8221;][et_pb_image src=&#8221;https:\/\/www.switcho.it\/blog\/wp-content\/uploads\/2024\/03\/banner-luce-gas-top-desktop-new.png&#8221; alt=&#8221;Risparmia in bolletta con Switcho&#8221; title_text=&#8221;risparmia sulle bollette con switcho&#8221; url=&#8221;https:\/\/www.switcho.it\/servizi\/intro\/luce-gas?ref=cta-energy-top&#8221; align=&#8221;center&#8221; force_fullwidth=&#8221;on&#8221; src_tablet=&#8221;https:\/\/www.switcho.it\/blog\/wp-content\/uploads\/2024\/07\/energy-cta-mobile-top-small.png&#8221; src_phone=&#8221;https:\/\/www.switcho.it\/blog\/wp-content\/uploads\/2024\/07\/energy-cta-mobile-top-small.png&#8221; src_last_edited=&#8221;on|desktop&#8221; _builder_version=&#8221;4.27.5&#8243; _module_preset=&#8221;default&#8221; custom_margin=&#8221;0px||0px||false|false&#8221; custom_padding=&#8221;0px||0px||false|false&#8221; custom_css_free_form=&#8221;selector img {||  box-shadow: none;||  border: 1px solid #d0cdd7;||  border-radius: 20px;||}&#8221; border_radii=&#8221;on|20px|20px|20px|20px&#8221; border_color_all=&#8221;#d0cdd7&#8243; global_colors_info=&#8221;{}&#8221;][\/et_pb_image][\/et_pb_column][\/et_pb_row][\/et_pb_section]<\/div>\n\n\n\n<h2 class=\"wp-block-heading\" id=\"prezzi-energia\"><strong>Cosa sta succedendo ai prezzi dell\u2019energia?<\/strong><\/h2>\n\n\n\n<p>Come saprai gi\u00e0, il conflitto tra Iran, Stati Uniti e Israele sta avendo conseguenze dirette sui mercati energetici europei. Al centro della questione c&#8217;\u00e8 lo <strong>Stretto di Hormuz<\/strong>, passaggio chiave per il petrolio e il <strong>Gas Naturale Liquefatto<\/strong> (GNL) dai paesi del Golfo Persico: formalmente aperto, di fatto \u00e8 impraticabile per le navi commerciali a causa del pericolo di attacchi iraniani.<\/p>\n\n\n\n<p>Le conseguenze per l\u2019Italia e l\u2019Europa riguardano principalmente<strong> l\u2019importazione del gas dal Qatar<\/strong>, che passa proprio attraverso lo Stretto. Se il gas per le forniture di marzo era gi\u00e0 partito a fine febbraio, l\u2019attuale blocco impatter\u00e0 sulle operazioni di stoccaggio dei prossimi mesi.<\/p>\n\n\n\n<p>L&#8217;effetto di queste preoccupazioni \u00e8 stato immediato: il <strong>TTF<\/strong>, l\u2019indice del prezzo di riferimento per il gas naturale nel <strong>mercato europeo<\/strong>, \u00e8 schizzato nel giro di poche settimane.&nbsp;<\/p>\n\n\n\n<p>Queste dinamiche, naturalmente, condizionano il <strong>mercato del gas italiano<\/strong>, nonostante il gas qatariota rappresenti solo una quota dell\u2019approvvigionamento nazionale. Puoi osservare l&#8217;effetto della crisi in Medio Oriente nel grafico qui sotto, che mostra l&#8217;andamento del PSV a partire da febbraio \u2b07\ufe0f<\/p>\n\n\n\n<div style=\"height:40px\" aria-hidden=\"true\" class=\"wp-block-spacer\"><\/div>\n\n\n\n<div class=\"flourish-embed flourish-chart\" data-src=\"visualisation\/28019715\"><script src=\"https:\/\/public.flourish.studio\/resources\/embed.js\"><\/script><noscript><img decoding=\"async\" src=\"https:\/\/public.flourish.studio\/visualisation\/28019715\/thumbnail\" width=\"100%\" alt=\"visualization\" \/><\/noscript><\/div>\n\n\n\n<div style=\"height:40px\" aria-hidden=\"true\" class=\"wp-block-spacer\"><\/div>\n\n\n\n<p class=\"article-cta\">\u2757<strong> <\/strong>L\u2019andamento del prezzo del gas <strong>influenza quello della luce<\/strong>: ci\u00f2 accade in quanto il gas naturale \u00e8 la principale fonte di produzione termoelettrica in Italia. Se la produzione di elettricit\u00e0 costa di pi\u00f9, anche il prezzo di mercato e al dettaglio aumenta.<\/p>\n\n\n\n<div style=\"height:20px\" aria-hidden=\"true\" class=\"wp-block-spacer\"><\/div>\n\n\n\n<h2 class=\"wp-block-heading\" id=\"arera\"><strong>I provvedimenti di ARERA a tutela del consumatore<\/strong><\/h2>\n\n\n\n<p>In questo scenario incerto, l\u2019ARERA ha costituito l\u2019<a href=\"https:\/\/www.switcho.it\/blog\/luce-gas\/arera-unita-vigilanza-crisi\/\" type=\"link\" id=\"https:\/\/www.switcho.it\/blog\/luce-gas\/arera-unita-vigilanza-crisi\/\" target=\"_blank\" rel=\"noreferrer noopener\">Unit\u00e0 di Vigilanza Energetica<\/a>.<\/p>\n\n\n\n<p class=\"has-medium-font-size\"><em>L\u2019Unit\u00e0 di Vigilanza Energetica ha il compito di <\/em><strong><em>monitorare in tempo reale l\u2019evoluzione dei prezzi all\u2019ingrosso e al dettaglio di luce e gas<\/em><\/strong><em>, per valutare i possibili effetti sui corrispettivi applicati ai clienti finali.&nbsp;<\/em><\/p>\n\n\n\n<p>Dopo una doppia osservazione, prima per la luce e poi per il gas, ogni giorno vengono pubblicati gli indicatori di mercato \ud83d\udc49 <a href=\"https:\/\/www.arera.it\/vigilanza-energetica?aria-label=CONSULTA%20per%20vedere%20ISTITUITA%20L%27UNITA%27%20DI%20VIGILANZA%20ENERGETICA&amp;tabindex=0&amp;cHash=2004e1171b3e7421b97f362b871eb036\" type=\"link\" id=\"https:\/\/www.arera.it\/vigilanza-energetica?aria-label=CONSULTA%20per%20vedere%20ISTITUITA%20L%27UNITA%27%20DI%20VIGILANZA%20ENERGETICA&amp;tabindex=0&amp;cHash=2004e1171b3e7421b97f362b871eb036\" target=\"_blank\" rel=\"noreferrer noopener nofollow\">clicca qui per consultarli<\/a><\/p>\n\n\n\n<p>L\u2019Unit\u00e0 di Vigilanza Energetica, inoltre, sta monitorando l\u2019attivit\u00e0 dei fornitori, controllando sia le nuove offerte sul mercato che le proposte di rinnovo.&nbsp;<\/p>\n\n\n\n<p>L\u2019Autorit\u00e0 ricorda anche che:<\/p>\n\n\n\n<ul class=\"wp-block-list emoji_bullets emoji_hand_right\">\n<li>I <strong>contratti di fornitura elettrica a prezzo fisso<\/strong> non possono essere oggetto di modifica unilaterale;<\/li>\n\n\n\n<li>Per qualsiasi dubbio o chiarimento sul proprio contratto di fornitura \u00e8 disponibile lo <a href=\"http:\/\/www.sportelloperilconsumatore.it\" target=\"_blank\" rel=\"noreferrer noopener nofollow\">Sportello per il Consumatore Energia e Ambiente<\/a>.<\/li>\n<\/ul>\n","protected":false},"excerpt":{"rendered":"<p>Quali sono gli effetti della crisi in Medio Oriente sulle bollette? Leggi i prezzi di luce e gas di oggi e come proteggerti dai rincari.<\/p>\n","protected":false},"author":4,"featured_media":154731,"comment_status":"closed","ping_status":"closed","sticky":false,"template":"","format":"standard","meta":{"_et_pb_use_builder":"off","_et_pb_old_content":"","_et_gb_content_width":"","_lmt_disableupdate":"","_lmt_disable":"","footnotes":""},"categories":[509],"tags":[],"class_list":["post-154668","post","type-post","status-publish","format-standard","has-post-thumbnail","hentry","category-news-luce-gas"],"yoast_head":"<!-- This site is optimized with the Yoast SEO plugin v27.5 - https:\/\/yoast.com\/product\/yoast-seo-wordpress\/ -->\n<title>Crisi Medio Oriente e Bollette: i Prezzi di Gas e Luce di Oggi - Switcho<\/title>\n<meta name=\"description\" content=\"Quali sono gli effetti della crisi in Medio Oriente sulle bollette? Leggi i prezzi di luce e gas di oggi e come proteggerti dai rincari.\" \/>\n<meta name=\"robots\" content=\"index, follow, max-snippet:-1, max-image-preview:large, max-video-preview:-1\" \/>\n<link rel=\"canonical\" href=\"https:\/\/www.switcho.it\/blog\/luce-gas\/crisi-iran-prezzi-energia\/\" \/>\n<meta property=\"og:locale\" content=\"it_IT\" \/>\n<meta property=\"og:type\" content=\"article\" \/>\n<meta property=\"og:title\" content=\"Crisi Medio Oriente e Bollette: i Prezzi di Gas e Luce di Oggi - Switcho\" \/>\n<meta property=\"og:description\" content=\"Quali sono gli effetti della crisi in Medio Oriente sulle bollette? Leggi i prezzi di luce e gas di oggi e come proteggerti dai rincari.\" \/>\n<meta property=\"og:url\" content=\"https:\/\/www.switcho.it\/blog\/luce-gas\/crisi-iran-prezzi-energia\/\" \/>\n<meta property=\"og:site_name\" content=\"Switcho\" \/>\n<meta property=\"article:published_time\" content=\"2026-03-18T08:34:09+00:00\" \/>\n<meta property=\"article:modified_time\" content=\"2026-04-07T15:14:12+00:00\" \/>\n<meta property=\"og:image\" content=\"https:\/\/www.switcho.it\/blog\/wp-content\/uploads\/2026\/03\/PSV-e-PUN-oggi-guerra-in-Iran.png\" \/>\n\t<meta property=\"og:image:width\" content=\"1200\" \/>\n\t<meta property=\"og:image:height\" content=\"800\" \/>\n\t<meta property=\"og:image:type\" content=\"image\/png\" \/>\n<meta name=\"author\" content=\"Team Switcho\" \/>\n<meta name=\"twitter:card\" content=\"summary_large_image\" \/>\n<meta name=\"twitter:title\" content=\"Crisi Medio Oriente e Bollette: i Prezzi di Gas e Luce di Oggi - Switcho\" \/>\n<meta name=\"twitter:description\" content=\"Quali sono gli effetti della crisi in Medio Oriente sulle bollette? Leggi i prezzi di luce e gas di oggi e come proteggerti dai rincari.\" \/>\n<meta name=\"twitter:image\" content=\"https:\/\/www.switcho.it\/blog\/wp-content\/uploads\/2026\/03\/PSV-e-PUN-oggi-guerra-in-Iran.png\" \/>\n<meta name=\"twitter:label1\" content=\"Scritto da\" \/>\n\t<meta name=\"twitter:data1\" content=\"Team Switcho\" \/>\n\t<meta name=\"twitter:label2\" content=\"Tempo di lettura stimato\" \/>\n\t<meta name=\"twitter:data2\" content=\"5 minuti\" \/>\n<script type=\"application\/ld+json\" class=\"yoast-schema-graph\">{\"@context\":\"https:\\\/\\\/schema.org\",\"@graph\":[{\"@type\":\"Article\",\"@id\":\"https:\\\/\\\/www.switcho.it\\\/blog\\\/luce-gas\\\/crisi-iran-prezzi-energia\\\/#article\",\"isPartOf\":{\"@id\":\"https:\\\/\\\/www.switcho.it\\\/blog\\\/luce-gas\\\/crisi-iran-prezzi-energia\\\/\"},\"author\":{\"name\":\"Team Switcho\",\"@id\":\"https:\\\/\\\/www.switcho.it\\\/blog\\\/#\\\/schema\\\/person\\\/a98be1a8a3ad9db5e878ef48d42d213f\"},\"headline\":\"Caro energia, ecco i prezzi di gas e luce di oggi\",\"datePublished\":\"2026-03-18T08:34:09+00:00\",\"dateModified\":\"2026-04-07T15:14:12+00:00\",\"mainEntityOfPage\":{\"@id\":\"https:\\\/\\\/www.switcho.it\\\/blog\\\/luce-gas\\\/crisi-iran-prezzi-energia\\\/\"},\"wordCount\":841,\"publisher\":{\"@id\":\"https:\\\/\\\/www.switcho.it\\\/blog\\\/#organization\"},\"image\":{\"@id\":\"https:\\\/\\\/www.switcho.it\\\/blog\\\/luce-gas\\\/crisi-iran-prezzi-energia\\\/#primaryimage\"},\"thumbnailUrl\":\"https:\\\/\\\/www.switcho.it\\\/blog\\\/wp-content\\\/uploads\\\/2026\\\/03\\\/PSV-e-PUN-oggi-guerra-in-Iran.png\",\"articleSection\":[\"News luce e gas\"],\"inLanguage\":\"it-IT\"},{\"@type\":\"WebPage\",\"@id\":\"https:\\\/\\\/www.switcho.it\\\/blog\\\/luce-gas\\\/crisi-iran-prezzi-energia\\\/\",\"url\":\"https:\\\/\\\/www.switcho.it\\\/blog\\\/luce-gas\\\/crisi-iran-prezzi-energia\\\/\",\"name\":\"Crisi Medio Oriente e Bollette: i Prezzi di Gas e Luce di Oggi - Switcho\",\"isPartOf\":{\"@id\":\"https:\\\/\\\/www.switcho.it\\\/blog\\\/#website\"},\"primaryImageOfPage\":{\"@id\":\"https:\\\/\\\/www.switcho.it\\\/blog\\\/luce-gas\\\/crisi-iran-prezzi-energia\\\/#primaryimage\"},\"image\":{\"@id\":\"https:\\\/\\\/www.switcho.it\\\/blog\\\/luce-gas\\\/crisi-iran-prezzi-energia\\\/#primaryimage\"},\"thumbnailUrl\":\"https:\\\/\\\/www.switcho.it\\\/blog\\\/wp-content\\\/uploads\\\/2026\\\/03\\\/PSV-e-PUN-oggi-guerra-in-Iran.png\",\"datePublished\":\"2026-03-18T08:34:09+00:00\",\"dateModified\":\"2026-04-07T15:14:12+00:00\",\"description\":\"Quali sono gli effetti della crisi in Medio Oriente sulle bollette? Leggi i prezzi di luce e gas di oggi e come proteggerti dai rincari.\",\"breadcrumb\":{\"@id\":\"https:\\\/\\\/www.switcho.it\\\/blog\\\/luce-gas\\\/crisi-iran-prezzi-energia\\\/#breadcrumb\"},\"inLanguage\":\"it-IT\",\"potentialAction\":[{\"@type\":\"ReadAction\",\"target\":[\"https:\\\/\\\/www.switcho.it\\\/blog\\\/luce-gas\\\/crisi-iran-prezzi-energia\\\/\"]}]},{\"@type\":\"ImageObject\",\"inLanguage\":\"it-IT\",\"@id\":\"https:\\\/\\\/www.switcho.it\\\/blog\\\/luce-gas\\\/crisi-iran-prezzi-energia\\\/#primaryimage\",\"url\":\"https:\\\/\\\/www.switcho.it\\\/blog\\\/wp-content\\\/uploads\\\/2026\\\/03\\\/PSV-e-PUN-oggi-guerra-in-Iran.png\",\"contentUrl\":\"https:\\\/\\\/www.switcho.it\\\/blog\\\/wp-content\\\/uploads\\\/2026\\\/03\\\/PSV-e-PUN-oggi-guerra-in-Iran.png\",\"width\":1200,\"height\":800,\"caption\":\"PSV e PUN oggi guerra in Iran\"},{\"@type\":\"BreadcrumbList\",\"@id\":\"https:\\\/\\\/www.switcho.it\\\/blog\\\/luce-gas\\\/crisi-iran-prezzi-energia\\\/#breadcrumb\",\"itemListElement\":[{\"@type\":\"ListItem\",\"position\":1,\"name\":\"Home\",\"item\":\"https:\\\/\\\/www.switcho.it\\\/blog\\\/\"},{\"@type\":\"ListItem\",\"position\":2,\"name\":\"Luce e Gas\",\"item\":\"https:\\\/\\\/www.switcho.it\\\/blog\\\/luce-gas\\\/\"},{\"@type\":\"ListItem\",\"position\":3,\"name\":\"News luce e gas\",\"item\":\"https:\\\/\\\/www.switcho.it\\\/blog\\\/luce-gas\\\/news-luce-gas\\\/\"},{\"@type\":\"ListItem\",\"position\":4,\"name\":\"Caro energia, ecco i prezzi di gas e luce di oggi\"}]},{\"@type\":\"WebSite\",\"@id\":\"https:\\\/\\\/www.switcho.it\\\/blog\\\/#website\",\"url\":\"https:\\\/\\\/www.switcho.it\\\/blog\\\/\",\"name\":\"Switcho\",\"description\":\"Il blog semplice, per davvero.\",\"publisher\":{\"@id\":\"https:\\\/\\\/www.switcho.it\\\/blog\\\/#organization\"},\"potentialAction\":[{\"@type\":\"SearchAction\",\"target\":{\"@type\":\"EntryPoint\",\"urlTemplate\":\"https:\\\/\\\/www.switcho.it\\\/blog\\\/?s={search_term_string}\"},\"query-input\":{\"@type\":\"PropertyValueSpecification\",\"valueRequired\":true,\"valueName\":\"search_term_string\"}}],\"inLanguage\":\"it-IT\"},{\"@type\":\"Organization\",\"@id\":\"https:\\\/\\\/www.switcho.it\\\/blog\\\/#organization\",\"name\":\"Switcho\",\"url\":\"https:\\\/\\\/www.switcho.it\\\/blog\\\/\",\"logo\":{\"@type\":\"ImageObject\",\"inLanguage\":\"it-IT\",\"@id\":\"https:\\\/\\\/www.switcho.it\\\/blog\\\/#\\\/schema\\\/logo\\\/image\\\/\",\"url\":\"https:\\\/\\\/www.switcho.it\\\/blog\\\/wp-content\\\/uploads\\\/2021\\\/03\\\/Switcho-Logotype-Green.png\",\"contentUrl\":\"https:\\\/\\\/www.switcho.it\\\/blog\\\/wp-content\\\/uploads\\\/2021\\\/03\\\/Switcho-Logotype-Green.png\",\"width\":1507,\"height\":597,\"caption\":\"Switcho\"},\"image\":{\"@id\":\"https:\\\/\\\/www.switcho.it\\\/blog\\\/#\\\/schema\\\/logo\\\/image\\\/\"}},{\"@type\":\"Person\",\"@id\":\"https:\\\/\\\/www.switcho.it\\\/blog\\\/#\\\/schema\\\/person\\\/a98be1a8a3ad9db5e878ef48d42d213f\",\"name\":\"Team Switcho\",\"image\":{\"@type\":\"ImageObject\",\"inLanguage\":\"it-IT\",\"@id\":\"https:\\\/\\\/secure.gravatar.com\\\/avatar\\\/c9358d7d7534c233369824eaa26f088e5a962872046a464377b68bf901b8b21d?s=96&d=mm&r=g\",\"url\":\"https:\\\/\\\/secure.gravatar.com\\\/avatar\\\/c9358d7d7534c233369824eaa26f088e5a962872046a464377b68bf901b8b21d?s=96&d=mm&r=g\",\"contentUrl\":\"https:\\\/\\\/secure.gravatar.com\\\/avatar\\\/c9358d7d7534c233369824eaa26f088e5a962872046a464377b68bf901b8b21d?s=96&d=mm&r=g\",\"caption\":\"Team Switcho\"},\"description\":\"Il team di Switcho seleziona per te tante offerte vantaggiose, per offrirti proposte aggiornate e realmente imparziali su energia, internet, telefonia e assicurazioni. Prova il nostro servizio dedicato per trovare le offerte pi\u00f9 convenienti in base alla tua situazione attuale!\",\"url\":\"https:\\\/\\\/www.switcho.it\\\/blog\\\/author\\\/team-switcho\\\/\"}]}<\/script>\n<!-- \/ Yoast SEO plugin. -->","yoast_head_json":{"title":"Crisi Medio Oriente e Bollette: i Prezzi di Gas e Luce di Oggi - Switcho","description":"Quali sono gli effetti della crisi in Medio Oriente sulle bollette? Leggi i prezzi di luce e gas di oggi e come proteggerti dai rincari.","robots":{"index":"index","follow":"follow","max-snippet":"max-snippet:-1","max-image-preview":"max-image-preview:large","max-video-preview":"max-video-preview:-1"},"canonical":"https:\/\/www.switcho.it\/blog\/luce-gas\/crisi-iran-prezzi-energia\/","og_locale":"it_IT","og_type":"article","og_title":"Crisi Medio Oriente e Bollette: i Prezzi di Gas e Luce di Oggi - Switcho","og_description":"Quali sono gli effetti della crisi in Medio Oriente sulle bollette? Leggi i prezzi di luce e gas di oggi e come proteggerti dai rincari.","og_url":"https:\/\/www.switcho.it\/blog\/luce-gas\/crisi-iran-prezzi-energia\/","og_site_name":"Switcho","article_published_time":"2026-03-18T08:34:09+00:00","article_modified_time":"2026-04-07T15:14:12+00:00","og_image":[{"width":1200,"height":800,"url":"https:\/\/www.switcho.it\/blog\/wp-content\/uploads\/2026\/03\/PSV-e-PUN-oggi-guerra-in-Iran.png","type":"image\/png"}],"author":"Team Switcho","twitter_card":"summary_large_image","twitter_title":"Crisi Medio Oriente e Bollette: i Prezzi di Gas e Luce di Oggi - Switcho","twitter_description":"Quali sono gli effetti della crisi in Medio Oriente sulle bollette? Leggi i prezzi di luce e gas di oggi e come proteggerti dai rincari.","twitter_image":"https:\/\/www.switcho.it\/blog\/wp-content\/uploads\/2026\/03\/PSV-e-PUN-oggi-guerra-in-Iran.png","twitter_misc":{"Scritto da":"Team Switcho","Tempo di lettura stimato":"5 minuti"},"schema":{"@context":"https:\/\/schema.org","@graph":[{"@type":"Article","@id":"https:\/\/www.switcho.it\/blog\/luce-gas\/crisi-iran-prezzi-energia\/#article","isPartOf":{"@id":"https:\/\/www.switcho.it\/blog\/luce-gas\/crisi-iran-prezzi-energia\/"},"author":{"name":"Team Switcho","@id":"https:\/\/www.switcho.it\/blog\/#\/schema\/person\/a98be1a8a3ad9db5e878ef48d42d213f"},"headline":"Caro energia, ecco i prezzi di gas e luce di oggi","datePublished":"2026-03-18T08:34:09+00:00","dateModified":"2026-04-07T15:14:12+00:00","mainEntityOfPage":{"@id":"https:\/\/www.switcho.it\/blog\/luce-gas\/crisi-iran-prezzi-energia\/"},"wordCount":841,"publisher":{"@id":"https:\/\/www.switcho.it\/blog\/#organization"},"image":{"@id":"https:\/\/www.switcho.it\/blog\/luce-gas\/crisi-iran-prezzi-energia\/#primaryimage"},"thumbnailUrl":"https:\/\/www.switcho.it\/blog\/wp-content\/uploads\/2026\/03\/PSV-e-PUN-oggi-guerra-in-Iran.png","articleSection":["News luce e gas"],"inLanguage":"it-IT"},{"@type":"WebPage","@id":"https:\/\/www.switcho.it\/blog\/luce-gas\/crisi-iran-prezzi-energia\/","url":"https:\/\/www.switcho.it\/blog\/luce-gas\/crisi-iran-prezzi-energia\/","name":"Crisi Medio Oriente e Bollette: i Prezzi di Gas e Luce di Oggi - Switcho","isPartOf":{"@id":"https:\/\/www.switcho.it\/blog\/#website"},"primaryImageOfPage":{"@id":"https:\/\/www.switcho.it\/blog\/luce-gas\/crisi-iran-prezzi-energia\/#primaryimage"},"image":{"@id":"https:\/\/www.switcho.it\/blog\/luce-gas\/crisi-iran-prezzi-energia\/#primaryimage"},"thumbnailUrl":"https:\/\/www.switcho.it\/blog\/wp-content\/uploads\/2026\/03\/PSV-e-PUN-oggi-guerra-in-Iran.png","datePublished":"2026-03-18T08:34:09+00:00","dateModified":"2026-04-07T15:14:12+00:00","description":"Quali sono gli effetti della crisi in Medio Oriente sulle bollette? Leggi i prezzi di luce e gas di oggi e come proteggerti dai rincari.","breadcrumb":{"@id":"https:\/\/www.switcho.it\/blog\/luce-gas\/crisi-iran-prezzi-energia\/#breadcrumb"},"inLanguage":"it-IT","potentialAction":[{"@type":"ReadAction","target":["https:\/\/www.switcho.it\/blog\/luce-gas\/crisi-iran-prezzi-energia\/"]}]},{"@type":"ImageObject","inLanguage":"it-IT","@id":"https:\/\/www.switcho.it\/blog\/luce-gas\/crisi-iran-prezzi-energia\/#primaryimage","url":"https:\/\/www.switcho.it\/blog\/wp-content\/uploads\/2026\/03\/PSV-e-PUN-oggi-guerra-in-Iran.png","contentUrl":"https:\/\/www.switcho.it\/blog\/wp-content\/uploads\/2026\/03\/PSV-e-PUN-oggi-guerra-in-Iran.png","width":1200,"height":800,"caption":"PSV e PUN oggi guerra in Iran"},{"@type":"BreadcrumbList","@id":"https:\/\/www.switcho.it\/blog\/luce-gas\/crisi-iran-prezzi-energia\/#breadcrumb","itemListElement":[{"@type":"ListItem","position":1,"name":"Home","item":"https:\/\/www.switcho.it\/blog\/"},{"@type":"ListItem","position":2,"name":"Luce e Gas","item":"https:\/\/www.switcho.it\/blog\/luce-gas\/"},{"@type":"ListItem","position":3,"name":"News luce e gas","item":"https:\/\/www.switcho.it\/blog\/luce-gas\/news-luce-gas\/"},{"@type":"ListItem","position":4,"name":"Caro energia, ecco i prezzi di gas e luce di oggi"}]},{"@type":"WebSite","@id":"https:\/\/www.switcho.it\/blog\/#website","url":"https:\/\/www.switcho.it\/blog\/","name":"Switcho","description":"Il blog semplice, per davvero.","publisher":{"@id":"https:\/\/www.switcho.it\/blog\/#organization"},"potentialAction":[{"@type":"SearchAction","target":{"@type":"EntryPoint","urlTemplate":"https:\/\/www.switcho.it\/blog\/?s={search_term_string}"},"query-input":{"@type":"PropertyValueSpecification","valueRequired":true,"valueName":"search_term_string"}}],"inLanguage":"it-IT"},{"@type":"Organization","@id":"https:\/\/www.switcho.it\/blog\/#organization","name":"Switcho","url":"https:\/\/www.switcho.it\/blog\/","logo":{"@type":"ImageObject","inLanguage":"it-IT","@id":"https:\/\/www.switcho.it\/blog\/#\/schema\/logo\/image\/","url":"https:\/\/www.switcho.it\/blog\/wp-content\/uploads\/2021\/03\/Switcho-Logotype-Green.png","contentUrl":"https:\/\/www.switcho.it\/blog\/wp-content\/uploads\/2021\/03\/Switcho-Logotype-Green.png","width":1507,"height":597,"caption":"Switcho"},"image":{"@id":"https:\/\/www.switcho.it\/blog\/#\/schema\/logo\/image\/"}},{"@type":"Person","@id":"https:\/\/www.switcho.it\/blog\/#\/schema\/person\/a98be1a8a3ad9db5e878ef48d42d213f","name":"Team Switcho","image":{"@type":"ImageObject","inLanguage":"it-IT","@id":"https:\/\/secure.gravatar.com\/avatar\/c9358d7d7534c233369824eaa26f088e5a962872046a464377b68bf901b8b21d?s=96&d=mm&r=g","url":"https:\/\/secure.gravatar.com\/avatar\/c9358d7d7534c233369824eaa26f088e5a962872046a464377b68bf901b8b21d?s=96&d=mm&r=g","contentUrl":"https:\/\/secure.gravatar.com\/avatar\/c9358d7d7534c233369824eaa26f088e5a962872046a464377b68bf901b8b21d?s=96&d=mm&r=g","caption":"Team Switcho"},"description":"Il team di Switcho seleziona per te tante offerte vantaggiose, per offrirti proposte aggiornate e realmente imparziali su energia, internet, telefonia e assicurazioni. Prova il nostro servizio dedicato per trovare le offerte pi\u00f9 convenienti in base alla tua situazione attuale!","url":"https:\/\/www.switcho.it\/blog\/author\/team-switcho\/"}]}},"modified_by":"Raffaella Di Marco","_links":{"self":[{"href":"https:\/\/www.switcho.it\/blog\/wp-json\/wp\/v2\/posts\/154668","targetHints":{"allow":["GET"]}}],"collection":[{"href":"https:\/\/www.switcho.it\/blog\/wp-json\/wp\/v2\/posts"}],"about":[{"href":"https:\/\/www.switcho.it\/blog\/wp-json\/wp\/v2\/types\/post"}],"author":[{"embeddable":true,"href":"https:\/\/www.switcho.it\/blog\/wp-json\/wp\/v2\/users\/4"}],"replies":[{"embeddable":true,"href":"https:\/\/www.switcho.it\/blog\/wp-json\/wp\/v2\/comments?post=154668"}],"version-history":[{"count":5,"href":"https:\/\/www.switcho.it\/blog\/wp-json\/wp\/v2\/posts\/154668\/revisions"}],"predecessor-version":[{"id":156558,"href":"https:\/\/www.switcho.it\/blog\/wp-json\/wp\/v2\/posts\/154668\/revisions\/156558"}],"wp:featuredmedia":[{"embeddable":true,"href":"https:\/\/www.switcho.it\/blog\/wp-json\/wp\/v2\/media\/154731"}],"wp:attachment":[{"href":"https:\/\/www.switcho.it\/blog\/wp-json\/wp\/v2\/media?parent=154668"}],"wp:term":[{"taxonomy":"category","embeddable":true,"href":"https:\/\/www.switcho.it\/blog\/wp-json\/wp\/v2\/categories?post=154668"},{"taxonomy":"post_tag","embeddable":true,"href":"https:\/\/www.switcho.it\/blog\/wp-json\/wp\/v2\/tags?post=154668"}],"curies":[{"name":"wp","href":"https:\/\/api.w.org\/{rel}","templated":true}]}}