{"id":154320,"date":"2026-03-12T15:52:22","date_gmt":"2026-03-12T15:52:22","guid":{"rendered":"https:\/\/www.switcho.it\/blog\/?p=154320"},"modified":"2026-03-12T15:52:22","modified_gmt":"2026-03-12T15:52:22","slug":"unione-europea-von-der-leyen-misure-caro-bollette","status":"publish","type":"post","link":"https:\/\/www.switcho.it\/blog\/luce-gas\/unione-europea-von-der-leyen-misure-caro-bollette\/","title":{"rendered":"Unione Europea, Von der Leyen: \u201cSubito misure contro il caro bollette\u201d"},"content":{"rendered":"\n<p class=\"has-medium-font-size\"><em>La presidente della Commissione europea segnala la necessit\u00e0 di ridurre le spese energetiche dei cittadini per contenere gli effetti delle tensioni in Medio Oriente. Non solo, per\u00f2, misure di emergenza sulle bollette, ma anche il rafforzamento della produzione di energia pulita per ridurre la dipendenza dalle importazioni.<\/em><\/p>\n\n\n\n<h2 class=\"wp-block-heading\"><strong>Guerra in Iran e caro energia: \u201cIntervenire subito con misure di sollievo\u201d<\/strong><\/h2>\n\n\n\n<p>La <strong>guerra in Iran<\/strong> comincia a far sentire i suoi effetti anche nell\u2019Unione Europea, con le <a href=\"https:\/\/www.switcho.it\/blog\/luce-gas\/attacco-iran-prezzi-gas-petrolio-aumento\/\">quotazioni di petrolio e gas tornate a salire<\/a> e il rischio concreto di un nuovo caro bollette per famiglie e imprese.\u00a0Si tratta di una situazione che in Europa si conosce gi\u00e0 bene: un forte aumento dei prezzi dell\u2019energia si era infatti verificato anche <strong>dopo lo scoppio della guerra in Ucraina<\/strong>, quando la crisi geopolitica aveva provocato un\u2019impennata dei costi di gas ed elettricit\u00e0.<\/p>\n\n\n\n<div class=\"wp-block-divi-layout\">[et_pb_section fb_built=&#8221;1&#8243; disabled_on=&#8221;off|off|off&#8221; admin_label=&#8221;section&#8221; _builder_version=&#8221;4.27.5&#8243; width=&#8221;100%&#8221; custom_margin=&#8221;||25px||false|false&#8221; custom_margin_tablet=&#8221;20px||40px||false|false&#8221; custom_margin_phone=&#8221;||||false|false&#8221; custom_margin_last_edited=&#8221;on|desktop&#8221; custom_padding=&#8221;||||false|false&#8221; hover_enabled=&#8221;0&#8243; locked=&#8221;off&#8221; global_colors_info=&#8221;{}&#8221; sticky_enabled=&#8221;0&#8243;][et_pb_row admin_label=&#8221;row&#8221; _builder_version=&#8221;4.27.5&#8243; background_size=&#8221;initial&#8221; background_position=&#8221;top_left&#8221; background_repeat=&#8221;repeat&#8221; width=&#8221;100%&#8221; width_tablet=&#8221;100%&#8221; width_phone=&#8221;100%&#8221; width_last_edited=&#8221;off|desktop&#8221; custom_margin=&#8221;0px||0px||false|false&#8221; custom_padding=&#8221;0px||0px||false|false&#8221; custom_css_main_element=&#8221;width: 100% !important;&#8221; global_colors_info=&#8221;{}&#8221;][et_pb_column type=&#8221;4_4&#8243; _builder_version=&#8221;4.27.5&#8243; _module_preset=&#8221;default&#8221; custom_padding=&#8221;0px||0px||false|false&#8221; global_colors_info=&#8221;{}&#8221;][et_pb_image src=&#8221;https:\/\/www.switcho.it\/blog\/wp-content\/uploads\/2024\/03\/banner-luce-gas-top-desktop-new.png&#8221; alt=&#8221;Risparmia in bolletta con Switcho&#8221; title_text=&#8221;risparmia sulle bollette con switcho&#8221; url=&#8221;https:\/\/www.switcho.it\/servizi\/intro\/luce-gas?ref=cta-energy-top&#8221; align=&#8221;center&#8221; force_fullwidth=&#8221;on&#8221; src_tablet=&#8221;https:\/\/www.switcho.it\/blog\/wp-content\/uploads\/2024\/07\/energy-cta-mobile-top-small.png&#8221; src_phone=&#8221;https:\/\/www.switcho.it\/blog\/wp-content\/uploads\/2024\/07\/energy-cta-mobile-top-small.png&#8221; src_last_edited=&#8221;on|desktop&#8221; _builder_version=&#8221;4.27.5&#8243; _module_preset=&#8221;default&#8221; custom_margin=&#8221;0px||0px||false|false&#8221; custom_padding=&#8221;0px||0px||false|false&#8221; custom_css_free_form=&#8221;selector img {||  box-shadow: none;||  border: 1px solid #d0cdd7;||  border-radius: 20px;||}&#8221; border_radii=&#8221;on|20px|20px|20px|20px&#8221; border_color_all=&#8221;#d0cdd7&#8243; global_colors_info=&#8221;{}&#8221;][\/et_pb_image][\/et_pb_column][\/et_pb_row][\/et_pb_section]<\/div>\n\n\n\n<p>Per evitare che lo scenario si ripeta, la Commissione europea sta preparando un nuovo <strong>pacchetto di misure<\/strong> che, tra le altre cose, dovrebbe introdurre interventi emergenziali per proteggere cittadini e imprese dai rincari.&nbsp;<\/p>\n\n\n\n<p>Intervenendo alla plenaria del Parlamento europeo, la presidente <strong>Ursula von der Leyen<\/strong> ha sottolineato la necessit\u00e0 di \u201cintervenire subito con misure di sollievo\u201d e di affrontare il problema delle bollette in modo complessivo:<\/p>\n\n\n\n<blockquote class=\"wp-block-quote is-layout-flow wp-block-quote-is-layout-flow\">\n<p>\u201cDobbiamo guardare a come <strong>ridurre le bollette energetiche dei cittadini<\/strong> non concentrandoci su una sola componente, ma su tutte e quattro le componenti del prezzo\u201d.<\/p>\n<\/blockquote>\n\n\n\n<p>La presidente della Commissione ha ricordato infatti che la bolletta dell\u2019energia \u00e8 composta da diverse voci: il <strong>costo dell\u2019energia<\/strong> vera e propria, che pesa per circa il 56%, gli <strong>oneri di rete<\/strong> (18%), <strong>tasse e prelievi<\/strong> (15%) e infine i <strong>costi legati al carbonio<\/strong>, che incidono per circa l\u201911%.<\/p>\n\n\n\n<h2 class=\"wp-block-heading\"><strong>In arrivo un pacchetto di misure Ue contro il caro energia<\/strong><\/h2>\n\n\n\n<p>Intervenire su pi\u00f9 fronti, secondo Bruxelles, sar\u00e0 quindi fondamentale per limitare l\u2019impatto dei nuovi aumenti. Nel breve periodo, l\u2019obiettivo della Commissione europea \u00e8 soprattutto quello di <strong>proteggere cittadini e imprese<\/strong> dall\u2019impatto immediato dei rincari energetici. Tra le ipotesi allo studio ci sono quindi <strong>interventi diretti sulle bollette<\/strong>, che gli Stati membri potrebbero adottare per alleggerire i costi sostenuti da famiglie e aziende.\u00a0<\/p>\n\n\n\n<p>In questo senso, Bruxelles sta valutando la possibilit\u00e0 di ricorrere a strumenti gi\u00e0 utilizzati negli anni scorsi, come <strong>sussidi mirati, misure di aiuti di Stato<\/strong> per sostenere le imprese pi\u00f9 esposte e, se necessario, anche meccanismi di contenimento dei prezzi come <strong>tetti al costo del gas<\/strong>.<\/p>\n\n\n\n<p>Accanto a questi interventi pi\u00f9 immediati, si guarda anche alla possibilit\u00e0 di <strong>ridurre il peso fiscale sulle bollette<\/strong>, intervenendo su tasse e imposte che incidono sul prezzo finale dell\u2019energia. L\u2019idea \u00e8 quindi quella di agire contemporaneamente su pi\u00f9 leve \u2013 dal sostegno diretto alla riduzione della pressione fiscale \u2013 per limitare nel pi\u00f9 breve tempo possibile l\u2019impatto dell\u2019aumento dei prezzi su cittadini e sistema produttivo.<\/p>\n\n\n\n<h2 class=\"wp-block-heading\"><strong>Ridurre la dipendenza da gas importato e insistere sulle energie rinnovabili<\/strong><\/h2>\n\n\n\n<p>Nel suo intervento alla sessione plenaria del Parlamento europeo, Ursula von der Leyen ha anche sottolineato come l\u2019Unione Europea rester\u00e0 <strong>esposta alle crisi internazionali<\/strong> finch\u00e9 continuer\u00e0 a <strong>dipendere in modo significativo dalle importazioni<\/strong> di combustibili fossili.&nbsp;<\/p>\n\n\n\n<p>Proprio per questo motivo, secondo la presidente della Commissione europea, la risposta non pu\u00f2 essere un rallentamento della <strong>transizione energetica<\/strong>, ma al contrario un\u2019accelerazione verso <strong>fonti rinnovabili<\/strong> prodotte all\u2019interno dell\u2019Europa.&nbsp;<\/p>\n\n\n\n<p>In questo quadro, von der Leyen ha richiamato l\u2019attenzione anche sul tema delle <strong>reti elettriche<\/strong>. Gli oneri di rete presenti in bolletta servono infatti anche a finanziare investimenti per infrastrutture pi\u00f9 moderne e capaci di trasportare l\u2019energia dove serve. Allo stesso tempo, per\u00f2, ha spiegato che esiste un ampio margine per rendere queste <strong>reti pi\u00f9 efficienti e sfruttarle meglio<\/strong>, per evitare che parte dell\u2019energia pulita prodotta venga di fatto sprecata.&nbsp;<\/p>\n\n\n\n<blockquote class=\"wp-block-quote is-layout-flow wp-block-quote-is-layout-flow\">\n<p>\u201cLo scorso anno abbiamo installato nell\u2019UE oltre <strong>80 gigawatt di rinnovabili<\/strong>, un record. Ma una quantit\u00e0 di energia rinnovabile sei volte superiore non riesce ad accedere alle reti. Con una domanda di elettricit\u00e0 destinata ad aumentare, questo semplicemente non \u00e8 sostenibile\u201d.<\/p>\n<\/blockquote>\n\n\n\n<p>La chiave per rafforzare l\u2019autonomia energetica europea passerebbe quindi proprio dall\u2019<strong>aumentare la produzione interna di energia pulita<\/strong>, ma anche dall\u2019espandere e modernizzare rapidamente le reti elettriche.<\/p>\n","protected":false},"excerpt":{"rendered":"<p>L&#8217;Unione Europea prepara misure contro il caro energia legato alla guerra in Iran. Von der Leyen: avanti con la transizione energetica.<\/p>\n","protected":false},"author":26,"featured_media":154329,"comment_status":"closed","ping_status":"closed","sticky":false,"template":"","format":"standard","meta":{"_et_pb_use_builder":"off","_et_pb_old_content":"","_et_gb_content_width":"","_lmt_disableupdate":"","_lmt_disable":"","footnotes":""},"categories":[509],"tags":[],"class_list":["post-154320","post","type-post","status-publish","format-standard","has-post-thumbnail","hentry","category-news-luce-gas"],"yoast_head":"<!-- This site is optimized with the Yoast SEO plugin v27.2 - https:\/\/yoast.com\/product\/yoast-seo-wordpress\/ -->\n<title>Unione Europea, Von der Leyen: \u201cSubito misure contro il caro bollette\u201d - Switcho<\/title>\n<meta name=\"description\" content=\"L&#039;UE prepara misure contro il caro energia legato alla guerra in Iran. Von der Leyen: avanti con la transizione energetica.\" \/>\n<meta name=\"robots\" content=\"index, follow, max-snippet:-1, max-image-preview:large, max-video-preview:-1\" \/>\n<link rel=\"canonical\" href=\"https:\/\/www.switcho.it\/blog\/luce-gas\/unione-europea-von-der-leyen-misure-caro-bollette\/\" \/>\n<meta property=\"og:locale\" content=\"it_IT\" \/>\n<meta property=\"og:type\" content=\"article\" \/>\n<meta property=\"og:title\" content=\"Unione Europea, Von der Leyen: \u201cSubito misure contro il caro bollette\u201d\" \/>\n<meta property=\"og:description\" content=\"L&#039;UE prepara misure contro il caro energia legato alla guerra in Iran. Von der Leyen: avanti con la transizione energetica.\" \/>\n<meta property=\"og:url\" content=\"https:\/\/www.switcho.it\/blog\/luce-gas\/unione-europea-von-der-leyen-misure-caro-bollette\/\" \/>\n<meta property=\"og:site_name\" content=\"Switcho\" \/>\n<meta property=\"article:published_time\" content=\"2026-03-12T15:52:22+00:00\" \/>\n<meta property=\"og:image\" content=\"https:\/\/www.switcho.it\/blog\/wp-content\/uploads\/2026\/03\/von-der-leyen-caro-bollette.jpg\" \/>\n\t<meta property=\"og:image:width\" content=\"1200\" \/>\n\t<meta property=\"og:image:height\" content=\"800\" \/>\n\t<meta property=\"og:image:type\" content=\"image\/jpeg\" \/>\n<meta name=\"author\" content=\"Redi Vyshka\" \/>\n<meta name=\"twitter:card\" content=\"summary_large_image\" \/>\n<meta name=\"twitter:label1\" content=\"Scritto da\" \/>\n\t<meta name=\"twitter:data1\" content=\"Redi Vyshka\" \/>\n\t<meta name=\"twitter:label2\" content=\"Tempo di lettura stimato\" \/>\n\t<meta name=\"twitter:data2\" content=\"4 minuti\" \/>\n<script type=\"application\/ld+json\" class=\"yoast-schema-graph\">{\"@context\":\"https:\/\/schema.org\",\"@graph\":[{\"@type\":\"Article\",\"@id\":\"https:\/\/www.switcho.it\/blog\/luce-gas\/unione-europea-von-der-leyen-misure-caro-bollette\/#article\",\"isPartOf\":{\"@id\":\"https:\/\/www.switcho.it\/blog\/luce-gas\/unione-europea-von-der-leyen-misure-caro-bollette\/\"},\"author\":{\"name\":\"Redi Vyshka\",\"@id\":\"https:\/\/www.switcho.it\/blog\/#\/schema\/person\/0ded3a7e3f8a1379815652dba2c813b5\"},\"headline\":\"Unione Europea, Von der Leyen: \u201cSubito misure contro il caro bollette\u201d\",\"datePublished\":\"2026-03-12T15:52:22+00:00\",\"mainEntityOfPage\":{\"@id\":\"https:\/\/www.switcho.it\/blog\/luce-gas\/unione-europea-von-der-leyen-misure-caro-bollette\/\"},\"wordCount\":705,\"publisher\":{\"@id\":\"https:\/\/www.switcho.it\/blog\/#organization\"},\"image\":{\"@id\":\"https:\/\/www.switcho.it\/blog\/luce-gas\/unione-europea-von-der-leyen-misure-caro-bollette\/#primaryimage\"},\"thumbnailUrl\":\"https:\/\/www.switcho.it\/blog\/wp-content\/uploads\/2026\/03\/von-der-leyen-caro-bollette.jpg\",\"articleSection\":[\"News luce e gas\"],\"inLanguage\":\"it-IT\"},{\"@type\":\"WebPage\",\"@id\":\"https:\/\/www.switcho.it\/blog\/luce-gas\/unione-europea-von-der-leyen-misure-caro-bollette\/\",\"url\":\"https:\/\/www.switcho.it\/blog\/luce-gas\/unione-europea-von-der-leyen-misure-caro-bollette\/\",\"name\":\"Unione Europea, Von der Leyen: \u201cSubito misure contro il caro bollette\u201d - Switcho\",\"isPartOf\":{\"@id\":\"https:\/\/www.switcho.it\/blog\/#website\"},\"primaryImageOfPage\":{\"@id\":\"https:\/\/www.switcho.it\/blog\/luce-gas\/unione-europea-von-der-leyen-misure-caro-bollette\/#primaryimage\"},\"image\":{\"@id\":\"https:\/\/www.switcho.it\/blog\/luce-gas\/unione-europea-von-der-leyen-misure-caro-bollette\/#primaryimage\"},\"thumbnailUrl\":\"https:\/\/www.switcho.it\/blog\/wp-content\/uploads\/2026\/03\/von-der-leyen-caro-bollette.jpg\",\"datePublished\":\"2026-03-12T15:52:22+00:00\",\"description\":\"L'UE prepara misure contro il caro energia legato alla guerra in Iran. Von der Leyen: avanti con la transizione energetica.\",\"breadcrumb\":{\"@id\":\"https:\/\/www.switcho.it\/blog\/luce-gas\/unione-europea-von-der-leyen-misure-caro-bollette\/#breadcrumb\"},\"inLanguage\":\"it-IT\",\"potentialAction\":[{\"@type\":\"ReadAction\",\"target\":[\"https:\/\/www.switcho.it\/blog\/luce-gas\/unione-europea-von-der-leyen-misure-caro-bollette\/\"]}]},{\"@type\":\"ImageObject\",\"inLanguage\":\"it-IT\",\"@id\":\"https:\/\/www.switcho.it\/blog\/luce-gas\/unione-europea-von-der-leyen-misure-caro-bollette\/#primaryimage\",\"url\":\"https:\/\/www.switcho.it\/blog\/wp-content\/uploads\/2026\/03\/von-der-leyen-caro-bollette.jpg\",\"contentUrl\":\"https:\/\/www.switcho.it\/blog\/wp-content\/uploads\/2026\/03\/von-der-leyen-caro-bollette.jpg\",\"width\":1200,\"height\":800,\"caption\":\"Unione Europea, Von der Leyen: \u201cSubito misure contro il caro bollette\u201d\"},{\"@type\":\"BreadcrumbList\",\"@id\":\"https:\/\/www.switcho.it\/blog\/luce-gas\/unione-europea-von-der-leyen-misure-caro-bollette\/#breadcrumb\",\"itemListElement\":[{\"@type\":\"ListItem\",\"position\":1,\"name\":\"Home\",\"item\":\"https:\/\/www.switcho.it\/blog\/\"},{\"@type\":\"ListItem\",\"position\":2,\"name\":\"Luce e Gas\",\"item\":\"https:\/\/www.switcho.it\/blog\/luce-gas\/\"},{\"@type\":\"ListItem\",\"position\":3,\"name\":\"News luce e gas\",\"item\":\"https:\/\/www.switcho.it\/blog\/luce-gas\/news-luce-gas\/\"},{\"@type\":\"ListItem\",\"position\":4,\"name\":\"Unione Europea, Von der Leyen: \u201cSubito misure contro il caro bollette\u201d\"}]},{\"@type\":\"WebSite\",\"@id\":\"https:\/\/www.switcho.it\/blog\/#website\",\"url\":\"https:\/\/www.switcho.it\/blog\/\",\"name\":\"Switcho\",\"description\":\"Il blog semplice, per davvero.\",\"publisher\":{\"@id\":\"https:\/\/www.switcho.it\/blog\/#organization\"},\"potentialAction\":[{\"@type\":\"SearchAction\",\"target\":{\"@type\":\"EntryPoint\",\"urlTemplate\":\"https:\/\/www.switcho.it\/blog\/?s={search_term_string}\"},\"query-input\":{\"@type\":\"PropertyValueSpecification\",\"valueRequired\":true,\"valueName\":\"search_term_string\"}}],\"inLanguage\":\"it-IT\"},{\"@type\":\"Organization\",\"@id\":\"https:\/\/www.switcho.it\/blog\/#organization\",\"name\":\"Switcho\",\"url\":\"https:\/\/www.switcho.it\/blog\/\",\"logo\":{\"@type\":\"ImageObject\",\"inLanguage\":\"it-IT\",\"@id\":\"https:\/\/www.switcho.it\/blog\/#\/schema\/logo\/image\/\",\"url\":\"https:\/\/www.switcho.it\/blog\/wp-content\/uploads\/2021\/03\/Switcho-Logotype-Green.png\",\"contentUrl\":\"https:\/\/www.switcho.it\/blog\/wp-content\/uploads\/2021\/03\/Switcho-Logotype-Green.png\",\"width\":1507,\"height\":597,\"caption\":\"Switcho\"},\"image\":{\"@id\":\"https:\/\/www.switcho.it\/blog\/#\/schema\/logo\/image\/\"}},{\"@type\":\"Person\",\"@id\":\"https:\/\/www.switcho.it\/blog\/#\/schema\/person\/0ded3a7e3f8a1379815652dba2c813b5\",\"name\":\"Redi Vyshka\",\"image\":{\"@type\":\"ImageObject\",\"inLanguage\":\"it-IT\",\"@id\":\"https:\/\/secure.gravatar.com\/avatar\/ec58c8b79072f95e408bc3acbd2af80bf47fb27de3effe029126423d57d13d49?s=96&d=mm&r=g\",\"url\":\"https:\/\/secure.gravatar.com\/avatar\/ec58c8b79072f95e408bc3acbd2af80bf47fb27de3effe029126423d57d13d49?s=96&d=mm&r=g\",\"contentUrl\":\"https:\/\/secure.gravatar.com\/avatar\/ec58c8b79072f95e408bc3acbd2af80bf47fb27de3effe029126423d57d13d49?s=96&d=mm&r=g\",\"caption\":\"Redi Vyshka\"},\"description\":\"COO e co-fondatore di Switcho, esperto nei campi della consulenza manageriale e della finanza aziendale, Redi ha contribuito nel 2019 alla progettazione e al lancio del primo servizio in Italia che, con pochi clic, consente di analizzare le proprie spese di casa e di trovare le opportunit\u00e0 personalizzate di risparmio, dimenticandosi la burocrazia. Dalla nascita di Switcho, Redi prende parte a numerosi eventi su startup e settore energetico, grazie alla sua competenza pluriennale nel mercato delle forniture di gas e luce e nelle soluzioni per ridurre i costi in bolletta. Leggi tutti i suoi articoli e seguilo su LinkedIn.\",\"sameAs\":[\"http:\/\/blog.switcho.net\"],\"url\":\"https:\/\/www.switcho.it\/blog\/author\/redi-vyshka\/\"}]}<\/script>\n<!-- \/ Yoast SEO plugin. -->","yoast_head_json":{"title":"Unione Europea, Von der Leyen: \u201cSubito misure contro il caro bollette\u201d - Switcho","description":"L'UE prepara misure contro il caro energia legato alla guerra in Iran. Von der Leyen: avanti con la transizione energetica.","robots":{"index":"index","follow":"follow","max-snippet":"max-snippet:-1","max-image-preview":"max-image-preview:large","max-video-preview":"max-video-preview:-1"},"canonical":"https:\/\/www.switcho.it\/blog\/luce-gas\/unione-europea-von-der-leyen-misure-caro-bollette\/","og_locale":"it_IT","og_type":"article","og_title":"Unione Europea, Von der Leyen: \u201cSubito misure contro il caro bollette\u201d","og_description":"L'UE prepara misure contro il caro energia legato alla guerra in Iran. Von der Leyen: avanti con la transizione energetica.","og_url":"https:\/\/www.switcho.it\/blog\/luce-gas\/unione-europea-von-der-leyen-misure-caro-bollette\/","og_site_name":"Switcho","article_published_time":"2026-03-12T15:52:22+00:00","og_image":[{"width":1200,"height":800,"url":"https:\/\/www.switcho.it\/blog\/wp-content\/uploads\/2026\/03\/von-der-leyen-caro-bollette.jpg","type":"image\/jpeg"}],"author":"Redi Vyshka","twitter_card":"summary_large_image","twitter_misc":{"Scritto da":"Redi Vyshka","Tempo di lettura stimato":"4 minuti"},"schema":{"@context":"https:\/\/schema.org","@graph":[{"@type":"Article","@id":"https:\/\/www.switcho.it\/blog\/luce-gas\/unione-europea-von-der-leyen-misure-caro-bollette\/#article","isPartOf":{"@id":"https:\/\/www.switcho.it\/blog\/luce-gas\/unione-europea-von-der-leyen-misure-caro-bollette\/"},"author":{"name":"Redi Vyshka","@id":"https:\/\/www.switcho.it\/blog\/#\/schema\/person\/0ded3a7e3f8a1379815652dba2c813b5"},"headline":"Unione Europea, Von der Leyen: \u201cSubito misure contro il caro bollette\u201d","datePublished":"2026-03-12T15:52:22+00:00","mainEntityOfPage":{"@id":"https:\/\/www.switcho.it\/blog\/luce-gas\/unione-europea-von-der-leyen-misure-caro-bollette\/"},"wordCount":705,"publisher":{"@id":"https:\/\/www.switcho.it\/blog\/#organization"},"image":{"@id":"https:\/\/www.switcho.it\/blog\/luce-gas\/unione-europea-von-der-leyen-misure-caro-bollette\/#primaryimage"},"thumbnailUrl":"https:\/\/www.switcho.it\/blog\/wp-content\/uploads\/2026\/03\/von-der-leyen-caro-bollette.jpg","articleSection":["News luce e gas"],"inLanguage":"it-IT"},{"@type":"WebPage","@id":"https:\/\/www.switcho.it\/blog\/luce-gas\/unione-europea-von-der-leyen-misure-caro-bollette\/","url":"https:\/\/www.switcho.it\/blog\/luce-gas\/unione-europea-von-der-leyen-misure-caro-bollette\/","name":"Unione Europea, Von der Leyen: \u201cSubito misure contro il caro bollette\u201d - Switcho","isPartOf":{"@id":"https:\/\/www.switcho.it\/blog\/#website"},"primaryImageOfPage":{"@id":"https:\/\/www.switcho.it\/blog\/luce-gas\/unione-europea-von-der-leyen-misure-caro-bollette\/#primaryimage"},"image":{"@id":"https:\/\/www.switcho.it\/blog\/luce-gas\/unione-europea-von-der-leyen-misure-caro-bollette\/#primaryimage"},"thumbnailUrl":"https:\/\/www.switcho.it\/blog\/wp-content\/uploads\/2026\/03\/von-der-leyen-caro-bollette.jpg","datePublished":"2026-03-12T15:52:22+00:00","description":"L'UE prepara misure contro il caro energia legato alla guerra in Iran. Von der Leyen: avanti con la transizione energetica.","breadcrumb":{"@id":"https:\/\/www.switcho.it\/blog\/luce-gas\/unione-europea-von-der-leyen-misure-caro-bollette\/#breadcrumb"},"inLanguage":"it-IT","potentialAction":[{"@type":"ReadAction","target":["https:\/\/www.switcho.it\/blog\/luce-gas\/unione-europea-von-der-leyen-misure-caro-bollette\/"]}]},{"@type":"ImageObject","inLanguage":"it-IT","@id":"https:\/\/www.switcho.it\/blog\/luce-gas\/unione-europea-von-der-leyen-misure-caro-bollette\/#primaryimage","url":"https:\/\/www.switcho.it\/blog\/wp-content\/uploads\/2026\/03\/von-der-leyen-caro-bollette.jpg","contentUrl":"https:\/\/www.switcho.it\/blog\/wp-content\/uploads\/2026\/03\/von-der-leyen-caro-bollette.jpg","width":1200,"height":800,"caption":"Unione Europea, Von der Leyen: \u201cSubito misure contro il caro bollette\u201d"},{"@type":"BreadcrumbList","@id":"https:\/\/www.switcho.it\/blog\/luce-gas\/unione-europea-von-der-leyen-misure-caro-bollette\/#breadcrumb","itemListElement":[{"@type":"ListItem","position":1,"name":"Home","item":"https:\/\/www.switcho.it\/blog\/"},{"@type":"ListItem","position":2,"name":"Luce e Gas","item":"https:\/\/www.switcho.it\/blog\/luce-gas\/"},{"@type":"ListItem","position":3,"name":"News luce e gas","item":"https:\/\/www.switcho.it\/blog\/luce-gas\/news-luce-gas\/"},{"@type":"ListItem","position":4,"name":"Unione Europea, Von der Leyen: \u201cSubito misure contro il caro bollette\u201d"}]},{"@type":"WebSite","@id":"https:\/\/www.switcho.it\/blog\/#website","url":"https:\/\/www.switcho.it\/blog\/","name":"Switcho","description":"Il blog semplice, per davvero.","publisher":{"@id":"https:\/\/www.switcho.it\/blog\/#organization"},"potentialAction":[{"@type":"SearchAction","target":{"@type":"EntryPoint","urlTemplate":"https:\/\/www.switcho.it\/blog\/?s={search_term_string}"},"query-input":{"@type":"PropertyValueSpecification","valueRequired":true,"valueName":"search_term_string"}}],"inLanguage":"it-IT"},{"@type":"Organization","@id":"https:\/\/www.switcho.it\/blog\/#organization","name":"Switcho","url":"https:\/\/www.switcho.it\/blog\/","logo":{"@type":"ImageObject","inLanguage":"it-IT","@id":"https:\/\/www.switcho.it\/blog\/#\/schema\/logo\/image\/","url":"https:\/\/www.switcho.it\/blog\/wp-content\/uploads\/2021\/03\/Switcho-Logotype-Green.png","contentUrl":"https:\/\/www.switcho.it\/blog\/wp-content\/uploads\/2021\/03\/Switcho-Logotype-Green.png","width":1507,"height":597,"caption":"Switcho"},"image":{"@id":"https:\/\/www.switcho.it\/blog\/#\/schema\/logo\/image\/"}},{"@type":"Person","@id":"https:\/\/www.switcho.it\/blog\/#\/schema\/person\/0ded3a7e3f8a1379815652dba2c813b5","name":"Redi Vyshka","image":{"@type":"ImageObject","inLanguage":"it-IT","@id":"https:\/\/secure.gravatar.com\/avatar\/ec58c8b79072f95e408bc3acbd2af80bf47fb27de3effe029126423d57d13d49?s=96&d=mm&r=g","url":"https:\/\/secure.gravatar.com\/avatar\/ec58c8b79072f95e408bc3acbd2af80bf47fb27de3effe029126423d57d13d49?s=96&d=mm&r=g","contentUrl":"https:\/\/secure.gravatar.com\/avatar\/ec58c8b79072f95e408bc3acbd2af80bf47fb27de3effe029126423d57d13d49?s=96&d=mm&r=g","caption":"Redi Vyshka"},"description":"COO e co-fondatore di Switcho, esperto nei campi della consulenza manageriale e della finanza aziendale, Redi ha contribuito nel 2019 alla progettazione e al lancio del primo servizio in Italia che, con pochi clic, consente di analizzare le proprie spese di casa e di trovare le opportunit\u00e0 personalizzate di risparmio, dimenticandosi la burocrazia. Dalla nascita di Switcho, Redi prende parte a numerosi eventi su startup e settore energetico, grazie alla sua competenza pluriennale nel mercato delle forniture di gas e luce e nelle soluzioni per ridurre i costi in bolletta. Leggi tutti i suoi articoli e seguilo su LinkedIn.","sameAs":["http:\/\/blog.switcho.net"],"url":"https:\/\/www.switcho.it\/blog\/author\/redi-vyshka\/"}]}},"modified_by":"Gabriele Toninelli","_links":{"self":[{"href":"https:\/\/www.switcho.it\/blog\/wp-json\/wp\/v2\/posts\/154320","targetHints":{"allow":["GET"]}}],"collection":[{"href":"https:\/\/www.switcho.it\/blog\/wp-json\/wp\/v2\/posts"}],"about":[{"href":"https:\/\/www.switcho.it\/blog\/wp-json\/wp\/v2\/types\/post"}],"author":[{"embeddable":true,"href":"https:\/\/www.switcho.it\/blog\/wp-json\/wp\/v2\/users\/26"}],"replies":[{"embeddable":true,"href":"https:\/\/www.switcho.it\/blog\/wp-json\/wp\/v2\/comments?post=154320"}],"version-history":[{"count":4,"href":"https:\/\/www.switcho.it\/blog\/wp-json\/wp\/v2\/posts\/154320\/revisions"}],"predecessor-version":[{"id":154338,"href":"https:\/\/www.switcho.it\/blog\/wp-json\/wp\/v2\/posts\/154320\/revisions\/154338"}],"wp:featuredmedia":[{"embeddable":true,"href":"https:\/\/www.switcho.it\/blog\/wp-json\/wp\/v2\/media\/154329"}],"wp:attachment":[{"href":"https:\/\/www.switcho.it\/blog\/wp-json\/wp\/v2\/media?parent=154320"}],"wp:term":[{"taxonomy":"category","embeddable":true,"href":"https:\/\/www.switcho.it\/blog\/wp-json\/wp\/v2\/categories?post=154320"},{"taxonomy":"post_tag","embeddable":true,"href":"https:\/\/www.switcho.it\/blog\/wp-json\/wp\/v2\/tags?post=154320"}],"curies":[{"name":"wp","href":"https:\/\/api.w.org\/{rel}","templated":true}]}}