{"id":153960,"date":"2026-03-11T16:48:33","date_gmt":"2026-03-11T16:48:33","guid":{"rendered":"https:\/\/www.switcho.it\/blog\/?p=153960"},"modified":"2026-03-11T16:48:34","modified_gmt":"2026-03-11T16:48:34","slug":"connessione-mobile-satellite-europa-starlink","status":"publish","type":"post","link":"https:\/\/www.switcho.it\/blog\/mobile\/connessione-mobile-satellite-europa-starlink\/","title":{"rendered":"Connessione mobile: potenziato il satellitare in Europa, accordo con Starlink"},"content":{"rendered":"\n<p class=\"has-medium-font-size\"><em>La connettivit\u00e0 mobile via satellite entra in una nuova fase di sviluppo anche in Europa. L\u2019annuncio dei satelliti di nuova generazione di Starlink e i recenti accordi tra operatori di telecomunicazioni e aziende spaziali segnano un\u2019accelerazione nell\u2019integrazione tra reti terrestri e satellitari. L\u2019obiettivo \u00e8 offrire connessioni mobili ad alta velocit\u00e0 anche nelle aree prive di copertura tradizionale.<\/em><\/p>\n\n\n\n<div class=\"wp-block-divi-layout\">[et_pb_section fb_built=&#8221;1&#8243; disabled_on=&#8221;off|off|off&#8221; admin_label=&#8221;section&#8221; _builder_version=&#8221;4.27.5&#8243; width=&#8221;100%&#8221; custom_margin=&#8221;||25px||false|false&#8221; custom_margin_tablet=&#8221;20px||40px||false|false&#8221; custom_margin_phone=&#8221;20px||40px||false|false&#8221; custom_margin_last_edited=&#8221;on|desktop&#8221; custom_padding=&#8221;||||false|false&#8221; hover_enabled=&#8221;0&#8243; locked=&#8221;off&#8221; global_colors_info=&#8221;{}&#8221; sticky_enabled=&#8221;0&#8243;][et_pb_row admin_label=&#8221;row&#8221; _builder_version=&#8221;4.27.5&#8243; background_size=&#8221;initial&#8221; background_position=&#8221;top_left&#8221; background_repeat=&#8221;repeat&#8221; width=&#8221;100%&#8221; width_tablet=&#8221;100%&#8221; width_phone=&#8221;100%&#8221; width_last_edited=&#8221;off|desktop&#8221; custom_margin=&#8221;0px||0px||false|false&#8221; custom_padding=&#8221;0px||0px||false|false&#8221; custom_css_main_element=&#8221;width: 100% !important;&#8221; global_colors_info=&#8221;{}&#8221;][et_pb_column type=&#8221;4_4&#8243; _builder_version=&#8221;4.27.5&#8243; _module_preset=&#8221;default&#8221; custom_padding=&#8221;0px||0px||false|false&#8221; global_colors_info=&#8221;{}&#8221;][et_pb_image src=&#8221;https:\/\/www.switcho.it\/blog\/wp-content\/uploads\/2026\/02\/cta-sim-top-desktop-hi-res.png&#8221; alt=&#8221;Vuoi tantissimi giga e risparmiare?&#8221; title_text=&#8221;risparmia sulle bollette con switcho&#8221; url=&#8221;https:\/\/www.switcho.it\/servizi\/intro\/mobile?ref=cta-sim-top&#8221; align=&#8221;center&#8221; force_fullwidth=&#8221;on&#8221; src_tablet=&#8221;https:\/\/www.switcho.it\/blog\/wp-content\/uploads\/2024\/07\/sim-cta-mobile-top-small.png&#8221; src_phone=&#8221;https:\/\/www.switcho.it\/blog\/wp-content\/uploads\/2024\/07\/sim-cta-mobile-top-small.png&#8221; src_last_edited=&#8221;on|phone&#8221; _builder_version=&#8221;4.27.5&#8243; _module_preset=&#8221;default&#8221; custom_margin=&#8221;0px||0px||false|false&#8221; custom_padding=&#8221;0px||0px||false|false&#8221; custom_css_free_form=&#8221;selector img {||  box-shadow: none;||  border: 1px solid #d0cdd7;||  border-radius: 20px;||}&#8221; border_radii=&#8221;on|20px|20px|20px|20px&#8221; border_color_all=&#8221;#d0cdd7&#8243; global_colors_info=&#8221;{}&#8221;][\/et_pb_image][\/et_pb_column][\/et_pb_row][\/et_pb_section]<\/div>\n\n\n\n<h2 class=\"wp-block-heading\"><strong>Satelliti di nuova generazione: il 5G arriva dallo spazio<\/strong><\/h2>\n\n\n\n<p>Il <strong>progetto Starlink<\/strong> punta a portare la connettivit\u00e0 mobile satellitare a un livello superiore grazie alla <strong>nuova generazione di satelliti<\/strong>, denominata <strong>V2<\/strong>.&nbsp;<\/p>\n\n\n\n<p>Secondo quanto annunciato dall\u2019<strong>azienda di Elon Musk<\/strong>, questi dispositivi avranno una capacit\u00e0 di trasmissione dati fino a 100 volte superiore rispetto ai satelliti della prima generazione. I satelliti V2 dovrebbero consentire attivit\u00e0 come <strong>streaming video, navigazione web, utilizzo di applicazioni<\/strong> ad alta intensit\u00e0 di dati e chiamate vocali senza interruzioni, proprio come accade con le reti cellulari tradizionali.<\/p>\n\n\n\n<p>L\u2019obiettivo? Portare <strong>velocit\u00e0 paragonabili al 5G anche nelle zone pi\u00f9 isolate<\/strong>, come <a href=\"https:\/\/uk.lapresse.it\/economy-en\/2026\/03\/05\/5g-musk-our-satellites-will-bring-connectivity-worldwide\/\" target=\"_blank\" rel=\"noreferrer noopener\">afferma<\/a> lo stesso Musk:<\/p>\n\n\n\n<blockquote class=\"wp-block-quote is-layout-flow wp-block-quote-is-layout-flow\">\n<p>\u201cStiamo eliminando le ultime zone inaccessibili della Terra. Non solo per gli abitanti delle citt\u00e0, ma soprattutto per chi vive lontano da tutto. Il cielo diventer\u00e0 la rete che unisce tutti.\u201d<\/p>\n<\/blockquote>\n\n\n\n<h2 class=\"wp-block-heading\"><strong>Starlink e Deutsche Telekom: il primo servizio mobile satellitare europeo<\/strong><\/h2>\n\n\n\n<p>Le nuove capacit\u00e0 dei satelliti di seconda generazione di Starlink stanno gi\u00e0 attirando l\u2019interesse degli <strong>operatori europei<\/strong>. Tra le iniziative pi\u00f9 rilevanti c\u2019\u00e8 la <strong>partnership annunciata tra Starlink e Deutsche Telekom<\/strong> per sviluppare un servizio mobile satellitare destinato al mercato europeo.<\/p>\n\n\n\n<p>L\u2019accordo punta al lancio di una nuova offerta di connettivit\u00e0 mobile satellitare <strong>entro il 2028<\/strong> e il servizio sar\u00e0 tra i primi in Europa a utilizzare i satelliti di seconda generazione della costellazione Starlink.<\/p>\n\n\n\n<p>Secondo i piani iniziali, la copertura dovrebbe estendersi progressivamente a diversi <strong>Paesi europei<\/strong>. Tra quelli indicati nella fase preliminare figurano Germania, Austria, Polonia, Ungheria, Repubblica Ceca, Slovacchia, Grecia, Croazia, Montenegro e Macedonia del Nord.<\/p>\n\n\n\n<h2 class=\"wp-block-heading\"><strong>Connessione mobile e tecnologia satellitare<\/strong><\/h2>\n\n\n\n<p>La novit\u00e0 non riguarda soltanto i satelliti in s\u00e9, ma il modello di rete che si sta affermando nel settore delle telecomunicazioni. Sempre pi\u00f9 operatori stanno lavorando a <strong>sistemi che integrano infrastrutture terrestri e satellitari<\/strong> in un\u2019unica architettura di rete. Secondo gli analisti del settore, questa integrazione sta diventando una componente strutturale dell\u2019ecosistema delle telecomunicazioni.\u00a0<\/p>\n\n\n\n<p>\u00c8 in questo contesto che si inserisce la tecnologia <strong>direct-to-device satellitare<\/strong> (anche abbreviata con la sigla D2D), che permette ai dispositivi mobili di comunicare direttamente con i satelliti senza passare da infrastrutture intermedie a terra.<\/p>\n\n\n\n<p>Si aprono, dunque, nuove possibilit\u00e0 per i servizi mobili, dalla copertura nelle aree rurali alla connettivit\u00e0 nei trasporti marittimi o nelle emergenze, fino al supporto alle reti esistenti nei momenti di traffico elevato.<\/p>\n\n\n\n<h2 class=\"wp-block-heading\"><strong>Il D2D accelera anche in Italia<\/strong><\/h2>\n\n\n\n<p>La spinta verso l\u2019integrazione tra spazio e telecomunicazioni riguarda anche il nostro Paese. Si pensi, ad esempio, all\u2019accordo siglato tra <strong>CK Hutchison<\/strong> \u2013 principale azionista di WINDTRE \u2013 e <strong>Satellite Connect Europe<\/strong>, la joint venture che unisce AST SpaceMobile e Vodafone. L\u2019intesa punta allo sviluppo e alla diffusione di <strong>servizi di banda larga mobile satellitare direct-to-device<\/strong> nei mercati europei in cui il gruppo di telecomunicazioni \u00e8 presente.<\/p>\n\n\n\n<p>Secondo quanto comunicato dalla joint venture, CK Hutchison prevede di introdurre questi servizi in cinque Paesi europei: <strong>Austria, Danimarca, Irlanda, Italia e Svezia<\/strong>. I primi test operativi dovrebbero partire gi\u00e0 la prossima estate, inizialmente in Austria, attraverso il marchio Drei, e <strong>in Italia con <a href=\"https:\/\/www.switcho.it\/blog\/mobile\/windtre\/\" type=\"page\" id=\"43208\">WINDTRE<\/a><\/strong>.<\/p>\n\n\n\n<p>Se i test daranno risultati positivi, il <strong>modello D2D<\/strong> potrebbe diventare una componente stabile delle infrastrutture di telecomunicazione europee, per ampliare la copertura e garantire connettivit\u00e0 anche nelle aree pi\u00f9 difficili da raggiungere con le reti tradizionali.<\/p>\n","protected":false},"excerpt":{"rendered":"<p>Una nuova frontiera per la connessione mobile: tra i nuovi satelliti Starlink e il D2D, ecco cosa cambia per l&#8217;Europa e per l&#8217;Italia.<\/p>\n","protected":false},"author":40,"featured_media":153966,"comment_status":"closed","ping_status":"closed","sticky":false,"template":"","format":"standard","meta":{"_et_pb_use_builder":"off","_et_pb_old_content":"","_et_gb_content_width":"","_lmt_disableupdate":"","_lmt_disable":"","footnotes":""},"categories":[515],"tags":[],"class_list":["post-153960","post","type-post","status-publish","format-standard","has-post-thumbnail","hentry","category-news-mobile"],"yoast_head":"<!-- This site is optimized with the Yoast SEO plugin v27.5 - https:\/\/yoast.com\/product\/yoast-seo-wordpress\/ -->\n<title>Connessione mobile: potenziato il satellitare in Europa, accordo con Starlink - Switcho<\/title>\n<meta name=\"description\" content=\"Una nuova frontiera per la connessione mobile: tra i nuovi satelliti Starlink e il D2D, ecco cosa cambia per l&#039;Europa e per l&#039;Italia.\" \/>\n<meta name=\"robots\" content=\"index, follow, max-snippet:-1, max-image-preview:large, max-video-preview:-1\" \/>\n<link rel=\"canonical\" href=\"https:\/\/www.switcho.it\/blog\/mobile\/connessione-mobile-satellite-europa-starlink\/\" \/>\n<meta property=\"og:locale\" content=\"it_IT\" \/>\n<meta property=\"og:type\" content=\"article\" \/>\n<meta property=\"og:title\" content=\"Connessione mobile: potenziato il satellite in Europa, accordo con Starlink\" \/>\n<meta property=\"og:description\" content=\"Una nuova frontiera per la connessione mobile: tra i nuovi satelliti Starlink e il D2D, ecco cosa cambia per l&#039;Europa e per l&#039;Italia.\" \/>\n<meta property=\"og:url\" content=\"https:\/\/www.switcho.it\/blog\/mobile\/connessione-mobile-satellite-europa-starlink\/\" \/>\n<meta property=\"og:site_name\" content=\"Switcho\" \/>\n<meta property=\"article:published_time\" content=\"2026-03-11T16:48:33+00:00\" \/>\n<meta property=\"article:modified_time\" content=\"2026-03-11T16:48:34+00:00\" \/>\n<meta property=\"og:image\" content=\"https:\/\/www.switcho.it\/blog\/wp-content\/uploads\/2026\/03\/satellite-europa-connessione-mobile.jpg\" \/>\n\t<meta property=\"og:image:width\" content=\"1200\" \/>\n\t<meta property=\"og:image:height\" content=\"800\" \/>\n\t<meta property=\"og:image:type\" content=\"image\/jpeg\" \/>\n<meta name=\"author\" content=\"Federica Antignano\" \/>\n<meta name=\"twitter:card\" content=\"summary_large_image\" \/>\n<meta name=\"twitter:label1\" content=\"Scritto da\" \/>\n\t<meta name=\"twitter:data1\" content=\"Federica Antignano\" \/>\n\t<meta name=\"twitter:label2\" content=\"Tempo di lettura stimato\" \/>\n\t<meta name=\"twitter:data2\" content=\"4 minuti\" \/>\n<script type=\"application\/ld+json\" class=\"yoast-schema-graph\">{\"@context\":\"https:\\\/\\\/schema.org\",\"@graph\":[{\"@type\":\"Article\",\"@id\":\"https:\\\/\\\/www.switcho.it\\\/blog\\\/mobile\\\/connessione-mobile-satellite-europa-starlink\\\/#article\",\"isPartOf\":{\"@id\":\"https:\\\/\\\/www.switcho.it\\\/blog\\\/mobile\\\/connessione-mobile-satellite-europa-starlink\\\/\"},\"author\":{\"name\":\"Federica Antignano\",\"@id\":\"https:\\\/\\\/www.switcho.it\\\/blog\\\/#\\\/schema\\\/person\\\/f45c81c5f7aac87dbb9cf5455d33e0c6\"},\"headline\":\"Connessione mobile: potenziato il satellitare in Europa, accordo con Starlink\",\"datePublished\":\"2026-03-11T16:48:33+00:00\",\"dateModified\":\"2026-03-11T16:48:34+00:00\",\"mainEntityOfPage\":{\"@id\":\"https:\\\/\\\/www.switcho.it\\\/blog\\\/mobile\\\/connessione-mobile-satellite-europa-starlink\\\/\"},\"wordCount\":615,\"publisher\":{\"@id\":\"https:\\\/\\\/www.switcho.it\\\/blog\\\/#organization\"},\"image\":{\"@id\":\"https:\\\/\\\/www.switcho.it\\\/blog\\\/mobile\\\/connessione-mobile-satellite-europa-starlink\\\/#primaryimage\"},\"thumbnailUrl\":\"https:\\\/\\\/www.switcho.it\\\/blog\\\/wp-content\\\/uploads\\\/2026\\\/03\\\/satellite-europa-connessione-mobile.jpg\",\"articleSection\":[\"News mobile\"],\"inLanguage\":\"it-IT\"},{\"@type\":\"WebPage\",\"@id\":\"https:\\\/\\\/www.switcho.it\\\/blog\\\/mobile\\\/connessione-mobile-satellite-europa-starlink\\\/\",\"url\":\"https:\\\/\\\/www.switcho.it\\\/blog\\\/mobile\\\/connessione-mobile-satellite-europa-starlink\\\/\",\"name\":\"Connessione mobile: potenziato il satellitare in Europa, accordo con Starlink - Switcho\",\"isPartOf\":{\"@id\":\"https:\\\/\\\/www.switcho.it\\\/blog\\\/#website\"},\"primaryImageOfPage\":{\"@id\":\"https:\\\/\\\/www.switcho.it\\\/blog\\\/mobile\\\/connessione-mobile-satellite-europa-starlink\\\/#primaryimage\"},\"image\":{\"@id\":\"https:\\\/\\\/www.switcho.it\\\/blog\\\/mobile\\\/connessione-mobile-satellite-europa-starlink\\\/#primaryimage\"},\"thumbnailUrl\":\"https:\\\/\\\/www.switcho.it\\\/blog\\\/wp-content\\\/uploads\\\/2026\\\/03\\\/satellite-europa-connessione-mobile.jpg\",\"datePublished\":\"2026-03-11T16:48:33+00:00\",\"dateModified\":\"2026-03-11T16:48:34+00:00\",\"description\":\"Una nuova frontiera per la connessione mobile: tra i nuovi satelliti Starlink e il D2D, ecco cosa cambia per l'Europa e per l'Italia.\",\"breadcrumb\":{\"@id\":\"https:\\\/\\\/www.switcho.it\\\/blog\\\/mobile\\\/connessione-mobile-satellite-europa-starlink\\\/#breadcrumb\"},\"inLanguage\":\"it-IT\",\"potentialAction\":[{\"@type\":\"ReadAction\",\"target\":[\"https:\\\/\\\/www.switcho.it\\\/blog\\\/mobile\\\/connessione-mobile-satellite-europa-starlink\\\/\"]}]},{\"@type\":\"ImageObject\",\"inLanguage\":\"it-IT\",\"@id\":\"https:\\\/\\\/www.switcho.it\\\/blog\\\/mobile\\\/connessione-mobile-satellite-europa-starlink\\\/#primaryimage\",\"url\":\"https:\\\/\\\/www.switcho.it\\\/blog\\\/wp-content\\\/uploads\\\/2026\\\/03\\\/satellite-europa-connessione-mobile.jpg\",\"contentUrl\":\"https:\\\/\\\/www.switcho.it\\\/blog\\\/wp-content\\\/uploads\\\/2026\\\/03\\\/satellite-europa-connessione-mobile.jpg\",\"width\":1200,\"height\":800,\"caption\":\"Connessione mobile, potenziato il satellite in Europa con un accordo Starlink\"},{\"@type\":\"BreadcrumbList\",\"@id\":\"https:\\\/\\\/www.switcho.it\\\/blog\\\/mobile\\\/connessione-mobile-satellite-europa-starlink\\\/#breadcrumb\",\"itemListElement\":[{\"@type\":\"ListItem\",\"position\":1,\"name\":\"Home\",\"item\":\"https:\\\/\\\/www.switcho.it\\\/blog\\\/\"},{\"@type\":\"ListItem\",\"position\":2,\"name\":\"Telefonia mobile\",\"item\":\"https:\\\/\\\/www.switcho.it\\\/blog\\\/mobile\\\/\"},{\"@type\":\"ListItem\",\"position\":3,\"name\":\"News mobile\",\"item\":\"https:\\\/\\\/www.switcho.it\\\/blog\\\/mobile\\\/news-mobile\\\/\"},{\"@type\":\"ListItem\",\"position\":4,\"name\":\"Connessione mobile: potenziato il satellitare in Europa, accordo con Starlink\"}]},{\"@type\":\"WebSite\",\"@id\":\"https:\\\/\\\/www.switcho.it\\\/blog\\\/#website\",\"url\":\"https:\\\/\\\/www.switcho.it\\\/blog\\\/\",\"name\":\"Switcho\",\"description\":\"Il blog semplice, per davvero.\",\"publisher\":{\"@id\":\"https:\\\/\\\/www.switcho.it\\\/blog\\\/#organization\"},\"potentialAction\":[{\"@type\":\"SearchAction\",\"target\":{\"@type\":\"EntryPoint\",\"urlTemplate\":\"https:\\\/\\\/www.switcho.it\\\/blog\\\/?s={search_term_string}\"},\"query-input\":{\"@type\":\"PropertyValueSpecification\",\"valueRequired\":true,\"valueName\":\"search_term_string\"}}],\"inLanguage\":\"it-IT\"},{\"@type\":\"Organization\",\"@id\":\"https:\\\/\\\/www.switcho.it\\\/blog\\\/#organization\",\"name\":\"Switcho\",\"url\":\"https:\\\/\\\/www.switcho.it\\\/blog\\\/\",\"logo\":{\"@type\":\"ImageObject\",\"inLanguage\":\"it-IT\",\"@id\":\"https:\\\/\\\/www.switcho.it\\\/blog\\\/#\\\/schema\\\/logo\\\/image\\\/\",\"url\":\"https:\\\/\\\/www.switcho.it\\\/blog\\\/wp-content\\\/uploads\\\/2021\\\/03\\\/Switcho-Logotype-Green.png\",\"contentUrl\":\"https:\\\/\\\/www.switcho.it\\\/blog\\\/wp-content\\\/uploads\\\/2021\\\/03\\\/Switcho-Logotype-Green.png\",\"width\":1507,\"height\":597,\"caption\":\"Switcho\"},\"image\":{\"@id\":\"https:\\\/\\\/www.switcho.it\\\/blog\\\/#\\\/schema\\\/logo\\\/image\\\/\"}},{\"@type\":\"Person\",\"@id\":\"https:\\\/\\\/www.switcho.it\\\/blog\\\/#\\\/schema\\\/person\\\/f45c81c5f7aac87dbb9cf5455d33e0c6\",\"name\":\"Federica Antignano\",\"image\":{\"@type\":\"ImageObject\",\"inLanguage\":\"it-IT\",\"@id\":\"https:\\\/\\\/secure.gravatar.com\\\/avatar\\\/dca51910f09bc09090018066fe53b8f96f6f12e754c122d3dcb383514cfb9cea?s=96&d=mm&r=g\",\"url\":\"https:\\\/\\\/secure.gravatar.com\\\/avatar\\\/dca51910f09bc09090018066fe53b8f96f6f12e754c122d3dcb383514cfb9cea?s=96&d=mm&r=g\",\"contentUrl\":\"https:\\\/\\\/secure.gravatar.com\\\/avatar\\\/dca51910f09bc09090018066fe53b8f96f6f12e754c122d3dcb383514cfb9cea?s=96&d=mm&r=g\",\"caption\":\"Federica Antignano\"},\"description\":\"Web writer e copywriter con esperienza nella redazione di contenuti in ambito energia e finanza per importanti testate online, Federica affianca il team Switcho come collaboratrice esterna nella creazione di articoli per il blog aziendale. La sua dedizione va oltre il semplice lavoro, \u00e8 un impegno sincero nel fornire informazioni utili e contenuti di valore ai lettori.\",\"url\":\"https:\\\/\\\/www.switcho.it\\\/blog\\\/author\\\/federica-antignano\\\/\"}]}<\/script>\n<!-- \/ Yoast SEO plugin. -->","yoast_head_json":{"title":"Connessione mobile: potenziato il satellitare in Europa, accordo con Starlink - Switcho","description":"Una nuova frontiera per la connessione mobile: tra i nuovi satelliti Starlink e il D2D, ecco cosa cambia per l'Europa e per l'Italia.","robots":{"index":"index","follow":"follow","max-snippet":"max-snippet:-1","max-image-preview":"max-image-preview:large","max-video-preview":"max-video-preview:-1"},"canonical":"https:\/\/www.switcho.it\/blog\/mobile\/connessione-mobile-satellite-europa-starlink\/","og_locale":"it_IT","og_type":"article","og_title":"Connessione mobile: potenziato il satellite in Europa, accordo con Starlink","og_description":"Una nuova frontiera per la connessione mobile: tra i nuovi satelliti Starlink e il D2D, ecco cosa cambia per l'Europa e per l'Italia.","og_url":"https:\/\/www.switcho.it\/blog\/mobile\/connessione-mobile-satellite-europa-starlink\/","og_site_name":"Switcho","article_published_time":"2026-03-11T16:48:33+00:00","article_modified_time":"2026-03-11T16:48:34+00:00","og_image":[{"width":1200,"height":800,"url":"https:\/\/www.switcho.it\/blog\/wp-content\/uploads\/2026\/03\/satellite-europa-connessione-mobile.jpg","type":"image\/jpeg"}],"author":"Federica Antignano","twitter_card":"summary_large_image","twitter_misc":{"Scritto da":"Federica Antignano","Tempo di lettura stimato":"4 minuti"},"schema":{"@context":"https:\/\/schema.org","@graph":[{"@type":"Article","@id":"https:\/\/www.switcho.it\/blog\/mobile\/connessione-mobile-satellite-europa-starlink\/#article","isPartOf":{"@id":"https:\/\/www.switcho.it\/blog\/mobile\/connessione-mobile-satellite-europa-starlink\/"},"author":{"name":"Federica Antignano","@id":"https:\/\/www.switcho.it\/blog\/#\/schema\/person\/f45c81c5f7aac87dbb9cf5455d33e0c6"},"headline":"Connessione mobile: potenziato il satellitare in Europa, accordo con Starlink","datePublished":"2026-03-11T16:48:33+00:00","dateModified":"2026-03-11T16:48:34+00:00","mainEntityOfPage":{"@id":"https:\/\/www.switcho.it\/blog\/mobile\/connessione-mobile-satellite-europa-starlink\/"},"wordCount":615,"publisher":{"@id":"https:\/\/www.switcho.it\/blog\/#organization"},"image":{"@id":"https:\/\/www.switcho.it\/blog\/mobile\/connessione-mobile-satellite-europa-starlink\/#primaryimage"},"thumbnailUrl":"https:\/\/www.switcho.it\/blog\/wp-content\/uploads\/2026\/03\/satellite-europa-connessione-mobile.jpg","articleSection":["News mobile"],"inLanguage":"it-IT"},{"@type":"WebPage","@id":"https:\/\/www.switcho.it\/blog\/mobile\/connessione-mobile-satellite-europa-starlink\/","url":"https:\/\/www.switcho.it\/blog\/mobile\/connessione-mobile-satellite-europa-starlink\/","name":"Connessione mobile: potenziato il satellitare in Europa, accordo con Starlink - Switcho","isPartOf":{"@id":"https:\/\/www.switcho.it\/blog\/#website"},"primaryImageOfPage":{"@id":"https:\/\/www.switcho.it\/blog\/mobile\/connessione-mobile-satellite-europa-starlink\/#primaryimage"},"image":{"@id":"https:\/\/www.switcho.it\/blog\/mobile\/connessione-mobile-satellite-europa-starlink\/#primaryimage"},"thumbnailUrl":"https:\/\/www.switcho.it\/blog\/wp-content\/uploads\/2026\/03\/satellite-europa-connessione-mobile.jpg","datePublished":"2026-03-11T16:48:33+00:00","dateModified":"2026-03-11T16:48:34+00:00","description":"Una nuova frontiera per la connessione mobile: tra i nuovi satelliti Starlink e il D2D, ecco cosa cambia per l'Europa e per l'Italia.","breadcrumb":{"@id":"https:\/\/www.switcho.it\/blog\/mobile\/connessione-mobile-satellite-europa-starlink\/#breadcrumb"},"inLanguage":"it-IT","potentialAction":[{"@type":"ReadAction","target":["https:\/\/www.switcho.it\/blog\/mobile\/connessione-mobile-satellite-europa-starlink\/"]}]},{"@type":"ImageObject","inLanguage":"it-IT","@id":"https:\/\/www.switcho.it\/blog\/mobile\/connessione-mobile-satellite-europa-starlink\/#primaryimage","url":"https:\/\/www.switcho.it\/blog\/wp-content\/uploads\/2026\/03\/satellite-europa-connessione-mobile.jpg","contentUrl":"https:\/\/www.switcho.it\/blog\/wp-content\/uploads\/2026\/03\/satellite-europa-connessione-mobile.jpg","width":1200,"height":800,"caption":"Connessione mobile, potenziato il satellite in Europa con un accordo Starlink"},{"@type":"BreadcrumbList","@id":"https:\/\/www.switcho.it\/blog\/mobile\/connessione-mobile-satellite-europa-starlink\/#breadcrumb","itemListElement":[{"@type":"ListItem","position":1,"name":"Home","item":"https:\/\/www.switcho.it\/blog\/"},{"@type":"ListItem","position":2,"name":"Telefonia mobile","item":"https:\/\/www.switcho.it\/blog\/mobile\/"},{"@type":"ListItem","position":3,"name":"News mobile","item":"https:\/\/www.switcho.it\/blog\/mobile\/news-mobile\/"},{"@type":"ListItem","position":4,"name":"Connessione mobile: potenziato il satellitare in Europa, accordo con Starlink"}]},{"@type":"WebSite","@id":"https:\/\/www.switcho.it\/blog\/#website","url":"https:\/\/www.switcho.it\/blog\/","name":"Switcho","description":"Il blog semplice, per davvero.","publisher":{"@id":"https:\/\/www.switcho.it\/blog\/#organization"},"potentialAction":[{"@type":"SearchAction","target":{"@type":"EntryPoint","urlTemplate":"https:\/\/www.switcho.it\/blog\/?s={search_term_string}"},"query-input":{"@type":"PropertyValueSpecification","valueRequired":true,"valueName":"search_term_string"}}],"inLanguage":"it-IT"},{"@type":"Organization","@id":"https:\/\/www.switcho.it\/blog\/#organization","name":"Switcho","url":"https:\/\/www.switcho.it\/blog\/","logo":{"@type":"ImageObject","inLanguage":"it-IT","@id":"https:\/\/www.switcho.it\/blog\/#\/schema\/logo\/image\/","url":"https:\/\/www.switcho.it\/blog\/wp-content\/uploads\/2021\/03\/Switcho-Logotype-Green.png","contentUrl":"https:\/\/www.switcho.it\/blog\/wp-content\/uploads\/2021\/03\/Switcho-Logotype-Green.png","width":1507,"height":597,"caption":"Switcho"},"image":{"@id":"https:\/\/www.switcho.it\/blog\/#\/schema\/logo\/image\/"}},{"@type":"Person","@id":"https:\/\/www.switcho.it\/blog\/#\/schema\/person\/f45c81c5f7aac87dbb9cf5455d33e0c6","name":"Federica Antignano","image":{"@type":"ImageObject","inLanguage":"it-IT","@id":"https:\/\/secure.gravatar.com\/avatar\/dca51910f09bc09090018066fe53b8f96f6f12e754c122d3dcb383514cfb9cea?s=96&d=mm&r=g","url":"https:\/\/secure.gravatar.com\/avatar\/dca51910f09bc09090018066fe53b8f96f6f12e754c122d3dcb383514cfb9cea?s=96&d=mm&r=g","contentUrl":"https:\/\/secure.gravatar.com\/avatar\/dca51910f09bc09090018066fe53b8f96f6f12e754c122d3dcb383514cfb9cea?s=96&d=mm&r=g","caption":"Federica Antignano"},"description":"Web writer e copywriter con esperienza nella redazione di contenuti in ambito energia e finanza per importanti testate online, Federica affianca il team Switcho come collaboratrice esterna nella creazione di articoli per il blog aziendale. La sua dedizione va oltre il semplice lavoro, \u00e8 un impegno sincero nel fornire informazioni utili e contenuti di valore ai lettori.","url":"https:\/\/www.switcho.it\/blog\/author\/federica-antignano\/"}]}},"modified_by":"Gabriele Toninelli","_links":{"self":[{"href":"https:\/\/www.switcho.it\/blog\/wp-json\/wp\/v2\/posts\/153960","targetHints":{"allow":["GET"]}}],"collection":[{"href":"https:\/\/www.switcho.it\/blog\/wp-json\/wp\/v2\/posts"}],"about":[{"href":"https:\/\/www.switcho.it\/blog\/wp-json\/wp\/v2\/types\/post"}],"author":[{"embeddable":true,"href":"https:\/\/www.switcho.it\/blog\/wp-json\/wp\/v2\/users\/40"}],"replies":[{"embeddable":true,"href":"https:\/\/www.switcho.it\/blog\/wp-json\/wp\/v2\/comments?post=153960"}],"version-history":[{"count":4,"href":"https:\/\/www.switcho.it\/blog\/wp-json\/wp\/v2\/posts\/153960\/revisions"}],"predecessor-version":[{"id":153978,"href":"https:\/\/www.switcho.it\/blog\/wp-json\/wp\/v2\/posts\/153960\/revisions\/153978"}],"wp:featuredmedia":[{"embeddable":true,"href":"https:\/\/www.switcho.it\/blog\/wp-json\/wp\/v2\/media\/153966"}],"wp:attachment":[{"href":"https:\/\/www.switcho.it\/blog\/wp-json\/wp\/v2\/media?parent=153960"}],"wp:term":[{"taxonomy":"category","embeddable":true,"href":"https:\/\/www.switcho.it\/blog\/wp-json\/wp\/v2\/categories?post=153960"},{"taxonomy":"post_tag","embeddable":true,"href":"https:\/\/www.switcho.it\/blog\/wp-json\/wp\/v2\/tags?post=153960"}],"curies":[{"name":"wp","href":"https:\/\/api.w.org\/{rel}","templated":true}]}}