{"id":104638,"date":"2024-09-18T11:01:24","date_gmt":"2024-09-18T11:01:24","guid":{"rendered":"https:\/\/www.switcho.it\/blog\/?p=104638"},"modified":"2025-10-13T08:38:12","modified_gmt":"2025-10-13T08:38:12","slug":"accensione-riscaldamento","status":"publish","type":"post","link":"https:\/\/www.switcho.it\/blog\/luce-gas\/accensione-riscaldamento\/","title":{"rendered":"Accensione riscaldamento 2025: le date per ogni citt\u00e0"},"content":{"rendered":"<i>Aggiornato il 13 Ottobre 2025<\/i>\n\n\n\n<div style=\"height:30px\" aria-hidden=\"true\" class=\"wp-block-spacer\"><\/div>\n\n\n\n<p>Come ogni anno all\u2019avvicinarsi dell\u2019autunno, viene naturale chiedersi <strong>quando si pu\u00f2 accendere il riscaldamento nella propria citt\u00e0<\/strong>. Le date dipendono dalla tua zona climatica, pertanto non sono uguali per tutta la Penisola, ma l&#8217;indicazione generale \u00e8 la seguente:<\/p>\n\n\n\n<div style=\"height:20px\" aria-hidden=\"true\" class=\"wp-block-spacer\"><\/div>\n\n\n\n<blockquote class=\"wp-block-quote is-layout-flow wp-block-quote-is-layout-flow\">\n<p>L&#8217;accensione \u00e8 prevista tra il <strong>15 ottobre<\/strong> e l&#8217;<strong>1 dicembre 2025<\/strong> a seconda della zona. Per lo spegnimento si va invece dal 15 marzo al 15 aprile 2026.<\/p>\n<\/blockquote>\n\n\n\n<p>Ecco il calendario completo per l\u2019inverno 2025-2026.<\/p>\n\n\n\n<div style=\"height:20px\" aria-hidden=\"true\" class=\"wp-block-spacer\"><\/div>\n\n\n\n<figure class=\"wp-block-table is-style-stripes\"><table><thead><tr><th class=\"has-text-align-center\" data-align=\"center\"><strong>ZONA<\/strong><\/th><th class=\"has-text-align-center\" data-align=\"center\"><strong>ORE RISCALDAMENTO \/GIORNO<\/strong><\/th><th class=\"has-text-align-center\" data-align=\"center\"><strong>ACCENSIONE E SPEGNIMENTO<\/strong><\/th><\/tr><\/thead><tbody><tr><td class=\"has-text-align-center\" data-align=\"center\">A<\/td><td class=\"has-text-align-center\" data-align=\"center\">6 ore<\/td><td class=\"has-text-align-center\" data-align=\"center\">1 dicembre \u2013 15 marzo<\/td><\/tr><tr><td class=\"has-text-align-center\" data-align=\"center\">B<\/td><td class=\"has-text-align-center\" data-align=\"center\">8 ore<\/td><td class=\"has-text-align-center\" data-align=\"center\">1 dicembre \u2013 31 marzo<\/td><\/tr><tr><td class=\"has-text-align-center\" data-align=\"center\">C<\/td><td class=\"has-text-align-center\" data-align=\"center\">10 ore<\/td><td class=\"has-text-align-center\" data-align=\"center\">15 novembre \u2013 31 marzo<\/td><\/tr><tr><td class=\"has-text-align-center\" data-align=\"center\">D<\/td><td class=\"has-text-align-center\" data-align=\"center\">12 ore<\/td><td class=\"has-text-align-center\" data-align=\"center\">1 novembre \u2013 15 aprile<\/td><\/tr><tr><td class=\"has-text-align-center\" data-align=\"center\">E<\/td><td class=\"has-text-align-center\" data-align=\"center\">14 ore<\/td><td class=\"has-text-align-center\" data-align=\"center\">15 ottobre \u2013 15 aprile<\/td><\/tr><tr><td class=\"has-text-align-center\" data-align=\"center\">F<\/td><td class=\"has-text-align-center\" data-align=\"center\">Nessuna limitazione<\/td><td class=\"has-text-align-center\" data-align=\"center\">Nessuna limitazione<\/td><\/tr><\/tbody><\/table><figcaption class=\"wp-element-caption\">Date accensione riscaldamento 2025-2026<\/figcaption><\/figure>\n\n\n\n<div style=\"height:40px\" aria-hidden=\"true\" class=\"wp-block-spacer\"><\/div>\n\n\n\n<figure class=\"wp-block-image size-full\"><img loading=\"lazy\" decoding=\"async\" width=\"900\" height=\"600\" src=\"https:\/\/www.switcho.it\/blog\/wp-content\/uploads\/2024\/10\/Zone-climatiche-Italia.png\" alt=\"Zone climatiche Italia\" class=\"wp-image-105616\" srcset=\"https:\/\/www.switcho.it\/blog\/wp-content\/uploads\/2024\/10\/Zone-climatiche-Italia.png 900w, https:\/\/www.switcho.it\/blog\/wp-content\/uploads\/2024\/10\/Zone-climatiche-Italia-480x320.png 480w\" sizes=\"(min-width: 0px) and (max-width: 480px) 480px, (min-width: 481px) 900px, 100vw\" \/><\/figure>\n\n\n\n<div style=\"height:40px\" aria-hidden=\"true\" class=\"wp-block-spacer\"><\/div>\n\n\n\n<p class=\"has-background\" style=\"background-color:#f7f8fa\">\u27a1\ufe0f Con l&#8217;<a href=\"https:\/\/www.comune.milano.it\/aree-tematiche\/ambiente\/energia\/calendario-accensione-impianti\" target=\"_blank\" rel=\"noreferrer noopener nofollow\">ordinanza sindacale del 3 ottobre 2025<\/a>, il <strong>comune di Milano<\/strong> ha abbassato le ore giornaliere di accensione dei riscaldamenti da 14 a <strong>13<\/strong>. <\/p>\n\n\n\n<div style=\"height:20px\" aria-hidden=\"true\" class=\"wp-block-spacer\"><\/div>\n\n\n\n<p>Oltre a seguire le indicazioni relative al periodo di accensione del riscaldamento, per risparmiare in bolletta <strong>puoi anche <\/strong><a href=\"https:\/\/www.switcho.it\/servizi\/intro\/luce-gas\"><strong>provare Switcho<\/strong><\/a><strong>: troviamo le <\/strong><a href=\"https:\/\/www.switcho.it\/risorse\/gas\/\" target=\"_blank\" rel=\"noreferrer noopener\"><strong>migliori offerte gas<\/strong><\/a> per le tue esigenze e gestiamo anche tutta la burocrazia del cambio fornitore per te, gratuitamente \ud83d\ude07<\/p>\n\n\n\n<div style=\"height:20px\" aria-hidden=\"true\" class=\"wp-block-spacer\"><\/div>\n\n\n\n<div class=\"wp-block-divi-layout\">[et_pb_section fb_built=&#8221;1&#8243; disabled_on=&#8221;on|on|off&#8221; admin_label=&#8221;section&#8221; _builder_version=&#8221;4.18.0&#8243; custom_padding=&#8221;0px||0px||false|false&#8221; global_colors_info=&#8221;{}&#8221;][et_pb_row admin_label=&#8221;row&#8221; _builder_version=&#8221;4.19.1&#8243; background_size=&#8221;initial&#8221; background_position=&#8221;top_left&#8221; background_repeat=&#8221;repeat&#8221; width=&#8221;100%&#8221; max_height=&#8221;1000px&#8221; global_colors_info=&#8221;{}&#8221;][et_pb_column type=&#8221;4_4&#8243; _builder_version=&#8221;4.18.0&#8243; _module_preset=&#8221;default&#8221; global_colors_info=&#8221;{}&#8221;][et_pb_image src=&#8221;https:\/\/www.switcho.it\/blog\/wp-content\/uploads\/2024\/03\/banner-luce-gas-top-desktop-new.png&#8221; alt=&#8221;Risparmia sulle bollette con Switcho&#8221; title_text=&#8221;risparmia sulle bollette con switcho&#8221; url=&#8221;http:\/\/www.switcho.it\/servizi\/intro\/luce-gas?ref=cta-energy-top&#8221; align=&#8221;center&#8221; force_fullwidth=&#8221;on&#8221; src_tablet=&#8221;https:\/\/www.switcho.it\/blog\/wp-content\/uploads\/2022\/11\/banner-energy-top-mobile.png&#8221; src_phone=&#8221;https:\/\/www.switcho.it\/blog\/wp-content\/uploads\/2022\/11\/banner-energy-top-mobile.png&#8221; src_last_edited=&#8221;on|phone&#8221; _builder_version=&#8221;4.24.2&#8243; _module_preset=&#8221;default&#8221; hover_enabled=&#8221;0&#8243; global_colors_info=&#8221;{}&#8221; sticky_enabled=&#8221;0&#8243;][\/et_pb_image][\/et_pb_column][\/et_pb_row][\/et_pb_section]<\/div>\n\n\n\n<div style=\"height:20px\" aria-hidden=\"true\" class=\"wp-block-spacer\"><\/div>\n\n\n\n<p>Indice<\/p>\n\n\n\n<ul class=\"wp-block-list\">\n<li><a href=\"#accensione-riscaldamento\">Quando si pu\u00f2 accendere il riscaldamento centralizzato nel 2025?<\/a><\/li>\n\n\n\n<li><a href=\"#zone-climatiche\">Cosa sono le zone climatiche e i gradi giorno?<\/a><\/li>\n\n\n\n<li><a href=\"#date-accensione\">Data accensione riscaldamento per ogni zona climatica<\/a><\/li>\n\n\n\n<li><a href=\"#chi-decide\">Accensione termosifoni: chi decide le date?<\/a><\/li>\n\n\n\n<li><a href=\"#autonomo\">E per il riscaldamento autonomo? Regole e consigli<\/a><\/li>\n<\/ul>\n\n\n\n<div style=\"height:50px\" aria-hidden=\"true\" class=\"wp-block-spacer\"><\/div>\n\n\n\n<h2 class=\"wp-block-heading\" id=\"accensione-riscaldamento\">Quando si pu\u00f2 accendere il riscaldamento centralizzato nel 2025?<\/h2>\n\n\n\n<div style=\"height:20px\" aria-hidden=\"true\" class=\"wp-block-spacer\"><\/div>\n\n\n\n<p>Per l\u2019inverno 2025-2026 l\u2019accensione termosifoni segue le date definite dal DPR n. 412\/1993 e dalla Legge n. 10\/1991, poi integrate dal DPR 16 aprile 2013, n. 74. Questi stabiliscono <strong>diversi periodi di attivit\u00e0 per le 6 <\/strong><a href=\"https:\/\/www.switcho.it\/blog\/luce-gas\/zone-climatiche-italia\/\" target=\"_blank\" rel=\"noreferrer noopener\"><strong>zone climatiche d\u2019Italia<\/strong><\/a>.<\/p>\n\n\n\n<div style=\"height:20px\" aria-hidden=\"true\" class=\"wp-block-spacer\"><\/div>\n\n\n\n<ul class=\"wp-block-list emoji_bullets emoji_right_arrow\">\n<li><strong>Zona A<\/strong>: \u00e8 quella con temperature generalmente pi\u00f9 miti in inverno (include Lampedusa e Porto Empedocle), dove la data di accensione \u00e8 il <strong>1\u00b0 dicembre<\/strong>.&nbsp;<\/li>\n\n\n\n<li><strong>Zona B<\/strong>: include alcune province della Sicilia e della Calabria, come Agrigento, Catania e Crotone. Anche qui i caloriferi si possono accendere il <strong>1\u00b0 dicembre<\/strong>.<\/li>\n\n\n\n<li><strong>Zona C<\/strong>: anche questa riguarda soprattutto il Sud Italia, con province come Napoli, Taranto, Cagliari ma anche Imperia. L\u2019accensione \u00e8 consentita dal <strong>15 novembre<\/strong>.<\/li>\n\n\n\n<li><strong>Zona D<\/strong>: comprende soprattutto le aree costiere e non montuose del Centro Italia, come Firenze, Roma e Ancona. La data di accensione \u00e8 fissata al <strong>1\u00b0 novembre<\/strong>.<\/li>\n\n\n\n<li><strong>Zona E<\/strong>: via ai riscaldamenti dal <strong>15 ottobre<\/strong> nelle zone montuose del Centro e la Pianura Padana (come Milano, Bologna, L\u2019Aquila).<\/li>\n\n\n\n<li><strong>Zona F<\/strong>: in queste aree alpine il clima rigido fa s\u00ec che <strong>non vi siano limitazioni <\/strong>all\u2019accensione del riscaldamento.<\/li>\n<\/ul>\n\n\n\n<div style=\"height:30px\" aria-hidden=\"true\" class=\"wp-block-spacer\"><\/div>\n\n\n\n<div style=\"border-radius: 20px; box-shadow: 5px 10px 18px #dddddd; padding: 30px; background-color: #f7f8fa;\">\n    <iframe data-tally-src=\"https:\/\/tally.so\/embed\/3jW8va?alignLeft=1&#038;hideTitle=1&#038;transparentBackground=1&#038;dynamicHeight=1\" loading=\"lazy\" width=\"100%\" height=\"272\" frameborder=\"0\" marginheight=\"0\" marginwidth=\"0\" title=\"Quando puoi accendere il riscaldamento?\"><\/iframe>\n<\/div>\n<script>\n    var d = document,\n        w = \"https:\/\/tally.so\/widgets\/embed.js\",\n        v = function () {\n            \"undefined\" != typeof Tally ? Tally.loadEmbeds() : d.querySelectorAll(\"iframe[data-tally-src]:not([src])\").forEach((function (e) {\n                e.src = e.dataset.tallySrc\n            }))\n        };\n    if (\"undefined\" != typeof Tally) v();\n    else if (d.querySelector('script[src=\"' + w + '\"]') == null) {\n        var s = d.createElement(\"script\");\n        s.src = w, s.onload = v, s.onerror = v, d.body.appendChild(s)\n    };\n<\/script>\n\n\n\n<div style=\"height:50px\" aria-hidden=\"true\" class=\"wp-block-spacer\"><\/div>\n\n\n\n<p>Per tutte le zone <strong>la temperatura massima consentita nelle abitazioni \u00e8 di 20\u00b0<\/strong>, con una flessibilit\u00e0 di 2\u00b0. Per le attivit\u00e0 industriali, invece, il limite \u00e8 18\u00b0. Sono esclusi da questi limiti RSA, asili, scuole materne, ospedali e piscine.&nbsp;<\/p>\n\n\n\n<p>Inoltre c\u2019\u00e8 la regola, per tutte le zone tranne la F, di accendere l&#8217;impianto solo<strong> tra le 5 del mattino e le 23<\/strong>. All\u2019interno di questo lasso di tempo, sta all\u2019assemblea condominiale decidere le ore di accensione.<\/p>\n\n\n\n<div style=\"height:20px\" aria-hidden=\"true\" class=\"wp-block-spacer\"><\/div>\n\n\n\n<p class=\"has-background\" style=\"background-color:#f7f8fa\">\u26a0\ufe0f Per chi non rispetta queste regole sono previste <strong>multe<\/strong> che vanno <strong>dai 500 ai 3.000 euro<\/strong>, a cui si possono aggiungere ulteriori sanzioni previste dai Comuni e dagli enti locali preposti al controllo degli impianti termici.<\/p>\n\n\n\n<div style=\"height:50px\" aria-hidden=\"true\" class=\"wp-block-spacer\"><\/div>\n\n\n\n<h2 class=\"wp-block-heading\" id=\"zone-climatiche\">Cosa sono le zone climatiche e i gradi giorno?<\/h2>\n\n\n\n<div style=\"height:20px\" aria-hidden=\"true\" class=\"wp-block-spacer\"><\/div>\n\n\n\n<p>Con climi molto differenti lungo tutta la Penisola, il nostro Paese non presenta ovunque le stesse necessit\u00e0 di riscaldamento. Da qui l\u2019esigenza di<strong> suddividere il territorio in diverse zone climatiche<\/strong> in base al parametro dei Gradi Giorno (GG).<\/p>\n\n\n\n<div style=\"height:20px\" aria-hidden=\"true\" class=\"wp-block-spacer\"><\/div>\n\n\n\n<blockquote class=\"wp-block-quote is-layout-flow wp-block-quote-is-layout-flow\">\n<p><em>I <\/em><strong><em>Gradi Giorno<\/em><\/strong><em> sono la sommatoria, in tutti i giorni dell\u2019anno, della differenza tra la temperatura dell\u2019ambiente esterno ideale, fissata convenzionalmente a 20\u00b0C, e la temperatura esterna giornaliera effettiva.<\/em><\/p>\n<\/blockquote>\n\n\n\n<div style=\"height:20px\" aria-hidden=\"true\" class=\"wp-block-spacer\"><\/div>\n\n\n\n<p>Se la temperatura effettiva di una citt\u00e0 \u00e8 spesso inferiore a 20\u00b0, dunque, i Gradi Giorno di quel comune saranno elevati. Viceversa, avere un valore di Gradi Giorno basso significa che il clima si avvicina molto alla temperatura standard di 20\u00b0.&nbsp;<\/p>\n\n\n\n<p>Ecco i range di Gradi Giorno identificato per ciascuna zona climatica:<\/p>\n\n\n\n<div style=\"height:20px\" aria-hidden=\"true\" class=\"wp-block-spacer\"><\/div>\n\n\n\n<figure class=\"wp-block-table is-style-stripes\"><table class=\"has-fixed-layout\"><thead><tr><th class=\"has-text-align-center\" data-align=\"center\"><strong>ZONA<\/strong><\/th><th class=\"has-text-align-center\" data-align=\"center\"><strong>GRADI GIORNO<\/strong><\/th><\/tr><\/thead><tbody><tr><td class=\"has-text-align-center\" data-align=\"center\">Zona A<\/td><td class=\"has-text-align-center\" data-align=\"center\">Fino a 600<\/td><\/tr><tr><td class=\"has-text-align-center\" data-align=\"center\">Zona B<\/td><td class=\"has-text-align-center\" data-align=\"center\">Tra 601 e 900<\/td><\/tr><tr><td class=\"has-text-align-center\" data-align=\"center\">Zona C<\/td><td class=\"has-text-align-center\" data-align=\"center\">Tra 901 e 1400<\/td><\/tr><tr><td class=\"has-text-align-center\" data-align=\"center\">Zona D<\/td><td class=\"has-text-align-center\" data-align=\"center\">Tra 1401 e 2100<\/td><\/tr><tr><td class=\"has-text-align-center\" data-align=\"center\">Zona E<\/td><td class=\"has-text-align-center\" data-align=\"center\">Tra 2101 e 3000<\/td><\/tr><tr><td class=\"has-text-align-center\" data-align=\"center\">Zona F<\/td><td class=\"has-text-align-center\" data-align=\"center\">Oltre 3001<\/td><\/tr><\/tbody><\/table><\/figure>\n\n\n\n<div style=\"height:50px\" aria-hidden=\"true\" class=\"wp-block-spacer\"><\/div>\n\n\n\n<h2 class=\"wp-block-heading\" id=\"date-accensione\">Data accensione riscaldamento per ogni zona climatica<\/h2>\n\n\n\n<div style=\"height:20px\" aria-hidden=\"true\" class=\"wp-block-spacer\"><\/div>\n\n\n\n<blockquote class=\"wp-block-quote is-layout-flow wp-block-quote-is-layout-flow\">\n<p><em>\u00c8 importante considerare che <\/em><strong><em>due comuni possono trovarsi in zone climatiche differenti pur facendo parte della stessa provincia<\/em><\/strong><em>. Per controllare in che zona si trova il tuo comune puoi fare riferimento all\u2019<\/em><a href=\"https:\/\/def.finanze.it\/DocTribFrontend\/getContent.do?id=%7BFA14F5FB-813D-4F48-B385-FE806762E517%7D\" target=\"_blank\" rel=\"noreferrer noopener nofollow\"><em>elenco completo (Allegato A del D.P.R. 412\/1993)<\/em><\/a><em>.<\/em><\/p>\n<\/blockquote>\n\n\n\n<div style=\"height:20px\" aria-hidden=\"true\" class=\"wp-block-spacer\"><\/div>\n\n\n\n<p>Vediamo ora una panoramica di ciascuna zona climatica, con un elenco pi\u00f9 esaustivo dei comuni inclusi.<\/p>\n\n\n\n<div style=\"height:40px\" aria-hidden=\"true\" class=\"wp-block-spacer\"><\/div>\n\n\n\n<h3 class=\"wp-block-heading\">Zona A: il riscaldamento in alcune zone della Sicilia<\/h3>\n\n\n\n<div style=\"height:20px\" aria-hidden=\"true\" class=\"wp-block-spacer\"><\/div>\n\n\n\n<figure class=\"wp-block-table is-style-stripes\"><table class=\"has-fixed-layout\"><thead><tr><th><\/th><th><\/th><\/tr><\/thead><tbody><tr><td><strong>Citt\u00e0 incluse<\/strong><\/td><td>Linosa, Lampedusa e Porto Empedocle<\/td><\/tr><tr><td><strong>Gradi Giorno<\/strong><\/td><td>Fino a 600<\/td><\/tr><tr><td><strong>Data accensione<\/strong><\/td><td>1 dicembre<\/td><\/tr><tr><td><strong>Data spegnimento<\/strong><\/td><td>15 marzo<\/td><\/tr><tr><td><strong>Massimo ore \/ giorno<\/strong><\/td><td>6 ore<\/td><\/tr><\/tbody><\/table><\/figure>\n\n\n\n<div style=\"height:40px\" aria-hidden=\"true\" class=\"wp-block-spacer\"><\/div>\n\n\n\n<h3 class=\"wp-block-heading\">Zona B: regole riscaldamento per Palermo, Reggio Calabria e Trapani<\/h3>\n\n\n\n<div style=\"height:20px\" aria-hidden=\"true\" class=\"wp-block-spacer\"><\/div>\n\n\n\n<figure class=\"wp-block-table is-style-stripes\"><table class=\"has-fixed-layout\"><thead><tr><th><\/th><th><\/th><\/tr><\/thead><tbody><tr><td><strong>Citt\u00e0 incluse<\/strong><\/td><td>Agrigento, Catania, Messina, <strong>Palermo<\/strong>, Siracusa, Trapani, Crotone e <strong>Reggio Calabria<\/strong><\/td><\/tr><tr><td><strong>Gradi Giorno<\/strong><\/td><td>Tra 601 e 900<\/td><\/tr><tr><td><strong>Data accensione<\/strong><\/td><td>1 dicembre<\/td><\/tr><tr><td><strong>Data spegnimento<\/strong><\/td><td>31 marzo<\/td><\/tr><tr><td><strong>Massimo ore \/ giorno<\/strong><\/td><td>8 ore<\/td><\/tr><\/tbody><\/table><\/figure>\n\n\n\n<div style=\"height:40px\" aria-hidden=\"true\" class=\"wp-block-spacer\"><\/div>\n\n\n\n<h3 class=\"wp-block-heading\">Zona C: quando si accendono i termosifoni a Napoli, Caserta e Bari<\/h3>\n\n\n\n<div style=\"height:20px\" aria-hidden=\"true\" class=\"wp-block-spacer\"><\/div>\n\n\n\n<figure class=\"wp-block-table is-style-stripes\"><table class=\"has-fixed-layout\"><thead><tr><th><\/th><th><\/th><\/tr><\/thead><tbody><tr><td><strong>Citt\u00e0 incluse<\/strong><\/td><td>Bari, Brindisi, Lecce, Taranto, Benevento, Salerno, <strong>Napoli<\/strong>, Caserta, Catanzaro, Cosenza, Sassari, Oristano, <strong>Cagliari<\/strong>, Imperia, Latina e Ragusa<\/td><\/tr><tr><td><strong>Gradi Giorno<\/strong><\/td><td>Tra 901 e 1400<\/td><\/tr><tr><td><strong>Data accensione<\/strong><\/td><td>15 novembre<\/td><\/tr><tr><td><strong>Data spegnimento<\/strong><\/td><td>31 marzo<\/td><\/tr><tr><td><strong>Massimo ore \/ giorno<\/strong><\/td><td>10 ore<\/td><\/tr><\/tbody><\/table><\/figure>\n\n\n\n<div style=\"height:40px\" aria-hidden=\"true\" class=\"wp-block-spacer\"><\/div>\n\n\n\n<h3 class=\"wp-block-heading\">Zona D: data di accensione dei termosifoni a Roma, Firenze e Pescara<\/h3>\n\n\n\n<div style=\"height:20px\" aria-hidden=\"true\" class=\"wp-block-spacer\"><\/div>\n\n\n\n<figure class=\"wp-block-table is-style-stripes\"><table class=\"has-fixed-layout\"><thead><tr><th><\/th><th><\/th><\/tr><\/thead><tbody><tr><td><strong>Citt\u00e0 incluse<\/strong><\/td><td><strong>Roma, Firenze, Ancona<\/strong>, Ascoli Piceno, Macerata, Pesaro, Massa Carrara, Livorno, Grosseto, Lucca, Pistoia, Pisa, Prato, Siena, Teramo, Pescara, Chieti, Genova, La Spezia, Savona, Viterbo, Avellino, Caltanissetta, Foggia, Forl\u00ec, Isernia, Matera, Nuoro, Terni e Vibo Valentia<\/td><\/tr><tr><td><strong>Gradi Giorno<\/strong><\/td><td>Tra 1401 e 2100<\/td><\/tr><tr><td><strong>Data accensione<\/strong><\/td><td>1 novembre<\/td><\/tr><tr><td><strong>Data spegnimento<\/strong><\/td><td>15 aprile<\/td><\/tr><tr><td><strong>Massimo ore \/ giorno<\/strong><\/td><td>12 ore<\/td><\/tr><\/tbody><\/table><\/figure>\n\n\n\n<div style=\"height:40px\" aria-hidden=\"true\" class=\"wp-block-spacer\"><\/div>\n\n\n\n<h3 class=\"wp-block-heading\">Zona E: periodo riscaldamento a Milano, Torino e Bologna<\/h3>\n\n\n\n<div style=\"height:20px\" aria-hidden=\"true\" class=\"wp-block-spacer\"><\/div>\n\n\n\n<figure class=\"wp-block-table is-style-stripes\"><table class=\"has-fixed-layout\"><thead><tr><th><\/th><th><\/th><\/tr><\/thead><tbody><tr><td><strong>Citt\u00e0 incluse<\/strong><\/td><td><strong>Milano, Torino, Bologna, Venezia<\/strong>, Alessandria, <strong>Aosta<\/strong>, Asti, Biella, Novara, Verbania, Vercelli, Bergamo, Brescia, Como, Cremona, Lodi, Lecco, Varese, Sondrio, Pavia, Ferrara, Piacenza, Modena, Parma, Ravenna, Rimini, Reggio Emilia, Gorizia, Pordenone, Trieste, Udine, Treviso, Verona, Vicenza, Padova, Rovigo, Rieti, Frosinone, Bolzano, Campobasso, Enna, L\u2019Aquila, Perugia, Potenza, Arezzo.<\/td><\/tr><tr><td><strong>Gradi Giorno<\/strong><\/td><td>Tra 2101 e 3000<\/td><\/tr><tr><td><strong>Data accensione<\/strong><\/td><td>15 ottobre<\/td><\/tr><tr><td><strong>Data spegnimento<\/strong><\/td><td>15 aprile<\/td><\/tr><tr><td><strong>Massimo ore \/ giorno<\/strong><\/td><td>14 ore<\/td><\/tr><\/tbody><\/table><\/figure>\n\n\n\n<div style=\"height:40px\" aria-hidden=\"true\" class=\"wp-block-spacer\"><\/div>\n\n\n\n<h3 class=\"wp-block-heading\">Zona F: accensione riscaldamento in montagna<\/h3>\n\n\n\n<div style=\"height:20px\" aria-hidden=\"true\" class=\"wp-block-spacer\"><\/div>\n\n\n\n<figure class=\"wp-block-table is-style-stripes\"><table class=\"has-fixed-layout\"><thead><tr><th><\/th><th><\/th><\/tr><\/thead><tbody><tr><td><strong>Citt\u00e0 incluse<\/strong><\/td><td>Cuneo, Belluno e Trento e comuni montani<\/td><\/tr><tr><td><strong>Gradi Giorno<\/strong><\/td><td>Oltre 3001<\/td><\/tr><tr><td><strong>Data accensione<\/strong><\/td><td>Nessuna limitazione<\/td><\/tr><tr><td><strong>Data spegnimento<\/strong><\/td><td>Nessuna limitazione<\/td><\/tr><tr><td><strong>Massimo ore \/ giorno<\/strong><\/td><td>Nessuna limitazione<\/td><\/tr><\/tbody><\/table><\/figure>\n\n\n\n<div style=\"height:50px\" aria-hidden=\"true\" class=\"wp-block-spacer\"><\/div>\n\n\n\n<h2 class=\"wp-block-heading\" id=\"chi-decide\">Accensione termosifoni: chi decide le date?<\/h2>\n\n\n\n<div style=\"height:20px\" aria-hidden=\"true\" class=\"wp-block-spacer\"><\/div>\n\n\n\n<p>Come abbiamo visto, le regole sono definite a livello nazionale dai DPR n. 412\/1993, dalla Legge n. 10\/1991 e dal DPR 16 aprile 2013, n. 74.<\/p>\n\n\n\n<p>Tuttavia ci sono altri <strong>due fattori importanti <\/strong>che influenzano l\u2019effettiva data e periodo di accensione dei caloriferi:&nbsp;<\/p>\n\n\n\n<ul class=\"wp-block-list emoji_bullets emoji_hand_right\">\n<li><strong>Le ordinanze dei singoli comuni<\/strong>: i sindaci possono scegliere di posticipare o anticipare l\u2019accensione e lo spegnimento in base alla situazione climatica. In questi anni abbiamo spesso assistito a proroghe in marzo\/aprile in caso di clima ancora rigido, o viceversa a posticipi arrivati in mesi di ottobre\/novembre particolarmente miti. Se il periodo di riscaldamento viene allungato, per\u00f2,<strong> la durata giornaliera di accensione non pu\u00f2 superare la met\u00e0 di quella consentita in via ordinaria<\/strong>.<\/li>\n\n\n\n<li><strong>Le delibere dell\u2019assemblea condominiale<\/strong>: i condomini possono decidere di comune accordo in quali orari mettere in funzione gli impianti. Ci\u00f2 significa che, anche in presenza di <a href=\"https:\/\/www.switcho.it\/blog\/luce-gas\/valvole-termostatiche\/\" target=\"_blank\" rel=\"noreferrer noopener\">valvole termostatiche<\/a> e cronotermostato nei singoli appartamenti, <strong>non \u00e8 possibile attivare i termosifoni al di fuori degli orari definiti in assemblea<\/strong>.<\/li>\n<\/ul>\n\n\n\n<div style=\"height:50px\" aria-hidden=\"true\" class=\"wp-block-spacer\"><\/div>\n\n\n\n<h2 class=\"wp-block-heading\" id=\"autonomo\">E per il riscaldamento autonomo? Regole e consigli<\/h2>\n\n\n\n<div style=\"height:20px\" aria-hidden=\"true\" class=\"wp-block-spacer\"><\/div>\n\n\n\n<p>Anche se hai il riscaldamento autonomo, e quindi puoi teoricamente accendere e spegnere l&#8217;impianto a tuo piacimento,<strong> \u00e8 obbligatorio attenersi alle regole stabilite per legge <\/strong>per questioni d&#8217;inquinamento.<\/p>\n\n\n\n<p>Oltre a questo, se vuoi <a href=\"https:\/\/www.switcho.it\/blog\/luce-gas\/come-risparmiare-sulle-bollette\/\" target=\"_blank\" rel=\"noreferrer noopener\">risparmiare in bolletta<\/a> devi anche assicurarti di <strong>avere una buona offerta gas<\/strong>. Ecco alcune dritte per trovarla:<\/p>\n\n\n\n<ul class=\"wp-block-list emoji_bullets emoji_hand_right\">\n<li><strong>Affidati a offerte web <\/strong>che, rispetto a quelle proposte da call center e negozi, risultano spesso pi\u00f9 vantaggiose.<\/li>\n\n\n\n<li><strong>Controlla la tua situazione di frequente<\/strong>, valutando quali <a href=\"https:\/\/www.switcho.it\/blog\/luce-gas\/prezzo-indicizzato-o-fisso\/\" target=\"_blank\" rel=\"noreferrer noopener\">offerte a prezzo fisso e variabile<\/a> propone il mercato: le prime ti permettono di bloccare il prezzo, evitando di subire rincari in bolletta, mentre le seconde seguono l\u2019andamento del mercato.<\/li>\n\n\n\n<li><strong>Trova la migliore offerta per le tue esigenze e i tuoi consumi <\/strong><a href=\"https:\/\/www.switcho.it\/servizi\/intro\/luce-gas\"><strong>con Switcho<\/strong><\/a>: il bello \u00e8 che, se hai gi\u00e0 una tariffa competitiva, te lo diciamo in totale trasparenza \ud83d\ude0e Se invece scegli di cambiare offerta, ci occupiamo di tutto noi, gratis.<\/li>\n<\/ul>\n\n\n\n<div style=\"height:20px\" aria-hidden=\"true\" class=\"wp-block-spacer\"><\/div>\n\n\n\n<div class=\"wp-block-divi-layout\">[et_pb_section fb_built=&#8221;1&#8243; disabled_on=&#8221;off|off|off&#8221; admin_label=&#8221;section&#8221; _builder_version=&#8221;4.19.1&#8243; custom_padding=&#8221;0px||0px||false|false&#8221; global_colors_info=&#8221;{}&#8221;][et_pb_row admin_label=&#8221;row&#8221; _builder_version=&#8221;4.19.1&#8243; background_size=&#8221;initial&#8221; background_position=&#8221;top_left&#8221; background_repeat=&#8221;repeat&#8221; width=&#8221;100%&#8221; max_height=&#8221;1000px&#8221; global_colors_info=&#8221;{}&#8221;][et_pb_column type=&#8221;4_4&#8243; _builder_version=&#8221;4.18.0&#8243; _module_preset=&#8221;default&#8221; global_colors_info=&#8221;{}&#8221;][et_pb_image src=&#8221;https:\/\/www.switcho.it\/blog\/wp-content\/uploads\/2022\/11\/banner-energy-low-desktop.png&#8221; alt=&#8221;risparmia sulle bollette con switcho&#8221; title_text=&#8221;risparmia sulle bollette con switcho&#8221; url=&#8221;http:\/\/www.switcho.it\/servizi\/intro\/luce-gas?ref=cta-energy-low&#8221; align=&#8221;center&#8221; force_fullwidth=&#8221;on&#8221; src_tablet=&#8221;https:\/\/www.switcho.it\/blog\/wp-content\/uploads\/2022\/11\/banner-energy-low-mobile.png&#8221; src_phone=&#8221;https:\/\/www.switcho.it\/blog\/wp-content\/uploads\/2022\/11\/banner-energy-low-mobile.png&#8221; src_last_edited=&#8221;on|desktop&#8221; _builder_version=&#8221;4.21.0&#8243; _module_preset=&#8221;default&#8221; hover_enabled=&#8221;0&#8243; global_colors_info=&#8221;{}&#8221; sticky_enabled=&#8221;0&#8243;][\/et_pb_image][\/et_pb_column][\/et_pb_row][\/et_pb_section]<\/div>\n\n\n\n<div style=\"height:20px\" aria-hidden=\"true\" class=\"wp-block-spacer\"><\/div>\n\n\n\n<p>Ti salutiamo con una carrellata di <strong>buone pratiche e trucchi <\/strong>per affrontare questo inverno 2025-2026 <a href=\"https:\/\/www.switcho.it\/blog\/luce-gas\/risparmiare-riscaldamento\/\" target=\"_blank\" rel=\"noreferrer noopener\">risparmiando sul riscaldamento<\/a> \ud83d\udc47<\/p>\n\n\n\n<div style=\"height:20px\" aria-hidden=\"true\" class=\"wp-block-spacer\"><\/div>\n\n\n\n<figure class=\"wp-block-table is-style-stripes\"><table class=\"has-fixed-layout\"><thead><tr><th class=\"has-text-align-center\" data-align=\"center\"><strong>COME RISPARMIARE SUL RISCALDAMENTO<\/strong><\/th><\/tr><\/thead><tbody><tr><td class=\"has-text-align-center\" data-align=\"center\">Regola la potenze dei termosifoni in base alle tue esigenze<\/td><\/tr><tr><td class=\"has-text-align-center\" data-align=\"center\">Non eccedere la temperatura consigliata di 19\u00b0<\/td><\/tr><tr><td class=\"has-text-align-center\" data-align=\"center\">Posiziona pannelli isolanti dietro i caloriferi<\/td><\/tr><tr><td class=\"has-text-align-center\" data-align=\"center\">Mantieni la giusta umidit\u00e0 in casa<\/td><\/tr><tr><td class=\"has-text-align-center\" data-align=\"center\">Accendi il riscaldamento solo nei giorni e per le ore consentite in base alla tua zona climatica<\/td><\/tr><tr><td class=\"has-text-align-center\" data-align=\"center\">Usa le valvole termostatiche<\/td><\/tr><tr><td class=\"has-text-align-center\" data-align=\"center\">Non riscaldare le zone della casa che non usi<\/td><\/tr><tr><td class=\"has-text-align-center\" data-align=\"center\">Fai i controlli periodici alla caldaia<\/td><\/tr><tr><td class=\"has-text-align-center\" data-align=\"center\">Non impostare la caldaia oltre i 45\u00b0<\/td><\/tr><tr><td class=\"has-text-align-center\" data-align=\"center\">Migliora l\u2019isolamento termico della casa (infissi, cappotto, ecc)<\/td><\/tr><tr><td class=\"has-text-align-center\" data-align=\"center\">Evita gli spifferi e non arieggiare nelle ore pi\u00f9 fredde<\/td><\/tr><tr><td class=\"has-text-align-center\" data-align=\"center\">Tieni abbassate le tapparelle quando \u00e8 buio<\/td><\/tr><tr><td class=\"has-text-align-center\" data-align=\"center\">Fai entrare il sole nelle ore pi\u00f9 calde<\/td><\/tr><tr><td class=\"has-text-align-center\" data-align=\"center\">Spurga regolarmente i caloriferi<\/td><\/tr><\/tbody><\/table><\/figure>\n\n\n\n<div style=\"height:50px\" aria-hidden=\"true\" class=\"wp-block-spacer\"><\/div>\n\n\n\n<div class=\"wp-block-divi-layout\">[et_pb_section fb_built=&#8221;1&#8243; disabled_on=&#8221;off|off|off&#8221; admin_label=&#8221;section&#8221; _builder_version=&#8221;4.19.2&#8243; custom_padding=&#8221;0px||0px||false|false&#8221; global_colors_info=&#8221;{}&#8221;][et_pb_row admin_label=&#8221;row&#8221; _builder_version=&#8221;4.19.1&#8243; background_size=&#8221;initial&#8221; background_position=&#8221;top_left&#8221; background_repeat=&#8221;repeat&#8221; width=&#8221;100%&#8221; max_height=&#8221;1000px&#8221; global_colors_info=&#8221;{}&#8221;][et_pb_column type=&#8221;4_4&#8243; _builder_version=&#8221;4.18.0&#8243; _module_preset=&#8221;default&#8221; global_colors_info=&#8221;{}&#8221;][et_pb_toggle title=&#8221;Fonti&#8221; open_toggle_background_color=&#8221;#F7F8FA&#8221; closed_toggle_text_color=&#8221;#2D3748&#8243; closed_toggle_background_color=&#8221;#f7f8fa&#8221; _builder_version=&#8221;4.27.0&#8243; _module_preset=&#8221;default&#8221; title_level=&#8221;h4&#8243; title_font=&#8221;||||||||&#8221; title_font_size=&#8221;18px&#8221; title_line_height=&#8221;1.7em&#8221; closed_title_font=&#8221;||||||||&#8221; closed_title_font_size=&#8221;18px&#8221; body_font=&#8221;||||||||&#8221; hover_enabled=&#8221;0&#8243; body_font_size_tablet=&#8221;16px&#8221; body_font_size_phone=&#8221;16px&#8221; body_font_size_last_edited=&#8221;on|phone&#8221; border_width_all=&#8221;0px&#8221; global_colors_info=&#8221;{}&#8221; sticky_enabled=&#8221;0&#8243;]<span>Allegato A del D.P.R. 412\/1993<\/span>\n<br><span><a href=\"https:\/\/def.finanze.it\/DocTribFrontend\/getContent.do?id=%7BFA14F5FB-813D-4F48-B385-FE806762E517%7D\" target=\"_blank\" rel=\"noreferrer noopener nofollow\">https:\/\/def.finanze.it\/DocTribFrontend\/getContent.do?id=%7BFA14F5FB-813D-4F48-B385-FE806762E517%7D<\/a><\/span>[\/et_pb_toggle][\/et_pb_column][\/et_pb_row][\/et_pb_section]<\/div>\n\n\n\n<div style=\"height:50px\" aria-hidden=\"true\" class=\"wp-block-spacer\"><\/div>\n","protected":false},"excerpt":{"rendered":"<p>Quali sono i periodi di accensione del riscaldamento e dei termosifoni per questo inverno? Ecco tutte le regole da conoscere.<\/p>\n","protected":false},"author":26,"featured_media":104641,"comment_status":"closed","ping_status":"closed","sticky":false,"template":"","format":"standard","meta":{"_et_pb_use_builder":"off","_et_pb_old_content":"","_et_gb_content_width":"","_lmt_disableupdate":"no","_lmt_disable":"","footnotes":""},"categories":[143],"tags":[],"class_list":["post-104638","post","type-post","status-publish","format-standard","has-post-thumbnail","hentry","category-guide-luce-gas"],"yoast_head":"<!-- This site is optimized with the Yoast SEO plugin v27.5 - https:\/\/yoast.com\/product\/yoast-seo-wordpress\/ -->\n<title>Accensione Riscaldamento 2025: le Date per ogni Citt\u00e0 - Switcho<\/title>\n<meta name=\"description\" content=\"Quali sono i periodi di accensione del riscaldamento e dei termosifoni per questo inverno? Ecco tutte le regole da conoscere.\" \/>\n<meta name=\"robots\" content=\"index, follow, max-snippet:-1, max-image-preview:large, max-video-preview:-1\" \/>\n<link rel=\"canonical\" href=\"https:\/\/www.switcho.it\/blog\/luce-gas\/accensione-riscaldamento\/\" \/>\n<meta property=\"og:locale\" content=\"it_IT\" \/>\n<meta property=\"og:type\" content=\"article\" \/>\n<meta property=\"og:title\" content=\"Accensione Riscaldamento 2025: le Date per ogni Citt\u00e0\" \/>\n<meta property=\"og:description\" content=\"Quali sono i periodi di accensione del riscaldamento e dei termosifoni per questo inverno? Ecco tutte le regole da conoscere.\" \/>\n<meta property=\"og:url\" content=\"https:\/\/www.switcho.it\/blog\/luce-gas\/accensione-riscaldamento\/\" \/>\n<meta property=\"og:site_name\" content=\"Switcho\" \/>\n<meta property=\"article:published_time\" content=\"2024-09-18T11:01:24+00:00\" \/>\n<meta property=\"article:modified_time\" content=\"2025-10-13T08:38:12+00:00\" \/>\n<meta property=\"og:image\" content=\"https:\/\/www.switcho.it\/blog\/wp-content\/uploads\/2024\/09\/accensione-riscaldamento.png\" \/>\n\t<meta property=\"og:image:width\" content=\"1200\" \/>\n\t<meta property=\"og:image:height\" content=\"800\" \/>\n\t<meta property=\"og:image:type\" content=\"image\/png\" \/>\n<meta name=\"author\" content=\"Redi Vyshka\" \/>\n<meta name=\"twitter:card\" content=\"summary_large_image\" \/>\n<meta name=\"twitter:title\" content=\"Accensione Riscaldamento 2025: le Date per ogni Citt\u00e0\" \/>\n<meta name=\"twitter:description\" content=\"Quali sono i periodi di accensione del riscaldamento e dei termosifoni per questo inverno? Ecco tutte le regole da conoscere.\" \/>\n<meta name=\"twitter:image\" content=\"https:\/\/www.switcho.it\/blog\/wp-content\/uploads\/2024\/09\/accensione-riscaldamento.png\" \/>\n<meta name=\"twitter:label1\" content=\"Scritto da\" \/>\n\t<meta name=\"twitter:data1\" content=\"Redi Vyshka\" \/>\n\t<meta name=\"twitter:label2\" content=\"Tempo di lettura stimato\" \/>\n\t<meta name=\"twitter:data2\" content=\"9 minuti\" \/>\n<script type=\"application\/ld+json\" class=\"yoast-schema-graph\">{\"@context\":\"https:\\\/\\\/schema.org\",\"@graph\":[{\"@type\":\"Article\",\"@id\":\"https:\\\/\\\/www.switcho.it\\\/blog\\\/luce-gas\\\/accensione-riscaldamento\\\/#article\",\"isPartOf\":{\"@id\":\"https:\\\/\\\/www.switcho.it\\\/blog\\\/luce-gas\\\/accensione-riscaldamento\\\/\"},\"author\":{\"name\":\"Redi Vyshka\",\"@id\":\"https:\\\/\\\/www.switcho.it\\\/blog\\\/#\\\/schema\\\/person\\\/0ded3a7e3f8a1379815652dba2c813b5\"},\"headline\":\"Accensione riscaldamento 2025: le date per ogni citt\u00e0\",\"datePublished\":\"2024-09-18T11:01:24+00:00\",\"dateModified\":\"2025-10-13T08:38:12+00:00\",\"mainEntityOfPage\":{\"@id\":\"https:\\\/\\\/www.switcho.it\\\/blog\\\/luce-gas\\\/accensione-riscaldamento\\\/\"},\"wordCount\":1628,\"publisher\":{\"@id\":\"https:\\\/\\\/www.switcho.it\\\/blog\\\/#organization\"},\"image\":{\"@id\":\"https:\\\/\\\/www.switcho.it\\\/blog\\\/luce-gas\\\/accensione-riscaldamento\\\/#primaryimage\"},\"thumbnailUrl\":\"https:\\\/\\\/www.switcho.it\\\/blog\\\/wp-content\\\/uploads\\\/2024\\\/09\\\/accensione-riscaldamento.png\",\"articleSection\":[\"Guide luce e gas\"],\"inLanguage\":\"it-IT\"},{\"@type\":\"WebPage\",\"@id\":\"https:\\\/\\\/www.switcho.it\\\/blog\\\/luce-gas\\\/accensione-riscaldamento\\\/\",\"url\":\"https:\\\/\\\/www.switcho.it\\\/blog\\\/luce-gas\\\/accensione-riscaldamento\\\/\",\"name\":\"Accensione Riscaldamento 2025: le Date per ogni Citt\u00e0 - Switcho\",\"isPartOf\":{\"@id\":\"https:\\\/\\\/www.switcho.it\\\/blog\\\/#website\"},\"primaryImageOfPage\":{\"@id\":\"https:\\\/\\\/www.switcho.it\\\/blog\\\/luce-gas\\\/accensione-riscaldamento\\\/#primaryimage\"},\"image\":{\"@id\":\"https:\\\/\\\/www.switcho.it\\\/blog\\\/luce-gas\\\/accensione-riscaldamento\\\/#primaryimage\"},\"thumbnailUrl\":\"https:\\\/\\\/www.switcho.it\\\/blog\\\/wp-content\\\/uploads\\\/2024\\\/09\\\/accensione-riscaldamento.png\",\"datePublished\":\"2024-09-18T11:01:24+00:00\",\"dateModified\":\"2025-10-13T08:38:12+00:00\",\"description\":\"Quali sono i periodi di accensione del riscaldamento e dei termosifoni per questo inverno? Ecco tutte le regole da conoscere.\",\"breadcrumb\":{\"@id\":\"https:\\\/\\\/www.switcho.it\\\/blog\\\/luce-gas\\\/accensione-riscaldamento\\\/#breadcrumb\"},\"inLanguage\":\"it-IT\",\"potentialAction\":[{\"@type\":\"ReadAction\",\"target\":[\"https:\\\/\\\/www.switcho.it\\\/blog\\\/luce-gas\\\/accensione-riscaldamento\\\/\"]}]},{\"@type\":\"ImageObject\",\"inLanguage\":\"it-IT\",\"@id\":\"https:\\\/\\\/www.switcho.it\\\/blog\\\/luce-gas\\\/accensione-riscaldamento\\\/#primaryimage\",\"url\":\"https:\\\/\\\/www.switcho.it\\\/blog\\\/wp-content\\\/uploads\\\/2024\\\/09\\\/accensione-riscaldamento.png\",\"contentUrl\":\"https:\\\/\\\/www.switcho.it\\\/blog\\\/wp-content\\\/uploads\\\/2024\\\/09\\\/accensione-riscaldamento.png\",\"width\":1200,\"height\":800,\"caption\":\"accensione riscaldamento\"},{\"@type\":\"BreadcrumbList\",\"@id\":\"https:\\\/\\\/www.switcho.it\\\/blog\\\/luce-gas\\\/accensione-riscaldamento\\\/#breadcrumb\",\"itemListElement\":[{\"@type\":\"ListItem\",\"position\":1,\"name\":\"Home\",\"item\":\"https:\\\/\\\/www.switcho.it\\\/blog\\\/\"},{\"@type\":\"ListItem\",\"position\":2,\"name\":\"Luce e Gas\",\"item\":\"https:\\\/\\\/www.switcho.it\\\/blog\\\/luce-gas\\\/\"},{\"@type\":\"ListItem\",\"position\":3,\"name\":\"Guide luce e gas\",\"item\":\"https:\\\/\\\/www.switcho.it\\\/blog\\\/luce-gas\\\/guide-luce-gas\\\/\"},{\"@type\":\"ListItem\",\"position\":4,\"name\":\"Accensione riscaldamento 2025: le date per ogni citt\u00e0\"}]},{\"@type\":\"WebSite\",\"@id\":\"https:\\\/\\\/www.switcho.it\\\/blog\\\/#website\",\"url\":\"https:\\\/\\\/www.switcho.it\\\/blog\\\/\",\"name\":\"Switcho\",\"description\":\"Il blog semplice, per davvero.\",\"publisher\":{\"@id\":\"https:\\\/\\\/www.switcho.it\\\/blog\\\/#organization\"},\"potentialAction\":[{\"@type\":\"SearchAction\",\"target\":{\"@type\":\"EntryPoint\",\"urlTemplate\":\"https:\\\/\\\/www.switcho.it\\\/blog\\\/?s={search_term_string}\"},\"query-input\":{\"@type\":\"PropertyValueSpecification\",\"valueRequired\":true,\"valueName\":\"search_term_string\"}}],\"inLanguage\":\"it-IT\"},{\"@type\":\"Organization\",\"@id\":\"https:\\\/\\\/www.switcho.it\\\/blog\\\/#organization\",\"name\":\"Switcho\",\"url\":\"https:\\\/\\\/www.switcho.it\\\/blog\\\/\",\"logo\":{\"@type\":\"ImageObject\",\"inLanguage\":\"it-IT\",\"@id\":\"https:\\\/\\\/www.switcho.it\\\/blog\\\/#\\\/schema\\\/logo\\\/image\\\/\",\"url\":\"https:\\\/\\\/www.switcho.it\\\/blog\\\/wp-content\\\/uploads\\\/2021\\\/03\\\/Switcho-Logotype-Green.png\",\"contentUrl\":\"https:\\\/\\\/www.switcho.it\\\/blog\\\/wp-content\\\/uploads\\\/2021\\\/03\\\/Switcho-Logotype-Green.png\",\"width\":1507,\"height\":597,\"caption\":\"Switcho\"},\"image\":{\"@id\":\"https:\\\/\\\/www.switcho.it\\\/blog\\\/#\\\/schema\\\/logo\\\/image\\\/\"}},{\"@type\":\"Person\",\"@id\":\"https:\\\/\\\/www.switcho.it\\\/blog\\\/#\\\/schema\\\/person\\\/0ded3a7e3f8a1379815652dba2c813b5\",\"name\":\"Redi Vyshka\",\"image\":{\"@type\":\"ImageObject\",\"inLanguage\":\"it-IT\",\"@id\":\"https:\\\/\\\/secure.gravatar.com\\\/avatar\\\/ec58c8b79072f95e408bc3acbd2af80bf47fb27de3effe029126423d57d13d49?s=96&d=mm&r=g\",\"url\":\"https:\\\/\\\/secure.gravatar.com\\\/avatar\\\/ec58c8b79072f95e408bc3acbd2af80bf47fb27de3effe029126423d57d13d49?s=96&d=mm&r=g\",\"contentUrl\":\"https:\\\/\\\/secure.gravatar.com\\\/avatar\\\/ec58c8b79072f95e408bc3acbd2af80bf47fb27de3effe029126423d57d13d49?s=96&d=mm&r=g\",\"caption\":\"Redi Vyshka\"},\"description\":\"COO e co-fondatore di Switcho, esperto nei campi della consulenza manageriale e della finanza aziendale, Redi ha contribuito nel 2019 alla progettazione e al lancio del primo servizio in Italia che, con pochi clic, consente di analizzare le proprie spese di casa e di trovare le opportunit\u00e0 personalizzate di risparmio, dimenticandosi la burocrazia. Dalla nascita di Switcho, Redi prende parte a numerosi eventi su startup e settore energetico, grazie alla sua competenza pluriennale nel mercato delle forniture di gas e luce e nelle soluzioni per ridurre i costi in bolletta. Leggi tutti i suoi articoli e seguilo su LinkedIn.\",\"sameAs\":[\"http:\\\/\\\/blog.switcho.net\"],\"url\":\"https:\\\/\\\/www.switcho.it\\\/blog\\\/author\\\/redi-vyshka\\\/\"}]}<\/script>\n<!-- \/ Yoast SEO plugin. -->","yoast_head_json":{"title":"Accensione Riscaldamento 2025: le Date per ogni Citt\u00e0 - Switcho","description":"Quali sono i periodi di accensione del riscaldamento e dei termosifoni per questo inverno? Ecco tutte le regole da conoscere.","robots":{"index":"index","follow":"follow","max-snippet":"max-snippet:-1","max-image-preview":"max-image-preview:large","max-video-preview":"max-video-preview:-1"},"canonical":"https:\/\/www.switcho.it\/blog\/luce-gas\/accensione-riscaldamento\/","og_locale":"it_IT","og_type":"article","og_title":"Accensione Riscaldamento 2025: le Date per ogni Citt\u00e0","og_description":"Quali sono i periodi di accensione del riscaldamento e dei termosifoni per questo inverno? Ecco tutte le regole da conoscere.","og_url":"https:\/\/www.switcho.it\/blog\/luce-gas\/accensione-riscaldamento\/","og_site_name":"Switcho","article_published_time":"2024-09-18T11:01:24+00:00","article_modified_time":"2025-10-13T08:38:12+00:00","og_image":[{"width":1200,"height":800,"url":"https:\/\/www.switcho.it\/blog\/wp-content\/uploads\/2024\/09\/accensione-riscaldamento.png","type":"image\/png"}],"author":"Redi Vyshka","twitter_card":"summary_large_image","twitter_title":"Accensione Riscaldamento 2025: le Date per ogni Citt\u00e0","twitter_description":"Quali sono i periodi di accensione del riscaldamento e dei termosifoni per questo inverno? Ecco tutte le regole da conoscere.","twitter_image":"https:\/\/www.switcho.it\/blog\/wp-content\/uploads\/2024\/09\/accensione-riscaldamento.png","twitter_misc":{"Scritto da":"Redi Vyshka","Tempo di lettura stimato":"9 minuti"},"schema":{"@context":"https:\/\/schema.org","@graph":[{"@type":"Article","@id":"https:\/\/www.switcho.it\/blog\/luce-gas\/accensione-riscaldamento\/#article","isPartOf":{"@id":"https:\/\/www.switcho.it\/blog\/luce-gas\/accensione-riscaldamento\/"},"author":{"name":"Redi Vyshka","@id":"https:\/\/www.switcho.it\/blog\/#\/schema\/person\/0ded3a7e3f8a1379815652dba2c813b5"},"headline":"Accensione riscaldamento 2025: le date per ogni citt\u00e0","datePublished":"2024-09-18T11:01:24+00:00","dateModified":"2025-10-13T08:38:12+00:00","mainEntityOfPage":{"@id":"https:\/\/www.switcho.it\/blog\/luce-gas\/accensione-riscaldamento\/"},"wordCount":1628,"publisher":{"@id":"https:\/\/www.switcho.it\/blog\/#organization"},"image":{"@id":"https:\/\/www.switcho.it\/blog\/luce-gas\/accensione-riscaldamento\/#primaryimage"},"thumbnailUrl":"https:\/\/www.switcho.it\/blog\/wp-content\/uploads\/2024\/09\/accensione-riscaldamento.png","articleSection":["Guide luce e gas"],"inLanguage":"it-IT"},{"@type":"WebPage","@id":"https:\/\/www.switcho.it\/blog\/luce-gas\/accensione-riscaldamento\/","url":"https:\/\/www.switcho.it\/blog\/luce-gas\/accensione-riscaldamento\/","name":"Accensione Riscaldamento 2025: le Date per ogni Citt\u00e0 - Switcho","isPartOf":{"@id":"https:\/\/www.switcho.it\/blog\/#website"},"primaryImageOfPage":{"@id":"https:\/\/www.switcho.it\/blog\/luce-gas\/accensione-riscaldamento\/#primaryimage"},"image":{"@id":"https:\/\/www.switcho.it\/blog\/luce-gas\/accensione-riscaldamento\/#primaryimage"},"thumbnailUrl":"https:\/\/www.switcho.it\/blog\/wp-content\/uploads\/2024\/09\/accensione-riscaldamento.png","datePublished":"2024-09-18T11:01:24+00:00","dateModified":"2025-10-13T08:38:12+00:00","description":"Quali sono i periodi di accensione del riscaldamento e dei termosifoni per questo inverno? Ecco tutte le regole da conoscere.","breadcrumb":{"@id":"https:\/\/www.switcho.it\/blog\/luce-gas\/accensione-riscaldamento\/#breadcrumb"},"inLanguage":"it-IT","potentialAction":[{"@type":"ReadAction","target":["https:\/\/www.switcho.it\/blog\/luce-gas\/accensione-riscaldamento\/"]}]},{"@type":"ImageObject","inLanguage":"it-IT","@id":"https:\/\/www.switcho.it\/blog\/luce-gas\/accensione-riscaldamento\/#primaryimage","url":"https:\/\/www.switcho.it\/blog\/wp-content\/uploads\/2024\/09\/accensione-riscaldamento.png","contentUrl":"https:\/\/www.switcho.it\/blog\/wp-content\/uploads\/2024\/09\/accensione-riscaldamento.png","width":1200,"height":800,"caption":"accensione riscaldamento"},{"@type":"BreadcrumbList","@id":"https:\/\/www.switcho.it\/blog\/luce-gas\/accensione-riscaldamento\/#breadcrumb","itemListElement":[{"@type":"ListItem","position":1,"name":"Home","item":"https:\/\/www.switcho.it\/blog\/"},{"@type":"ListItem","position":2,"name":"Luce e Gas","item":"https:\/\/www.switcho.it\/blog\/luce-gas\/"},{"@type":"ListItem","position":3,"name":"Guide luce e gas","item":"https:\/\/www.switcho.it\/blog\/luce-gas\/guide-luce-gas\/"},{"@type":"ListItem","position":4,"name":"Accensione riscaldamento 2025: le date per ogni citt\u00e0"}]},{"@type":"WebSite","@id":"https:\/\/www.switcho.it\/blog\/#website","url":"https:\/\/www.switcho.it\/blog\/","name":"Switcho","description":"Il blog semplice, per davvero.","publisher":{"@id":"https:\/\/www.switcho.it\/blog\/#organization"},"potentialAction":[{"@type":"SearchAction","target":{"@type":"EntryPoint","urlTemplate":"https:\/\/www.switcho.it\/blog\/?s={search_term_string}"},"query-input":{"@type":"PropertyValueSpecification","valueRequired":true,"valueName":"search_term_string"}}],"inLanguage":"it-IT"},{"@type":"Organization","@id":"https:\/\/www.switcho.it\/blog\/#organization","name":"Switcho","url":"https:\/\/www.switcho.it\/blog\/","logo":{"@type":"ImageObject","inLanguage":"it-IT","@id":"https:\/\/www.switcho.it\/blog\/#\/schema\/logo\/image\/","url":"https:\/\/www.switcho.it\/blog\/wp-content\/uploads\/2021\/03\/Switcho-Logotype-Green.png","contentUrl":"https:\/\/www.switcho.it\/blog\/wp-content\/uploads\/2021\/03\/Switcho-Logotype-Green.png","width":1507,"height":597,"caption":"Switcho"},"image":{"@id":"https:\/\/www.switcho.it\/blog\/#\/schema\/logo\/image\/"}},{"@type":"Person","@id":"https:\/\/www.switcho.it\/blog\/#\/schema\/person\/0ded3a7e3f8a1379815652dba2c813b5","name":"Redi Vyshka","image":{"@type":"ImageObject","inLanguage":"it-IT","@id":"https:\/\/secure.gravatar.com\/avatar\/ec58c8b79072f95e408bc3acbd2af80bf47fb27de3effe029126423d57d13d49?s=96&d=mm&r=g","url":"https:\/\/secure.gravatar.com\/avatar\/ec58c8b79072f95e408bc3acbd2af80bf47fb27de3effe029126423d57d13d49?s=96&d=mm&r=g","contentUrl":"https:\/\/secure.gravatar.com\/avatar\/ec58c8b79072f95e408bc3acbd2af80bf47fb27de3effe029126423d57d13d49?s=96&d=mm&r=g","caption":"Redi Vyshka"},"description":"COO e co-fondatore di Switcho, esperto nei campi della consulenza manageriale e della finanza aziendale, Redi ha contribuito nel 2019 alla progettazione e al lancio del primo servizio in Italia che, con pochi clic, consente di analizzare le proprie spese di casa e di trovare le opportunit\u00e0 personalizzate di risparmio, dimenticandosi la burocrazia. Dalla nascita di Switcho, Redi prende parte a numerosi eventi su startup e settore energetico, grazie alla sua competenza pluriennale nel mercato delle forniture di gas e luce e nelle soluzioni per ridurre i costi in bolletta. Leggi tutti i suoi articoli e seguilo su LinkedIn.","sameAs":["http:\/\/blog.switcho.net"],"url":"https:\/\/www.switcho.it\/blog\/author\/redi-vyshka\/"}]}},"modified_by":"Raffaella Di Marco","_links":{"self":[{"href":"https:\/\/www.switcho.it\/blog\/wp-json\/wp\/v2\/posts\/104638","targetHints":{"allow":["GET"]}}],"collection":[{"href":"https:\/\/www.switcho.it\/blog\/wp-json\/wp\/v2\/posts"}],"about":[{"href":"https:\/\/www.switcho.it\/blog\/wp-json\/wp\/v2\/types\/post"}],"author":[{"embeddable":true,"href":"https:\/\/www.switcho.it\/blog\/wp-json\/wp\/v2\/users\/26"}],"replies":[{"embeddable":true,"href":"https:\/\/www.switcho.it\/blog\/wp-json\/wp\/v2\/comments?post=104638"}],"version-history":[{"count":4,"href":"https:\/\/www.switcho.it\/blog\/wp-json\/wp\/v2\/posts\/104638\/revisions"}],"predecessor-version":[{"id":141819,"href":"https:\/\/www.switcho.it\/blog\/wp-json\/wp\/v2\/posts\/104638\/revisions\/141819"}],"wp:featuredmedia":[{"embeddable":true,"href":"https:\/\/www.switcho.it\/blog\/wp-json\/wp\/v2\/media\/104641"}],"wp:attachment":[{"href":"https:\/\/www.switcho.it\/blog\/wp-json\/wp\/v2\/media?parent=104638"}],"wp:term":[{"taxonomy":"category","embeddable":true,"href":"https:\/\/www.switcho.it\/blog\/wp-json\/wp\/v2\/categories?post=104638"},{"taxonomy":"post_tag","embeddable":true,"href":"https:\/\/www.switcho.it\/blog\/wp-json\/wp\/v2\/tags?post=104638"}],"curies":[{"name":"wp","href":"https:\/\/api.w.org\/{rel}","templated":true}]}}