{"id":102862,"date":"2024-08-28T13:34:53","date_gmt":"2024-08-28T13:34:53","guid":{"rendered":"https:\/\/www.switcho.it\/blog\/?p=102862"},"modified":"2024-08-28T13:34:54","modified_gmt":"2024-08-28T13:34:54","slug":"scorte-gas-inverno","status":"publish","type":"post","link":"https:\/\/www.switcho.it\/blog\/luce-gas\/scorte-gas-inverno\/","title":{"rendered":"Scorte di gas per l&#8217;inverno 2024-25: serbatoi in Italia oltre il 90%"},"content":{"rendered":"<i>Aggiornato il 28 Agosto 2024<\/i>\n\n\n\n<div style=\"height:30px\" aria-hidden=\"true\" class=\"wp-block-spacer\"><\/div>\n\n\n\n<p>Serbatoi di gas pieni in media <strong>al 90% in Europa e ben al 92% in Italia<\/strong>: le prospettive per il prossimo inverno sono favorevoli, complici i nuovi rigassificatori ma anche il calo della domanda. Facciamo il punto della situazione.<\/p>\n\n\n\n<p>A proposito di gas, se vuoi risparmiare in bolletta <strong>possiamo aiutarti <\/strong><a href=\"https:\/\/www.switcho.it\/servizi\/intro\/luce-gas\"><strong>noi di Switcho<\/strong><\/a><strong> a trovare le <\/strong><a href=\"https:\/\/www.switcho.it\/risorse\/luce-gas\/\" target=\"_blank\" rel=\"noreferrer noopener\"><strong>migliori offerte gas e luce<\/strong><\/a><strong> per te<\/strong>: tutto gratuitamente e senza burocrazia \ud83d\ude42<\/p>\n\n\n\n<div style=\"height:20px\" aria-hidden=\"true\" class=\"wp-block-spacer\"><\/div>\n\n\n\n<div class=\"wp-block-divi-layout\">[et_pb_section fb_built=&#8221;1&#8243; disabled_on=&#8221;on|on|off&#8221; admin_label=&#8221;section&#8221; _builder_version=&#8221;4.18.0&#8243; custom_padding=&#8221;0px||0px||false|false&#8221; global_colors_info=&#8221;{}&#8221;][et_pb_row admin_label=&#8221;row&#8221; _builder_version=&#8221;4.19.1&#8243; background_size=&#8221;initial&#8221; background_position=&#8221;top_left&#8221; background_repeat=&#8221;repeat&#8221; width=&#8221;100%&#8221; max_height=&#8221;1000px&#8221; global_colors_info=&#8221;{}&#8221;][et_pb_column type=&#8221;4_4&#8243; _builder_version=&#8221;4.18.0&#8243; _module_preset=&#8221;default&#8221; global_colors_info=&#8221;{}&#8221;][et_pb_image src=&#8221;https:\/\/www.switcho.it\/blog\/wp-content\/uploads\/2024\/03\/banner-luce-gas-top-desktop-new.png&#8221; alt=&#8221;Risparmia sulle bollette con Switcho&#8221; title_text=&#8221;risparmia sulle bollette con switcho&#8221; url=&#8221;http:\/\/www.switcho.it\/servizi\/intro\/luce-gas?ref=cta-energy-top&#8221; align=&#8221;center&#8221; force_fullwidth=&#8221;on&#8221; src_tablet=&#8221;https:\/\/www.switcho.it\/blog\/wp-content\/uploads\/2022\/11\/banner-energy-top-mobile.png&#8221; src_phone=&#8221;https:\/\/www.switcho.it\/blog\/wp-content\/uploads\/2022\/11\/banner-energy-top-mobile.png&#8221; src_last_edited=&#8221;on|phone&#8221; _builder_version=&#8221;4.24.2&#8243; _module_preset=&#8221;default&#8221; hover_enabled=&#8221;0&#8243; global_colors_info=&#8221;{}&#8221; sticky_enabled=&#8221;0&#8243;][\/et_pb_image][\/et_pb_column][\/et_pb_row][\/et_pb_section]<\/div>\n\n\n\n<div style=\"height:20px\" aria-hidden=\"true\" class=\"wp-block-spacer\"><\/div>\n\n\n\n<p>Indice<\/p>\n\n\n\n<ul class=\"wp-block-list\">\n<li><a href=\"#scorte-ue\">Le scorte di gas in Europa per il prossimo inverno<\/a><\/li>\n\n\n\n<li><a href=\"#gas-italia\">E in Italia? Serbatoi al 92% e rigassificatori pronti all\u2019uso<\/a><\/li>\n\n\n\n<li><a href=\"#domanda-in-calo\">Intanto, la domanda di gas cala progressivamente<\/a><\/li>\n\n\n\n<li><a href=\"#situazione-2022\">La crisi energetica e un cambio di prospettiva<\/a><\/li>\n<\/ul>\n\n\n\n<div style=\"height:50px\" aria-hidden=\"true\" class=\"wp-block-spacer\"><\/div>\n\n\n\n<h2 class=\"wp-block-heading\" id=\"scorte-ue\">Le scorte di gas in Europa per il prossimo inverno<\/h2>\n\n\n\n<div style=\"height:20px\" aria-hidden=\"true\" class=\"wp-block-spacer\"><\/div>\n\n\n\n<p>Con la stagione termica alle porte, i fatti geopolitici degli ultimi due anni portano molti a chiedersi se quest\u2019inverno possano presentarsi dei problemi con il gas. <strong>Lo scenario, per fortuna, si prospetta molto pi\u00f9 roseo<\/strong> rispetto a quello del 2022-2023, anni durante i quali il gas scarseggiava (con conseguente picco al rialzo dei prezzi).<\/p>\n\n\n\n<div style=\"height:20px\" aria-hidden=\"true\" class=\"wp-block-spacer\"><\/div>\n\n\n\n<blockquote class=\"wp-block-quote is-layout-flow wp-block-quote-is-layout-flow\">\n<p><em>La Commissione europea, infatti, ha annunciato che <\/em><strong><em>gli impianti di stoccaggio UE sono gi\u00e0 pieni in media al 90,29%<\/em><\/strong><em>, per un totale di quasi 92 miliardi di metri cubi di gas.<\/em><\/p>\n<\/blockquote>\n\n\n\n<div style=\"height:20px\" aria-hidden=\"true\" class=\"wp-block-spacer\"><\/div>\n\n\n\n<p>Una quantit\u00e0 <strong>sufficiente per far fronte a un terzo della domanda <\/strong>dei mesi invernali di gas, tra esigenze di riscaldamento e supporto alle attivit\u00e0 industriali.\u00a0<\/p>\n\n\n\n<div style=\"height:20px\" aria-hidden=\"true\" class=\"wp-block-spacer\"><\/div>\n\n\n\n<p class=\"has-background\" style=\"background-color:#f7f8fa\">\ud83d\udca1 E per coprire il resto della domanda,<strong> l\u2019Europa si affider\u00e0 all\u2019importazione di <\/strong><a href=\"https:\/\/www.switcho.it\/blog\/luce-gas\/gnl-importazioni-domanda\/\" target=\"_blank\" rel=\"noreferrer noopener\"><strong>Gas Naturale Liquefatto (GNL)<\/strong><\/a><strong> e ai rigassificatori<\/strong>. Una soluzione, questa, che permette di svincolarsi dalla Russia \u2013 considerando anche che a fine 2024 <a href=\"https:\/\/www.switcho.it\/blog\/luce-gas\/gas-russo-italia-2024-2025\/\" target=\"_blank\" rel=\"noreferrer noopener\">scadr\u00e0 l\u2019accordo per il transito del gas russo<\/a> attraverso l\u2019Ucraina, contratto che le parti in causa non intendono rinnovare.<\/p>\n\n\n\n<div style=\"height:20px\" aria-hidden=\"true\" class=\"wp-block-spacer\"><\/div>\n\n\n\n<p>Kadri Simson, Commissario europeo dell\u2019Energia, ha commentato il risultato ottenuto: \u201c\u00c8 il secondo anno consecutivo in cui siamo riusciti a raggiungere il 90% di riempimento ben prima del 1\u00b0 novembre. Ci\u00f2 evidenzia<strong> la preparazione dell&#8217;UE per il prossimo inverno<\/strong>, sulla base del nostro intenso lavoro negli ultimi due anni e mezzo\u201d.<\/p>\n\n\n\n<div style=\"height:50px\" aria-hidden=\"true\" class=\"wp-block-spacer\"><\/div>\n\n\n\n<h2 class=\"wp-block-heading\" id=\"gas-italia\">E in Italia? Serbatoi pieni e rigassificatori pronti all\u2019uso<\/h2>\n\n\n\n<div style=\"height:20px\" aria-hidden=\"true\" class=\"wp-block-spacer\"><\/div>\n\n\n\n<blockquote class=\"wp-block-quote is-layout-flow wp-block-quote-is-layout-flow\">\n<p><em>L\u2019Italia risulta essere uno tra i Paesi pi\u00f9 previdenti dell\u2019Unione: <\/em><strong><em>con i serbatoi di gas pieni al 92%<\/em><\/strong><em>, si colloca sopra la media europea.&nbsp;<\/em><\/p>\n<\/blockquote>\n\n\n\n<div style=\"height:20px\" aria-hidden=\"true\" class=\"wp-block-spacer\"><\/div>\n\n\n\n<p>Risultati simili anche per Belgio, Austria, Repubblica Ceca, Germania, Polonia, Portogallo, Romania, Slovacchia, Svezia e Spagna, tutti oltre il 90% di scorte. Discorso differente per la Lituania, che attualmente si trova ancora al 70% circa.<\/p>\n\n\n\n<p>La situazione italiana \u00e8 stata commentata da Gaetano Mazzitelli, chief commercial &amp; regulatory officer di Snam: \u201cPuntiamo a raggiungere fino a ottobre una giacenza nel sistema di stoccaggio italiano prossima ai 14 miliardi di metri cubi. <strong>Livello nuovamente superiore rispetto al record di riempimento dello scorso anno<\/strong>. Questo ci consente di affrontare il prossimo anno con fiducia\u201d.<\/p>\n\n\n\n<p>Buone notizie anche sullo sfruttamento del GNL. Venute meno le forniture di gas da parte della Russia, in questi anni <strong>l\u2019Italia ha investito sugli impianti di rigassificazione<\/strong>: quello di Piombino \u00e8 gi\u00e0 operativo, mentre entro fine anno entrer\u00e0 in funzione una seconda unit\u00e0 galleggiante nel sito offshore di Ravenna.<\/p>\n\n\n\n<div style=\"height:20px\" aria-hidden=\"true\" class=\"wp-block-spacer\"><\/div>\n\n\n\n<p class=\"has-background\" style=\"background-color:#f7f8fa\">\u27a1\ufe0f Grazie a questi interventi, a partire dal prossimo anno<strong> la capacit\u00e0 di rigassificazione italiana sar\u00e0 quasi doppia<\/strong>, raggiungendo i 28 miliardi di metri cubi, pari a circa il 45% dei consumi italiani.<\/p>\n\n\n\n<div style=\"height:50px\" aria-hidden=\"true\" class=\"wp-block-spacer\"><\/div>\n\n\n\n<h2 class=\"wp-block-heading\" id=\"domanda-in-calo\">Intanto, la domanda di gas cala progressivamente<\/h2>\n\n\n\n<div style=\"height:20px\" aria-hidden=\"true\" class=\"wp-block-spacer\"><\/div>\n\n\n\n<p>Contestualmente all\u2019attivit\u00e0 di scorta da parte dei Paesi UE, va sottolineato che negli ultimi anni abbiamo assistito anche a un calo della domanda di gas: la somma di questi fattori ha permesso di <strong>affrontare l\u2019ultimo inverno con relativa tranquillit\u00e0<\/strong> (e lo stesso accadr\u00e0 con la prossima stagione fredda).<\/p>\n\n\n\n<p>Le cause sono diverse:<\/p>\n\n\n\n<ul class=\"wp-block-list emoji_bullets emoji_hand_right\">\n<li><strong>Le temperature pi\u00f9 miti<\/strong> in autunno e inverno hanno permesso ai cittadini di accendere per periodi pi\u00f9 ridotti gli impianti di riscaldamento;<\/li>\n\n\n\n<li>L\u2019aumento generale dei prezzi ha posto <strong>un freno all\u2019industria<\/strong>, che ha quindi ridotto le sue esigenze di combustibile;<\/li>\n\n\n\n<li>La ricerca di fonti alternative ha comportato un salto di qualit\u00e0 nella <strong>generazione di energia rinnovabile<\/strong>;<\/li>\n\n\n\n<li>Famiglie e imprese si sono fatte pi\u00f9 consapevoli e<strong> hanno ridotto gli sprechi di gas<\/strong>.<\/li>\n<\/ul>\n\n\n\n<div style=\"height:50px\" aria-hidden=\"true\" class=\"wp-block-spacer\"><\/div>\n\n\n\n<h2 class=\"wp-block-heading\" id=\"situazione-2022\">La crisi energetica e un cambio di prospettiva<\/h2>\n\n\n\n<div style=\"height:20px\" aria-hidden=\"true\" class=\"wp-block-spacer\"><\/div>\n\n\n\n<p>Il cambiamento di prospettiva in tema di gas \u00e8 avvenuto a partire dal 2022, con lo scoppio del conflitto tra Russia e Ucraina. In quel frangente l\u2019Europa ha scelto di tagliare progressivamente le importazioni di gas dalla Russia per svincolarsi politicamente ed economicamente da questo Paese: tale scelta ha comportato <strong>un calo nella disponibilit\u00e0 di gas, e un conseguente aumento dei prezzi<\/strong>.<\/p>\n\n\n\n<p>Lo si nota guardando questo grafico, che mostra il <strong>picco di prezzo<\/strong> raggiunto dal gas durante l\u2019estate del 2022 \ud83d\udc47<\/p>\n\n\n\n<div style=\"height:20px\" aria-hidden=\"true\" class=\"wp-block-spacer\"><\/div>\n\n\n\n<div class=\"flourish-embed flourish-chart\" data-src=\"visualisation\/13483647\"><script src=\"https:\/\/public.flourish.studio\/resources\/embed.js\"><\/script><noscript><img decoding=\"async\" src=\"https:\/\/public.flourish.studio\/visualisation\/13483647\/thumbnail\" width=\"100%\" alt=\"chart visualization\" \/><\/noscript><\/div>\n\n\n\n<div style=\"height:50px\" aria-hidden=\"true\" class=\"wp-block-spacer\"><\/div>\n\n\n\n<p>Col tempo la situazione \u00e8 andata stabilizzandosi, ma l\u2019Europa \u00e8 rimasta \u201cscottata\u201d. Da quel momento, infatti, \u00e8 cambiato l\u2019approccio al mondo dell\u2019energia: da una parte, cittadini e imprese sono pi\u00f9 consapevoli sull\u2019uso delle risorse; dall\u2019altra <strong>i governi hanno lavorato per differenziare le fonti di energia<\/strong> (migliorando il cosiddetto \u201cmix energetico\u201d).\u00a0<\/p>\n\n\n\n<div style=\"height:20px\" aria-hidden=\"true\" class=\"wp-block-spacer\"><\/div>\n\n\n\n<p class=\"has-background\" style=\"background-color:#f7f8fa\">\ud83c\udf31 Da qui<strong> il boom del GNL e delle fonti rinnovabili <\/strong>\u2013 ad esempio, \u00e8 notizia recente che <a href=\"https:\/\/www.switcho.it\/blog\/luce-gas\/ue-solare-supera-carbone\/\" target=\"_blank\" rel=\"noreferrer noopener\">il solare abbia superato il carbone in Europa<\/a>.<\/p>\n\n\n\n<div style=\"height:20px\" aria-hidden=\"true\" class=\"wp-block-spacer\"><\/div>\n\n\n\n<p>Su questo cambio di prospettiva si \u00e8 espresso Gaetano Mazzitelli: \u201cCon la crisi \u00e8 nato un nuovo assetto per la gestione degli stoccaggi, con l&#8217;obiettivo di <strong>massimizzare le iniezioni nel periodo estivo e limitare le erogazioni in inverno<\/strong>\u201d.\u00a0<\/p>\n\n\n\n<div style=\"height:20px\" aria-hidden=\"true\" class=\"wp-block-spacer\"><\/div>\n\n\n\n<blockquote class=\"wp-block-quote is-layout-flow wp-block-quote-is-layout-flow\">\n<p><em>\u201cQuesto assetto sempre meno stagionale e sempre pi\u00f9 assimilabile a <\/em><strong><em>funzioni di riserva strategica<\/em><\/strong><em> si \u00e8 rivelato essenziale per la sicurezza, in termini di maggiore disponibilit\u00e0 di scorte, ma anche per la <\/em><strong><em>stabilizzazione dei prezzi<\/em><\/strong><em>&#8220;.<\/em><\/p>\n<\/blockquote>\n\n\n\n<div style=\"height:20px\" aria-hidden=\"true\" class=\"wp-block-spacer\"><\/div>\n\n\n\n<p>Un ultimo consiglio in vista dell\u2019inverno: <strong>verifica la tua attuale <\/strong><a href=\"https:\/\/www.switcho.it\/risorse\/gas\/\" target=\"_blank\" rel=\"noreferrer noopener\"><strong>offerta gas<\/strong><\/a><strong> con <\/strong><a href=\"https:\/\/www.switcho.it\/servizi\/intro\/luce-gas\"><strong>Switcho<\/strong><\/a>. Se troveremo proposte migliori ci occuperemo anche del cambio fornitore al posto tuo, mentre se non puoi risparmiare te lo diciamo (ed \u00e8 gratis \ud83d\ude0e)<\/p>\n\n\n\n<div style=\"height:20px\" aria-hidden=\"true\" class=\"wp-block-spacer\"><\/div>\n\n\n\n<div class=\"wp-block-divi-layout\">[et_pb_section fb_built=&#8221;1&#8243; disabled_on=&#8221;off|off|off&#8221; admin_label=&#8221;section&#8221; _builder_version=&#8221;4.19.1&#8243; custom_padding=&#8221;0px||0px||false|false&#8221; global_colors_info=&#8221;{}&#8221;][et_pb_row admin_label=&#8221;row&#8221; _builder_version=&#8221;4.19.1&#8243; background_size=&#8221;initial&#8221; background_position=&#8221;top_left&#8221; background_repeat=&#8221;repeat&#8221; width=&#8221;100%&#8221; max_height=&#8221;1000px&#8221; global_colors_info=&#8221;{}&#8221;][et_pb_column type=&#8221;4_4&#8243; _builder_version=&#8221;4.18.0&#8243; _module_preset=&#8221;default&#8221; global_colors_info=&#8221;{}&#8221;][et_pb_image src=&#8221;https:\/\/www.switcho.it\/blog\/wp-content\/uploads\/2022\/11\/banner-energy-low-desktop.png&#8221; alt=&#8221;risparmia sulle bollette con switcho&#8221; title_text=&#8221;risparmia sulle bollette con switcho&#8221; url=&#8221;http:\/\/www.switcho.it\/servizi\/intro\/luce-gas?ref=cta-energy-low&#8221; align=&#8221;center&#8221; force_fullwidth=&#8221;on&#8221; src_tablet=&#8221;https:\/\/www.switcho.it\/blog\/wp-content\/uploads\/2022\/11\/banner-energy-low-mobile.png&#8221; src_phone=&#8221;https:\/\/www.switcho.it\/blog\/wp-content\/uploads\/2022\/11\/banner-energy-low-mobile.png&#8221; src_last_edited=&#8221;on|desktop&#8221; _builder_version=&#8221;4.21.0&#8243; _module_preset=&#8221;default&#8221; hover_enabled=&#8221;0&#8243; global_colors_info=&#8221;{}&#8221; sticky_enabled=&#8221;0&#8243;][\/et_pb_image][\/et_pb_column][\/et_pb_row][\/et_pb_section]<\/div>\n\n\n\n<div style=\"height:30px\" aria-hidden=\"true\" class=\"wp-block-spacer\"><\/div>\n\n\n\n<div class=\"wp-block-divi-layout\">[et_pb_section fb_built=&#8221;1&#8243; disabled_on=&#8221;off|off|off&#8221; admin_label=&#8221;section&#8221; _builder_version=&#8221;4.19.2&#8243; custom_padding=&#8221;0px||0px||false|false&#8221; global_colors_info=&#8221;{}&#8221;][et_pb_row admin_label=&#8221;row&#8221; _builder_version=&#8221;4.19.1&#8243; background_size=&#8221;initial&#8221; background_position=&#8221;top_left&#8221; background_repeat=&#8221;repeat&#8221; width=&#8221;100%&#8221; max_height=&#8221;1000px&#8221; global_colors_info=&#8221;{}&#8221;][et_pb_column type=&#8221;4_4&#8243; _builder_version=&#8221;4.18.0&#8243; _module_preset=&#8221;default&#8221; global_colors_info=&#8221;{}&#8221;][et_pb_toggle title=&#8221;Fonti&#8221; open_toggle_background_color=&#8221;#F7F8FA&#8221; closed_toggle_text_color=&#8221;#2D3748&#8243; closed_toggle_background_color=&#8221;#f7f8fa&#8221; _builder_version=&#8221;4.26.0&#8243; _module_preset=&#8221;default&#8221; title_level=&#8221;h4&#8243; title_font=&#8221;||||||||&#8221; title_font_size=&#8221;18px&#8221; title_line_height=&#8221;1.7em&#8221; closed_title_font=&#8221;||||||||&#8221; closed_title_font_size=&#8221;18px&#8221; body_font=&#8221;||||||||&#8221; hover_enabled=&#8221;0&#8243; body_font_size_tablet=&#8221;16px&#8221; body_font_size_phone=&#8221;16px&#8221; body_font_size_last_edited=&#8221;on|phone&#8221; border_width_all=&#8221;0px&#8221; global_colors_info=&#8221;{}&#8221; sticky_enabled=&#8221;0&#8243;]<span>EU reaches 90% gas storage target 10 weeks ahead of deadline | European Commission<\/span>\n<br><span><a href=\"https:\/\/energy.ec.europa.eu\/news\/eu-reaches-90-gas-storage-target-10-weeks-ahead-deadline-2024-08-21_en\" target=\"_blank\" rel=\"noreferrer noopener nofollow\">https:\/\/energy.ec.europa.eu\/news\/eu-reaches-90-gas-storage-target-10-weeks-ahead-deadline-2024-08-21_en<\/a><\/span>\n\n<br><br><span>Gas, Snam: \u201cScorte dell\u2019Italia al 92%. Sopra la media europea\u201d &#8211; la Repubblica<\/span>\n<br><span><a href=\"https:\/\/www.repubblica.it\/economia\/2024\/08\/22\/news\/gas_snam_scorte_dellitalia_al_92_sopra_la_media_europea-423457642\/\" target=\"_blank\" rel=\"noreferrer noopener nofollow\">https:\/\/www.repubblica.it\/economia\/2024\/08\/22\/news\/gas_snam_scorte_dellitalia_al_92_sopra_la_media_europea-423457642\/<\/a><\/span>[\/et_pb_toggle][\/et_pb_column][\/et_pb_row][\/et_pb_section]<\/div>\n\n\n\n<div style=\"height:50px\" aria-hidden=\"true\" class=\"wp-block-spacer\"><\/div>\n","protected":false},"excerpt":{"rendered":"<p>Buone notizie in vista dell\u2019inverno 2024-25: l\u2019Unione Europea annuncia che le scorte di gas sono al 90%, con un nuovo record tutto italiano.<\/p>\n","protected":false},"author":23,"featured_media":102865,"comment_status":"closed","ping_status":"closed","sticky":false,"template":"","format":"standard","meta":{"_et_pb_use_builder":"off","_et_pb_old_content":"","_et_gb_content_width":"","_lmt_disableupdate":"","_lmt_disable":"","footnotes":""},"categories":[307],"tags":[403],"class_list":["post-102862","post","type-post","status-publish","format-standard","has-post-thumbnail","hentry","category-mercato-energia","tag-news-luce-gas"],"yoast_head":"<!-- This site is optimized with the Yoast SEO plugin v27.5 - https:\/\/yoast.com\/product\/yoast-seo-wordpress\/ -->\n<title>Scorte di Gas: Serbatoi in UE Pieni al 90%, Italia Sopra la Media - Switcho<\/title>\n<meta name=\"description\" content=\"Buone notizie in vista dell\u2019inverno 2024-25: l\u2019Unione Europea annuncia che le scorte di gas sono al 90%, con un nuovo record tutto italiano.\" \/>\n<meta name=\"robots\" content=\"index, follow, max-snippet:-1, max-image-preview:large, max-video-preview:-1\" \/>\n<link rel=\"canonical\" href=\"https:\/\/www.switcho.it\/blog\/luce-gas\/scorte-gas-inverno\/\" \/>\n<meta property=\"og:locale\" content=\"it_IT\" \/>\n<meta property=\"og:type\" content=\"article\" \/>\n<meta property=\"og:title\" content=\"Scorte di Gas: Serbatoi in UE Pieni al 90%, Italia Sopra la Media\" \/>\n<meta property=\"og:description\" content=\"Buone notizie in vista dell\u2019inverno 2024-25: l\u2019Unione Europea annuncia che le scorte di gas sono al 90%, con un nuovo record tutto italiano.\" \/>\n<meta property=\"og:url\" content=\"https:\/\/www.switcho.it\/blog\/luce-gas\/scorte-gas-inverno\/\" \/>\n<meta property=\"og:site_name\" content=\"Switcho\" \/>\n<meta property=\"article:published_time\" content=\"2024-08-28T13:34:53+00:00\" \/>\n<meta property=\"article:modified_time\" content=\"2024-08-28T13:34:54+00:00\" \/>\n<meta property=\"og:image\" content=\"https:\/\/www.switcho.it\/blog\/wp-content\/uploads\/2024\/08\/scorte-di-gas.png\" \/>\n\t<meta property=\"og:image:width\" content=\"1200\" \/>\n\t<meta property=\"og:image:height\" content=\"800\" \/>\n\t<meta property=\"og:image:type\" content=\"image\/png\" \/>\n<meta name=\"author\" content=\"Marco Tricarico\" \/>\n<meta name=\"twitter:card\" content=\"summary_large_image\" \/>\n<meta name=\"twitter:title\" content=\"Scorte di Gas: Serbatoi in UE Pieni al 90%, Italia Sopra la Media\" \/>\n<meta name=\"twitter:description\" content=\"Buone notizie in vista dell\u2019inverno 2024-25: l\u2019Unione Europea annuncia che le scorte di gas sono al 90%, con un nuovo record tutto italiano.\" \/>\n<meta name=\"twitter:image\" content=\"https:\/\/www.switcho.it\/blog\/wp-content\/uploads\/2024\/08\/scorte-di-gas.png\" \/>\n<meta name=\"twitter:label1\" content=\"Scritto da\" \/>\n\t<meta name=\"twitter:data1\" content=\"Marco Tricarico\" \/>\n\t<meta name=\"twitter:label2\" content=\"Tempo di lettura stimato\" \/>\n\t<meta name=\"twitter:data2\" content=\"6 minuti\" \/>\n<script type=\"application\/ld+json\" class=\"yoast-schema-graph\">{\"@context\":\"https:\\\/\\\/schema.org\",\"@graph\":[{\"@type\":\"Article\",\"@id\":\"https:\\\/\\\/www.switcho.it\\\/blog\\\/luce-gas\\\/scorte-gas-inverno\\\/#article\",\"isPartOf\":{\"@id\":\"https:\\\/\\\/www.switcho.it\\\/blog\\\/luce-gas\\\/scorte-gas-inverno\\\/\"},\"author\":{\"name\":\"Marco Tricarico\",\"@id\":\"https:\\\/\\\/www.switcho.it\\\/blog\\\/#\\\/schema\\\/person\\\/4a59c480dfc019823d29714bd644a488\"},\"headline\":\"Scorte di gas per l&#8217;inverno 2024-25: serbatoi in Italia oltre il 90%\",\"datePublished\":\"2024-08-28T13:34:53+00:00\",\"dateModified\":\"2024-08-28T13:34:54+00:00\",\"mainEntityOfPage\":{\"@id\":\"https:\\\/\\\/www.switcho.it\\\/blog\\\/luce-gas\\\/scorte-gas-inverno\\\/\"},\"wordCount\":1153,\"publisher\":{\"@id\":\"https:\\\/\\\/www.switcho.it\\\/blog\\\/#organization\"},\"image\":{\"@id\":\"https:\\\/\\\/www.switcho.it\\\/blog\\\/luce-gas\\\/scorte-gas-inverno\\\/#primaryimage\"},\"thumbnailUrl\":\"https:\\\/\\\/www.switcho.it\\\/blog\\\/wp-content\\\/uploads\\\/2024\\\/08\\\/scorte-di-gas.png\",\"keywords\":[\"news luce e gas\"],\"articleSection\":[\"Mercato Energetico\"],\"inLanguage\":\"it-IT\"},{\"@type\":\"WebPage\",\"@id\":\"https:\\\/\\\/www.switcho.it\\\/blog\\\/luce-gas\\\/scorte-gas-inverno\\\/\",\"url\":\"https:\\\/\\\/www.switcho.it\\\/blog\\\/luce-gas\\\/scorte-gas-inverno\\\/\",\"name\":\"Scorte di Gas: Serbatoi in UE Pieni al 90%, Italia Sopra la Media - Switcho\",\"isPartOf\":{\"@id\":\"https:\\\/\\\/www.switcho.it\\\/blog\\\/#website\"},\"primaryImageOfPage\":{\"@id\":\"https:\\\/\\\/www.switcho.it\\\/blog\\\/luce-gas\\\/scorte-gas-inverno\\\/#primaryimage\"},\"image\":{\"@id\":\"https:\\\/\\\/www.switcho.it\\\/blog\\\/luce-gas\\\/scorte-gas-inverno\\\/#primaryimage\"},\"thumbnailUrl\":\"https:\\\/\\\/www.switcho.it\\\/blog\\\/wp-content\\\/uploads\\\/2024\\\/08\\\/scorte-di-gas.png\",\"datePublished\":\"2024-08-28T13:34:53+00:00\",\"dateModified\":\"2024-08-28T13:34:54+00:00\",\"description\":\"Buone notizie in vista dell\u2019inverno 2024-25: l\u2019Unione Europea annuncia che le scorte di gas sono al 90%, con un nuovo record tutto italiano.\",\"breadcrumb\":{\"@id\":\"https:\\\/\\\/www.switcho.it\\\/blog\\\/luce-gas\\\/scorte-gas-inverno\\\/#breadcrumb\"},\"inLanguage\":\"it-IT\",\"potentialAction\":[{\"@type\":\"ReadAction\",\"target\":[\"https:\\\/\\\/www.switcho.it\\\/blog\\\/luce-gas\\\/scorte-gas-inverno\\\/\"]}]},{\"@type\":\"ImageObject\",\"inLanguage\":\"it-IT\",\"@id\":\"https:\\\/\\\/www.switcho.it\\\/blog\\\/luce-gas\\\/scorte-gas-inverno\\\/#primaryimage\",\"url\":\"https:\\\/\\\/www.switcho.it\\\/blog\\\/wp-content\\\/uploads\\\/2024\\\/08\\\/scorte-di-gas.png\",\"contentUrl\":\"https:\\\/\\\/www.switcho.it\\\/blog\\\/wp-content\\\/uploads\\\/2024\\\/08\\\/scorte-di-gas.png\",\"width\":1200,\"height\":800,\"caption\":\"scorte di gas\"},{\"@type\":\"BreadcrumbList\",\"@id\":\"https:\\\/\\\/www.switcho.it\\\/blog\\\/luce-gas\\\/scorte-gas-inverno\\\/#breadcrumb\",\"itemListElement\":[{\"@type\":\"ListItem\",\"position\":1,\"name\":\"Home\",\"item\":\"https:\\\/\\\/www.switcho.it\\\/blog\\\/\"},{\"@type\":\"ListItem\",\"position\":2,\"name\":\"Luce e Gas\",\"item\":\"https:\\\/\\\/www.switcho.it\\\/blog\\\/luce-gas\\\/\"},{\"@type\":\"ListItem\",\"position\":3,\"name\":\"Mercato Energetico\",\"item\":\"https:\\\/\\\/www.switcho.it\\\/blog\\\/luce-gas\\\/mercato-energia\\\/\"},{\"@type\":\"ListItem\",\"position\":4,\"name\":\"Scorte di gas per l&#8217;inverno 2024-25: serbatoi in Italia oltre il 90%\"}]},{\"@type\":\"WebSite\",\"@id\":\"https:\\\/\\\/www.switcho.it\\\/blog\\\/#website\",\"url\":\"https:\\\/\\\/www.switcho.it\\\/blog\\\/\",\"name\":\"Switcho\",\"description\":\"Il blog semplice, per davvero.\",\"publisher\":{\"@id\":\"https:\\\/\\\/www.switcho.it\\\/blog\\\/#organization\"},\"potentialAction\":[{\"@type\":\"SearchAction\",\"target\":{\"@type\":\"EntryPoint\",\"urlTemplate\":\"https:\\\/\\\/www.switcho.it\\\/blog\\\/?s={search_term_string}\"},\"query-input\":{\"@type\":\"PropertyValueSpecification\",\"valueRequired\":true,\"valueName\":\"search_term_string\"}}],\"inLanguage\":\"it-IT\"},{\"@type\":\"Organization\",\"@id\":\"https:\\\/\\\/www.switcho.it\\\/blog\\\/#organization\",\"name\":\"Switcho\",\"url\":\"https:\\\/\\\/www.switcho.it\\\/blog\\\/\",\"logo\":{\"@type\":\"ImageObject\",\"inLanguage\":\"it-IT\",\"@id\":\"https:\\\/\\\/www.switcho.it\\\/blog\\\/#\\\/schema\\\/logo\\\/image\\\/\",\"url\":\"https:\\\/\\\/www.switcho.it\\\/blog\\\/wp-content\\\/uploads\\\/2021\\\/03\\\/Switcho-Logotype-Green.png\",\"contentUrl\":\"https:\\\/\\\/www.switcho.it\\\/blog\\\/wp-content\\\/uploads\\\/2021\\\/03\\\/Switcho-Logotype-Green.png\",\"width\":1507,\"height\":597,\"caption\":\"Switcho\"},\"image\":{\"@id\":\"https:\\\/\\\/www.switcho.it\\\/blog\\\/#\\\/schema\\\/logo\\\/image\\\/\"}},{\"@type\":\"Person\",\"@id\":\"https:\\\/\\\/www.switcho.it\\\/blog\\\/#\\\/schema\\\/person\\\/4a59c480dfc019823d29714bd644a488\",\"name\":\"Marco Tricarico\",\"image\":{\"@type\":\"ImageObject\",\"inLanguage\":\"it-IT\",\"@id\":\"https:\\\/\\\/secure.gravatar.com\\\/avatar\\\/9a8a5d0321dce5e64611bac7a181edfc33d850ac6202cd0adaab2ece13fbcd6a?s=96&d=mm&r=g\",\"url\":\"https:\\\/\\\/secure.gravatar.com\\\/avatar\\\/9a8a5d0321dce5e64611bac7a181edfc33d850ac6202cd0adaab2ece13fbcd6a?s=96&d=mm&r=g\",\"contentUrl\":\"https:\\\/\\\/secure.gravatar.com\\\/avatar\\\/9a8a5d0321dce5e64611bac7a181edfc33d850ac6202cd0adaab2ece13fbcd6a?s=96&d=mm&r=g\",\"caption\":\"Marco Tricarico\"},\"description\":\"CEO e co-fondatore di Switcho, appassionato di startup e mondo digitale ed esperto di finanza aziendale e consulenza strategica, nel 2019 Marco ha deciso di lanciare un servizio innovativo che offrisse una soluzione di risparmio pratica e realmente imparziale sulle bollette di famiglie e aziende. Dalla nascita di Switcho, Marco partecipa a svariati eventi e rilascia interviste sui temi delle spese domestiche e del settore energetico, parlando delle ultime tendenze nei costi di gas ed elettricit\u00e0 e delle migliori opportunit\u00e0 per tutelarsi dai rincari. Leggi tutti i suoi articoli e seguilo su LinkedIn.\",\"sameAs\":[\"https:\\\/\\\/blog.switcho.net\"],\"url\":\"https:\\\/\\\/www.switcho.it\\\/blog\\\/author\\\/marco-tricarico\\\/\"}]}<\/script>\n<!-- \/ Yoast SEO plugin. -->","yoast_head_json":{"title":"Scorte di Gas: Serbatoi in UE Pieni al 90%, Italia Sopra la Media - Switcho","description":"Buone notizie in vista dell\u2019inverno 2024-25: l\u2019Unione Europea annuncia che le scorte di gas sono al 90%, con un nuovo record tutto italiano.","robots":{"index":"index","follow":"follow","max-snippet":"max-snippet:-1","max-image-preview":"max-image-preview:large","max-video-preview":"max-video-preview:-1"},"canonical":"https:\/\/www.switcho.it\/blog\/luce-gas\/scorte-gas-inverno\/","og_locale":"it_IT","og_type":"article","og_title":"Scorte di Gas: Serbatoi in UE Pieni al 90%, Italia Sopra la Media","og_description":"Buone notizie in vista dell\u2019inverno 2024-25: l\u2019Unione Europea annuncia che le scorte di gas sono al 90%, con un nuovo record tutto italiano.","og_url":"https:\/\/www.switcho.it\/blog\/luce-gas\/scorte-gas-inverno\/","og_site_name":"Switcho","article_published_time":"2024-08-28T13:34:53+00:00","article_modified_time":"2024-08-28T13:34:54+00:00","og_image":[{"width":1200,"height":800,"url":"https:\/\/www.switcho.it\/blog\/wp-content\/uploads\/2024\/08\/scorte-di-gas.png","type":"image\/png"}],"author":"Marco Tricarico","twitter_card":"summary_large_image","twitter_title":"Scorte di Gas: Serbatoi in UE Pieni al 90%, Italia Sopra la Media","twitter_description":"Buone notizie in vista dell\u2019inverno 2024-25: l\u2019Unione Europea annuncia che le scorte di gas sono al 90%, con un nuovo record tutto italiano.","twitter_image":"https:\/\/www.switcho.it\/blog\/wp-content\/uploads\/2024\/08\/scorte-di-gas.png","twitter_misc":{"Scritto da":"Marco Tricarico","Tempo di lettura stimato":"6 minuti"},"schema":{"@context":"https:\/\/schema.org","@graph":[{"@type":"Article","@id":"https:\/\/www.switcho.it\/blog\/luce-gas\/scorte-gas-inverno\/#article","isPartOf":{"@id":"https:\/\/www.switcho.it\/blog\/luce-gas\/scorte-gas-inverno\/"},"author":{"name":"Marco Tricarico","@id":"https:\/\/www.switcho.it\/blog\/#\/schema\/person\/4a59c480dfc019823d29714bd644a488"},"headline":"Scorte di gas per l&#8217;inverno 2024-25: serbatoi in Italia oltre il 90%","datePublished":"2024-08-28T13:34:53+00:00","dateModified":"2024-08-28T13:34:54+00:00","mainEntityOfPage":{"@id":"https:\/\/www.switcho.it\/blog\/luce-gas\/scorte-gas-inverno\/"},"wordCount":1153,"publisher":{"@id":"https:\/\/www.switcho.it\/blog\/#organization"},"image":{"@id":"https:\/\/www.switcho.it\/blog\/luce-gas\/scorte-gas-inverno\/#primaryimage"},"thumbnailUrl":"https:\/\/www.switcho.it\/blog\/wp-content\/uploads\/2024\/08\/scorte-di-gas.png","keywords":["news luce e gas"],"articleSection":["Mercato Energetico"],"inLanguage":"it-IT"},{"@type":"WebPage","@id":"https:\/\/www.switcho.it\/blog\/luce-gas\/scorte-gas-inverno\/","url":"https:\/\/www.switcho.it\/blog\/luce-gas\/scorte-gas-inverno\/","name":"Scorte di Gas: Serbatoi in UE Pieni al 90%, Italia Sopra la Media - Switcho","isPartOf":{"@id":"https:\/\/www.switcho.it\/blog\/#website"},"primaryImageOfPage":{"@id":"https:\/\/www.switcho.it\/blog\/luce-gas\/scorte-gas-inverno\/#primaryimage"},"image":{"@id":"https:\/\/www.switcho.it\/blog\/luce-gas\/scorte-gas-inverno\/#primaryimage"},"thumbnailUrl":"https:\/\/www.switcho.it\/blog\/wp-content\/uploads\/2024\/08\/scorte-di-gas.png","datePublished":"2024-08-28T13:34:53+00:00","dateModified":"2024-08-28T13:34:54+00:00","description":"Buone notizie in vista dell\u2019inverno 2024-25: l\u2019Unione Europea annuncia che le scorte di gas sono al 90%, con un nuovo record tutto italiano.","breadcrumb":{"@id":"https:\/\/www.switcho.it\/blog\/luce-gas\/scorte-gas-inverno\/#breadcrumb"},"inLanguage":"it-IT","potentialAction":[{"@type":"ReadAction","target":["https:\/\/www.switcho.it\/blog\/luce-gas\/scorte-gas-inverno\/"]}]},{"@type":"ImageObject","inLanguage":"it-IT","@id":"https:\/\/www.switcho.it\/blog\/luce-gas\/scorte-gas-inverno\/#primaryimage","url":"https:\/\/www.switcho.it\/blog\/wp-content\/uploads\/2024\/08\/scorte-di-gas.png","contentUrl":"https:\/\/www.switcho.it\/blog\/wp-content\/uploads\/2024\/08\/scorte-di-gas.png","width":1200,"height":800,"caption":"scorte di gas"},{"@type":"BreadcrumbList","@id":"https:\/\/www.switcho.it\/blog\/luce-gas\/scorte-gas-inverno\/#breadcrumb","itemListElement":[{"@type":"ListItem","position":1,"name":"Home","item":"https:\/\/www.switcho.it\/blog\/"},{"@type":"ListItem","position":2,"name":"Luce e Gas","item":"https:\/\/www.switcho.it\/blog\/luce-gas\/"},{"@type":"ListItem","position":3,"name":"Mercato Energetico","item":"https:\/\/www.switcho.it\/blog\/luce-gas\/mercato-energia\/"},{"@type":"ListItem","position":4,"name":"Scorte di gas per l&#8217;inverno 2024-25: serbatoi in Italia oltre il 90%"}]},{"@type":"WebSite","@id":"https:\/\/www.switcho.it\/blog\/#website","url":"https:\/\/www.switcho.it\/blog\/","name":"Switcho","description":"Il blog semplice, per davvero.","publisher":{"@id":"https:\/\/www.switcho.it\/blog\/#organization"},"potentialAction":[{"@type":"SearchAction","target":{"@type":"EntryPoint","urlTemplate":"https:\/\/www.switcho.it\/blog\/?s={search_term_string}"},"query-input":{"@type":"PropertyValueSpecification","valueRequired":true,"valueName":"search_term_string"}}],"inLanguage":"it-IT"},{"@type":"Organization","@id":"https:\/\/www.switcho.it\/blog\/#organization","name":"Switcho","url":"https:\/\/www.switcho.it\/blog\/","logo":{"@type":"ImageObject","inLanguage":"it-IT","@id":"https:\/\/www.switcho.it\/blog\/#\/schema\/logo\/image\/","url":"https:\/\/www.switcho.it\/blog\/wp-content\/uploads\/2021\/03\/Switcho-Logotype-Green.png","contentUrl":"https:\/\/www.switcho.it\/blog\/wp-content\/uploads\/2021\/03\/Switcho-Logotype-Green.png","width":1507,"height":597,"caption":"Switcho"},"image":{"@id":"https:\/\/www.switcho.it\/blog\/#\/schema\/logo\/image\/"}},{"@type":"Person","@id":"https:\/\/www.switcho.it\/blog\/#\/schema\/person\/4a59c480dfc019823d29714bd644a488","name":"Marco Tricarico","image":{"@type":"ImageObject","inLanguage":"it-IT","@id":"https:\/\/secure.gravatar.com\/avatar\/9a8a5d0321dce5e64611bac7a181edfc33d850ac6202cd0adaab2ece13fbcd6a?s=96&d=mm&r=g","url":"https:\/\/secure.gravatar.com\/avatar\/9a8a5d0321dce5e64611bac7a181edfc33d850ac6202cd0adaab2ece13fbcd6a?s=96&d=mm&r=g","contentUrl":"https:\/\/secure.gravatar.com\/avatar\/9a8a5d0321dce5e64611bac7a181edfc33d850ac6202cd0adaab2ece13fbcd6a?s=96&d=mm&r=g","caption":"Marco Tricarico"},"description":"CEO e co-fondatore di Switcho, appassionato di startup e mondo digitale ed esperto di finanza aziendale e consulenza strategica, nel 2019 Marco ha deciso di lanciare un servizio innovativo che offrisse una soluzione di risparmio pratica e realmente imparziale sulle bollette di famiglie e aziende. Dalla nascita di Switcho, Marco partecipa a svariati eventi e rilascia interviste sui temi delle spese domestiche e del settore energetico, parlando delle ultime tendenze nei costi di gas ed elettricit\u00e0 e delle migliori opportunit\u00e0 per tutelarsi dai rincari. Leggi tutti i suoi articoli e seguilo su LinkedIn.","sameAs":["https:\/\/blog.switcho.net"],"url":"https:\/\/www.switcho.it\/blog\/author\/marco-tricarico\/"}]}},"modified_by":"Eleonora Francese","_links":{"self":[{"href":"https:\/\/www.switcho.it\/blog\/wp-json\/wp\/v2\/posts\/102862","targetHints":{"allow":["GET"]}}],"collection":[{"href":"https:\/\/www.switcho.it\/blog\/wp-json\/wp\/v2\/posts"}],"about":[{"href":"https:\/\/www.switcho.it\/blog\/wp-json\/wp\/v2\/types\/post"}],"author":[{"embeddable":true,"href":"https:\/\/www.switcho.it\/blog\/wp-json\/wp\/v2\/users\/23"}],"replies":[{"embeddable":true,"href":"https:\/\/www.switcho.it\/blog\/wp-json\/wp\/v2\/comments?post=102862"}],"version-history":[{"count":4,"href":"https:\/\/www.switcho.it\/blog\/wp-json\/wp\/v2\/posts\/102862\/revisions"}],"predecessor-version":[{"id":102886,"href":"https:\/\/www.switcho.it\/blog\/wp-json\/wp\/v2\/posts\/102862\/revisions\/102886"}],"wp:featuredmedia":[{"embeddable":true,"href":"https:\/\/www.switcho.it\/blog\/wp-json\/wp\/v2\/media\/102865"}],"wp:attachment":[{"href":"https:\/\/www.switcho.it\/blog\/wp-json\/wp\/v2\/media?parent=102862"}],"wp:term":[{"taxonomy":"category","embeddable":true,"href":"https:\/\/www.switcho.it\/blog\/wp-json\/wp\/v2\/categories?post=102862"},{"taxonomy":"post_tag","embeddable":true,"href":"https:\/\/www.switcho.it\/blog\/wp-json\/wp\/v2\/tags?post=102862"}],"curies":[{"name":"wp","href":"https:\/\/api.w.org\/{rel}","templated":true}]}}