{"id":101557,"date":"2024-07-31T08:03:27","date_gmt":"2024-07-31T08:03:27","guid":{"rendered":"https:\/\/www.switcho.it\/blog\/?p=101557"},"modified":"2024-07-31T08:03:28","modified_gmt":"2024-07-31T08:03:28","slug":"fer-x-transitorio-arera","status":"publish","type":"post","link":"https:\/\/www.switcho.it\/blog\/luce-gas\/fer-x-transitorio-arera\/","title":{"rendered":"FER X Transitorio per rinnovabili: cosa ne pensa ARERA"},"content":{"rendered":"<i>Aggiornato il 31 Luglio 2024<\/i>\n\n\n\n<div style=\"height:30px\" aria-hidden=\"true\" class=\"wp-block-spacer\"><\/div>\n\n\n\n<p>Arriva il <strong>parere di ARERA sul decreto FER X Transitorio<\/strong>, l\u2019atto ministeriale che anticipa quanto contenuto nel decreto FER X vero e proprio, che mira a sostenere la produzione di energia elettrica da fonti rinnovabili.<\/p>\n\n\n\n<div style=\"height:20px\" aria-hidden=\"true\" class=\"wp-block-spacer\"><\/div>\n\n\n\n<p class=\"has-background\" style=\"background-color:#f7f8fa\">\ud83d\udc49 FER, infatti, sta proprio per <em>Fonti di Energia Rinnovabile<\/em> e il decreto in questione svolge un ruolo essenziale nel raggiungimento degli obiettivi climatici nel nostro Paese.\u00a0ARERA invia ora il suo parere al <strong>Ministro dell\u2019Ambiente e della Sicurezza Energetica<\/strong> in merito al decreto FER X Transitorio, proponendo modifiche ed evidenziandone limiti.<\/p>\n\n\n\n<div style=\"height:20px\" aria-hidden=\"true\" class=\"wp-block-spacer\"><\/div>\n\n\n\n<div class=\"wp-block-divi-layout\">[et_pb_section fb_built=&#8221;1&#8243; disabled_on=&#8221;on|on|off&#8221; admin_label=&#8221;section&#8221; _builder_version=&#8221;4.18.0&#8243; custom_padding=&#8221;0px||0px||false|false&#8221; global_colors_info=&#8221;{}&#8221;][et_pb_row admin_label=&#8221;row&#8221; _builder_version=&#8221;4.19.1&#8243; background_size=&#8221;initial&#8221; background_position=&#8221;top_left&#8221; background_repeat=&#8221;repeat&#8221; width=&#8221;100%&#8221; max_height=&#8221;1000px&#8221; global_colors_info=&#8221;{}&#8221;][et_pb_column type=&#8221;4_4&#8243; _builder_version=&#8221;4.18.0&#8243; _module_preset=&#8221;default&#8221; global_colors_info=&#8221;{}&#8221;][et_pb_image src=&#8221;https:\/\/www.switcho.it\/blog\/wp-content\/uploads\/2024\/03\/banner-luce-gas-top-desktop-new.png&#8221; alt=&#8221;Risparmia sulle bollette con Switcho&#8221; title_text=&#8221;risparmia sulle bollette con switcho&#8221; url=&#8221;http:\/\/www.switcho.it\/servizi\/intro\/luce-gas?ref=cta-energy-top&#8221; align=&#8221;center&#8221; force_fullwidth=&#8221;on&#8221; src_tablet=&#8221;https:\/\/www.switcho.it\/blog\/wp-content\/uploads\/2022\/11\/banner-energy-top-mobile.png&#8221; src_phone=&#8221;https:\/\/www.switcho.it\/blog\/wp-content\/uploads\/2022\/11\/banner-energy-top-mobile.png&#8221; src_last_edited=&#8221;on|phone&#8221; _builder_version=&#8221;4.24.2&#8243; _module_preset=&#8221;default&#8221; hover_enabled=&#8221;0&#8243; global_colors_info=&#8221;{}&#8221; sticky_enabled=&#8221;0&#8243;][\/et_pb_image][\/et_pb_column][\/et_pb_row][\/et_pb_section]<\/div>\n\n\n\n<div style=\"height:20px\" aria-hidden=\"true\" class=\"wp-block-spacer\"><\/div>\n\n\n\n<p>Indice<\/p>\n\n\n\n<ul class=\"wp-block-list\">\n<li><a href=\"#cosa-e\">Cos\u2019\u00e8 il decreto FER X Transitorio<\/a><\/li>\n\n\n\n<li><a href=\"#parere\">Il parere di ARERA sul decreto FER X Transitorio<\/a><\/li>\n\n\n\n<li><a href=\"#ruolo-arera\">Il ruolo di ARERA nell\u2019attuazione del decreto<\/a><\/li>\n<\/ul>\n\n\n\n<div style=\"height:50px\" aria-hidden=\"true\" class=\"wp-block-spacer\"><\/div>\n\n\n\n<h2 class=\"wp-block-heading\" id=\"cosa-e\"><strong>Cos\u2019\u00e8 il decreto FER X Transitorio<\/strong><\/h2>\n\n\n\n<div style=\"height:20px\" aria-hidden=\"true\" class=\"wp-block-spacer\"><\/div>\n\n\n\n<p>Il <strong>decreto FER X Transitorio<\/strong> (recante \u201cMeccanismo di supporto per impianti a fonti rinnovabili con costi di generazione vicini alla competitivit\u00e0 di mercato di cui agli articoli 6 e 7 del decreto legislativo 8 novembre 2021, n. 199\u201d) ha lo scopo di ridefinire e aggiornare gli incentivi destinati agli <strong>impianti di produzione di energia rinnovabile.&nbsp;<\/strong><\/p>\n\n\n\n<p>Parliamo di uno <strong>schema di decreto ministeriale temporaneo<\/strong> che serve come meccanismo di supporto per gli impianti a fonti rinnovabili, mirato a coprire il periodo di transizione fino all\u2019entrata in vigore completa del decreto FER X e strutturato per essere <strong>approvato rapidamente dalla Commissione Europea<\/strong>, nell\u2019ambito del quadro temporaneo sugli aiuti di stato.&nbsp;<\/p>\n\n\n\n<p>Lo schema, in effetti, non differisce molto da quello del FER X vero e proprio. Eccetto per alcune differenze come:&nbsp;<\/p>\n\n\n\n<ul class=\"wp-block-list emoji_bullets emoji_right_arrow\">\n<li><strong>La validit\u00e0<\/strong>, dal momento che il FER X Transitorio sarebbe valido solo <strong>fino al 31 dicembre 2025<\/strong>;<\/li>\n\n\n\n<li>I <strong>contingenti disponibili<\/strong> (cio\u00e8 la quantit\u00e0 massima di capacit\u00e0 installata, espressa in GW, che pu\u00f2 essere incentivata) che, per il decreto transitorio, \u00e8 fissata a <strong>23,65 GW<\/strong> di cui <strong>3 GW per gli impianti rinnovabili in accesso diretto<\/strong> (sotto 1 MW) e <strong>20,60 GW per gli impianti di potenza superiore a 1 MW<\/strong> che possono accedere tramite procedure pubbliche bandite dal GSE.<\/li>\n<\/ul>\n\n\n\n<div style=\"height:50px\" aria-hidden=\"true\" class=\"wp-block-spacer\"><\/div>\n\n\n\n<h2 class=\"wp-block-heading\" id=\"parere\"><strong>Il parere di ARERA sul decreto FER X Transitorio<\/strong><\/h2>\n\n\n\n<div style=\"height:20px\" aria-hidden=\"true\" class=\"wp-block-spacer\"><\/div>\n\n\n\n<p>L\u2019<strong>Autorit\u00e0 di Regolazione per Reti Energia e Ambiente<\/strong> aveva gi\u00e0 espresso il suo parere sul decreto FER X vero e proprio. A luglio 2024, fermo restando quanto gi\u00e0 detto, l\u2019authority \u00e8 stata chiamata a esprimere un secondo parere sul <strong>DM Transitorio<\/strong>. Anche in questo caso, ARERA propone alcune modifiche.\u00a0<\/p>\n\n\n\n<div style=\"height:20px\" aria-hidden=\"true\" class=\"wp-block-spacer\"><\/div>\n\n\n\n<blockquote class=\"wp-block-quote is-layout-flow wp-block-quote-is-layout-flow\">\n<p><em>In primo luogo, una <\/em><strong><em>riduzione dei contingenti disponibili<\/em><\/strong><em>. La motivazione principale per questa riduzione \u00e8 che il decreto transitorio non include gli stessi <\/em><strong><em>segnali locazionali<\/em><\/strong><em> (essenzialmente, indicazioni e criteri che aiutano a determinare dove gli impianti di energie rinnovabili dovrebbero essere collocati) presenti nello schema del decreto ministeriale FER X.<\/em><\/p>\n<\/blockquote>\n\n\n\n<div style=\"height:20px\" aria-hidden=\"true\" class=\"wp-block-spacer\"><\/div>\n\n\n\n<p>ARERA sottolinea la necessit\u00e0 che lo sviluppo futuro delle fonti rinnovabili sia <strong>coordinato con lo sviluppo delle reti elettriche<\/strong> e che debba essere condotto prevalentemente con gli <strong>strumenti previsti dallo schema del decreto ministeriale FER X<\/strong>, piuttosto che con quelli del decreto transitorio.<\/p>\n\n\n\n<div style=\"height:50px\" aria-hidden=\"true\" class=\"wp-block-spacer\"><\/div>\n\n\n\n<h2 class=\"wp-block-heading\" id=\"ruolo-arera\"><strong>Il ruolo di ARERA nell\u2019attuazione del decreto<\/strong><\/h2>\n\n\n\n<div style=\"height:20px\" aria-hidden=\"true\" class=\"wp-block-spacer\"><\/div>\n\n\n\n<p>Suggerimenti, inoltre, riguardano proprio l\u2019attivit\u00e0 dell\u2019authority stessa. ARERA, infatti, evidenzia che le nuove responsabilit\u00e0 assegnatele, come la definizione dei prezzi per gli impianti che non partecipano a gare, <strong>non possono essere completate entro i 60 giorni previsti dal decreto FER X transitorio<\/strong>, anche perch\u00e9 si andrebbero ad aggiungere ad altre gi\u00e0 attribuite all\u2019authority (per esempio, la determinazione della quantit\u00e0 di energia che gli impianti possono produrre).\u00a0<\/p>\n\n\n\n<div style=\"height:20px\" aria-hidden=\"true\" class=\"wp-block-spacer\"><\/div>\n\n\n\n<blockquote class=\"wp-block-quote is-layout-flow wp-block-quote-is-layout-flow\">\n<p><em>Come si legge nel parere, infatti, ARERA: \u201critiene, pertanto, che tali attivit\u00e0, per poter essere completate, <\/em><strong><em>richiedano almeno 120 giorni dalla data di entrata in vigore del decreto<\/em><\/strong><em> (a tali attivit\u00e0 far\u00e0 seguito il completamento delle regole operative da parte del GSE)\u201d.\u00a0<\/em><\/p>\n<\/blockquote>\n\n\n\n<div style=\"height:20px\" aria-hidden=\"true\" class=\"wp-block-spacer\"><\/div>\n\n\n\n<p>In definitiva, dunque, ARERA suggerisce di fare tutto il possibile per <strong>accelerare l\u2019approvazione del decreto FER X vero e proprio<\/strong> da parte della Commissione Europea, in quanto pi\u00f9 completo, soprattutto per quanto riguarda i criteri di posizionamento degli impianti.<\/p>\n\n\n\n<div style=\"height:50px\" aria-hidden=\"true\" class=\"wp-block-spacer\"><\/div>\n\n\n\n<div class=\"wp-block-divi-layout\">[et_pb_section fb_built=&#8221;1&#8243; disabled_on=&#8221;off|off|off&#8221; admin_label=&#8221;section&#8221; _builder_version=&#8221;4.19.2&#8243; custom_padding=&#8221;0px||0px||false|false&#8221; global_colors_info=&#8221;{}&#8221;][et_pb_row admin_label=&#8221;row&#8221; _builder_version=&#8221;4.19.1&#8243; background_size=&#8221;initial&#8221; background_position=&#8221;top_left&#8221; background_repeat=&#8221;repeat&#8221; width=&#8221;100%&#8221; max_height=&#8221;1000px&#8221; global_colors_info=&#8221;{}&#8221;][et_pb_column type=&#8221;4_4&#8243; _builder_version=&#8221;4.18.0&#8243; _module_preset=&#8221;default&#8221; global_colors_info=&#8221;{}&#8221;][et_pb_toggle title=&#8221;Fonti&#8221; open_toggle_background_color=&#8221;#F7F8FA&#8221; closed_toggle_text_color=&#8221;#2D3748&#8243; closed_toggle_background_color=&#8221;#f7f8fa&#8221; _builder_version=&#8221;4.26.0&#8243; _module_preset=&#8221;default&#8221; title_level=&#8221;h4&#8243; title_font=&#8221;||||||||&#8221; title_font_size=&#8221;18px&#8221; title_line_height=&#8221;1.7em&#8221; closed_title_font=&#8221;||||||||&#8221; closed_title_font_size=&#8221;18px&#8221; body_font=&#8221;||||||||&#8221; hover_enabled=&#8221;0&#8243; body_font_size_tablet=&#8221;16px&#8221; body_font_size_phone=&#8221;16px&#8221; body_font_size_last_edited=&#8221;on|phone&#8221; border_width_all=&#8221;0px&#8221; global_colors_info=&#8221;{}&#8221; sticky_enabled=&#8221;0&#8243;]<span>Parere sul FER X transitorio &#8211; ARERA<\/span>\n<br><span><a href=\"https:\/\/www.arera.it\/atti-e-provvedimenti\/dettaglio\/24\/310-24\" target=\"_blank\" rel=\"noreferrer noopener nofollow\">https:\/\/www.arera.it\/atti-e-provvedimenti\/dettaglio\/24\/310-24<\/a><\/span>[\/et_pb_toggle][\/et_pb_column][\/et_pb_row][\/et_pb_section]<\/div>\n\n\n\n<div style=\"height:50px\" aria-hidden=\"true\" class=\"wp-block-spacer\"><\/div>\n","protected":false},"excerpt":{"rendered":"<p>ARERA invia al Ministero dell\u2019Ambiente il parere sul decreto FER X Transitorio con i suggerimenti per il futuro delle fonti rinnovabili.<\/p>\n","protected":false},"author":26,"featured_media":101560,"comment_status":"closed","ping_status":"closed","sticky":false,"template":"","format":"standard","meta":{"_et_pb_use_builder":"off","_et_pb_old_content":"","_et_gb_content_width":"","_lmt_disableupdate":"","_lmt_disable":"","footnotes":""},"categories":[143],"tags":[403],"class_list":["post-101557","post","type-post","status-publish","format-standard","has-post-thumbnail","hentry","category-guide-luce-gas","tag-news-luce-gas"],"yoast_head":"<!-- This site is optimized with the Yoast SEO plugin v27.5 - https:\/\/yoast.com\/product\/yoast-seo-wordpress\/ -->\n<title>ARERA sul Decreto FER X Transitorio: Cosa ne Pensa l&#039;Authority - Switcho<\/title>\n<meta name=\"description\" content=\"ARERA invia al Ministero dell\u2019Ambiente il parere sul decreto FER X Transitorio con i suggerimenti per il futuro delle fonti rinnovabili.\" \/>\n<meta name=\"robots\" content=\"index, follow, max-snippet:-1, max-image-preview:large, max-video-preview:-1\" \/>\n<link rel=\"canonical\" href=\"https:\/\/www.switcho.it\/blog\/luce-gas\/fer-x-transitorio-arera\/\" \/>\n<meta property=\"og:locale\" content=\"it_IT\" \/>\n<meta property=\"og:type\" content=\"article\" \/>\n<meta property=\"og:title\" content=\"ARERA sul Decreto FER X Transitorio: Cosa ne Pensa l&#039;Authority\" \/>\n<meta property=\"og:description\" content=\"ARERA invia al Ministero dell\u2019Ambiente il parere sul decreto FER X Transitorio con i suggerimenti per il futuro delle fonti rinnovabili.\" \/>\n<meta property=\"og:url\" content=\"https:\/\/www.switcho.it\/blog\/luce-gas\/fer-x-transitorio-arera\/\" \/>\n<meta property=\"og:site_name\" content=\"Switcho\" \/>\n<meta property=\"article:published_time\" content=\"2024-07-31T08:03:27+00:00\" \/>\n<meta property=\"article:modified_time\" content=\"2024-07-31T08:03:28+00:00\" \/>\n<meta property=\"og:image\" content=\"https:\/\/www.switcho.it\/blog\/wp-content\/uploads\/2024\/07\/Decreto-FER-X-Transitorio.png\" \/>\n\t<meta property=\"og:image:width\" content=\"1200\" \/>\n\t<meta property=\"og:image:height\" content=\"800\" \/>\n\t<meta property=\"og:image:type\" content=\"image\/png\" \/>\n<meta name=\"author\" content=\"Redi Vyshka\" \/>\n<meta name=\"twitter:card\" content=\"summary_large_image\" \/>\n<meta name=\"twitter:title\" content=\"ARERA sul Decreto FER X Transitorio: Cosa ne Pensa l&#039;Authority\" \/>\n<meta name=\"twitter:description\" content=\"ARERA invia al Ministero dell\u2019Ambiente il parere sul decreto FER X Transitorio con i suggerimenti per il futuro delle fonti rinnovabili.\" \/>\n<meta name=\"twitter:image\" content=\"https:\/\/www.switcho.it\/blog\/wp-content\/uploads\/2024\/07\/Decreto-FER-X-Transitorio.png\" \/>\n<meta name=\"twitter:label1\" content=\"Scritto da\" \/>\n\t<meta name=\"twitter:data1\" content=\"Redi Vyshka\" \/>\n\t<meta name=\"twitter:label2\" content=\"Tempo di lettura stimato\" \/>\n\t<meta name=\"twitter:data2\" content=\"4 minuti\" \/>\n<script type=\"application\/ld+json\" class=\"yoast-schema-graph\">{\"@context\":\"https:\\\/\\\/schema.org\",\"@graph\":[{\"@type\":\"Article\",\"@id\":\"https:\\\/\\\/www.switcho.it\\\/blog\\\/luce-gas\\\/fer-x-transitorio-arera\\\/#article\",\"isPartOf\":{\"@id\":\"https:\\\/\\\/www.switcho.it\\\/blog\\\/luce-gas\\\/fer-x-transitorio-arera\\\/\"},\"author\":{\"name\":\"Redi Vyshka\",\"@id\":\"https:\\\/\\\/www.switcho.it\\\/blog\\\/#\\\/schema\\\/person\\\/0ded3a7e3f8a1379815652dba2c813b5\"},\"headline\":\"FER X Transitorio per rinnovabili: cosa ne pensa ARERA\",\"datePublished\":\"2024-07-31T08:03:27+00:00\",\"dateModified\":\"2024-07-31T08:03:28+00:00\",\"mainEntityOfPage\":{\"@id\":\"https:\\\/\\\/www.switcho.it\\\/blog\\\/luce-gas\\\/fer-x-transitorio-arera\\\/\"},\"wordCount\":801,\"publisher\":{\"@id\":\"https:\\\/\\\/www.switcho.it\\\/blog\\\/#organization\"},\"image\":{\"@id\":\"https:\\\/\\\/www.switcho.it\\\/blog\\\/luce-gas\\\/fer-x-transitorio-arera\\\/#primaryimage\"},\"thumbnailUrl\":\"https:\\\/\\\/www.switcho.it\\\/blog\\\/wp-content\\\/uploads\\\/2024\\\/07\\\/Decreto-FER-X-Transitorio.png\",\"keywords\":[\"news luce e gas\"],\"articleSection\":[\"Guide luce e gas\"],\"inLanguage\":\"it-IT\"},{\"@type\":\"WebPage\",\"@id\":\"https:\\\/\\\/www.switcho.it\\\/blog\\\/luce-gas\\\/fer-x-transitorio-arera\\\/\",\"url\":\"https:\\\/\\\/www.switcho.it\\\/blog\\\/luce-gas\\\/fer-x-transitorio-arera\\\/\",\"name\":\"ARERA sul Decreto FER X Transitorio: Cosa ne Pensa l'Authority - Switcho\",\"isPartOf\":{\"@id\":\"https:\\\/\\\/www.switcho.it\\\/blog\\\/#website\"},\"primaryImageOfPage\":{\"@id\":\"https:\\\/\\\/www.switcho.it\\\/blog\\\/luce-gas\\\/fer-x-transitorio-arera\\\/#primaryimage\"},\"image\":{\"@id\":\"https:\\\/\\\/www.switcho.it\\\/blog\\\/luce-gas\\\/fer-x-transitorio-arera\\\/#primaryimage\"},\"thumbnailUrl\":\"https:\\\/\\\/www.switcho.it\\\/blog\\\/wp-content\\\/uploads\\\/2024\\\/07\\\/Decreto-FER-X-Transitorio.png\",\"datePublished\":\"2024-07-31T08:03:27+00:00\",\"dateModified\":\"2024-07-31T08:03:28+00:00\",\"description\":\"ARERA invia al Ministero dell\u2019Ambiente il parere sul decreto FER X Transitorio con i suggerimenti per il futuro delle fonti rinnovabili.\",\"breadcrumb\":{\"@id\":\"https:\\\/\\\/www.switcho.it\\\/blog\\\/luce-gas\\\/fer-x-transitorio-arera\\\/#breadcrumb\"},\"inLanguage\":\"it-IT\",\"potentialAction\":[{\"@type\":\"ReadAction\",\"target\":[\"https:\\\/\\\/www.switcho.it\\\/blog\\\/luce-gas\\\/fer-x-transitorio-arera\\\/\"]}]},{\"@type\":\"ImageObject\",\"inLanguage\":\"it-IT\",\"@id\":\"https:\\\/\\\/www.switcho.it\\\/blog\\\/luce-gas\\\/fer-x-transitorio-arera\\\/#primaryimage\",\"url\":\"https:\\\/\\\/www.switcho.it\\\/blog\\\/wp-content\\\/uploads\\\/2024\\\/07\\\/Decreto-FER-X-Transitorio.png\",\"contentUrl\":\"https:\\\/\\\/www.switcho.it\\\/blog\\\/wp-content\\\/uploads\\\/2024\\\/07\\\/Decreto-FER-X-Transitorio.png\",\"width\":1200,\"height\":800,\"caption\":\"Decreto FER X Transitorio\"},{\"@type\":\"BreadcrumbList\",\"@id\":\"https:\\\/\\\/www.switcho.it\\\/blog\\\/luce-gas\\\/fer-x-transitorio-arera\\\/#breadcrumb\",\"itemListElement\":[{\"@type\":\"ListItem\",\"position\":1,\"name\":\"Home\",\"item\":\"https:\\\/\\\/www.switcho.it\\\/blog\\\/\"},{\"@type\":\"ListItem\",\"position\":2,\"name\":\"Luce e Gas\",\"item\":\"https:\\\/\\\/www.switcho.it\\\/blog\\\/luce-gas\\\/\"},{\"@type\":\"ListItem\",\"position\":3,\"name\":\"Guide luce e gas\",\"item\":\"https:\\\/\\\/www.switcho.it\\\/blog\\\/luce-gas\\\/guide-luce-gas\\\/\"},{\"@type\":\"ListItem\",\"position\":4,\"name\":\"FER X Transitorio per rinnovabili: cosa ne pensa ARERA\"}]},{\"@type\":\"WebSite\",\"@id\":\"https:\\\/\\\/www.switcho.it\\\/blog\\\/#website\",\"url\":\"https:\\\/\\\/www.switcho.it\\\/blog\\\/\",\"name\":\"Switcho\",\"description\":\"Il blog semplice, per davvero.\",\"publisher\":{\"@id\":\"https:\\\/\\\/www.switcho.it\\\/blog\\\/#organization\"},\"potentialAction\":[{\"@type\":\"SearchAction\",\"target\":{\"@type\":\"EntryPoint\",\"urlTemplate\":\"https:\\\/\\\/www.switcho.it\\\/blog\\\/?s={search_term_string}\"},\"query-input\":{\"@type\":\"PropertyValueSpecification\",\"valueRequired\":true,\"valueName\":\"search_term_string\"}}],\"inLanguage\":\"it-IT\"},{\"@type\":\"Organization\",\"@id\":\"https:\\\/\\\/www.switcho.it\\\/blog\\\/#organization\",\"name\":\"Switcho\",\"url\":\"https:\\\/\\\/www.switcho.it\\\/blog\\\/\",\"logo\":{\"@type\":\"ImageObject\",\"inLanguage\":\"it-IT\",\"@id\":\"https:\\\/\\\/www.switcho.it\\\/blog\\\/#\\\/schema\\\/logo\\\/image\\\/\",\"url\":\"https:\\\/\\\/www.switcho.it\\\/blog\\\/wp-content\\\/uploads\\\/2021\\\/03\\\/Switcho-Logotype-Green.png\",\"contentUrl\":\"https:\\\/\\\/www.switcho.it\\\/blog\\\/wp-content\\\/uploads\\\/2021\\\/03\\\/Switcho-Logotype-Green.png\",\"width\":1507,\"height\":597,\"caption\":\"Switcho\"},\"image\":{\"@id\":\"https:\\\/\\\/www.switcho.it\\\/blog\\\/#\\\/schema\\\/logo\\\/image\\\/\"}},{\"@type\":\"Person\",\"@id\":\"https:\\\/\\\/www.switcho.it\\\/blog\\\/#\\\/schema\\\/person\\\/0ded3a7e3f8a1379815652dba2c813b5\",\"name\":\"Redi Vyshka\",\"image\":{\"@type\":\"ImageObject\",\"inLanguage\":\"it-IT\",\"@id\":\"https:\\\/\\\/secure.gravatar.com\\\/avatar\\\/ec58c8b79072f95e408bc3acbd2af80bf47fb27de3effe029126423d57d13d49?s=96&d=mm&r=g\",\"url\":\"https:\\\/\\\/secure.gravatar.com\\\/avatar\\\/ec58c8b79072f95e408bc3acbd2af80bf47fb27de3effe029126423d57d13d49?s=96&d=mm&r=g\",\"contentUrl\":\"https:\\\/\\\/secure.gravatar.com\\\/avatar\\\/ec58c8b79072f95e408bc3acbd2af80bf47fb27de3effe029126423d57d13d49?s=96&d=mm&r=g\",\"caption\":\"Redi Vyshka\"},\"description\":\"COO e co-fondatore di Switcho, esperto nei campi della consulenza manageriale e della finanza aziendale, Redi ha contribuito nel 2019 alla progettazione e al lancio del primo servizio in Italia che, con pochi clic, consente di analizzare le proprie spese di casa e di trovare le opportunit\u00e0 personalizzate di risparmio, dimenticandosi la burocrazia. Dalla nascita di Switcho, Redi prende parte a numerosi eventi su startup e settore energetico, grazie alla sua competenza pluriennale nel mercato delle forniture di gas e luce e nelle soluzioni per ridurre i costi in bolletta. Leggi tutti i suoi articoli e seguilo su LinkedIn.\",\"sameAs\":[\"http:\\\/\\\/blog.switcho.net\"],\"url\":\"https:\\\/\\\/www.switcho.it\\\/blog\\\/author\\\/redi-vyshka\\\/\"}]}<\/script>\n<!-- \/ Yoast SEO plugin. -->","yoast_head_json":{"title":"ARERA sul Decreto FER X Transitorio: Cosa ne Pensa l'Authority - Switcho","description":"ARERA invia al Ministero dell\u2019Ambiente il parere sul decreto FER X Transitorio con i suggerimenti per il futuro delle fonti rinnovabili.","robots":{"index":"index","follow":"follow","max-snippet":"max-snippet:-1","max-image-preview":"max-image-preview:large","max-video-preview":"max-video-preview:-1"},"canonical":"https:\/\/www.switcho.it\/blog\/luce-gas\/fer-x-transitorio-arera\/","og_locale":"it_IT","og_type":"article","og_title":"ARERA sul Decreto FER X Transitorio: Cosa ne Pensa l'Authority","og_description":"ARERA invia al Ministero dell\u2019Ambiente il parere sul decreto FER X Transitorio con i suggerimenti per il futuro delle fonti rinnovabili.","og_url":"https:\/\/www.switcho.it\/blog\/luce-gas\/fer-x-transitorio-arera\/","og_site_name":"Switcho","article_published_time":"2024-07-31T08:03:27+00:00","article_modified_time":"2024-07-31T08:03:28+00:00","og_image":[{"width":1200,"height":800,"url":"https:\/\/www.switcho.it\/blog\/wp-content\/uploads\/2024\/07\/Decreto-FER-X-Transitorio.png","type":"image\/png"}],"author":"Redi Vyshka","twitter_card":"summary_large_image","twitter_title":"ARERA sul Decreto FER X Transitorio: Cosa ne Pensa l'Authority","twitter_description":"ARERA invia al Ministero dell\u2019Ambiente il parere sul decreto FER X Transitorio con i suggerimenti per il futuro delle fonti rinnovabili.","twitter_image":"https:\/\/www.switcho.it\/blog\/wp-content\/uploads\/2024\/07\/Decreto-FER-X-Transitorio.png","twitter_misc":{"Scritto da":"Redi Vyshka","Tempo di lettura stimato":"4 minuti"},"schema":{"@context":"https:\/\/schema.org","@graph":[{"@type":"Article","@id":"https:\/\/www.switcho.it\/blog\/luce-gas\/fer-x-transitorio-arera\/#article","isPartOf":{"@id":"https:\/\/www.switcho.it\/blog\/luce-gas\/fer-x-transitorio-arera\/"},"author":{"name":"Redi Vyshka","@id":"https:\/\/www.switcho.it\/blog\/#\/schema\/person\/0ded3a7e3f8a1379815652dba2c813b5"},"headline":"FER X Transitorio per rinnovabili: cosa ne pensa ARERA","datePublished":"2024-07-31T08:03:27+00:00","dateModified":"2024-07-31T08:03:28+00:00","mainEntityOfPage":{"@id":"https:\/\/www.switcho.it\/blog\/luce-gas\/fer-x-transitorio-arera\/"},"wordCount":801,"publisher":{"@id":"https:\/\/www.switcho.it\/blog\/#organization"},"image":{"@id":"https:\/\/www.switcho.it\/blog\/luce-gas\/fer-x-transitorio-arera\/#primaryimage"},"thumbnailUrl":"https:\/\/www.switcho.it\/blog\/wp-content\/uploads\/2024\/07\/Decreto-FER-X-Transitorio.png","keywords":["news luce e gas"],"articleSection":["Guide luce e gas"],"inLanguage":"it-IT"},{"@type":"WebPage","@id":"https:\/\/www.switcho.it\/blog\/luce-gas\/fer-x-transitorio-arera\/","url":"https:\/\/www.switcho.it\/blog\/luce-gas\/fer-x-transitorio-arera\/","name":"ARERA sul Decreto FER X Transitorio: Cosa ne Pensa l'Authority - Switcho","isPartOf":{"@id":"https:\/\/www.switcho.it\/blog\/#website"},"primaryImageOfPage":{"@id":"https:\/\/www.switcho.it\/blog\/luce-gas\/fer-x-transitorio-arera\/#primaryimage"},"image":{"@id":"https:\/\/www.switcho.it\/blog\/luce-gas\/fer-x-transitorio-arera\/#primaryimage"},"thumbnailUrl":"https:\/\/www.switcho.it\/blog\/wp-content\/uploads\/2024\/07\/Decreto-FER-X-Transitorio.png","datePublished":"2024-07-31T08:03:27+00:00","dateModified":"2024-07-31T08:03:28+00:00","description":"ARERA invia al Ministero dell\u2019Ambiente il parere sul decreto FER X Transitorio con i suggerimenti per il futuro delle fonti rinnovabili.","breadcrumb":{"@id":"https:\/\/www.switcho.it\/blog\/luce-gas\/fer-x-transitorio-arera\/#breadcrumb"},"inLanguage":"it-IT","potentialAction":[{"@type":"ReadAction","target":["https:\/\/www.switcho.it\/blog\/luce-gas\/fer-x-transitorio-arera\/"]}]},{"@type":"ImageObject","inLanguage":"it-IT","@id":"https:\/\/www.switcho.it\/blog\/luce-gas\/fer-x-transitorio-arera\/#primaryimage","url":"https:\/\/www.switcho.it\/blog\/wp-content\/uploads\/2024\/07\/Decreto-FER-X-Transitorio.png","contentUrl":"https:\/\/www.switcho.it\/blog\/wp-content\/uploads\/2024\/07\/Decreto-FER-X-Transitorio.png","width":1200,"height":800,"caption":"Decreto FER X Transitorio"},{"@type":"BreadcrumbList","@id":"https:\/\/www.switcho.it\/blog\/luce-gas\/fer-x-transitorio-arera\/#breadcrumb","itemListElement":[{"@type":"ListItem","position":1,"name":"Home","item":"https:\/\/www.switcho.it\/blog\/"},{"@type":"ListItem","position":2,"name":"Luce e Gas","item":"https:\/\/www.switcho.it\/blog\/luce-gas\/"},{"@type":"ListItem","position":3,"name":"Guide luce e gas","item":"https:\/\/www.switcho.it\/blog\/luce-gas\/guide-luce-gas\/"},{"@type":"ListItem","position":4,"name":"FER X Transitorio per rinnovabili: cosa ne pensa ARERA"}]},{"@type":"WebSite","@id":"https:\/\/www.switcho.it\/blog\/#website","url":"https:\/\/www.switcho.it\/blog\/","name":"Switcho","description":"Il blog semplice, per davvero.","publisher":{"@id":"https:\/\/www.switcho.it\/blog\/#organization"},"potentialAction":[{"@type":"SearchAction","target":{"@type":"EntryPoint","urlTemplate":"https:\/\/www.switcho.it\/blog\/?s={search_term_string}"},"query-input":{"@type":"PropertyValueSpecification","valueRequired":true,"valueName":"search_term_string"}}],"inLanguage":"it-IT"},{"@type":"Organization","@id":"https:\/\/www.switcho.it\/blog\/#organization","name":"Switcho","url":"https:\/\/www.switcho.it\/blog\/","logo":{"@type":"ImageObject","inLanguage":"it-IT","@id":"https:\/\/www.switcho.it\/blog\/#\/schema\/logo\/image\/","url":"https:\/\/www.switcho.it\/blog\/wp-content\/uploads\/2021\/03\/Switcho-Logotype-Green.png","contentUrl":"https:\/\/www.switcho.it\/blog\/wp-content\/uploads\/2021\/03\/Switcho-Logotype-Green.png","width":1507,"height":597,"caption":"Switcho"},"image":{"@id":"https:\/\/www.switcho.it\/blog\/#\/schema\/logo\/image\/"}},{"@type":"Person","@id":"https:\/\/www.switcho.it\/blog\/#\/schema\/person\/0ded3a7e3f8a1379815652dba2c813b5","name":"Redi Vyshka","image":{"@type":"ImageObject","inLanguage":"it-IT","@id":"https:\/\/secure.gravatar.com\/avatar\/ec58c8b79072f95e408bc3acbd2af80bf47fb27de3effe029126423d57d13d49?s=96&d=mm&r=g","url":"https:\/\/secure.gravatar.com\/avatar\/ec58c8b79072f95e408bc3acbd2af80bf47fb27de3effe029126423d57d13d49?s=96&d=mm&r=g","contentUrl":"https:\/\/secure.gravatar.com\/avatar\/ec58c8b79072f95e408bc3acbd2af80bf47fb27de3effe029126423d57d13d49?s=96&d=mm&r=g","caption":"Redi Vyshka"},"description":"COO e co-fondatore di Switcho, esperto nei campi della consulenza manageriale e della finanza aziendale, Redi ha contribuito nel 2019 alla progettazione e al lancio del primo servizio in Italia che, con pochi clic, consente di analizzare le proprie spese di casa e di trovare le opportunit\u00e0 personalizzate di risparmio, dimenticandosi la burocrazia. Dalla nascita di Switcho, Redi prende parte a numerosi eventi su startup e settore energetico, grazie alla sua competenza pluriennale nel mercato delle forniture di gas e luce e nelle soluzioni per ridurre i costi in bolletta. Leggi tutti i suoi articoli e seguilo su LinkedIn.","sameAs":["http:\/\/blog.switcho.net"],"url":"https:\/\/www.switcho.it\/blog\/author\/redi-vyshka\/"}]}},"modified_by":"Eleonora Francese","_links":{"self":[{"href":"https:\/\/www.switcho.it\/blog\/wp-json\/wp\/v2\/posts\/101557","targetHints":{"allow":["GET"]}}],"collection":[{"href":"https:\/\/www.switcho.it\/blog\/wp-json\/wp\/v2\/posts"}],"about":[{"href":"https:\/\/www.switcho.it\/blog\/wp-json\/wp\/v2\/types\/post"}],"author":[{"embeddable":true,"href":"https:\/\/www.switcho.it\/blog\/wp-json\/wp\/v2\/users\/26"}],"replies":[{"embeddable":true,"href":"https:\/\/www.switcho.it\/blog\/wp-json\/wp\/v2\/comments?post=101557"}],"version-history":[{"count":3,"href":"https:\/\/www.switcho.it\/blog\/wp-json\/wp\/v2\/posts\/101557\/revisions"}],"predecessor-version":[{"id":101572,"href":"https:\/\/www.switcho.it\/blog\/wp-json\/wp\/v2\/posts\/101557\/revisions\/101572"}],"wp:featuredmedia":[{"embeddable":true,"href":"https:\/\/www.switcho.it\/blog\/wp-json\/wp\/v2\/media\/101560"}],"wp:attachment":[{"href":"https:\/\/www.switcho.it\/blog\/wp-json\/wp\/v2\/media?parent=101557"}],"wp:term":[{"taxonomy":"category","embeddable":true,"href":"https:\/\/www.switcho.it\/blog\/wp-json\/wp\/v2\/categories?post=101557"},{"taxonomy":"post_tag","embeddable":true,"href":"https:\/\/www.switcho.it\/blog\/wp-json\/wp\/v2\/tags?post=101557"}],"curies":[{"name":"wp","href":"https:\/\/api.w.org\/{rel}","templated":true}]}}